{"id":379885,"date":"2026-01-21T02:00:50","date_gmt":"2026-01-21T05:00:50","guid":{"rendered":"https:\/\/www.notibras.com\/site\/?p=379885"},"modified":"2026-01-21T00:21:36","modified_gmt":"2026-01-21T03:21:36","slug":"quando-emagrecer-se-torna-um-risco-de-vida","status":"publish","type":"post","link":"https:\/\/www.notibras.com\/site\/quando-emagrecer-se-torna-um-risco-de-vida\/","title":{"rendered":"Quando emagrecer se torna um risco de vida"},"content":{"rendered":"<p>N\u00e3o h\u00e1 como negar: as canetas emagrecedoras s\u00e3o um fen\u00f4meno. Ozempic, Mounjaro e outros medicamentos similares revolucionaram completamente o tratamento da obesidade e do diabetes. Os resultados s\u00e3o impressionantes, as transforma\u00e7\u00f5es s\u00e3o reais, e milh\u00f5es de pessoas ao redor do mundo est\u00e3o celebrando uma qualidade de vida que parecia inating\u00edvel. \u00c9, sem d\u00favida, um avan\u00e7o cient\u00edfico extraordin\u00e1rio que merece todos os elogios.<\/p>\n<p>Mas junto com esse sucesso veio algo muito perigoso: a banaliza\u00e7\u00e3o. E \u00e9 sobre isso que precisamos falar com urg\u00eancia.<\/p>\n<p>Enquanto celebridades exibem suas novas silhuetas e influenciadores digitais promovem transforma\u00e7\u00f5es rel\u00e2mpago, uma realidade sombria se desenrola nos bastidores. Pessoas desesperadas por resultados r\u00e1pidos est\u00e3o comprando essas drogas em lugares n\u00e3o confi\u00e1veis, sem prescri\u00e7\u00e3o m\u00e9dica adequada, sem acompanhamento, sem a menor no\u00e7\u00e3o dos riscos que est\u00e3o correndo.<\/p>\n<p>O caso da mulher de 42 anos, de Belo Horizonte, deveria ser um alerta ensurdecedor para todos n\u00f3s. Desde dezembro ela est\u00e1 internada em estado grave devido a complica\u00e7\u00f5es relacionadas ao uso de uma caneta emagrecedora adquirida ilegalmente. Pense nisso por um momento: uma pessoa que provavelmente s\u00f3 queria perder alguns quilos, sentir-se melhor consigo mesma, est\u00e1 agora lutando pela vida em um leito de hospital. O que deveria ser uma solu\u00e7\u00e3o virou um pesadelo.<\/p>\n<p>E ela n\u00e3o est\u00e1 sozinha. Os relatos de efeitos colaterais graves se multiplicam: desidrata\u00e7\u00e3o severa, problemas renais, dist\u00farbios gastrointestinais intensos, quedas perigosas de glicemia. Muitos desses casos envolvem produtos falsificados, adulterados ou armazenados de forma inadequada, vendidos por atravessadores que n\u00e3o se importam minimamente com a sa\u00fade de quem compra.<\/p>\n<p>A quest\u00e3o \u00e9 simples, mas parece estar sendo esquecida: a est\u00e9tica n\u00e3o pode, jamais, estar acima da sa\u00fade. Nenhum corpo \u201cperfeito\u201d vale uma vida. Nenhuma transforma\u00e7\u00e3o visual justifica colocar em risco o funcionamento dos seus \u00f3rg\u00e3os, do seu metabolismo, da sua vida.<\/p>\n<p>Esses medicamentos s\u00e3o revolucion\u00e1rios justamente porque funcionam, porque t\u00eam poder real sobre o corpo humano. E \u00e9 exatamente por isso que s\u00e3o perigosos nas m\u00e3os erradas ou quando usados de forma irrespons\u00e1vel. N\u00e3o s\u00e3o balas de goma. S\u00e3o drogas potentes que exigem prescri\u00e7\u00e3o m\u00e9dica criteriosa, exames pr\u00e9vios, acompanhamento constante e ajustes individualizados.<\/p>\n<p>Comprar essas canetas em grupos de WhatsApp, em sites duvidosos, com \u201cdespachantes\u201d ou revendedores n\u00e3o autorizados \u00e9 jogar roleta-russa com a pr\u00f3pria sa\u00fade. Voc\u00ea n\u00e3o sabe o que est\u00e1 recebendo de fato, n\u00e3o sabe se o produto \u00e9 genu\u00edno, se foi armazenado corretamente, se a dosagem est\u00e1 adequada para voc\u00ea. E quando algo der errado, e pode dar muito errado, ser\u00e1 tarde demais para voltar atr\u00e1s.<\/p>\n<p>Se voc\u00ea realmente precisa e quer usar esses medicamentos, fa\u00e7a do jeito certo. Procure um endocrinologista, fa\u00e7a os exames necess\u00e1rios, obtenha uma prescri\u00e7\u00e3o leg\u00edtima, compre em farm\u00e1cias autorizadas, seja acompanhado durante todo o processo. Sim, pode ser mais caro, pode ser mais demorado, pode exigir mais paci\u00eancia. Mas \u00e9 o \u00fanico caminho seguro.<\/p>\n<p>A mulher internada em Belo Horizonte certamente n\u00e3o imaginava que acabaria assim quando decidiu comprar aquela caneta. Provavelmente pensou que estava apenas tomando um atalho, facilitando as coisas. Agora sua fam\u00edlia est\u00e1 em agonia, e ela est\u00e1 pagando um pre\u00e7o que ningu\u00e9m deveria pagar pela promessa de um corpo mais magro.<\/p>\n<p>Que essa hist\u00f3ria sirva de alerta antes que mais vidas sejam colocadas em risco. Sa\u00fade n\u00e3o \u00e9 negoci\u00e1vel. Vaidade n\u00e3o justifica imprud\u00eancia. E nenhum resultado est\u00e9tico vale a dor, o sofrimento e o risco que essa mulher est\u00e1 enfrentando agora.<\/p>\n<p>Pense duas, tr\u00eas, mil vezes antes de comprar qualquer medicamento fora dos canais oficiais. Seu corpo merece cuidado, n\u00e3o experimentos perigosos. E sua vida vale infinitamente mais do que qualquer padr\u00e3o est\u00e9tico que a sociedade tente impor.<\/p>\n","protected":false},"excerpt":{"rendered":"<p>N\u00e3o h\u00e1 como negar: as canetas emagrecedoras s\u00e3o um fen\u00f4meno. Ozempic, Mounjaro e outros medicamentos similares revolucionaram completamente o tratamento da obesidade e do diabetes. Os resultados s\u00e3o impressionantes, as transforma\u00e7\u00f5es s\u00e3o reais, e milh\u00f5es de pessoas ao redor do mundo est\u00e3o celebrando uma qualidade de vida que parecia inating\u00edvel. \u00c9, sem d\u00favida, um avan\u00e7o [&hellip;]<\/p>\n","protected":false},"author":21,"featured_media":379886,"comment_status":"closed","ping_status":"closed","sticky":false,"template":"","format":"standard","meta":{"_acf_changed":false,"footnotes":""},"categories":[235],"tags":[],"class_list":["post-379885","post","type-post","status-publish","format-standard","has-post-thumbnail","hentry","category-dona-irene"],"acf":[],"yoast_head":"<!-- This site is optimized with the Yoast SEO plugin v27.2 - https:\/\/yoast.com\/product\/yoast-seo-wordpress\/ -->\n<title>Quando emagrecer se torna um risco de vida - Notibras<\/title>\n<meta name=\"robots\" content=\"index, follow, max-snippet:-1, max-image-preview:large, max-video-preview:-1\" \/>\n<link rel=\"canonical\" href=\"https:\/\/www.notibras.com\/site\/quando-emagrecer-se-torna-um-risco-de-vida\/\" \/>\n<meta property=\"og:locale\" content=\"pt_BR\" \/>\n<meta property=\"og:type\" content=\"article\" \/>\n<meta property=\"og:title\" content=\"Quando emagrecer se torna um risco de vida - Notibras\" \/>\n<meta property=\"og:description\" content=\"N\u00e3o h\u00e1 como negar: as canetas emagrecedoras s\u00e3o um fen\u00f4meno. Ozempic, Mounjaro e outros medicamentos similares revolucionaram completamente o tratamento da obesidade e do diabetes. Os resultados s\u00e3o impressionantes, as transforma\u00e7\u00f5es s\u00e3o reais, e milh\u00f5es de pessoas ao redor do mundo est\u00e3o celebrando uma qualidade de vida que parecia inating\u00edvel. \u00c9, sem d\u00favida, um avan\u00e7o [&hellip;]\" \/>\n<meta property=\"og:url\" content=\"https:\/\/www.notibras.com\/site\/quando-emagrecer-se-torna-um-risco-de-vida\/\" \/>\n<meta property=\"og:site_name\" content=\"Notibras\" \/>\n<meta property=\"article:publisher\" content=\"https:\/\/www.facebook.com\/notibras\/\" \/>\n<meta property=\"article:published_time\" content=\"2026-01-21T05:00:50+00:00\" \/>\n<meta property=\"og:image\" content=\"https:\/\/www.notibras.com\/site\/wp-content\/uploads\/2026\/01\/thumbnail-image001-1-.webp\" \/>\n\t<meta property=\"og:image:width\" content=\"984\" \/>\n\t<meta property=\"og:image:height\" content=\"554\" \/>\n\t<meta property=\"og:image:type\" content=\"image\/webp\" \/>\n<meta name=\"author\" content=\"Eduardo Mart\u00ednez\" \/>\n<meta name=\"twitter:card\" content=\"summary_large_image\" \/>\n<meta name=\"twitter:creator\" content=\"@Notibras\" \/>\n<meta name=\"twitter:site\" content=\"@Notibras\" \/>\n<meta name=\"twitter:label1\" content=\"Escrito por\" \/>\n\t<meta name=\"twitter:data1\" content=\"Eduardo Mart\u00ednez\" \/>\n\t<meta name=\"twitter:label2\" content=\"Est. tempo de leitura\" \/>\n\t<meta name=\"twitter:data2\" content=\"4 minutos\" \/>\n<script type=\"application\/ld+json\" class=\"yoast-schema-graph\">{\"@context\":\"https:\/\/schema.org\",\"@graph\":[{\"@type\":\"Article\",\"@id\":\"https:\/\/www.notibras.com\/site\/quando-emagrecer-se-torna-um-risco-de-vida\/#article\",\"isPartOf\":{\"@id\":\"https:\/\/www.notibras.com\/site\/quando-emagrecer-se-torna-um-risco-de-vida\/\"},\"author\":{\"name\":\"Eduardo Mart\u00ednez\",\"@id\":\"https:\/\/www.notibras.com\/site\/#\/schema\/person\/5b7fabf2aedc3ada2105f03b22b4d3dd\"},\"headline\":\"Quando emagrecer se torna um risco de vida\",\"datePublished\":\"2026-01-21T05:00:50+00:00\",\"mainEntityOfPage\":{\"@id\":\"https:\/\/www.notibras.com\/site\/quando-emagrecer-se-torna-um-risco-de-vida\/\"},\"wordCount\":674,\"publisher\":{\"@id\":\"https:\/\/www.notibras.com\/site\/#organization\"},\"image\":{\"@id\":\"https:\/\/www.notibras.com\/site\/quando-emagrecer-se-torna-um-risco-de-vida\/#primaryimage\"},\"thumbnailUrl\":\"https:\/\/www.notibras.com\/site\/wp-content\/uploads\/2026\/01\/thumbnail-image001-1-.webp\",\"articleSection\":[\"Dona Irene\"],\"inLanguage\":\"pt-BR\"},{\"@type\":\"WebPage\",\"@id\":\"https:\/\/www.notibras.com\/site\/quando-emagrecer-se-torna-um-risco-de-vida\/\",\"url\":\"https:\/\/www.notibras.com\/site\/quando-emagrecer-se-torna-um-risco-de-vida\/\",\"name\":\"Quando emagrecer se torna um risco de vida - Notibras\",\"isPartOf\":{\"@id\":\"https:\/\/www.notibras.com\/site\/#website\"},\"primaryImageOfPage\":{\"@id\":\"https:\/\/www.notibras.com\/site\/quando-emagrecer-se-torna-um-risco-de-vida\/#primaryimage\"},\"image\":{\"@id\":\"https:\/\/www.notibras.com\/site\/quando-emagrecer-se-torna-um-risco-de-vida\/#primaryimage\"},\"thumbnailUrl\":\"https:\/\/www.notibras.com\/site\/wp-content\/uploads\/2026\/01\/thumbnail-image001-1-.webp\",\"datePublished\":\"2026-01-21T05:00:50+00:00\",\"breadcrumb\":{\"@id\":\"https:\/\/www.notibras.com\/site\/quando-emagrecer-se-torna-um-risco-de-vida\/#breadcrumb\"},\"inLanguage\":\"pt-BR\",\"potentialAction\":[{\"@type\":\"ReadAction\",\"target\":[\"https:\/\/www.notibras.com\/site\/quando-emagrecer-se-torna-um-risco-de-vida\/\"]}]},{\"@type\":\"ImageObject\",\"inLanguage\":\"pt-BR\",\"@id\":\"https:\/\/www.notibras.com\/site\/quando-emagrecer-se-torna-um-risco-de-vida\/#primaryimage\",\"url\":\"https:\/\/www.notibras.com\/site\/wp-content\/uploads\/2026\/01\/thumbnail-image001-1-.webp\",\"contentUrl\":\"https:\/\/www.notibras.com\/site\/wp-content\/uploads\/2026\/01\/thumbnail-image001-1-.webp\",\"width\":984,\"height\":554},{\"@type\":\"BreadcrumbList\",\"@id\":\"https:\/\/www.notibras.com\/site\/quando-emagrecer-se-torna-um-risco-de-vida\/#breadcrumb\",\"itemListElement\":[{\"@type\":\"ListItem\",\"position\":1,\"name\":\"In\u00edcio\",\"item\":\"https:\/\/www.notibras.com\/site\/\"},{\"@type\":\"ListItem\",\"position\":2,\"name\":\"Quando emagrecer se torna um risco de vida\"}]},{\"@type\":\"WebSite\",\"@id\":\"https:\/\/www.notibras.com\/site\/#website\",\"url\":\"https:\/\/www.notibras.com\/site\/\",\"name\":\"Notibras\",\"description\":\"Not\u00edcias de Bras\u00edlia, do Brasil e do Mundo\",\"publisher\":{\"@id\":\"https:\/\/www.notibras.com\/site\/#organization\"},\"potentialAction\":[{\"@type\":\"SearchAction\",\"target\":{\"@type\":\"EntryPoint\",\"urlTemplate\":\"https:\/\/www.notibras.com\/site\/?s={search_term_string}\"},\"query-input\":{\"@type\":\"PropertyValueSpecification\",\"valueRequired\":true,\"valueName\":\"search_term_string\"}}],\"inLanguage\":\"pt-BR\"},{\"@type\":\"Organization\",\"@id\":\"https:\/\/www.notibras.com\/site\/#organization\",\"name\":\"Grupo Notibras de Comunica\u00e7\u00e3o\",\"url\":\"https:\/\/www.notibras.com\/site\/\",\"logo\":{\"@type\":\"ImageObject\",\"inLanguage\":\"pt-BR\",\"@id\":\"https:\/\/www.notibras.com\/site\/#\/schema\/logo\/image\/\",\"url\":\"https:\/\/www.notibras.com\/site\/wp-content\/uploads\/2023\/01\/notibras23.png\",\"contentUrl\":\"https:\/\/www.notibras.com\/site\/wp-content\/uploads\/2023\/01\/notibras23.png\",\"width\":350,\"height\":87,\"caption\":\"Grupo Notibras de Comunica\u00e7\u00e3o\"},\"image\":{\"@id\":\"https:\/\/www.notibras.com\/site\/#\/schema\/logo\/image\/\"},\"sameAs\":[\"https:\/\/www.facebook.com\/notibras\/\",\"https:\/\/x.com\/Notibras\",\"https:\/\/www.instagram.com\/notibras\/\"]},{\"@type\":\"Person\",\"@id\":\"https:\/\/www.notibras.com\/site\/#\/schema\/person\/5b7fabf2aedc3ada2105f03b22b4d3dd\",\"name\":\"Eduardo Mart\u00ednez\",\"image\":{\"@type\":\"ImageObject\",\"inLanguage\":\"pt-BR\",\"@id\":\"https:\/\/secure.gravatar.com\/avatar\/7902f906289926289cbcda644b5197c796b893c6ffd7b9a536a42d290f7704a0?s=96&d=mm&r=g\",\"url\":\"https:\/\/secure.gravatar.com\/avatar\/7902f906289926289cbcda644b5197c796b893c6ffd7b9a536a42d290f7704a0?s=96&d=mm&r=g\",\"contentUrl\":\"https:\/\/secure.gravatar.com\/avatar\/7902f906289926289cbcda644b5197c796b893c6ffd7b9a536a42d290f7704a0?s=96&d=mm&r=g\",\"caption\":\"Eduardo Mart\u00ednez\"}}]}<\/script>\n<!-- \/ Yoast SEO plugin. -->","yoast_head_json":{"title":"Quando emagrecer se torna um risco de vida - Notibras","robots":{"index":"index","follow":"follow","max-snippet":"max-snippet:-1","max-image-preview":"max-image-preview:large","max-video-preview":"max-video-preview:-1"},"canonical":"https:\/\/www.notibras.com\/site\/quando-emagrecer-se-torna-um-risco-de-vida\/","og_locale":"pt_BR","og_type":"article","og_title":"Quando emagrecer se torna um risco de vida - Notibras","og_description":"N\u00e3o h\u00e1 como negar: as canetas emagrecedoras s\u00e3o um fen\u00f4meno. Ozempic, Mounjaro e outros medicamentos similares revolucionaram completamente o tratamento da obesidade e do diabetes. Os resultados s\u00e3o impressionantes, as transforma\u00e7\u00f5es s\u00e3o reais, e milh\u00f5es de pessoas ao redor do mundo est\u00e3o celebrando uma qualidade de vida que parecia inating\u00edvel. \u00c9, sem d\u00favida, um avan\u00e7o [&hellip;]","og_url":"https:\/\/www.notibras.com\/site\/quando-emagrecer-se-torna-um-risco-de-vida\/","og_site_name":"Notibras","article_publisher":"https:\/\/www.facebook.com\/notibras\/","article_published_time":"2026-01-21T05:00:50+00:00","og_image":[{"width":984,"height":554,"url":"https:\/\/www.notibras.com\/site\/wp-content\/uploads\/2026\/01\/thumbnail-image001-1-.webp","type":"image\/webp"}],"author":"Eduardo Mart\u00ednez","twitter_card":"summary_large_image","twitter_creator":"@Notibras","twitter_site":"@Notibras","twitter_misc":{"Escrito por":"Eduardo Mart\u00ednez","Est. tempo de leitura":"4 minutos"},"schema":{"@context":"https:\/\/schema.org","@graph":[{"@type":"Article","@id":"https:\/\/www.notibras.com\/site\/quando-emagrecer-se-torna-um-risco-de-vida\/#article","isPartOf":{"@id":"https:\/\/www.notibras.com\/site\/quando-emagrecer-se-torna-um-risco-de-vida\/"},"author":{"name":"Eduardo Mart\u00ednez","@id":"https:\/\/www.notibras.com\/site\/#\/schema\/person\/5b7fabf2aedc3ada2105f03b22b4d3dd"},"headline":"Quando emagrecer se torna um risco de vida","datePublished":"2026-01-21T05:00:50+00:00","mainEntityOfPage":{"@id":"https:\/\/www.notibras.com\/site\/quando-emagrecer-se-torna-um-risco-de-vida\/"},"wordCount":674,"publisher":{"@id":"https:\/\/www.notibras.com\/site\/#organization"},"image":{"@id":"https:\/\/www.notibras.com\/site\/quando-emagrecer-se-torna-um-risco-de-vida\/#primaryimage"},"thumbnailUrl":"https:\/\/www.notibras.com\/site\/wp-content\/uploads\/2026\/01\/thumbnail-image001-1-.webp","articleSection":["Dona Irene"],"inLanguage":"pt-BR"},{"@type":"WebPage","@id":"https:\/\/www.notibras.com\/site\/quando-emagrecer-se-torna-um-risco-de-vida\/","url":"https:\/\/www.notibras.com\/site\/quando-emagrecer-se-torna-um-risco-de-vida\/","name":"Quando emagrecer se torna um risco de vida - Notibras","isPartOf":{"@id":"https:\/\/www.notibras.com\/site\/#website"},"primaryImageOfPage":{"@id":"https:\/\/www.notibras.com\/site\/quando-emagrecer-se-torna-um-risco-de-vida\/#primaryimage"},"image":{"@id":"https:\/\/www.notibras.com\/site\/quando-emagrecer-se-torna-um-risco-de-vida\/#primaryimage"},"thumbnailUrl":"https:\/\/www.notibras.com\/site\/wp-content\/uploads\/2026\/01\/thumbnail-image001-1-.webp","datePublished":"2026-01-21T05:00:50+00:00","breadcrumb":{"@id":"https:\/\/www.notibras.com\/site\/quando-emagrecer-se-torna-um-risco-de-vida\/#breadcrumb"},"inLanguage":"pt-BR","potentialAction":[{"@type":"ReadAction","target":["https:\/\/www.notibras.com\/site\/quando-emagrecer-se-torna-um-risco-de-vida\/"]}]},{"@type":"ImageObject","inLanguage":"pt-BR","@id":"https:\/\/www.notibras.com\/site\/quando-emagrecer-se-torna-um-risco-de-vida\/#primaryimage","url":"https:\/\/www.notibras.com\/site\/wp-content\/uploads\/2026\/01\/thumbnail-image001-1-.webp","contentUrl":"https:\/\/www.notibras.com\/site\/wp-content\/uploads\/2026\/01\/thumbnail-image001-1-.webp","width":984,"height":554},{"@type":"BreadcrumbList","@id":"https:\/\/www.notibras.com\/site\/quando-emagrecer-se-torna-um-risco-de-vida\/#breadcrumb","itemListElement":[{"@type":"ListItem","position":1,"name":"In\u00edcio","item":"https:\/\/www.notibras.com\/site\/"},{"@type":"ListItem","position":2,"name":"Quando emagrecer se torna um risco de vida"}]},{"@type":"WebSite","@id":"https:\/\/www.notibras.com\/site\/#website","url":"https:\/\/www.notibras.com\/site\/","name":"Notibras","description":"Not\u00edcias de Bras\u00edlia, do Brasil e do Mundo","publisher":{"@id":"https:\/\/www.notibras.com\/site\/#organization"},"potentialAction":[{"@type":"SearchAction","target":{"@type":"EntryPoint","urlTemplate":"https:\/\/www.notibras.com\/site\/?s={search_term_string}"},"query-input":{"@type":"PropertyValueSpecification","valueRequired":true,"valueName":"search_term_string"}}],"inLanguage":"pt-BR"},{"@type":"Organization","@id":"https:\/\/www.notibras.com\/site\/#organization","name":"Grupo Notibras de Comunica\u00e7\u00e3o","url":"https:\/\/www.notibras.com\/site\/","logo":{"@type":"ImageObject","inLanguage":"pt-BR","@id":"https:\/\/www.notibras.com\/site\/#\/schema\/logo\/image\/","url":"https:\/\/www.notibras.com\/site\/wp-content\/uploads\/2023\/01\/notibras23.png","contentUrl":"https:\/\/www.notibras.com\/site\/wp-content\/uploads\/2023\/01\/notibras23.png","width":350,"height":87,"caption":"Grupo Notibras de Comunica\u00e7\u00e3o"},"image":{"@id":"https:\/\/www.notibras.com\/site\/#\/schema\/logo\/image\/"},"sameAs":["https:\/\/www.facebook.com\/notibras\/","https:\/\/x.com\/Notibras","https:\/\/www.instagram.com\/notibras\/"]},{"@type":"Person","@id":"https:\/\/www.notibras.com\/site\/#\/schema\/person\/5b7fabf2aedc3ada2105f03b22b4d3dd","name":"Eduardo Mart\u00ednez","image":{"@type":"ImageObject","inLanguage":"pt-BR","@id":"https:\/\/secure.gravatar.com\/avatar\/7902f906289926289cbcda644b5197c796b893c6ffd7b9a536a42d290f7704a0?s=96&d=mm&r=g","url":"https:\/\/secure.gravatar.com\/avatar\/7902f906289926289cbcda644b5197c796b893c6ffd7b9a536a42d290f7704a0?s=96&d=mm&r=g","contentUrl":"https:\/\/secure.gravatar.com\/avatar\/7902f906289926289cbcda644b5197c796b893c6ffd7b9a536a42d290f7704a0?s=96&d=mm&r=g","caption":"Eduardo Mart\u00ednez"}}]}},"amp_enabled":true,"_links":{"self":[{"href":"https:\/\/www.notibras.com\/site\/wp-json\/wp\/v2\/posts\/379885","targetHints":{"allow":["GET"]}}],"collection":[{"href":"https:\/\/www.notibras.com\/site\/wp-json\/wp\/v2\/posts"}],"about":[{"href":"https:\/\/www.notibras.com\/site\/wp-json\/wp\/v2\/types\/post"}],"author":[{"embeddable":true,"href":"https:\/\/www.notibras.com\/site\/wp-json\/wp\/v2\/users\/21"}],"replies":[{"embeddable":true,"href":"https:\/\/www.notibras.com\/site\/wp-json\/wp\/v2\/comments?post=379885"}],"version-history":[{"count":1,"href":"https:\/\/www.notibras.com\/site\/wp-json\/wp\/v2\/posts\/379885\/revisions"}],"predecessor-version":[{"id":379887,"href":"https:\/\/www.notibras.com\/site\/wp-json\/wp\/v2\/posts\/379885\/revisions\/379887"}],"wp:featuredmedia":[{"embeddable":true,"href":"https:\/\/www.notibras.com\/site\/wp-json\/wp\/v2\/media\/379886"}],"wp:attachment":[{"href":"https:\/\/www.notibras.com\/site\/wp-json\/wp\/v2\/media?parent=379885"}],"wp:term":[{"taxonomy":"category","embeddable":true,"href":"https:\/\/www.notibras.com\/site\/wp-json\/wp\/v2\/categories?post=379885"},{"taxonomy":"post_tag","embeddable":true,"href":"https:\/\/www.notibras.com\/site\/wp-json\/wp\/v2\/tags?post=379885"}],"curies":[{"name":"wp","href":"https:\/\/api.w.org\/{rel}","templated":true}]}}