{"id":379889,"date":"2026-01-21T01:00:22","date_gmt":"2026-01-21T04:00:22","guid":{"rendered":"https:\/\/www.notibras.com\/site\/?p=379889"},"modified":"2026-01-21T00:27:58","modified_gmt":"2026-01-21T03:27:58","slug":"fortalecimento-da-vigilancia-epidemiologica-e-ampliacao-da-resposta","status":"publish","type":"post","link":"https:\/\/www.notibras.com\/site\/fortalecimento-da-vigilancia-epidemiologica-e-ampliacao-da-resposta\/","title":{"rendered":"\u00a0Fortalecimento da vigil\u00e2ncia epidemiol\u00f3gica e amplia\u00e7\u00e3o da resposta"},"content":{"rendered":"<p>O Hospital Regional de Santa Maria (HRSM) vem fortalecendo a vigil\u00e2ncia epidemiol\u00f3gica por meio das a\u00e7\u00f5es desenvolvidas pelo N\u00facleo de Vigil\u00e2ncia Epidemiol\u00f3gica Hospitalar (Nuepi). Ao longo de 2025, diante dos desafios identificados nos processos de notifica\u00e7\u00e3o e no registro de agravos, o setor promoveu a reorganiza\u00e7\u00e3o dos fluxos internos, com foco na qualifica\u00e7\u00e3o das informa\u00e7\u00f5es e na amplia\u00e7\u00e3o da capacidade de resposta \u00e0s demandas de sa\u00fade p\u00fablica.<\/p>\n<p>As iniciativas refor\u00e7aram a atua\u00e7\u00e3o do HRSM, unidade administrada pelo Instituto de Gest\u00e3o Estrat\u00e9gica de Sa\u00fade do Distrito Federal (IgesDF), em frentes estrat\u00e9gicas da sa\u00fade p\u00fablica, como os comit\u00eas de \u00f3bitos materno-infantis da Regi\u00e3o Sul; de transmiss\u00e3o vertical da s\u00edfilis; e a Rede Cegonha. Al\u00e9m disso, contribuem para respostas mais \u00e1geis e eficazes frente a agravos e surtos. De acordo com dados da Rede de Vigil\u00e2ncia Epidemiol\u00f3gica Hospitalar (Reveh), o HRSM ocupa a quinta posi\u00e7\u00e3o entre os hospitais que mais notificam agravos no Distrito Federal, entre as 64 unidades cadastradas.<\/p>\n<p>Para 2026, o Nuepi projeta o fortalecimento do trabalho em equipe, a amplia\u00e7\u00e3o das capacita\u00e7\u00f5es profissionais, a consolida\u00e7\u00e3o das fichas de notifica\u00e7\u00e3o no sistema MV e a implanta\u00e7\u00e3o de um painel de indicadores das notifica\u00e7\u00f5es, reafirmando o compromisso com a melhoria cont\u00ednua dos processos e da assist\u00eancia prestada.<\/p>\n<p>Segundo a chefe do Nuepi, Larysse Lima, esse planejamento refor\u00e7a a import\u00e2ncia da vigil\u00e2ncia epidemiol\u00f3gica no ambiente hospitalar: \u201cO aprimoramento cont\u00ednuo dos processos e da qualifica\u00e7\u00e3o das equipes contribui diretamente para uma resposta mais eficiente \u00e0s demandas de sa\u00fade p\u00fablica.\u201d<\/p>\n<p><strong>Ano de conquistas<\/strong><\/p>\n<p>Em 2025, o Nuepi teve v\u00e1rias conquistas. Entre as principais iniciativas est\u00e3o a produ\u00e7\u00e3o de boletins e materiais informativos voltados \u00e0 orienta\u00e7\u00e3o das equipes no cotidiano assistencial, al\u00e9m da amplia\u00e7\u00e3o do acesso \u00e0s fichas de notifica\u00e7\u00e3o, medida que contribuiu para o correto registro das informa\u00e7\u00f5es pelos profissionais de sa\u00fade.<\/p>\n<p>Outra a\u00e7\u00e3o relevante foi a realiza\u00e7\u00e3o de imuniza\u00e7\u00e3o in loco para os colaboradores, contemplando profissionais dos turnos diurno e noturno. A estrat\u00e9gia ampliou o acesso \u00e0s vacinas, respeitando a din\u00e2mica de trabalho das equipes.<\/p>\n<p>O HRSM mant\u00e9m, ainda, o controle e a oferta de vacinas, imunoglobulinas e soros essenciais, fortalecendo a capacidade de resposta da unidade diante de situa\u00e7\u00f5es de urg\u00eancia epidemiol\u00f3gica.<\/p>\n<p>O fortalecimento do n\u00facleo tamb\u00e9m resultou em maior integra\u00e7\u00e3o com os setores assistenciais. Em 2025, foram realizadas blitzes da Vigil\u00e2ncia Epidemol\u00f3gica em diferentes \u00e1reas da unidade, al\u00e9m de maior participa\u00e7\u00e3o da equipe nos rounds cl\u00ednicos, especialmente em setores estrat\u00e9gicos, como as unidades de terapia intensiva (UTIs) e a ortopedia. A atua\u00e7\u00e3o contribuiu para a identifica\u00e7\u00e3o precoce de agravos e para a ado\u00e7\u00e3o de interven\u00e7\u00f5es oportunas.<\/p>\n<p>No campo da gest\u00e3o da informa\u00e7\u00e3o, destaca-se a implanta\u00e7\u00e3o de um painel com relat\u00f3rios em tempo real das fichas de notifica\u00e7\u00e3o nos setores de interface. A ferramenta possibilita o monitoramento cont\u00ednuo dos registros e amplia a capacidade de an\u00e1lise e de tomada de decis\u00e3o no \u00e2mbito hospitalar.<\/p>\n<p>\u201cAs melhorias implementadas fortaleceram a equipe, qualificaram os processos e ampliaram as a\u00e7\u00f5es de preven\u00e7\u00e3o. Ao facilitar o acesso dos profissionais \u00e0s estrat\u00e9gias de vigil\u00e2ncia, tamb\u00e9m fortalecemos a resposta em sa\u00fade p\u00fablica\u201d, afirma Larysse Lima.<\/p>\n","protected":false},"excerpt":{"rendered":"<p>O Hospital Regional de Santa Maria (HRSM) vem fortalecendo a vigil\u00e2ncia epidemiol\u00f3gica por meio das a\u00e7\u00f5es desenvolvidas pelo N\u00facleo de Vigil\u00e2ncia Epidemiol\u00f3gica Hospitalar (Nuepi). Ao longo de 2025, diante dos desafios identificados nos processos de notifica\u00e7\u00e3o e no registro de agravos, o setor promoveu a reorganiza\u00e7\u00e3o dos fluxos internos, com foco na qualifica\u00e7\u00e3o das informa\u00e7\u00f5es [&hellip;]<\/p>\n","protected":false},"author":21,"featured_media":379890,"comment_status":"closed","ping_status":"closed","sticky":false,"template":"","format":"standard","meta":{"_acf_changed":false,"footnotes":""},"categories":[161],"tags":[],"class_list":["post-379889","post","type-post","status-publish","format-standard","has-post-thumbnail","hentry","category-quadradinho-em-foco"],"acf":[],"yoast_head":"<!-- This site is optimized with the Yoast SEO plugin v27.2 - https:\/\/yoast.com\/product\/yoast-seo-wordpress\/ -->\n<title>\u00a0Fortalecimento da vigil\u00e2ncia epidemiol\u00f3gica e amplia\u00e7\u00e3o da resposta - Notibras<\/title>\n<meta name=\"robots\" content=\"index, follow, max-snippet:-1, max-image-preview:large, max-video-preview:-1\" \/>\n<link rel=\"canonical\" href=\"https:\/\/www.notibras.com\/site\/fortalecimento-da-vigilancia-epidemiologica-e-ampliacao-da-resposta\/\" \/>\n<meta property=\"og:locale\" content=\"pt_BR\" \/>\n<meta property=\"og:type\" content=\"article\" \/>\n<meta property=\"og:title\" content=\"\u00a0Fortalecimento da vigil\u00e2ncia epidemiol\u00f3gica e amplia\u00e7\u00e3o da resposta - Notibras\" \/>\n<meta property=\"og:description\" content=\"O Hospital Regional de Santa Maria (HRSM) vem fortalecendo a vigil\u00e2ncia epidemiol\u00f3gica por meio das a\u00e7\u00f5es desenvolvidas pelo N\u00facleo de Vigil\u00e2ncia Epidemiol\u00f3gica Hospitalar (Nuepi). Ao longo de 2025, diante dos desafios identificados nos processos de notifica\u00e7\u00e3o e no registro de agravos, o setor promoveu a reorganiza\u00e7\u00e3o dos fluxos internos, com foco na qualifica\u00e7\u00e3o das informa\u00e7\u00f5es [&hellip;]\" \/>\n<meta property=\"og:url\" content=\"https:\/\/www.notibras.com\/site\/fortalecimento-da-vigilancia-epidemiologica-e-ampliacao-da-resposta\/\" \/>\n<meta property=\"og:site_name\" content=\"Notibras\" \/>\n<meta property=\"article:publisher\" content=\"https:\/\/www.facebook.com\/notibras\/\" \/>\n<meta property=\"article:published_time\" content=\"2026-01-21T04:00:22+00:00\" \/>\n<meta property=\"og:image\" content=\"https:\/\/www.notibras.com\/site\/wp-content\/uploads\/2026\/01\/WhatsApp-Image-2025-03-26-at-14.50.05-1-2048x1536-1.jpeg\" \/>\n\t<meta property=\"og:image:width\" content=\"2048\" \/>\n\t<meta property=\"og:image:height\" content=\"1536\" \/>\n\t<meta property=\"og:image:type\" content=\"image\/jpeg\" \/>\n<meta name=\"author\" content=\"Eduardo Mart\u00ednez\" \/>\n<meta name=\"twitter:card\" content=\"summary_large_image\" \/>\n<meta name=\"twitter:creator\" content=\"@Notibras\" \/>\n<meta name=\"twitter:site\" content=\"@Notibras\" \/>\n<meta name=\"twitter:label1\" content=\"Escrito por\" \/>\n\t<meta name=\"twitter:data1\" content=\"Eduardo Mart\u00ednez\" \/>\n\t<meta name=\"twitter:label2\" content=\"Est. tempo de leitura\" \/>\n\t<meta name=\"twitter:data2\" content=\"4 minutos\" \/>\n<script type=\"application\/ld+json\" class=\"yoast-schema-graph\">{\"@context\":\"https:\/\/schema.org\",\"@graph\":[{\"@type\":\"Article\",\"@id\":\"https:\/\/www.notibras.com\/site\/fortalecimento-da-vigilancia-epidemiologica-e-ampliacao-da-resposta\/#article\",\"isPartOf\":{\"@id\":\"https:\/\/www.notibras.com\/site\/fortalecimento-da-vigilancia-epidemiologica-e-ampliacao-da-resposta\/\"},\"author\":{\"name\":\"Eduardo Mart\u00ednez\",\"@id\":\"https:\/\/www.notibras.com\/site\/#\/schema\/person\/5b7fabf2aedc3ada2105f03b22b4d3dd\"},\"headline\":\"\u00a0Fortalecimento da vigil\u00e2ncia epidemiol\u00f3gica e amplia\u00e7\u00e3o da resposta\",\"datePublished\":\"2026-01-21T04:00:22+00:00\",\"mainEntityOfPage\":{\"@id\":\"https:\/\/www.notibras.com\/site\/fortalecimento-da-vigilancia-epidemiologica-e-ampliacao-da-resposta\/\"},\"wordCount\":602,\"publisher\":{\"@id\":\"https:\/\/www.notibras.com\/site\/#organization\"},\"image\":{\"@id\":\"https:\/\/www.notibras.com\/site\/fortalecimento-da-vigilancia-epidemiologica-e-ampliacao-da-resposta\/#primaryimage\"},\"thumbnailUrl\":\"https:\/\/www.notibras.com\/site\/wp-content\/uploads\/2026\/01\/WhatsApp-Image-2025-03-26-at-14.50.05-1-2048x1536-1.jpeg\",\"articleSection\":[\"Quadradinho em Foco\"],\"inLanguage\":\"pt-BR\"},{\"@type\":\"WebPage\",\"@id\":\"https:\/\/www.notibras.com\/site\/fortalecimento-da-vigilancia-epidemiologica-e-ampliacao-da-resposta\/\",\"url\":\"https:\/\/www.notibras.com\/site\/fortalecimento-da-vigilancia-epidemiologica-e-ampliacao-da-resposta\/\",\"name\":\"\u00a0Fortalecimento da vigil\u00e2ncia epidemiol\u00f3gica e amplia\u00e7\u00e3o da resposta - Notibras\",\"isPartOf\":{\"@id\":\"https:\/\/www.notibras.com\/site\/#website\"},\"primaryImageOfPage\":{\"@id\":\"https:\/\/www.notibras.com\/site\/fortalecimento-da-vigilancia-epidemiologica-e-ampliacao-da-resposta\/#primaryimage\"},\"image\":{\"@id\":\"https:\/\/www.notibras.com\/site\/fortalecimento-da-vigilancia-epidemiologica-e-ampliacao-da-resposta\/#primaryimage\"},\"thumbnailUrl\":\"https:\/\/www.notibras.com\/site\/wp-content\/uploads\/2026\/01\/WhatsApp-Image-2025-03-26-at-14.50.05-1-2048x1536-1.jpeg\",\"datePublished\":\"2026-01-21T04:00:22+00:00\",\"breadcrumb\":{\"@id\":\"https:\/\/www.notibras.com\/site\/fortalecimento-da-vigilancia-epidemiologica-e-ampliacao-da-resposta\/#breadcrumb\"},\"inLanguage\":\"pt-BR\",\"potentialAction\":[{\"@type\":\"ReadAction\",\"target\":[\"https:\/\/www.notibras.com\/site\/fortalecimento-da-vigilancia-epidemiologica-e-ampliacao-da-resposta\/\"]}]},{\"@type\":\"ImageObject\",\"inLanguage\":\"pt-BR\",\"@id\":\"https:\/\/www.notibras.com\/site\/fortalecimento-da-vigilancia-epidemiologica-e-ampliacao-da-resposta\/#primaryimage\",\"url\":\"https:\/\/www.notibras.com\/site\/wp-content\/uploads\/2026\/01\/WhatsApp-Image-2025-03-26-at-14.50.05-1-2048x1536-1.jpeg\",\"contentUrl\":\"https:\/\/www.notibras.com\/site\/wp-content\/uploads\/2026\/01\/WhatsApp-Image-2025-03-26-at-14.50.05-1-2048x1536-1.jpeg\",\"width\":2048,\"height\":1536},{\"@type\":\"BreadcrumbList\",\"@id\":\"https:\/\/www.notibras.com\/site\/fortalecimento-da-vigilancia-epidemiologica-e-ampliacao-da-resposta\/#breadcrumb\",\"itemListElement\":[{\"@type\":\"ListItem\",\"position\":1,\"name\":\"In\u00edcio\",\"item\":\"https:\/\/www.notibras.com\/site\/\"},{\"@type\":\"ListItem\",\"position\":2,\"name\":\"\u00a0Fortalecimento da vigil\u00e2ncia epidemiol\u00f3gica e amplia\u00e7\u00e3o da resposta\"}]},{\"@type\":\"WebSite\",\"@id\":\"https:\/\/www.notibras.com\/site\/#website\",\"url\":\"https:\/\/www.notibras.com\/site\/\",\"name\":\"Notibras\",\"description\":\"Not\u00edcias de Bras\u00edlia, do Brasil e do Mundo\",\"publisher\":{\"@id\":\"https:\/\/www.notibras.com\/site\/#organization\"},\"potentialAction\":[{\"@type\":\"SearchAction\",\"target\":{\"@type\":\"EntryPoint\",\"urlTemplate\":\"https:\/\/www.notibras.com\/site\/?s={search_term_string}\"},\"query-input\":{\"@type\":\"PropertyValueSpecification\",\"valueRequired\":true,\"valueName\":\"search_term_string\"}}],\"inLanguage\":\"pt-BR\"},{\"@type\":\"Organization\",\"@id\":\"https:\/\/www.notibras.com\/site\/#organization\",\"name\":\"Grupo Notibras de Comunica\u00e7\u00e3o\",\"url\":\"https:\/\/www.notibras.com\/site\/\",\"logo\":{\"@type\":\"ImageObject\",\"inLanguage\":\"pt-BR\",\"@id\":\"https:\/\/www.notibras.com\/site\/#\/schema\/logo\/image\/\",\"url\":\"https:\/\/www.notibras.com\/site\/wp-content\/uploads\/2023\/01\/notibras23.png\",\"contentUrl\":\"https:\/\/www.notibras.com\/site\/wp-content\/uploads\/2023\/01\/notibras23.png\",\"width\":350,\"height\":87,\"caption\":\"Grupo Notibras de Comunica\u00e7\u00e3o\"},\"image\":{\"@id\":\"https:\/\/www.notibras.com\/site\/#\/schema\/logo\/image\/\"},\"sameAs\":[\"https:\/\/www.facebook.com\/notibras\/\",\"https:\/\/x.com\/Notibras\",\"https:\/\/www.instagram.com\/notibras\/\"]},{\"@type\":\"Person\",\"@id\":\"https:\/\/www.notibras.com\/site\/#\/schema\/person\/5b7fabf2aedc3ada2105f03b22b4d3dd\",\"name\":\"Eduardo Mart\u00ednez\",\"image\":{\"@type\":\"ImageObject\",\"inLanguage\":\"pt-BR\",\"@id\":\"https:\/\/secure.gravatar.com\/avatar\/7902f906289926289cbcda644b5197c796b893c6ffd7b9a536a42d290f7704a0?s=96&d=mm&r=g\",\"url\":\"https:\/\/secure.gravatar.com\/avatar\/7902f906289926289cbcda644b5197c796b893c6ffd7b9a536a42d290f7704a0?s=96&d=mm&r=g\",\"contentUrl\":\"https:\/\/secure.gravatar.com\/avatar\/7902f906289926289cbcda644b5197c796b893c6ffd7b9a536a42d290f7704a0?s=96&d=mm&r=g\",\"caption\":\"Eduardo Mart\u00ednez\"}}]}<\/script>\n<!-- \/ Yoast SEO plugin. -->","yoast_head_json":{"title":"\u00a0Fortalecimento da vigil\u00e2ncia epidemiol\u00f3gica e amplia\u00e7\u00e3o da resposta - Notibras","robots":{"index":"index","follow":"follow","max-snippet":"max-snippet:-1","max-image-preview":"max-image-preview:large","max-video-preview":"max-video-preview:-1"},"canonical":"https:\/\/www.notibras.com\/site\/fortalecimento-da-vigilancia-epidemiologica-e-ampliacao-da-resposta\/","og_locale":"pt_BR","og_type":"article","og_title":"\u00a0Fortalecimento da vigil\u00e2ncia epidemiol\u00f3gica e amplia\u00e7\u00e3o da resposta - Notibras","og_description":"O Hospital Regional de Santa Maria (HRSM) vem fortalecendo a vigil\u00e2ncia epidemiol\u00f3gica por meio das a\u00e7\u00f5es desenvolvidas pelo N\u00facleo de Vigil\u00e2ncia Epidemiol\u00f3gica Hospitalar (Nuepi). Ao longo de 2025, diante dos desafios identificados nos processos de notifica\u00e7\u00e3o e no registro de agravos, o setor promoveu a reorganiza\u00e7\u00e3o dos fluxos internos, com foco na qualifica\u00e7\u00e3o das informa\u00e7\u00f5es [&hellip;]","og_url":"https:\/\/www.notibras.com\/site\/fortalecimento-da-vigilancia-epidemiologica-e-ampliacao-da-resposta\/","og_site_name":"Notibras","article_publisher":"https:\/\/www.facebook.com\/notibras\/","article_published_time":"2026-01-21T04:00:22+00:00","og_image":[{"width":2048,"height":1536,"url":"https:\/\/www.notibras.com\/site\/wp-content\/uploads\/2026\/01\/WhatsApp-Image-2025-03-26-at-14.50.05-1-2048x1536-1.jpeg","type":"image\/jpeg"}],"author":"Eduardo Mart\u00ednez","twitter_card":"summary_large_image","twitter_creator":"@Notibras","twitter_site":"@Notibras","twitter_misc":{"Escrito por":"Eduardo Mart\u00ednez","Est. tempo de leitura":"4 minutos"},"schema":{"@context":"https:\/\/schema.org","@graph":[{"@type":"Article","@id":"https:\/\/www.notibras.com\/site\/fortalecimento-da-vigilancia-epidemiologica-e-ampliacao-da-resposta\/#article","isPartOf":{"@id":"https:\/\/www.notibras.com\/site\/fortalecimento-da-vigilancia-epidemiologica-e-ampliacao-da-resposta\/"},"author":{"name":"Eduardo Mart\u00ednez","@id":"https:\/\/www.notibras.com\/site\/#\/schema\/person\/5b7fabf2aedc3ada2105f03b22b4d3dd"},"headline":"\u00a0Fortalecimento da vigil\u00e2ncia epidemiol\u00f3gica e amplia\u00e7\u00e3o da resposta","datePublished":"2026-01-21T04:00:22+00:00","mainEntityOfPage":{"@id":"https:\/\/www.notibras.com\/site\/fortalecimento-da-vigilancia-epidemiologica-e-ampliacao-da-resposta\/"},"wordCount":602,"publisher":{"@id":"https:\/\/www.notibras.com\/site\/#organization"},"image":{"@id":"https:\/\/www.notibras.com\/site\/fortalecimento-da-vigilancia-epidemiologica-e-ampliacao-da-resposta\/#primaryimage"},"thumbnailUrl":"https:\/\/www.notibras.com\/site\/wp-content\/uploads\/2026\/01\/WhatsApp-Image-2025-03-26-at-14.50.05-1-2048x1536-1.jpeg","articleSection":["Quadradinho em Foco"],"inLanguage":"pt-BR"},{"@type":"WebPage","@id":"https:\/\/www.notibras.com\/site\/fortalecimento-da-vigilancia-epidemiologica-e-ampliacao-da-resposta\/","url":"https:\/\/www.notibras.com\/site\/fortalecimento-da-vigilancia-epidemiologica-e-ampliacao-da-resposta\/","name":"\u00a0Fortalecimento da vigil\u00e2ncia epidemiol\u00f3gica e amplia\u00e7\u00e3o da resposta - Notibras","isPartOf":{"@id":"https:\/\/www.notibras.com\/site\/#website"},"primaryImageOfPage":{"@id":"https:\/\/www.notibras.com\/site\/fortalecimento-da-vigilancia-epidemiologica-e-ampliacao-da-resposta\/#primaryimage"},"image":{"@id":"https:\/\/www.notibras.com\/site\/fortalecimento-da-vigilancia-epidemiologica-e-ampliacao-da-resposta\/#primaryimage"},"thumbnailUrl":"https:\/\/www.notibras.com\/site\/wp-content\/uploads\/2026\/01\/WhatsApp-Image-2025-03-26-at-14.50.05-1-2048x1536-1.jpeg","datePublished":"2026-01-21T04:00:22+00:00","breadcrumb":{"@id":"https:\/\/www.notibras.com\/site\/fortalecimento-da-vigilancia-epidemiologica-e-ampliacao-da-resposta\/#breadcrumb"},"inLanguage":"pt-BR","potentialAction":[{"@type":"ReadAction","target":["https:\/\/www.notibras.com\/site\/fortalecimento-da-vigilancia-epidemiologica-e-ampliacao-da-resposta\/"]}]},{"@type":"ImageObject","inLanguage":"pt-BR","@id":"https:\/\/www.notibras.com\/site\/fortalecimento-da-vigilancia-epidemiologica-e-ampliacao-da-resposta\/#primaryimage","url":"https:\/\/www.notibras.com\/site\/wp-content\/uploads\/2026\/01\/WhatsApp-Image-2025-03-26-at-14.50.05-1-2048x1536-1.jpeg","contentUrl":"https:\/\/www.notibras.com\/site\/wp-content\/uploads\/2026\/01\/WhatsApp-Image-2025-03-26-at-14.50.05-1-2048x1536-1.jpeg","width":2048,"height":1536},{"@type":"BreadcrumbList","@id":"https:\/\/www.notibras.com\/site\/fortalecimento-da-vigilancia-epidemiologica-e-ampliacao-da-resposta\/#breadcrumb","itemListElement":[{"@type":"ListItem","position":1,"name":"In\u00edcio","item":"https:\/\/www.notibras.com\/site\/"},{"@type":"ListItem","position":2,"name":"\u00a0Fortalecimento da vigil\u00e2ncia epidemiol\u00f3gica e amplia\u00e7\u00e3o da resposta"}]},{"@type":"WebSite","@id":"https:\/\/www.notibras.com\/site\/#website","url":"https:\/\/www.notibras.com\/site\/","name":"Notibras","description":"Not\u00edcias de Bras\u00edlia, do Brasil e do Mundo","publisher":{"@id":"https:\/\/www.notibras.com\/site\/#organization"},"potentialAction":[{"@type":"SearchAction","target":{"@type":"EntryPoint","urlTemplate":"https:\/\/www.notibras.com\/site\/?s={search_term_string}"},"query-input":{"@type":"PropertyValueSpecification","valueRequired":true,"valueName":"search_term_string"}}],"inLanguage":"pt-BR"},{"@type":"Organization","@id":"https:\/\/www.notibras.com\/site\/#organization","name":"Grupo Notibras de Comunica\u00e7\u00e3o","url":"https:\/\/www.notibras.com\/site\/","logo":{"@type":"ImageObject","inLanguage":"pt-BR","@id":"https:\/\/www.notibras.com\/site\/#\/schema\/logo\/image\/","url":"https:\/\/www.notibras.com\/site\/wp-content\/uploads\/2023\/01\/notibras23.png","contentUrl":"https:\/\/www.notibras.com\/site\/wp-content\/uploads\/2023\/01\/notibras23.png","width":350,"height":87,"caption":"Grupo Notibras de Comunica\u00e7\u00e3o"},"image":{"@id":"https:\/\/www.notibras.com\/site\/#\/schema\/logo\/image\/"},"sameAs":["https:\/\/www.facebook.com\/notibras\/","https:\/\/x.com\/Notibras","https:\/\/www.instagram.com\/notibras\/"]},{"@type":"Person","@id":"https:\/\/www.notibras.com\/site\/#\/schema\/person\/5b7fabf2aedc3ada2105f03b22b4d3dd","name":"Eduardo Mart\u00ednez","image":{"@type":"ImageObject","inLanguage":"pt-BR","@id":"https:\/\/secure.gravatar.com\/avatar\/7902f906289926289cbcda644b5197c796b893c6ffd7b9a536a42d290f7704a0?s=96&d=mm&r=g","url":"https:\/\/secure.gravatar.com\/avatar\/7902f906289926289cbcda644b5197c796b893c6ffd7b9a536a42d290f7704a0?s=96&d=mm&r=g","contentUrl":"https:\/\/secure.gravatar.com\/avatar\/7902f906289926289cbcda644b5197c796b893c6ffd7b9a536a42d290f7704a0?s=96&d=mm&r=g","caption":"Eduardo Mart\u00ednez"}}]}},"amp_enabled":true,"_links":{"self":[{"href":"https:\/\/www.notibras.com\/site\/wp-json\/wp\/v2\/posts\/379889","targetHints":{"allow":["GET"]}}],"collection":[{"href":"https:\/\/www.notibras.com\/site\/wp-json\/wp\/v2\/posts"}],"about":[{"href":"https:\/\/www.notibras.com\/site\/wp-json\/wp\/v2\/types\/post"}],"author":[{"embeddable":true,"href":"https:\/\/www.notibras.com\/site\/wp-json\/wp\/v2\/users\/21"}],"replies":[{"embeddable":true,"href":"https:\/\/www.notibras.com\/site\/wp-json\/wp\/v2\/comments?post=379889"}],"version-history":[{"count":3,"href":"https:\/\/www.notibras.com\/site\/wp-json\/wp\/v2\/posts\/379889\/revisions"}],"predecessor-version":[{"id":379893,"href":"https:\/\/www.notibras.com\/site\/wp-json\/wp\/v2\/posts\/379889\/revisions\/379893"}],"wp:featuredmedia":[{"embeddable":true,"href":"https:\/\/www.notibras.com\/site\/wp-json\/wp\/v2\/media\/379890"}],"wp:attachment":[{"href":"https:\/\/www.notibras.com\/site\/wp-json\/wp\/v2\/media?parent=379889"}],"wp:term":[{"taxonomy":"category","embeddable":true,"href":"https:\/\/www.notibras.com\/site\/wp-json\/wp\/v2\/categories?post=379889"},{"taxonomy":"post_tag","embeddable":true,"href":"https:\/\/www.notibras.com\/site\/wp-json\/wp\/v2\/tags?post=379889"}],"curies":[{"name":"wp","href":"https:\/\/api.w.org\/{rel}","templated":true}]}}