{"id":379899,"date":"2026-01-21T01:15:41","date_gmt":"2026-01-21T04:15:41","guid":{"rendered":"https:\/\/www.notibras.com\/site\/?p=379899"},"modified":"2026-01-21T00:38:44","modified_gmt":"2026-01-21T03:38:44","slug":"entrega-de-kits-da-corrida-de-reis-mirim-comeca-com-diversao-e-solidariedade","status":"publish","type":"post","link":"https:\/\/www.notibras.com\/site\/entrega-de-kits-da-corrida-de-reis-mirim-comeca-com-diversao-e-solidariedade\/","title":{"rendered":"Entrega de kits da Corrida de Reis Mirim come\u00e7a com divers\u00e3o e solidariedade"},"content":{"rendered":"<p>Teve in\u00edcio nesta ter\u00e7a-feira (20), no Pavilh\u00e3o de Exposi\u00e7\u00e3o do Parque da Cidade, a entrega dos kits da Corrida de Reis Mirim, evento tradicional do calend\u00e1rio esportivo do Distrito Federal que celebra o esporte, a inf\u00e2ncia e a solidariedade. A a\u00e7\u00e3o segue nesta quarta-feira (21), das 9h \u00e0s 19h.<\/p>\n<p>Al\u00e9m da retirada do kit, o espa\u00e7o foi especialmente preparado para receber as crian\u00e7as e suas fam\u00edlias em um ambiente l\u00fadico e acolhedor, com brinquedos, pula-pula, distribui\u00e7\u00e3o de algod\u00e3o-doce e pipoca, transformando o momento em uma verdadeira experi\u00eancia de lazer.<\/p>\n<p>De acordo com o secret\u00e1rio de Esporte e Lazer do DF, Renato Junqueira, a proposta vai al\u00e9m da corrida. \u201cHoje, come\u00e7amos a entrega dos kits aqui no Pavilh\u00e3o do Parque da Cidade em um ambiente pensado especialmente para as crian\u00e7as, com muita divers\u00e3o, brinquedos e alegria. A Corrida de Reis Mirim \u00e9 sobre esporte, mas tamb\u00e9m sobre conviv\u00eancia, cuidado e boas mem\u00f3rias para as fam\u00edlias\u201d, destacou o secret\u00e1rio.<\/p>\n<p>A iniciativa tamb\u00e9m refor\u00e7a o compromisso social do evento. Em parceria com a Defesa Civil do Distrito Federal, est\u00e1 sendo realizada a arrecada\u00e7\u00e3o de 2 kg de alimentos por fam\u00edlia, que ser\u00e3o destinados a a\u00e7\u00f5es de assist\u00eancia social.<\/p>\n<p>\u201cA presen\u00e7a da Defesa Civil fortalece essa mensagem de solidariedade. O esporte tamb\u00e9m \u00e9 uma ferramenta de cuidado com o pr\u00f3ximo, e a doa\u00e7\u00e3o de alimentos mostra que podemos unir divers\u00e3o e responsabilidade social\u201d, completou Renato Junqueira.<\/p>\n<p>A Corrida de Reis Mirim integra a programa\u00e7\u00e3o oficial da tradicional Corrida de Reis e tem como objetivo incentivar a pr\u00e1tica esportiva desde a inf\u00e2ncia, promovendo valores como inclus\u00e3o, cidadania e bem-estar.<\/p>\n","protected":false},"excerpt":{"rendered":"<p>Teve in\u00edcio nesta ter\u00e7a-feira (20), no Pavilh\u00e3o de Exposi\u00e7\u00e3o do Parque da Cidade, a entrega dos kits da Corrida de Reis Mirim, evento tradicional do calend\u00e1rio esportivo do Distrito Federal que celebra o esporte, a inf\u00e2ncia e a solidariedade. A a\u00e7\u00e3o segue nesta quarta-feira (21), das 9h \u00e0s 19h. Al\u00e9m da retirada do kit, o [&hellip;]<\/p>\n","protected":false},"author":21,"featured_media":379900,"comment_status":"closed","ping_status":"closed","sticky":false,"template":"","format":"standard","meta":{"_acf_changed":false,"footnotes":""},"categories":[161],"tags":[],"class_list":["post-379899","post","type-post","status-publish","format-standard","has-post-thumbnail","hentry","category-quadradinho-em-foco"],"acf":[],"yoast_head":"<!-- This site is optimized with the Yoast SEO plugin v27.2 - https:\/\/yoast.com\/product\/yoast-seo-wordpress\/ -->\n<title>Entrega de kits da Corrida de Reis Mirim come\u00e7a com divers\u00e3o e solidariedade - Notibras<\/title>\n<meta name=\"robots\" content=\"index, follow, max-snippet:-1, max-image-preview:large, max-video-preview:-1\" \/>\n<link rel=\"canonical\" href=\"https:\/\/www.notibras.com\/site\/entrega-de-kits-da-corrida-de-reis-mirim-comeca-com-diversao-e-solidariedade\/\" \/>\n<meta property=\"og:locale\" content=\"pt_BR\" \/>\n<meta property=\"og:type\" content=\"article\" \/>\n<meta property=\"og:title\" content=\"Entrega de kits da Corrida de Reis Mirim come\u00e7a com divers\u00e3o e solidariedade - Notibras\" \/>\n<meta property=\"og:description\" content=\"Teve in\u00edcio nesta ter\u00e7a-feira (20), no Pavilh\u00e3o de Exposi\u00e7\u00e3o do Parque da Cidade, a entrega dos kits da Corrida de Reis Mirim, evento tradicional do calend\u00e1rio esportivo do Distrito Federal que celebra o esporte, a inf\u00e2ncia e a solidariedade. A a\u00e7\u00e3o segue nesta quarta-feira (21), das 9h \u00e0s 19h. Al\u00e9m da retirada do kit, o [&hellip;]\" \/>\n<meta property=\"og:url\" content=\"https:\/\/www.notibras.com\/site\/entrega-de-kits-da-corrida-de-reis-mirim-comeca-com-diversao-e-solidariedade\/\" \/>\n<meta property=\"og:site_name\" content=\"Notibras\" \/>\n<meta property=\"article:publisher\" content=\"https:\/\/www.facebook.com\/notibras\/\" \/>\n<meta property=\"article:published_time\" content=\"2026-01-21T04:15:41+00:00\" \/>\n<meta property=\"og:image\" content=\"https:\/\/www.notibras.com\/site\/wp-content\/uploads\/2026\/01\/WhatsApp-Image-2026-01-20-at-17.02.22.jpeg\" \/>\n\t<meta property=\"og:image:width\" content=\"1600\" \/>\n\t<meta property=\"og:image:height\" content=\"1066\" \/>\n\t<meta property=\"og:image:type\" content=\"image\/jpeg\" \/>\n<meta name=\"author\" content=\"Eduardo Mart\u00ednez\" \/>\n<meta name=\"twitter:card\" content=\"summary_large_image\" \/>\n<meta name=\"twitter:creator\" content=\"@Notibras\" \/>\n<meta name=\"twitter:site\" content=\"@Notibras\" \/>\n<meta name=\"twitter:label1\" content=\"Escrito por\" \/>\n\t<meta name=\"twitter:data1\" content=\"Eduardo Mart\u00ednez\" \/>\n\t<meta name=\"twitter:label2\" content=\"Est. tempo de leitura\" \/>\n\t<meta name=\"twitter:data2\" content=\"2 minutos\" \/>\n<script type=\"application\/ld+json\" class=\"yoast-schema-graph\">{\"@context\":\"https:\/\/schema.org\",\"@graph\":[{\"@type\":\"Article\",\"@id\":\"https:\/\/www.notibras.com\/site\/entrega-de-kits-da-corrida-de-reis-mirim-comeca-com-diversao-e-solidariedade\/#article\",\"isPartOf\":{\"@id\":\"https:\/\/www.notibras.com\/site\/entrega-de-kits-da-corrida-de-reis-mirim-comeca-com-diversao-e-solidariedade\/\"},\"author\":{\"name\":\"Eduardo Mart\u00ednez\",\"@id\":\"https:\/\/www.notibras.com\/site\/#\/schema\/person\/5b7fabf2aedc3ada2105f03b22b4d3dd\"},\"headline\":\"Entrega de kits da Corrida de Reis Mirim come\u00e7a com divers\u00e3o e solidariedade\",\"datePublished\":\"2026-01-21T04:15:41+00:00\",\"mainEntityOfPage\":{\"@id\":\"https:\/\/www.notibras.com\/site\/entrega-de-kits-da-corrida-de-reis-mirim-comeca-com-diversao-e-solidariedade\/\"},\"wordCount\":316,\"publisher\":{\"@id\":\"https:\/\/www.notibras.com\/site\/#organization\"},\"image\":{\"@id\":\"https:\/\/www.notibras.com\/site\/entrega-de-kits-da-corrida-de-reis-mirim-comeca-com-diversao-e-solidariedade\/#primaryimage\"},\"thumbnailUrl\":\"https:\/\/www.notibras.com\/site\/wp-content\/uploads\/2026\/01\/WhatsApp-Image-2026-01-20-at-17.02.22.jpeg\",\"articleSection\":[\"Quadradinho em Foco\"],\"inLanguage\":\"pt-BR\"},{\"@type\":\"WebPage\",\"@id\":\"https:\/\/www.notibras.com\/site\/entrega-de-kits-da-corrida-de-reis-mirim-comeca-com-diversao-e-solidariedade\/\",\"url\":\"https:\/\/www.notibras.com\/site\/entrega-de-kits-da-corrida-de-reis-mirim-comeca-com-diversao-e-solidariedade\/\",\"name\":\"Entrega de kits da Corrida de Reis Mirim come\u00e7a com divers\u00e3o e solidariedade - Notibras\",\"isPartOf\":{\"@id\":\"https:\/\/www.notibras.com\/site\/#website\"},\"primaryImageOfPage\":{\"@id\":\"https:\/\/www.notibras.com\/site\/entrega-de-kits-da-corrida-de-reis-mirim-comeca-com-diversao-e-solidariedade\/#primaryimage\"},\"image\":{\"@id\":\"https:\/\/www.notibras.com\/site\/entrega-de-kits-da-corrida-de-reis-mirim-comeca-com-diversao-e-solidariedade\/#primaryimage\"},\"thumbnailUrl\":\"https:\/\/www.notibras.com\/site\/wp-content\/uploads\/2026\/01\/WhatsApp-Image-2026-01-20-at-17.02.22.jpeg\",\"datePublished\":\"2026-01-21T04:15:41+00:00\",\"breadcrumb\":{\"@id\":\"https:\/\/www.notibras.com\/site\/entrega-de-kits-da-corrida-de-reis-mirim-comeca-com-diversao-e-solidariedade\/#breadcrumb\"},\"inLanguage\":\"pt-BR\",\"potentialAction\":[{\"@type\":\"ReadAction\",\"target\":[\"https:\/\/www.notibras.com\/site\/entrega-de-kits-da-corrida-de-reis-mirim-comeca-com-diversao-e-solidariedade\/\"]}]},{\"@type\":\"ImageObject\",\"inLanguage\":\"pt-BR\",\"@id\":\"https:\/\/www.notibras.com\/site\/entrega-de-kits-da-corrida-de-reis-mirim-comeca-com-diversao-e-solidariedade\/#primaryimage\",\"url\":\"https:\/\/www.notibras.com\/site\/wp-content\/uploads\/2026\/01\/WhatsApp-Image-2026-01-20-at-17.02.22.jpeg\",\"contentUrl\":\"https:\/\/www.notibras.com\/site\/wp-content\/uploads\/2026\/01\/WhatsApp-Image-2026-01-20-at-17.02.22.jpeg\",\"width\":1600,\"height\":1066},{\"@type\":\"BreadcrumbList\",\"@id\":\"https:\/\/www.notibras.com\/site\/entrega-de-kits-da-corrida-de-reis-mirim-comeca-com-diversao-e-solidariedade\/#breadcrumb\",\"itemListElement\":[{\"@type\":\"ListItem\",\"position\":1,\"name\":\"In\u00edcio\",\"item\":\"https:\/\/www.notibras.com\/site\/\"},{\"@type\":\"ListItem\",\"position\":2,\"name\":\"Entrega de kits da Corrida de Reis Mirim come\u00e7a com divers\u00e3o e solidariedade\"}]},{\"@type\":\"WebSite\",\"@id\":\"https:\/\/www.notibras.com\/site\/#website\",\"url\":\"https:\/\/www.notibras.com\/site\/\",\"name\":\"Notibras\",\"description\":\"Not\u00edcias de Bras\u00edlia, do Brasil e do Mundo\",\"publisher\":{\"@id\":\"https:\/\/www.notibras.com\/site\/#organization\"},\"potentialAction\":[{\"@type\":\"SearchAction\",\"target\":{\"@type\":\"EntryPoint\",\"urlTemplate\":\"https:\/\/www.notibras.com\/site\/?s={search_term_string}\"},\"query-input\":{\"@type\":\"PropertyValueSpecification\",\"valueRequired\":true,\"valueName\":\"search_term_string\"}}],\"inLanguage\":\"pt-BR\"},{\"@type\":\"Organization\",\"@id\":\"https:\/\/www.notibras.com\/site\/#organization\",\"name\":\"Grupo Notibras de Comunica\u00e7\u00e3o\",\"url\":\"https:\/\/www.notibras.com\/site\/\",\"logo\":{\"@type\":\"ImageObject\",\"inLanguage\":\"pt-BR\",\"@id\":\"https:\/\/www.notibras.com\/site\/#\/schema\/logo\/image\/\",\"url\":\"https:\/\/www.notibras.com\/site\/wp-content\/uploads\/2023\/01\/notibras23.png\",\"contentUrl\":\"https:\/\/www.notibras.com\/site\/wp-content\/uploads\/2023\/01\/notibras23.png\",\"width\":350,\"height\":87,\"caption\":\"Grupo Notibras de Comunica\u00e7\u00e3o\"},\"image\":{\"@id\":\"https:\/\/www.notibras.com\/site\/#\/schema\/logo\/image\/\"},\"sameAs\":[\"https:\/\/www.facebook.com\/notibras\/\",\"https:\/\/x.com\/Notibras\",\"https:\/\/www.instagram.com\/notibras\/\"]},{\"@type\":\"Person\",\"@id\":\"https:\/\/www.notibras.com\/site\/#\/schema\/person\/5b7fabf2aedc3ada2105f03b22b4d3dd\",\"name\":\"Eduardo Mart\u00ednez\",\"image\":{\"@type\":\"ImageObject\",\"inLanguage\":\"pt-BR\",\"@id\":\"https:\/\/secure.gravatar.com\/avatar\/7902f906289926289cbcda644b5197c796b893c6ffd7b9a536a42d290f7704a0?s=96&d=mm&r=g\",\"url\":\"https:\/\/secure.gravatar.com\/avatar\/7902f906289926289cbcda644b5197c796b893c6ffd7b9a536a42d290f7704a0?s=96&d=mm&r=g\",\"contentUrl\":\"https:\/\/secure.gravatar.com\/avatar\/7902f906289926289cbcda644b5197c796b893c6ffd7b9a536a42d290f7704a0?s=96&d=mm&r=g\",\"caption\":\"Eduardo Mart\u00ednez\"}}]}<\/script>\n<!-- \/ Yoast SEO plugin. -->","yoast_head_json":{"title":"Entrega de kits da Corrida de Reis Mirim come\u00e7a com divers\u00e3o e solidariedade - Notibras","robots":{"index":"index","follow":"follow","max-snippet":"max-snippet:-1","max-image-preview":"max-image-preview:large","max-video-preview":"max-video-preview:-1"},"canonical":"https:\/\/www.notibras.com\/site\/entrega-de-kits-da-corrida-de-reis-mirim-comeca-com-diversao-e-solidariedade\/","og_locale":"pt_BR","og_type":"article","og_title":"Entrega de kits da Corrida de Reis Mirim come\u00e7a com divers\u00e3o e solidariedade - Notibras","og_description":"Teve in\u00edcio nesta ter\u00e7a-feira (20), no Pavilh\u00e3o de Exposi\u00e7\u00e3o do Parque da Cidade, a entrega dos kits da Corrida de Reis Mirim, evento tradicional do calend\u00e1rio esportivo do Distrito Federal que celebra o esporte, a inf\u00e2ncia e a solidariedade. A a\u00e7\u00e3o segue nesta quarta-feira (21), das 9h \u00e0s 19h. Al\u00e9m da retirada do kit, o [&hellip;]","og_url":"https:\/\/www.notibras.com\/site\/entrega-de-kits-da-corrida-de-reis-mirim-comeca-com-diversao-e-solidariedade\/","og_site_name":"Notibras","article_publisher":"https:\/\/www.facebook.com\/notibras\/","article_published_time":"2026-01-21T04:15:41+00:00","og_image":[{"width":1600,"height":1066,"url":"https:\/\/www.notibras.com\/site\/wp-content\/uploads\/2026\/01\/WhatsApp-Image-2026-01-20-at-17.02.22.jpeg","type":"image\/jpeg"}],"author":"Eduardo Mart\u00ednez","twitter_card":"summary_large_image","twitter_creator":"@Notibras","twitter_site":"@Notibras","twitter_misc":{"Escrito por":"Eduardo Mart\u00ednez","Est. tempo de leitura":"2 minutos"},"schema":{"@context":"https:\/\/schema.org","@graph":[{"@type":"Article","@id":"https:\/\/www.notibras.com\/site\/entrega-de-kits-da-corrida-de-reis-mirim-comeca-com-diversao-e-solidariedade\/#article","isPartOf":{"@id":"https:\/\/www.notibras.com\/site\/entrega-de-kits-da-corrida-de-reis-mirim-comeca-com-diversao-e-solidariedade\/"},"author":{"name":"Eduardo Mart\u00ednez","@id":"https:\/\/www.notibras.com\/site\/#\/schema\/person\/5b7fabf2aedc3ada2105f03b22b4d3dd"},"headline":"Entrega de kits da Corrida de Reis Mirim come\u00e7a com divers\u00e3o e solidariedade","datePublished":"2026-01-21T04:15:41+00:00","mainEntityOfPage":{"@id":"https:\/\/www.notibras.com\/site\/entrega-de-kits-da-corrida-de-reis-mirim-comeca-com-diversao-e-solidariedade\/"},"wordCount":316,"publisher":{"@id":"https:\/\/www.notibras.com\/site\/#organization"},"image":{"@id":"https:\/\/www.notibras.com\/site\/entrega-de-kits-da-corrida-de-reis-mirim-comeca-com-diversao-e-solidariedade\/#primaryimage"},"thumbnailUrl":"https:\/\/www.notibras.com\/site\/wp-content\/uploads\/2026\/01\/WhatsApp-Image-2026-01-20-at-17.02.22.jpeg","articleSection":["Quadradinho em Foco"],"inLanguage":"pt-BR"},{"@type":"WebPage","@id":"https:\/\/www.notibras.com\/site\/entrega-de-kits-da-corrida-de-reis-mirim-comeca-com-diversao-e-solidariedade\/","url":"https:\/\/www.notibras.com\/site\/entrega-de-kits-da-corrida-de-reis-mirim-comeca-com-diversao-e-solidariedade\/","name":"Entrega de kits da Corrida de Reis Mirim come\u00e7a com divers\u00e3o e solidariedade - Notibras","isPartOf":{"@id":"https:\/\/www.notibras.com\/site\/#website"},"primaryImageOfPage":{"@id":"https:\/\/www.notibras.com\/site\/entrega-de-kits-da-corrida-de-reis-mirim-comeca-com-diversao-e-solidariedade\/#primaryimage"},"image":{"@id":"https:\/\/www.notibras.com\/site\/entrega-de-kits-da-corrida-de-reis-mirim-comeca-com-diversao-e-solidariedade\/#primaryimage"},"thumbnailUrl":"https:\/\/www.notibras.com\/site\/wp-content\/uploads\/2026\/01\/WhatsApp-Image-2026-01-20-at-17.02.22.jpeg","datePublished":"2026-01-21T04:15:41+00:00","breadcrumb":{"@id":"https:\/\/www.notibras.com\/site\/entrega-de-kits-da-corrida-de-reis-mirim-comeca-com-diversao-e-solidariedade\/#breadcrumb"},"inLanguage":"pt-BR","potentialAction":[{"@type":"ReadAction","target":["https:\/\/www.notibras.com\/site\/entrega-de-kits-da-corrida-de-reis-mirim-comeca-com-diversao-e-solidariedade\/"]}]},{"@type":"ImageObject","inLanguage":"pt-BR","@id":"https:\/\/www.notibras.com\/site\/entrega-de-kits-da-corrida-de-reis-mirim-comeca-com-diversao-e-solidariedade\/#primaryimage","url":"https:\/\/www.notibras.com\/site\/wp-content\/uploads\/2026\/01\/WhatsApp-Image-2026-01-20-at-17.02.22.jpeg","contentUrl":"https:\/\/www.notibras.com\/site\/wp-content\/uploads\/2026\/01\/WhatsApp-Image-2026-01-20-at-17.02.22.jpeg","width":1600,"height":1066},{"@type":"BreadcrumbList","@id":"https:\/\/www.notibras.com\/site\/entrega-de-kits-da-corrida-de-reis-mirim-comeca-com-diversao-e-solidariedade\/#breadcrumb","itemListElement":[{"@type":"ListItem","position":1,"name":"In\u00edcio","item":"https:\/\/www.notibras.com\/site\/"},{"@type":"ListItem","position":2,"name":"Entrega de kits da Corrida de Reis Mirim come\u00e7a com divers\u00e3o e solidariedade"}]},{"@type":"WebSite","@id":"https:\/\/www.notibras.com\/site\/#website","url":"https:\/\/www.notibras.com\/site\/","name":"Notibras","description":"Not\u00edcias de Bras\u00edlia, do Brasil e do Mundo","publisher":{"@id":"https:\/\/www.notibras.com\/site\/#organization"},"potentialAction":[{"@type":"SearchAction","target":{"@type":"EntryPoint","urlTemplate":"https:\/\/www.notibras.com\/site\/?s={search_term_string}"},"query-input":{"@type":"PropertyValueSpecification","valueRequired":true,"valueName":"search_term_string"}}],"inLanguage":"pt-BR"},{"@type":"Organization","@id":"https:\/\/www.notibras.com\/site\/#organization","name":"Grupo Notibras de Comunica\u00e7\u00e3o","url":"https:\/\/www.notibras.com\/site\/","logo":{"@type":"ImageObject","inLanguage":"pt-BR","@id":"https:\/\/www.notibras.com\/site\/#\/schema\/logo\/image\/","url":"https:\/\/www.notibras.com\/site\/wp-content\/uploads\/2023\/01\/notibras23.png","contentUrl":"https:\/\/www.notibras.com\/site\/wp-content\/uploads\/2023\/01\/notibras23.png","width":350,"height":87,"caption":"Grupo Notibras de Comunica\u00e7\u00e3o"},"image":{"@id":"https:\/\/www.notibras.com\/site\/#\/schema\/logo\/image\/"},"sameAs":["https:\/\/www.facebook.com\/notibras\/","https:\/\/x.com\/Notibras","https:\/\/www.instagram.com\/notibras\/"]},{"@type":"Person","@id":"https:\/\/www.notibras.com\/site\/#\/schema\/person\/5b7fabf2aedc3ada2105f03b22b4d3dd","name":"Eduardo Mart\u00ednez","image":{"@type":"ImageObject","inLanguage":"pt-BR","@id":"https:\/\/secure.gravatar.com\/avatar\/7902f906289926289cbcda644b5197c796b893c6ffd7b9a536a42d290f7704a0?s=96&d=mm&r=g","url":"https:\/\/secure.gravatar.com\/avatar\/7902f906289926289cbcda644b5197c796b893c6ffd7b9a536a42d290f7704a0?s=96&d=mm&r=g","contentUrl":"https:\/\/secure.gravatar.com\/avatar\/7902f906289926289cbcda644b5197c796b893c6ffd7b9a536a42d290f7704a0?s=96&d=mm&r=g","caption":"Eduardo Mart\u00ednez"}}]}},"amp_enabled":true,"_links":{"self":[{"href":"https:\/\/www.notibras.com\/site\/wp-json\/wp\/v2\/posts\/379899","targetHints":{"allow":["GET"]}}],"collection":[{"href":"https:\/\/www.notibras.com\/site\/wp-json\/wp\/v2\/posts"}],"about":[{"href":"https:\/\/www.notibras.com\/site\/wp-json\/wp\/v2\/types\/post"}],"author":[{"embeddable":true,"href":"https:\/\/www.notibras.com\/site\/wp-json\/wp\/v2\/users\/21"}],"replies":[{"embeddable":true,"href":"https:\/\/www.notibras.com\/site\/wp-json\/wp\/v2\/comments?post=379899"}],"version-history":[{"count":3,"href":"https:\/\/www.notibras.com\/site\/wp-json\/wp\/v2\/posts\/379899\/revisions"}],"predecessor-version":[{"id":379903,"href":"https:\/\/www.notibras.com\/site\/wp-json\/wp\/v2\/posts\/379899\/revisions\/379903"}],"wp:featuredmedia":[{"embeddable":true,"href":"https:\/\/www.notibras.com\/site\/wp-json\/wp\/v2\/media\/379900"}],"wp:attachment":[{"href":"https:\/\/www.notibras.com\/site\/wp-json\/wp\/v2\/media?parent=379899"}],"wp:term":[{"taxonomy":"category","embeddable":true,"href":"https:\/\/www.notibras.com\/site\/wp-json\/wp\/v2\/categories?post=379899"},{"taxonomy":"post_tag","embeddable":true,"href":"https:\/\/www.notibras.com\/site\/wp-json\/wp\/v2\/tags?post=379899"}],"curies":[{"name":"wp","href":"https:\/\/api.w.org\/{rel}","templated":true}]}}