{"id":379904,"date":"2026-01-21T02:00:24","date_gmt":"2026-01-21T05:00:24","guid":{"rendered":"https:\/\/www.notibras.com\/site\/?p=379904"},"modified":"2026-01-21T01:55:41","modified_gmt":"2026-01-21T04:55:41","slug":"entre-mocinhos-e-bandidos","status":"publish","type":"post","link":"https:\/\/www.notibras.com\/site\/entre-mocinhos-e-bandidos\/","title":{"rendered":"Entre mocinhos e bandidos"},"content":{"rendered":"<p>Bruno da Costa Oliveira s\u00f3 era Bruno para os raros amigos que, teimosos, n\u00e3o desistiam da vida. No entanto, para a maioria, era seu Bruno, j\u00e1 que j\u00e1 havia suplantado a barreira dos 80 h\u00e1 algum tempo e, caso tudo continuasse bem, mesmo que aos trancos e barrancos, chegaria aos 90 anos como seus finados pais. A despeito disso, havia algu\u00e9m, o pequeno Pedro, de seis anos, que ignorava essas quase regras e, atrevido que era, chamava o sujeito simplesmente de vov\u00f4.<\/p>\n<p>O senhor, que h\u00e1 tempos era vi\u00favo, morava em um apartamento na Asa Norte, em Bras\u00edlia, para onde havia se mudado no in\u00edcio da d\u00e9cada de 1970. A princ\u00edpio, odiou o local e, nos anos seguintes, continuou desgostando, mas o emprego era bom e, assim, foi ficando, ficando, ficando&#8230;<\/p>\n<p>As ra\u00edzes logo come\u00e7aram a brotar, quando se apaixonou por Margarida. Casaram-se, tiveram dois filhos, que depois formaram as pr\u00f3prias fam\u00edlias. O pequeno Pedro era justamente o ca\u00e7ula do mais novo, Augusto.<\/p>\n<p>\u2014 Pai, daqui a pouco passo a\u00ed e deixo o Pedro para voc\u00ea passar o dia com ele.<\/p>\n<p>\u2014 E a escola? Ele vai faltar?<\/p>\n<p>\u2014 Pai, hoje \u00e9 domingo.<\/p>\n<p>Pedro, assim que viu o av\u00f4, correu para lhe dar um abra\u00e7o e um beijo chamuscado de saudade na face descarnada. Apesar das discrep\u00e2ncias de gera\u00e7\u00f5es, os dois se davam muito bem, como se um entendesse o mundo do outro ou, ao menos, procurassem se informar sobre.<\/p>\n<p>\u2014 Vov\u00f4, o senhor sempre foi velho?<\/p>\n<p>\u2014 N\u00e3o, Pedro. J\u00e1 fui da sua idade. J\u00e1 fui at\u00e9 mais novo do que voc\u00ea \u00e9 hoje. J\u00e1 fui t\u00e3o pequeno, que minha m\u00e3e me carregava no colo.<\/p>\n<p>O menino, olhos arregalados, sorria aquele sorriso inocente cheio de dentes de leite.<\/p>\n<p>\u2014 Vov\u00f4, queria te conhecer quando voc\u00ea era da minha idade. Assim, a gente poderia brincar mais.<\/p>\n<p>\u2014 Mas a gente pode brincar agora. Voc\u00ea quer brincar de qu\u00ea?<\/p>\n<p>\u2014 Conte uma hist\u00f3ria. Pode ser?<\/p>\n<p>\u2014 Bem, voc\u00ea sabe o que \u00e9 bangue-bangue?<\/p>\n<p>\u2014 Bangue-bangue?<\/p>\n<p>\u2014 \u00c9.<\/p>\n<p>\u2014 \u00c9 de comer?<\/p>\n<p>\u2014 N\u00e3o. \u00c9 filme de cowboy, com cavalos. Voc\u00ea gosta de cavalo?<\/p>\n<p>\u2014 N\u00e3o muito. Gosto mais de cachorro.<\/p>\n<p>\u2014 Eu tamb\u00e9m. Voc\u00ea se lembra da Doroteia?<\/p>\n<p>\u2014 Um pouco. Mam\u00e3e me mostrou fotos dela, mas n\u00e3o me lembro muito. Era da vov\u00f4, n\u00e9?<\/p>\n<p>\u2014 Sim, era da sua vov\u00f4.<\/p>\n<p>\u2014 E esse bangue-bangue?<\/p>\n<p>\u2014 Ah, \u00e9! Bem, quando eu era pouca coisa maior do que voc\u00ea, eu gostava de ver no cinema filmes de bangue-bangue. E sempre havia o mocinho para enfrentar um monte de bandidos.<\/p>\n<p>\u2014 S\u00e9rio?<\/p>\n<p>\u2014 S\u00e9rio.<\/p>\n<p>\u2014 Coitado desse mocinho.<\/p>\n<p>\u2014 Pois \u00e9, Pedro. E havia um que eu adorava. Era o meu favorito. Ele era o mais bem-vestido. E tinha um lindo cavalo chamado Trigger.<\/p>\n<p>\u2014 Trigo?<\/p>\n<p>\u2014 Quase. Trigger.<\/p>\n<p>\u2014 Que nome maneiro.<\/p>\n<p>\u2014 \u00c9 mesmo. E dono do Trigger se chamava Roy Rogers. E sempre andava impecavelmente vestido. Ele s\u00f3 tinha um defeito.<\/p>\n<p>\u2014 E qual era?<\/p>\n<p>\u2014 Ih, ele apanhava demais.<\/p>\n<p>\u2014 Coitado, vov\u00f4.<\/p>\n<p>\u2014 \u00c9 verdade. Mas no final ele prendia todos os bandidos e sa\u00eda todo pimp\u00e3o montado no Trigger, que tinha uma sela linda.<\/p>\n<p>\u2014 Legal, vov\u00f4. Mas eu n\u00e3o queria ser mocinho pra apanhar tanto.<\/p>\n<p>\u2014 \u00c9 verdade, Pedro. Nem eu.<\/p>\n<p>\u2014 E ele chorava quando batiam nele?<\/p>\n<p>\u2014 Hum. N\u00e3o.<\/p>\n<p>\u2014 Mesmo assim, n\u00e3o quero ser mocinho. Eu choro at\u00e9 quando ralo o joelho no ch\u00e3o.<\/p>\n<p>\u2014 Sabe de uma coisa?<\/p>\n<p>\u2014 O qu\u00ea, vov\u00f4?<\/p>\n<p>\u2014 Eu tamb\u00e9m choro. Mas n\u00e3o conta pra ningu\u00e9m. Combinado?<\/p>\n<p>\u2014 Combinado, vov\u00f4.<\/p>\n<p>Os dois se abra\u00e7aram e, logo depois, o garoto sussurrou no ouvido do idoso:<\/p>\n<p>\u2014 Vov\u00f4, sabe de uma coisa?<\/p>\n<p>\u2014 O qu\u00ea?<\/p>\n<p>\u2014 Eu te amo.<\/p>\n<p><strong>\u2026\u2026\u2026\u2026\u2026\u2026\u2026\u2026<\/strong><\/p>\n<p><strong>Eduardo Mart\u00ednez \u00e9 autor do livro \u201957 Contos e Cr\u00f4nicas por um Autor Muito Velho\u2019 (Vencedor do Pr\u00eamio Liter\u00e1rio Clarice Lispector \u2013 2025 na categoria livro de contos).<\/strong><\/p>\n<p><strong>Compre aqui<\/strong><\/p>\n<p><a href=\"https:\/\/www.joanineditora.com.br\/57-contos-e-cronicas-por-um-autor-muito-velho\"><strong>https:\/\/www.joanineditora.com.br\/57-contos-e-cronicas-por-um-autor-muito-velho<\/strong><\/a><\/p>\n","protected":false},"excerpt":{"rendered":"<p>Bruno da Costa Oliveira s\u00f3 era Bruno para os raros amigos que, teimosos, n\u00e3o desistiam da vida. No entanto, para a maioria, era seu Bruno, j\u00e1 que j\u00e1 havia suplantado a barreira dos 80 h\u00e1 algum tempo e, caso tudo continuasse bem, mesmo que aos trancos e barrancos, chegaria aos 90 anos como seus finados [&hellip;]<\/p>\n","protected":false},"author":21,"featured_media":379905,"comment_status":"closed","ping_status":"closed","sticky":false,"template":"","format":"standard","meta":{"_acf_changed":false,"footnotes":""},"categories":[161],"tags":[],"class_list":["post-379904","post","type-post","status-publish","format-standard","has-post-thumbnail","hentry","category-quadradinho-em-foco"],"acf":[],"yoast_head":"<!-- This site is optimized with the Yoast SEO plugin v27.2 - https:\/\/yoast.com\/product\/yoast-seo-wordpress\/ -->\n<title>Entre mocinhos e bandidos - Notibras<\/title>\n<meta name=\"robots\" content=\"index, follow, max-snippet:-1, max-image-preview:large, max-video-preview:-1\" \/>\n<link rel=\"canonical\" href=\"https:\/\/www.notibras.com\/site\/entre-mocinhos-e-bandidos\/\" \/>\n<meta property=\"og:locale\" content=\"pt_BR\" \/>\n<meta property=\"og:type\" content=\"article\" \/>\n<meta property=\"og:title\" content=\"Entre mocinhos e bandidos - Notibras\" \/>\n<meta property=\"og:description\" content=\"Bruno da Costa Oliveira s\u00f3 era Bruno para os raros amigos que, teimosos, n\u00e3o desistiam da vida. No entanto, para a maioria, era seu Bruno, j\u00e1 que j\u00e1 havia suplantado a barreira dos 80 h\u00e1 algum tempo e, caso tudo continuasse bem, mesmo que aos trancos e barrancos, chegaria aos 90 anos como seus finados [&hellip;]\" \/>\n<meta property=\"og:url\" content=\"https:\/\/www.notibras.com\/site\/entre-mocinhos-e-bandidos\/\" \/>\n<meta property=\"og:site_name\" content=\"Notibras\" \/>\n<meta property=\"article:publisher\" content=\"https:\/\/www.facebook.com\/notibras\/\" \/>\n<meta property=\"article:published_time\" content=\"2026-01-21T05:00:24+00:00\" \/>\n<meta property=\"og:image\" content=\"https:\/\/www.notibras.com\/site\/wp-content\/uploads\/2026\/01\/IMG_0468.jpg\" \/>\n\t<meta property=\"og:image:width\" content=\"1023\" \/>\n\t<meta property=\"og:image:height\" content=\"935\" \/>\n\t<meta property=\"og:image:type\" content=\"image\/jpeg\" \/>\n<meta name=\"author\" content=\"Eduardo Mart\u00ednez\" \/>\n<meta name=\"twitter:card\" content=\"summary_large_image\" \/>\n<meta name=\"twitter:creator\" content=\"@Notibras\" \/>\n<meta name=\"twitter:site\" content=\"@Notibras\" \/>\n<meta name=\"twitter:label1\" content=\"Escrito por\" \/>\n\t<meta name=\"twitter:data1\" content=\"Eduardo Mart\u00ednez\" \/>\n\t<meta name=\"twitter:label2\" content=\"Est. tempo de leitura\" \/>\n\t<meta name=\"twitter:data2\" content=\"4 minutos\" \/>\n<script type=\"application\/ld+json\" class=\"yoast-schema-graph\">{\"@context\":\"https:\/\/schema.org\",\"@graph\":[{\"@type\":\"Article\",\"@id\":\"https:\/\/www.notibras.com\/site\/entre-mocinhos-e-bandidos\/#article\",\"isPartOf\":{\"@id\":\"https:\/\/www.notibras.com\/site\/entre-mocinhos-e-bandidos\/\"},\"author\":{\"name\":\"Eduardo Mart\u00ednez\",\"@id\":\"https:\/\/www.notibras.com\/site\/#\/schema\/person\/5b7fabf2aedc3ada2105f03b22b4d3dd\"},\"headline\":\"Entre mocinhos e bandidos\",\"datePublished\":\"2026-01-21T05:00:24+00:00\",\"mainEntityOfPage\":{\"@id\":\"https:\/\/www.notibras.com\/site\/entre-mocinhos-e-bandidos\/\"},\"wordCount\":638,\"publisher\":{\"@id\":\"https:\/\/www.notibras.com\/site\/#organization\"},\"image\":{\"@id\":\"https:\/\/www.notibras.com\/site\/entre-mocinhos-e-bandidos\/#primaryimage\"},\"thumbnailUrl\":\"https:\/\/www.notibras.com\/site\/wp-content\/uploads\/2026\/01\/IMG_0468.jpg\",\"articleSection\":[\"Quadradinho em Foco\"],\"inLanguage\":\"pt-BR\"},{\"@type\":\"WebPage\",\"@id\":\"https:\/\/www.notibras.com\/site\/entre-mocinhos-e-bandidos\/\",\"url\":\"https:\/\/www.notibras.com\/site\/entre-mocinhos-e-bandidos\/\",\"name\":\"Entre mocinhos e bandidos - Notibras\",\"isPartOf\":{\"@id\":\"https:\/\/www.notibras.com\/site\/#website\"},\"primaryImageOfPage\":{\"@id\":\"https:\/\/www.notibras.com\/site\/entre-mocinhos-e-bandidos\/#primaryimage\"},\"image\":{\"@id\":\"https:\/\/www.notibras.com\/site\/entre-mocinhos-e-bandidos\/#primaryimage\"},\"thumbnailUrl\":\"https:\/\/www.notibras.com\/site\/wp-content\/uploads\/2026\/01\/IMG_0468.jpg\",\"datePublished\":\"2026-01-21T05:00:24+00:00\",\"breadcrumb\":{\"@id\":\"https:\/\/www.notibras.com\/site\/entre-mocinhos-e-bandidos\/#breadcrumb\"},\"inLanguage\":\"pt-BR\",\"potentialAction\":[{\"@type\":\"ReadAction\",\"target\":[\"https:\/\/www.notibras.com\/site\/entre-mocinhos-e-bandidos\/\"]}]},{\"@type\":\"ImageObject\",\"inLanguage\":\"pt-BR\",\"@id\":\"https:\/\/www.notibras.com\/site\/entre-mocinhos-e-bandidos\/#primaryimage\",\"url\":\"https:\/\/www.notibras.com\/site\/wp-content\/uploads\/2026\/01\/IMG_0468.jpg\",\"contentUrl\":\"https:\/\/www.notibras.com\/site\/wp-content\/uploads\/2026\/01\/IMG_0468.jpg\",\"width\":1023,\"height\":935},{\"@type\":\"BreadcrumbList\",\"@id\":\"https:\/\/www.notibras.com\/site\/entre-mocinhos-e-bandidos\/#breadcrumb\",\"itemListElement\":[{\"@type\":\"ListItem\",\"position\":1,\"name\":\"In\u00edcio\",\"item\":\"https:\/\/www.notibras.com\/site\/\"},{\"@type\":\"ListItem\",\"position\":2,\"name\":\"Entre mocinhos e bandidos\"}]},{\"@type\":\"WebSite\",\"@id\":\"https:\/\/www.notibras.com\/site\/#website\",\"url\":\"https:\/\/www.notibras.com\/site\/\",\"name\":\"Notibras\",\"description\":\"Not\u00edcias de Bras\u00edlia, do Brasil e do Mundo\",\"publisher\":{\"@id\":\"https:\/\/www.notibras.com\/site\/#organization\"},\"potentialAction\":[{\"@type\":\"SearchAction\",\"target\":{\"@type\":\"EntryPoint\",\"urlTemplate\":\"https:\/\/www.notibras.com\/site\/?s={search_term_string}\"},\"query-input\":{\"@type\":\"PropertyValueSpecification\",\"valueRequired\":true,\"valueName\":\"search_term_string\"}}],\"inLanguage\":\"pt-BR\"},{\"@type\":\"Organization\",\"@id\":\"https:\/\/www.notibras.com\/site\/#organization\",\"name\":\"Grupo Notibras de Comunica\u00e7\u00e3o\",\"url\":\"https:\/\/www.notibras.com\/site\/\",\"logo\":{\"@type\":\"ImageObject\",\"inLanguage\":\"pt-BR\",\"@id\":\"https:\/\/www.notibras.com\/site\/#\/schema\/logo\/image\/\",\"url\":\"https:\/\/www.notibras.com\/site\/wp-content\/uploads\/2023\/01\/notibras23.png\",\"contentUrl\":\"https:\/\/www.notibras.com\/site\/wp-content\/uploads\/2023\/01\/notibras23.png\",\"width\":350,\"height\":87,\"caption\":\"Grupo Notibras de Comunica\u00e7\u00e3o\"},\"image\":{\"@id\":\"https:\/\/www.notibras.com\/site\/#\/schema\/logo\/image\/\"},\"sameAs\":[\"https:\/\/www.facebook.com\/notibras\/\",\"https:\/\/x.com\/Notibras\",\"https:\/\/www.instagram.com\/notibras\/\"]},{\"@type\":\"Person\",\"@id\":\"https:\/\/www.notibras.com\/site\/#\/schema\/person\/5b7fabf2aedc3ada2105f03b22b4d3dd\",\"name\":\"Eduardo Mart\u00ednez\",\"image\":{\"@type\":\"ImageObject\",\"inLanguage\":\"pt-BR\",\"@id\":\"https:\/\/secure.gravatar.com\/avatar\/7902f906289926289cbcda644b5197c796b893c6ffd7b9a536a42d290f7704a0?s=96&d=mm&r=g\",\"url\":\"https:\/\/secure.gravatar.com\/avatar\/7902f906289926289cbcda644b5197c796b893c6ffd7b9a536a42d290f7704a0?s=96&d=mm&r=g\",\"contentUrl\":\"https:\/\/secure.gravatar.com\/avatar\/7902f906289926289cbcda644b5197c796b893c6ffd7b9a536a42d290f7704a0?s=96&d=mm&r=g\",\"caption\":\"Eduardo Mart\u00ednez\"}}]}<\/script>\n<!-- \/ Yoast SEO plugin. -->","yoast_head_json":{"title":"Entre mocinhos e bandidos - Notibras","robots":{"index":"index","follow":"follow","max-snippet":"max-snippet:-1","max-image-preview":"max-image-preview:large","max-video-preview":"max-video-preview:-1"},"canonical":"https:\/\/www.notibras.com\/site\/entre-mocinhos-e-bandidos\/","og_locale":"pt_BR","og_type":"article","og_title":"Entre mocinhos e bandidos - Notibras","og_description":"Bruno da Costa Oliveira s\u00f3 era Bruno para os raros amigos que, teimosos, n\u00e3o desistiam da vida. No entanto, para a maioria, era seu Bruno, j\u00e1 que j\u00e1 havia suplantado a barreira dos 80 h\u00e1 algum tempo e, caso tudo continuasse bem, mesmo que aos trancos e barrancos, chegaria aos 90 anos como seus finados [&hellip;]","og_url":"https:\/\/www.notibras.com\/site\/entre-mocinhos-e-bandidos\/","og_site_name":"Notibras","article_publisher":"https:\/\/www.facebook.com\/notibras\/","article_published_time":"2026-01-21T05:00:24+00:00","og_image":[{"width":1023,"height":935,"url":"https:\/\/www.notibras.com\/site\/wp-content\/uploads\/2026\/01\/IMG_0468.jpg","type":"image\/jpeg"}],"author":"Eduardo Mart\u00ednez","twitter_card":"summary_large_image","twitter_creator":"@Notibras","twitter_site":"@Notibras","twitter_misc":{"Escrito por":"Eduardo Mart\u00ednez","Est. tempo de leitura":"4 minutos"},"schema":{"@context":"https:\/\/schema.org","@graph":[{"@type":"Article","@id":"https:\/\/www.notibras.com\/site\/entre-mocinhos-e-bandidos\/#article","isPartOf":{"@id":"https:\/\/www.notibras.com\/site\/entre-mocinhos-e-bandidos\/"},"author":{"name":"Eduardo Mart\u00ednez","@id":"https:\/\/www.notibras.com\/site\/#\/schema\/person\/5b7fabf2aedc3ada2105f03b22b4d3dd"},"headline":"Entre mocinhos e bandidos","datePublished":"2026-01-21T05:00:24+00:00","mainEntityOfPage":{"@id":"https:\/\/www.notibras.com\/site\/entre-mocinhos-e-bandidos\/"},"wordCount":638,"publisher":{"@id":"https:\/\/www.notibras.com\/site\/#organization"},"image":{"@id":"https:\/\/www.notibras.com\/site\/entre-mocinhos-e-bandidos\/#primaryimage"},"thumbnailUrl":"https:\/\/www.notibras.com\/site\/wp-content\/uploads\/2026\/01\/IMG_0468.jpg","articleSection":["Quadradinho em Foco"],"inLanguage":"pt-BR"},{"@type":"WebPage","@id":"https:\/\/www.notibras.com\/site\/entre-mocinhos-e-bandidos\/","url":"https:\/\/www.notibras.com\/site\/entre-mocinhos-e-bandidos\/","name":"Entre mocinhos e bandidos - Notibras","isPartOf":{"@id":"https:\/\/www.notibras.com\/site\/#website"},"primaryImageOfPage":{"@id":"https:\/\/www.notibras.com\/site\/entre-mocinhos-e-bandidos\/#primaryimage"},"image":{"@id":"https:\/\/www.notibras.com\/site\/entre-mocinhos-e-bandidos\/#primaryimage"},"thumbnailUrl":"https:\/\/www.notibras.com\/site\/wp-content\/uploads\/2026\/01\/IMG_0468.jpg","datePublished":"2026-01-21T05:00:24+00:00","breadcrumb":{"@id":"https:\/\/www.notibras.com\/site\/entre-mocinhos-e-bandidos\/#breadcrumb"},"inLanguage":"pt-BR","potentialAction":[{"@type":"ReadAction","target":["https:\/\/www.notibras.com\/site\/entre-mocinhos-e-bandidos\/"]}]},{"@type":"ImageObject","inLanguage":"pt-BR","@id":"https:\/\/www.notibras.com\/site\/entre-mocinhos-e-bandidos\/#primaryimage","url":"https:\/\/www.notibras.com\/site\/wp-content\/uploads\/2026\/01\/IMG_0468.jpg","contentUrl":"https:\/\/www.notibras.com\/site\/wp-content\/uploads\/2026\/01\/IMG_0468.jpg","width":1023,"height":935},{"@type":"BreadcrumbList","@id":"https:\/\/www.notibras.com\/site\/entre-mocinhos-e-bandidos\/#breadcrumb","itemListElement":[{"@type":"ListItem","position":1,"name":"In\u00edcio","item":"https:\/\/www.notibras.com\/site\/"},{"@type":"ListItem","position":2,"name":"Entre mocinhos e bandidos"}]},{"@type":"WebSite","@id":"https:\/\/www.notibras.com\/site\/#website","url":"https:\/\/www.notibras.com\/site\/","name":"Notibras","description":"Not\u00edcias de Bras\u00edlia, do Brasil e do Mundo","publisher":{"@id":"https:\/\/www.notibras.com\/site\/#organization"},"potentialAction":[{"@type":"SearchAction","target":{"@type":"EntryPoint","urlTemplate":"https:\/\/www.notibras.com\/site\/?s={search_term_string}"},"query-input":{"@type":"PropertyValueSpecification","valueRequired":true,"valueName":"search_term_string"}}],"inLanguage":"pt-BR"},{"@type":"Organization","@id":"https:\/\/www.notibras.com\/site\/#organization","name":"Grupo Notibras de Comunica\u00e7\u00e3o","url":"https:\/\/www.notibras.com\/site\/","logo":{"@type":"ImageObject","inLanguage":"pt-BR","@id":"https:\/\/www.notibras.com\/site\/#\/schema\/logo\/image\/","url":"https:\/\/www.notibras.com\/site\/wp-content\/uploads\/2023\/01\/notibras23.png","contentUrl":"https:\/\/www.notibras.com\/site\/wp-content\/uploads\/2023\/01\/notibras23.png","width":350,"height":87,"caption":"Grupo Notibras de Comunica\u00e7\u00e3o"},"image":{"@id":"https:\/\/www.notibras.com\/site\/#\/schema\/logo\/image\/"},"sameAs":["https:\/\/www.facebook.com\/notibras\/","https:\/\/x.com\/Notibras","https:\/\/www.instagram.com\/notibras\/"]},{"@type":"Person","@id":"https:\/\/www.notibras.com\/site\/#\/schema\/person\/5b7fabf2aedc3ada2105f03b22b4d3dd","name":"Eduardo Mart\u00ednez","image":{"@type":"ImageObject","inLanguage":"pt-BR","@id":"https:\/\/secure.gravatar.com\/avatar\/7902f906289926289cbcda644b5197c796b893c6ffd7b9a536a42d290f7704a0?s=96&d=mm&r=g","url":"https:\/\/secure.gravatar.com\/avatar\/7902f906289926289cbcda644b5197c796b893c6ffd7b9a536a42d290f7704a0?s=96&d=mm&r=g","contentUrl":"https:\/\/secure.gravatar.com\/avatar\/7902f906289926289cbcda644b5197c796b893c6ffd7b9a536a42d290f7704a0?s=96&d=mm&r=g","caption":"Eduardo Mart\u00ednez"}}]}},"amp_enabled":true,"_links":{"self":[{"href":"https:\/\/www.notibras.com\/site\/wp-json\/wp\/v2\/posts\/379904","targetHints":{"allow":["GET"]}}],"collection":[{"href":"https:\/\/www.notibras.com\/site\/wp-json\/wp\/v2\/posts"}],"about":[{"href":"https:\/\/www.notibras.com\/site\/wp-json\/wp\/v2\/types\/post"}],"author":[{"embeddable":true,"href":"https:\/\/www.notibras.com\/site\/wp-json\/wp\/v2\/users\/21"}],"replies":[{"embeddable":true,"href":"https:\/\/www.notibras.com\/site\/wp-json\/wp\/v2\/comments?post=379904"}],"version-history":[{"count":3,"href":"https:\/\/www.notibras.com\/site\/wp-json\/wp\/v2\/posts\/379904\/revisions"}],"predecessor-version":[{"id":379908,"href":"https:\/\/www.notibras.com\/site\/wp-json\/wp\/v2\/posts\/379904\/revisions\/379908"}],"wp:featuredmedia":[{"embeddable":true,"href":"https:\/\/www.notibras.com\/site\/wp-json\/wp\/v2\/media\/379905"}],"wp:attachment":[{"href":"https:\/\/www.notibras.com\/site\/wp-json\/wp\/v2\/media?parent=379904"}],"wp:term":[{"taxonomy":"category","embeddable":true,"href":"https:\/\/www.notibras.com\/site\/wp-json\/wp\/v2\/categories?post=379904"},{"taxonomy":"post_tag","embeddable":true,"href":"https:\/\/www.notibras.com\/site\/wp-json\/wp\/v2\/tags?post=379904"}],"curies":[{"name":"wp","href":"https:\/\/api.w.org\/{rel}","templated":true}]}}