{"id":379909,"date":"2026-01-21T02:00:45","date_gmt":"2026-01-21T05:00:45","guid":{"rendered":"https:\/\/www.notibras.com\/site\/?p=379909"},"modified":"2026-01-21T02:03:06","modified_gmt":"2026-01-21T05:03:06","slug":"normalizar-o-silencio-depois-do-desrespeito","status":"publish","type":"post","link":"https:\/\/www.notibras.com\/site\/normalizar-o-silencio-depois-do-desrespeito\/","title":{"rendered":"Normalizar o Sil\u00eancio Depois do Desrespeito"},"content":{"rendered":"<p>N\u00f3s precisamos normalizar nunca mais falar com certas pessoas depois que elas nos desrespeitam. N\u00e3o como vingan\u00e7a, n\u00e3o como castigo, mas como um gesto consciente de preserva\u00e7\u00e3o. Existe um mito perigoso de que maturidade \u00e9 sempre conversar, explicar, insistir. Nem sempre \u00e9. \u00c0s vezes, maturidade \u00e9 encerrar.<\/p>\n<p>Durante muito tempo nos ensinaram que dar segundas chances \u00e9 virtude absoluta. Que cortar la\u00e7os \u00e9 exagero. Que sil\u00eancio \u00e9 imaturidade. Mas ningu\u00e9m nos ensinou que continuar acess\u00edvel a quem nos feriu \u00e9 uma forma lenta de viol\u00eancia contra n\u00f3s mesmas. Como lembra Audre Lorde, n\u00e3o somos obrigadas a usar nossa energia para educar quem escolhe nos ferir.<\/p>\n<p>O desrespeito raramente \u00e9 um acidente. Ele vem precedido de sinais, de pequenas invas\u00f5es, de ironias disfar\u00e7adas, de limites testados. Quando algu\u00e9m cruza essa linha, n\u00e3o \u00e9 falta de comunica\u00e7\u00e3o \u00e9 escolha. E escolhas t\u00eam consequ\u00eancias. Simone de Beauvoir j\u00e1 nos alertava que tolerar a injusti\u00e7a \u00e9 uma maneira de legitim\u00e1-la.<\/p>\n<p>N\u00f3s tamb\u00e9m precisamos dizer: explicar demais cansa. Justificar o \u00f3bvio adoece. Nem todo mundo merece acesso cont\u00ednuo \u00e0 nossa vida, ao nosso afeto, \u00e0s nossas narrativas. Zygmunt Bauman falava da banaliza\u00e7\u00e3o dos v\u00ednculos; hoje, precisamos falar da banaliza\u00e7\u00e3o do desrespeito, travestido de sinceridade, humor ou \u201cjeito de ser\u201d.<\/p>\n<p>O sil\u00eancio, nesses casos, n\u00e3o \u00e9 aus\u00eancia de resposta. \u00c9 resposta clara. \u00c9 limite. \u00c9 linguagem pol\u00edtica. Judith Butler nos ensina que existir com dignidade passa por decidir quem pode nos atravessar e quem n\u00e3o pode mais. Continuar falando com quem nos diminui n\u00e3o \u00e9 empatia \u00e9 autoabandono.<\/p>\n<p>N\u00f3s n\u00e3o devemos explica\u00e7\u00f5es infinitas a quem nos feriu conscientemente. N\u00e3o devemos presen\u00e7a cont\u00ednua a quem n\u00e3o soube nos tratar com cuidado. Encerrar ciclos n\u00e3o exige discursos longos, apenas coer\u00eancia entre o que sentimos e o que aceitamos.<\/p>\n<p>Normalizar o afastamento \u00e9 tamb\u00e9m ensinar que a\u00e7\u00f5es t\u00eam peso. Que palavras deixam marcas. Que rela\u00e7\u00f5es exigem responsabilidade afetiva. bell hooks j\u00e1 dizia: amor sem \u00e9tica n\u00e3o \u00e9 amor, \u00e9 domina\u00e7\u00e3o.<\/p>\n<p>Se este texto chegar a algu\u00e9m que se sente culpada por ter se afastado, por ter silenciado, por n\u00e3o ter respondido: n\u00f3s queremos dizer que est\u00e1 tudo bem. Preservar-se n\u00e3o \u00e9 frieza. \u00c9 maturidade emocional. \u00c9 aprender, finalmente, a escolher a si mesma.<\/p>\n<p>Nem todo fim precisa de conversa. Alguns precisam apenas de coragem.<\/p>\n","protected":false},"excerpt":{"rendered":"<p>N\u00f3s precisamos normalizar nunca mais falar com certas pessoas depois que elas nos desrespeitam. N\u00e3o como vingan\u00e7a, n\u00e3o como castigo, mas como um gesto consciente de preserva\u00e7\u00e3o. Existe um mito perigoso de que maturidade \u00e9 sempre conversar, explicar, insistir. Nem sempre \u00e9. \u00c0s vezes, maturidade \u00e9 encerrar. Durante muito tempo nos ensinaram que dar segundas [&hellip;]<\/p>\n","protected":false},"author":21,"featured_media":379910,"comment_status":"closed","ping_status":"closed","sticky":false,"template":"","format":"standard","meta":{"_acf_changed":false,"footnotes":""},"categories":[236],"tags":[],"class_list":["post-379909","post","type-post","status-publish","format-standard","has-post-thumbnail","hentry","category-ponto-de-vista"],"acf":[],"yoast_head":"<!-- This site is optimized with the Yoast SEO plugin v27.2 - https:\/\/yoast.com\/product\/yoast-seo-wordpress\/ -->\n<title>Normalizar o Sil\u00eancio Depois do Desrespeito - Notibras<\/title>\n<meta name=\"robots\" content=\"index, follow, max-snippet:-1, max-image-preview:large, max-video-preview:-1\" \/>\n<link rel=\"canonical\" href=\"https:\/\/www.notibras.com\/site\/normalizar-o-silencio-depois-do-desrespeito\/\" \/>\n<meta property=\"og:locale\" content=\"pt_BR\" \/>\n<meta property=\"og:type\" content=\"article\" \/>\n<meta property=\"og:title\" content=\"Normalizar o Sil\u00eancio Depois do Desrespeito - Notibras\" \/>\n<meta property=\"og:description\" content=\"N\u00f3s precisamos normalizar nunca mais falar com certas pessoas depois que elas nos desrespeitam. N\u00e3o como vingan\u00e7a, n\u00e3o como castigo, mas como um gesto consciente de preserva\u00e7\u00e3o. Existe um mito perigoso de que maturidade \u00e9 sempre conversar, explicar, insistir. Nem sempre \u00e9. \u00c0s vezes, maturidade \u00e9 encerrar. Durante muito tempo nos ensinaram que dar segundas [&hellip;]\" \/>\n<meta property=\"og:url\" content=\"https:\/\/www.notibras.com\/site\/normalizar-o-silencio-depois-do-desrespeito\/\" \/>\n<meta property=\"og:site_name\" content=\"Notibras\" \/>\n<meta property=\"article:publisher\" content=\"https:\/\/www.facebook.com\/notibras\/\" \/>\n<meta property=\"article:published_time\" content=\"2026-01-21T05:00:45+00:00\" \/>\n<meta property=\"article:modified_time\" content=\"2026-01-21T05:03:06+00:00\" \/>\n<meta property=\"og:image\" content=\"https:\/\/www.notibras.com\/site\/wp-content\/uploads\/2026\/01\/61fd3731-1ef2-4e28-a1a9-5b23ed898b9c.jpg\" \/>\n\t<meta property=\"og:image:width\" content=\"809\" \/>\n\t<meta property=\"og:image:height\" content=\"1061\" \/>\n\t<meta property=\"og:image:type\" content=\"image\/jpeg\" \/>\n<meta name=\"author\" content=\"Eduardo Mart\u00ednez\" \/>\n<meta name=\"twitter:card\" content=\"summary_large_image\" \/>\n<meta name=\"twitter:creator\" content=\"@Notibras\" \/>\n<meta name=\"twitter:site\" content=\"@Notibras\" \/>\n<meta name=\"twitter:label1\" content=\"Escrito por\" \/>\n\t<meta name=\"twitter:data1\" content=\"Eduardo Mart\u00ednez\" \/>\n\t<meta name=\"twitter:label2\" content=\"Est. tempo de leitura\" \/>\n\t<meta name=\"twitter:data2\" content=\"3 minutos\" \/>\n<script type=\"application\/ld+json\" class=\"yoast-schema-graph\">{\"@context\":\"https:\/\/schema.org\",\"@graph\":[{\"@type\":\"Article\",\"@id\":\"https:\/\/www.notibras.com\/site\/normalizar-o-silencio-depois-do-desrespeito\/#article\",\"isPartOf\":{\"@id\":\"https:\/\/www.notibras.com\/site\/normalizar-o-silencio-depois-do-desrespeito\/\"},\"author\":{\"name\":\"Eduardo Mart\u00ednez\",\"@id\":\"https:\/\/www.notibras.com\/site\/#\/schema\/person\/5b7fabf2aedc3ada2105f03b22b4d3dd\"},\"headline\":\"Normalizar o Sil\u00eancio Depois do Desrespeito\",\"datePublished\":\"2026-01-21T05:00:45+00:00\",\"dateModified\":\"2026-01-21T05:03:06+00:00\",\"mainEntityOfPage\":{\"@id\":\"https:\/\/www.notibras.com\/site\/normalizar-o-silencio-depois-do-desrespeito\/\"},\"wordCount\":410,\"publisher\":{\"@id\":\"https:\/\/www.notibras.com\/site\/#organization\"},\"image\":{\"@id\":\"https:\/\/www.notibras.com\/site\/normalizar-o-silencio-depois-do-desrespeito\/#primaryimage\"},\"thumbnailUrl\":\"https:\/\/www.notibras.com\/site\/wp-content\/uploads\/2026\/01\/61fd3731-1ef2-4e28-a1a9-5b23ed898b9c.jpg\",\"articleSection\":[\"Ponto de Vista\"],\"inLanguage\":\"pt-BR\"},{\"@type\":\"WebPage\",\"@id\":\"https:\/\/www.notibras.com\/site\/normalizar-o-silencio-depois-do-desrespeito\/\",\"url\":\"https:\/\/www.notibras.com\/site\/normalizar-o-silencio-depois-do-desrespeito\/\",\"name\":\"Normalizar o Sil\u00eancio Depois do Desrespeito - Notibras\",\"isPartOf\":{\"@id\":\"https:\/\/www.notibras.com\/site\/#website\"},\"primaryImageOfPage\":{\"@id\":\"https:\/\/www.notibras.com\/site\/normalizar-o-silencio-depois-do-desrespeito\/#primaryimage\"},\"image\":{\"@id\":\"https:\/\/www.notibras.com\/site\/normalizar-o-silencio-depois-do-desrespeito\/#primaryimage\"},\"thumbnailUrl\":\"https:\/\/www.notibras.com\/site\/wp-content\/uploads\/2026\/01\/61fd3731-1ef2-4e28-a1a9-5b23ed898b9c.jpg\",\"datePublished\":\"2026-01-21T05:00:45+00:00\",\"dateModified\":\"2026-01-21T05:03:06+00:00\",\"breadcrumb\":{\"@id\":\"https:\/\/www.notibras.com\/site\/normalizar-o-silencio-depois-do-desrespeito\/#breadcrumb\"},\"inLanguage\":\"pt-BR\",\"potentialAction\":[{\"@type\":\"ReadAction\",\"target\":[\"https:\/\/www.notibras.com\/site\/normalizar-o-silencio-depois-do-desrespeito\/\"]}]},{\"@type\":\"ImageObject\",\"inLanguage\":\"pt-BR\",\"@id\":\"https:\/\/www.notibras.com\/site\/normalizar-o-silencio-depois-do-desrespeito\/#primaryimage\",\"url\":\"https:\/\/www.notibras.com\/site\/wp-content\/uploads\/2026\/01\/61fd3731-1ef2-4e28-a1a9-5b23ed898b9c.jpg\",\"contentUrl\":\"https:\/\/www.notibras.com\/site\/wp-content\/uploads\/2026\/01\/61fd3731-1ef2-4e28-a1a9-5b23ed898b9c.jpg\",\"width\":809,\"height\":1061},{\"@type\":\"BreadcrumbList\",\"@id\":\"https:\/\/www.notibras.com\/site\/normalizar-o-silencio-depois-do-desrespeito\/#breadcrumb\",\"itemListElement\":[{\"@type\":\"ListItem\",\"position\":1,\"name\":\"In\u00edcio\",\"item\":\"https:\/\/www.notibras.com\/site\/\"},{\"@type\":\"ListItem\",\"position\":2,\"name\":\"Normalizar o Sil\u00eancio Depois do Desrespeito\"}]},{\"@type\":\"WebSite\",\"@id\":\"https:\/\/www.notibras.com\/site\/#website\",\"url\":\"https:\/\/www.notibras.com\/site\/\",\"name\":\"Notibras\",\"description\":\"Not\u00edcias de Bras\u00edlia, do Brasil e do Mundo\",\"publisher\":{\"@id\":\"https:\/\/www.notibras.com\/site\/#organization\"},\"potentialAction\":[{\"@type\":\"SearchAction\",\"target\":{\"@type\":\"EntryPoint\",\"urlTemplate\":\"https:\/\/www.notibras.com\/site\/?s={search_term_string}\"},\"query-input\":{\"@type\":\"PropertyValueSpecification\",\"valueRequired\":true,\"valueName\":\"search_term_string\"}}],\"inLanguage\":\"pt-BR\"},{\"@type\":\"Organization\",\"@id\":\"https:\/\/www.notibras.com\/site\/#organization\",\"name\":\"Grupo Notibras de Comunica\u00e7\u00e3o\",\"url\":\"https:\/\/www.notibras.com\/site\/\",\"logo\":{\"@type\":\"ImageObject\",\"inLanguage\":\"pt-BR\",\"@id\":\"https:\/\/www.notibras.com\/site\/#\/schema\/logo\/image\/\",\"url\":\"https:\/\/www.notibras.com\/site\/wp-content\/uploads\/2023\/01\/notibras23.png\",\"contentUrl\":\"https:\/\/www.notibras.com\/site\/wp-content\/uploads\/2023\/01\/notibras23.png\",\"width\":350,\"height\":87,\"caption\":\"Grupo Notibras de Comunica\u00e7\u00e3o\"},\"image\":{\"@id\":\"https:\/\/www.notibras.com\/site\/#\/schema\/logo\/image\/\"},\"sameAs\":[\"https:\/\/www.facebook.com\/notibras\/\",\"https:\/\/x.com\/Notibras\",\"https:\/\/www.instagram.com\/notibras\/\"]},{\"@type\":\"Person\",\"@id\":\"https:\/\/www.notibras.com\/site\/#\/schema\/person\/5b7fabf2aedc3ada2105f03b22b4d3dd\",\"name\":\"Eduardo Mart\u00ednez\",\"image\":{\"@type\":\"ImageObject\",\"inLanguage\":\"pt-BR\",\"@id\":\"https:\/\/secure.gravatar.com\/avatar\/7902f906289926289cbcda644b5197c796b893c6ffd7b9a536a42d290f7704a0?s=96&d=mm&r=g\",\"url\":\"https:\/\/secure.gravatar.com\/avatar\/7902f906289926289cbcda644b5197c796b893c6ffd7b9a536a42d290f7704a0?s=96&d=mm&r=g\",\"contentUrl\":\"https:\/\/secure.gravatar.com\/avatar\/7902f906289926289cbcda644b5197c796b893c6ffd7b9a536a42d290f7704a0?s=96&d=mm&r=g\",\"caption\":\"Eduardo Mart\u00ednez\"}}]}<\/script>\n<!-- \/ Yoast SEO plugin. -->","yoast_head_json":{"title":"Normalizar o Sil\u00eancio Depois do Desrespeito - Notibras","robots":{"index":"index","follow":"follow","max-snippet":"max-snippet:-1","max-image-preview":"max-image-preview:large","max-video-preview":"max-video-preview:-1"},"canonical":"https:\/\/www.notibras.com\/site\/normalizar-o-silencio-depois-do-desrespeito\/","og_locale":"pt_BR","og_type":"article","og_title":"Normalizar o Sil\u00eancio Depois do Desrespeito - Notibras","og_description":"N\u00f3s precisamos normalizar nunca mais falar com certas pessoas depois que elas nos desrespeitam. N\u00e3o como vingan\u00e7a, n\u00e3o como castigo, mas como um gesto consciente de preserva\u00e7\u00e3o. Existe um mito perigoso de que maturidade \u00e9 sempre conversar, explicar, insistir. Nem sempre \u00e9. \u00c0s vezes, maturidade \u00e9 encerrar. Durante muito tempo nos ensinaram que dar segundas [&hellip;]","og_url":"https:\/\/www.notibras.com\/site\/normalizar-o-silencio-depois-do-desrespeito\/","og_site_name":"Notibras","article_publisher":"https:\/\/www.facebook.com\/notibras\/","article_published_time":"2026-01-21T05:00:45+00:00","article_modified_time":"2026-01-21T05:03:06+00:00","og_image":[{"width":809,"height":1061,"url":"https:\/\/www.notibras.com\/site\/wp-content\/uploads\/2026\/01\/61fd3731-1ef2-4e28-a1a9-5b23ed898b9c.jpg","type":"image\/jpeg"}],"author":"Eduardo Mart\u00ednez","twitter_card":"summary_large_image","twitter_creator":"@Notibras","twitter_site":"@Notibras","twitter_misc":{"Escrito por":"Eduardo Mart\u00ednez","Est. tempo de leitura":"3 minutos"},"schema":{"@context":"https:\/\/schema.org","@graph":[{"@type":"Article","@id":"https:\/\/www.notibras.com\/site\/normalizar-o-silencio-depois-do-desrespeito\/#article","isPartOf":{"@id":"https:\/\/www.notibras.com\/site\/normalizar-o-silencio-depois-do-desrespeito\/"},"author":{"name":"Eduardo Mart\u00ednez","@id":"https:\/\/www.notibras.com\/site\/#\/schema\/person\/5b7fabf2aedc3ada2105f03b22b4d3dd"},"headline":"Normalizar o Sil\u00eancio Depois do Desrespeito","datePublished":"2026-01-21T05:00:45+00:00","dateModified":"2026-01-21T05:03:06+00:00","mainEntityOfPage":{"@id":"https:\/\/www.notibras.com\/site\/normalizar-o-silencio-depois-do-desrespeito\/"},"wordCount":410,"publisher":{"@id":"https:\/\/www.notibras.com\/site\/#organization"},"image":{"@id":"https:\/\/www.notibras.com\/site\/normalizar-o-silencio-depois-do-desrespeito\/#primaryimage"},"thumbnailUrl":"https:\/\/www.notibras.com\/site\/wp-content\/uploads\/2026\/01\/61fd3731-1ef2-4e28-a1a9-5b23ed898b9c.jpg","articleSection":["Ponto de Vista"],"inLanguage":"pt-BR"},{"@type":"WebPage","@id":"https:\/\/www.notibras.com\/site\/normalizar-o-silencio-depois-do-desrespeito\/","url":"https:\/\/www.notibras.com\/site\/normalizar-o-silencio-depois-do-desrespeito\/","name":"Normalizar o Sil\u00eancio Depois do Desrespeito - Notibras","isPartOf":{"@id":"https:\/\/www.notibras.com\/site\/#website"},"primaryImageOfPage":{"@id":"https:\/\/www.notibras.com\/site\/normalizar-o-silencio-depois-do-desrespeito\/#primaryimage"},"image":{"@id":"https:\/\/www.notibras.com\/site\/normalizar-o-silencio-depois-do-desrespeito\/#primaryimage"},"thumbnailUrl":"https:\/\/www.notibras.com\/site\/wp-content\/uploads\/2026\/01\/61fd3731-1ef2-4e28-a1a9-5b23ed898b9c.jpg","datePublished":"2026-01-21T05:00:45+00:00","dateModified":"2026-01-21T05:03:06+00:00","breadcrumb":{"@id":"https:\/\/www.notibras.com\/site\/normalizar-o-silencio-depois-do-desrespeito\/#breadcrumb"},"inLanguage":"pt-BR","potentialAction":[{"@type":"ReadAction","target":["https:\/\/www.notibras.com\/site\/normalizar-o-silencio-depois-do-desrespeito\/"]}]},{"@type":"ImageObject","inLanguage":"pt-BR","@id":"https:\/\/www.notibras.com\/site\/normalizar-o-silencio-depois-do-desrespeito\/#primaryimage","url":"https:\/\/www.notibras.com\/site\/wp-content\/uploads\/2026\/01\/61fd3731-1ef2-4e28-a1a9-5b23ed898b9c.jpg","contentUrl":"https:\/\/www.notibras.com\/site\/wp-content\/uploads\/2026\/01\/61fd3731-1ef2-4e28-a1a9-5b23ed898b9c.jpg","width":809,"height":1061},{"@type":"BreadcrumbList","@id":"https:\/\/www.notibras.com\/site\/normalizar-o-silencio-depois-do-desrespeito\/#breadcrumb","itemListElement":[{"@type":"ListItem","position":1,"name":"In\u00edcio","item":"https:\/\/www.notibras.com\/site\/"},{"@type":"ListItem","position":2,"name":"Normalizar o Sil\u00eancio Depois do Desrespeito"}]},{"@type":"WebSite","@id":"https:\/\/www.notibras.com\/site\/#website","url":"https:\/\/www.notibras.com\/site\/","name":"Notibras","description":"Not\u00edcias de Bras\u00edlia, do Brasil e do Mundo","publisher":{"@id":"https:\/\/www.notibras.com\/site\/#organization"},"potentialAction":[{"@type":"SearchAction","target":{"@type":"EntryPoint","urlTemplate":"https:\/\/www.notibras.com\/site\/?s={search_term_string}"},"query-input":{"@type":"PropertyValueSpecification","valueRequired":true,"valueName":"search_term_string"}}],"inLanguage":"pt-BR"},{"@type":"Organization","@id":"https:\/\/www.notibras.com\/site\/#organization","name":"Grupo Notibras de Comunica\u00e7\u00e3o","url":"https:\/\/www.notibras.com\/site\/","logo":{"@type":"ImageObject","inLanguage":"pt-BR","@id":"https:\/\/www.notibras.com\/site\/#\/schema\/logo\/image\/","url":"https:\/\/www.notibras.com\/site\/wp-content\/uploads\/2023\/01\/notibras23.png","contentUrl":"https:\/\/www.notibras.com\/site\/wp-content\/uploads\/2023\/01\/notibras23.png","width":350,"height":87,"caption":"Grupo Notibras de Comunica\u00e7\u00e3o"},"image":{"@id":"https:\/\/www.notibras.com\/site\/#\/schema\/logo\/image\/"},"sameAs":["https:\/\/www.facebook.com\/notibras\/","https:\/\/x.com\/Notibras","https:\/\/www.instagram.com\/notibras\/"]},{"@type":"Person","@id":"https:\/\/www.notibras.com\/site\/#\/schema\/person\/5b7fabf2aedc3ada2105f03b22b4d3dd","name":"Eduardo Mart\u00ednez","image":{"@type":"ImageObject","inLanguage":"pt-BR","@id":"https:\/\/secure.gravatar.com\/avatar\/7902f906289926289cbcda644b5197c796b893c6ffd7b9a536a42d290f7704a0?s=96&d=mm&r=g","url":"https:\/\/secure.gravatar.com\/avatar\/7902f906289926289cbcda644b5197c796b893c6ffd7b9a536a42d290f7704a0?s=96&d=mm&r=g","contentUrl":"https:\/\/secure.gravatar.com\/avatar\/7902f906289926289cbcda644b5197c796b893c6ffd7b9a536a42d290f7704a0?s=96&d=mm&r=g","caption":"Eduardo Mart\u00ednez"}}]}},"amp_enabled":true,"_links":{"self":[{"href":"https:\/\/www.notibras.com\/site\/wp-json\/wp\/v2\/posts\/379909","targetHints":{"allow":["GET"]}}],"collection":[{"href":"https:\/\/www.notibras.com\/site\/wp-json\/wp\/v2\/posts"}],"about":[{"href":"https:\/\/www.notibras.com\/site\/wp-json\/wp\/v2\/types\/post"}],"author":[{"embeddable":true,"href":"https:\/\/www.notibras.com\/site\/wp-json\/wp\/v2\/users\/21"}],"replies":[{"embeddable":true,"href":"https:\/\/www.notibras.com\/site\/wp-json\/wp\/v2\/comments?post=379909"}],"version-history":[{"count":1,"href":"https:\/\/www.notibras.com\/site\/wp-json\/wp\/v2\/posts\/379909\/revisions"}],"predecessor-version":[{"id":379911,"href":"https:\/\/www.notibras.com\/site\/wp-json\/wp\/v2\/posts\/379909\/revisions\/379911"}],"wp:featuredmedia":[{"embeddable":true,"href":"https:\/\/www.notibras.com\/site\/wp-json\/wp\/v2\/media\/379910"}],"wp:attachment":[{"href":"https:\/\/www.notibras.com\/site\/wp-json\/wp\/v2\/media?parent=379909"}],"wp:term":[{"taxonomy":"category","embeddable":true,"href":"https:\/\/www.notibras.com\/site\/wp-json\/wp\/v2\/categories?post=379909"},{"taxonomy":"post_tag","embeddable":true,"href":"https:\/\/www.notibras.com\/site\/wp-json\/wp\/v2\/tags?post=379909"}],"curies":[{"name":"wp","href":"https:\/\/api.w.org\/{rel}","templated":true}]}}