{"id":379912,"date":"2026-01-21T02:15:11","date_gmt":"2026-01-21T05:15:11","guid":{"rendered":"https:\/\/www.notibras.com\/site\/?p=379912"},"modified":"2026-01-21T02:07:25","modified_gmt":"2026-01-21T05:07:25","slug":"seria-bom-se-vivessemos-na-terra-do-nunca","status":"publish","type":"post","link":"https:\/\/www.notibras.com\/site\/seria-bom-se-vivessemos-na-terra-do-nunca\/","title":{"rendered":"SERIA BOM SE VIVESSEMOS NA TERRA DO NUNCA"},"content":{"rendered":"<p><em>Sou eu que vou seguir voc\u00ea <\/em><br \/>\n<em>Do primeiro rabisco at\u00e9 o be a b\u00e1<\/em><br \/>\n<em>Em todos os desenhos coloridos vou estar<\/em><br \/>\n<em>A casa, a montanha, duas nuvens no c\u00e9u<\/em><br \/>\n<em>E um Sol a sorrir, no papel&#8230;<\/em><br \/>\n(Antonio Pecci Filho\/ Lupicinio Morais Rodrigues)<\/p>\n<p>Acredito que o momento m\u00e1gico em nossa vida&#8230; a primeira vez que sentimos nossa evolu\u00e7\u00e3o nesse plano&#8230; \u00e9 quando, ainda pequenos, chegamos \u00e0 idade escolar. \u00c9 nosso divisor de \u00e1guas. O que at\u00e9 ent\u00e3o era apenas fantasia em nossa vida, de repente se apresenta como um novo mundo a explorar, onde nos ser\u00e1 dada a chance de descobrir novos mundos por onde poderemos viajar de olhos abertos&#8230;<\/p>\n<p>No inicio \u00e9 apenas um amontoado de papel em branco&#8230; tudo bem, tem v\u00e1rias linhas nessa folha, mas nada que nos impe\u00e7a de fazer nossa imagina\u00e7\u00e3o partir para novas plagas, criando cen\u00e1rios encantados que ilustram o mundo real que vivemos. Tudo bem, para as outras pessoas tudo aquilo que registramos com o grafite que nos foi entregue \u00e9 apenas um monte de rabiscos, ao menos no in\u00edcio. Mas, para n\u00f3s, \u00e9 uma obra de arte nos mesmos moldes de uma Mona Lisa da vida&#8230;<\/p>\n<p>Quando nos \u00e9 ensinado a fazer bolinhas e cobrinhas pela linha daquele calhama\u00e7o de papel, para n\u00f3s \u00e9 muito mais que isso que estamos gravando na folha. S\u00e3o ondas revoltas do mar, que se amainam ao chegar na praia, s\u00e3o p\u00e1ssaros esvoa\u00e7ando pelo c\u00e9u, com seus lindos trinados. Nossa imagina\u00e7\u00e3o nos faz viajar pelo espa\u00e7o tempo. E o melhor&#8230; n\u00f3s estamos dando vida \u00e0quilo que at\u00e9 ent\u00e3o s\u00f3 existia em nossa mente&#8230;<\/p>\n<p>Ao sermos introduzidas no mundo das letras, no inicio sentimos dificuldades n\u00e3o s\u00f3 de reconhecer o valor sonoro de cada s\u00edmbolo gr\u00e1fico como tamb\u00e9m n\u00e3o conseguimos, de pronto, reproduzir os desenhos que nos s\u00e3o mostrados&#8230; vamos aprendendo ao copiar \u00e0 exaust\u00e3o essas pequenas chaves secretas que nos s\u00e3o ofertadas, para que possamos realmente desbravar esse novo mundo que nos \u00e9 apresentado&#8230;<\/p>\n<p>O prazer que sentimos quando finalmente conseguimos escrever uma frase completa&#8230; e quando essa frase vem de n\u00f3s mesmos&#8230; n\u00e3o d\u00e1 para descrever em palavras. Ficamos orgulhosas pela nossa genialidade em conseguir passar para o papel uma pequena fra\u00e7\u00e3o de nosso pensamento&#8230; um elogio \u00e0 mam\u00e3e, uma declara\u00e7\u00e3o de amor ao papai&#8230; nossa, nosso mundo fica muito mais iluminado&#8230;<\/p>\n<p>Quando evolu\u00edmos na escrita e j\u00e1 somos capazes de externar nossos pensamentos atrav\u00e9s desses s\u00edmbolos que, no in\u00edcio, nos era t\u00e3o estranho&#8230; come\u00e7amos a trocar mensagens como nossos amigos. Se algu\u00e9m em nosso c\u00edrculo desperta nosso interesse, come\u00e7amos a mandar bilhetinhos para esse&#8230; normalmente cifrados, para que apenas o destinat\u00e1rio entenda o que realmente tentamos dizer&#8230;<\/p>\n<p>A escrita nos permite criar uma sociedade de amigas, onde trocamos ideias atrav\u00e9s dos bilhetes que enviamos uma para a outra&#8230; novamente lan\u00e7amos m\u00e3o de c\u00f3digos bem particulares, para que apenas aquelas que fazem parte do grupo entendam o que as mensagens tentam dizer&#8230;<\/p>\n<p>Quando o mundo da literatura nos \u00e9 apresentado&#8230; da maneira correta, com textos que tenham a ver com a gente, n\u00e3o aqueles livros chatos que n\u00e3o nos dizem nada&#8230; e aprendemos de decifrar as ideias do escritor, come\u00e7amos a viajar pelo Universo colorido que esse livro nos traz&#8230; e ent\u00e3o, sem mais nem porque, come\u00e7amos a criar nosso pr\u00f3prio Universo, escrevendo poesias, relatando hist\u00f3rias adaptadas daquelas que nossos pais nos contavam quando ainda \u00e9ramos pequenas&#8230;<\/p>\n<p>Sim&#8230; a escola nos abre um portal que nem imagin\u00e1vamos existir. Nos \u00e9 apresentado um mundo totalmente novo, onde n\u00e3o h\u00e1 limites, al\u00e9m de nossa pr\u00f3pria imagina\u00e7\u00e3o&#8230; algumas vezes, por for\u00e7a de percal\u00e7os da vida, at\u00e9 nos esquecemos do poder da escrita, onde podemos dar vaz\u00e3o \u00e0 nossa imagina\u00e7\u00e3o. Mas quando pegamos velhas cartas por n\u00f3s escritas quando ainda \u00e9ramos inocentes, quando ainda n\u00e3o conhec\u00edamos o mundo como ele realmente \u00e9&#8230; nossa, descobrimos uma pessoa que at\u00e9 ent\u00e3o realmente n\u00e3o conhec\u00edamos. E a saudade muitas vezes faz rolar uma pequena l\u00e1grima de nossos olhos, ao percebermos qu\u00e3o belo era o mundo que conhec\u00edamos&#8230; e ficamos nos perguntando como fazer para retornar a ele&#8230;<\/p>\n","protected":false},"excerpt":{"rendered":"<p>Sou eu que vou seguir voc\u00ea Do primeiro rabisco at\u00e9 o be a b\u00e1 Em todos os desenhos coloridos vou estar A casa, a montanha, duas nuvens no c\u00e9u E um Sol a sorrir, no papel&#8230; (Antonio Pecci Filho\/ Lupicinio Morais Rodrigues) Acredito que o momento m\u00e1gico em nossa vida&#8230; a primeira vez que sentimos [&hellip;]<\/p>\n","protected":false},"author":21,"featured_media":379913,"comment_status":"closed","ping_status":"closed","sticky":false,"template":"","format":"standard","meta":{"_acf_changed":false,"footnotes":""},"categories":[236],"tags":[],"class_list":["post-379912","post","type-post","status-publish","format-standard","has-post-thumbnail","hentry","category-ponto-de-vista"],"acf":[],"yoast_head":"<!-- This site is optimized with the Yoast SEO plugin v27.2 - https:\/\/yoast.com\/product\/yoast-seo-wordpress\/ -->\n<title>SERIA BOM SE VIVESSEMOS NA TERRA DO NUNCA - Notibras<\/title>\n<meta name=\"robots\" content=\"index, follow, max-snippet:-1, max-image-preview:large, max-video-preview:-1\" \/>\n<link rel=\"canonical\" href=\"https:\/\/www.notibras.com\/site\/seria-bom-se-vivessemos-na-terra-do-nunca\/\" \/>\n<meta property=\"og:locale\" content=\"pt_BR\" \/>\n<meta property=\"og:type\" content=\"article\" \/>\n<meta property=\"og:title\" content=\"SERIA BOM SE VIVESSEMOS NA TERRA DO NUNCA - Notibras\" \/>\n<meta property=\"og:description\" content=\"Sou eu que vou seguir voc\u00ea Do primeiro rabisco at\u00e9 o be a b\u00e1 Em todos os desenhos coloridos vou estar A casa, a montanha, duas nuvens no c\u00e9u E um Sol a sorrir, no papel&#8230; (Antonio Pecci Filho\/ Lupicinio Morais Rodrigues) Acredito que o momento m\u00e1gico em nossa vida&#8230; a primeira vez que sentimos [&hellip;]\" \/>\n<meta property=\"og:url\" content=\"https:\/\/www.notibras.com\/site\/seria-bom-se-vivessemos-na-terra-do-nunca\/\" \/>\n<meta property=\"og:site_name\" content=\"Notibras\" \/>\n<meta property=\"article:publisher\" content=\"https:\/\/www.facebook.com\/notibras\/\" \/>\n<meta property=\"article:published_time\" content=\"2026-01-21T05:15:11+00:00\" \/>\n<meta property=\"og:image\" content=\"https:\/\/www.notibras.com\/site\/wp-content\/uploads\/2026\/01\/adf3190c-fb29-4d9d-8407-781fd6b86b1b.jpg\" \/>\n\t<meta property=\"og:image:width\" content=\"809\" \/>\n\t<meta property=\"og:image:height\" content=\"906\" \/>\n\t<meta property=\"og:image:type\" content=\"image\/jpeg\" \/>\n<meta name=\"author\" content=\"Eduardo Mart\u00ednez\" \/>\n<meta name=\"twitter:card\" content=\"summary_large_image\" \/>\n<meta name=\"twitter:creator\" content=\"@Notibras\" \/>\n<meta name=\"twitter:site\" content=\"@Notibras\" \/>\n<meta name=\"twitter:label1\" content=\"Escrito por\" \/>\n\t<meta name=\"twitter:data1\" content=\"Eduardo Mart\u00ednez\" \/>\n\t<meta name=\"twitter:label2\" content=\"Est. tempo de leitura\" \/>\n\t<meta name=\"twitter:data2\" content=\"4 minutos\" \/>\n<script type=\"application\/ld+json\" class=\"yoast-schema-graph\">{\"@context\":\"https:\/\/schema.org\",\"@graph\":[{\"@type\":\"Article\",\"@id\":\"https:\/\/www.notibras.com\/site\/seria-bom-se-vivessemos-na-terra-do-nunca\/#article\",\"isPartOf\":{\"@id\":\"https:\/\/www.notibras.com\/site\/seria-bom-se-vivessemos-na-terra-do-nunca\/\"},\"author\":{\"name\":\"Eduardo Mart\u00ednez\",\"@id\":\"https:\/\/www.notibras.com\/site\/#\/schema\/person\/5b7fabf2aedc3ada2105f03b22b4d3dd\"},\"headline\":\"SERIA BOM SE VIVESSEMOS NA TERRA DO NUNCA\",\"datePublished\":\"2026-01-21T05:15:11+00:00\",\"mainEntityOfPage\":{\"@id\":\"https:\/\/www.notibras.com\/site\/seria-bom-se-vivessemos-na-terra-do-nunca\/\"},\"wordCount\":739,\"publisher\":{\"@id\":\"https:\/\/www.notibras.com\/site\/#organization\"},\"image\":{\"@id\":\"https:\/\/www.notibras.com\/site\/seria-bom-se-vivessemos-na-terra-do-nunca\/#primaryimage\"},\"thumbnailUrl\":\"https:\/\/www.notibras.com\/site\/wp-content\/uploads\/2026\/01\/adf3190c-fb29-4d9d-8407-781fd6b86b1b.jpg\",\"articleSection\":[\"Ponto de Vista\"],\"inLanguage\":\"pt-BR\"},{\"@type\":\"WebPage\",\"@id\":\"https:\/\/www.notibras.com\/site\/seria-bom-se-vivessemos-na-terra-do-nunca\/\",\"url\":\"https:\/\/www.notibras.com\/site\/seria-bom-se-vivessemos-na-terra-do-nunca\/\",\"name\":\"SERIA BOM SE VIVESSEMOS NA TERRA DO NUNCA - Notibras\",\"isPartOf\":{\"@id\":\"https:\/\/www.notibras.com\/site\/#website\"},\"primaryImageOfPage\":{\"@id\":\"https:\/\/www.notibras.com\/site\/seria-bom-se-vivessemos-na-terra-do-nunca\/#primaryimage\"},\"image\":{\"@id\":\"https:\/\/www.notibras.com\/site\/seria-bom-se-vivessemos-na-terra-do-nunca\/#primaryimage\"},\"thumbnailUrl\":\"https:\/\/www.notibras.com\/site\/wp-content\/uploads\/2026\/01\/adf3190c-fb29-4d9d-8407-781fd6b86b1b.jpg\",\"datePublished\":\"2026-01-21T05:15:11+00:00\",\"breadcrumb\":{\"@id\":\"https:\/\/www.notibras.com\/site\/seria-bom-se-vivessemos-na-terra-do-nunca\/#breadcrumb\"},\"inLanguage\":\"pt-BR\",\"potentialAction\":[{\"@type\":\"ReadAction\",\"target\":[\"https:\/\/www.notibras.com\/site\/seria-bom-se-vivessemos-na-terra-do-nunca\/\"]}]},{\"@type\":\"ImageObject\",\"inLanguage\":\"pt-BR\",\"@id\":\"https:\/\/www.notibras.com\/site\/seria-bom-se-vivessemos-na-terra-do-nunca\/#primaryimage\",\"url\":\"https:\/\/www.notibras.com\/site\/wp-content\/uploads\/2026\/01\/adf3190c-fb29-4d9d-8407-781fd6b86b1b.jpg\",\"contentUrl\":\"https:\/\/www.notibras.com\/site\/wp-content\/uploads\/2026\/01\/adf3190c-fb29-4d9d-8407-781fd6b86b1b.jpg\",\"width\":809,\"height\":906},{\"@type\":\"BreadcrumbList\",\"@id\":\"https:\/\/www.notibras.com\/site\/seria-bom-se-vivessemos-na-terra-do-nunca\/#breadcrumb\",\"itemListElement\":[{\"@type\":\"ListItem\",\"position\":1,\"name\":\"In\u00edcio\",\"item\":\"https:\/\/www.notibras.com\/site\/\"},{\"@type\":\"ListItem\",\"position\":2,\"name\":\"SERIA BOM SE VIVESSEMOS NA TERRA DO NUNCA\"}]},{\"@type\":\"WebSite\",\"@id\":\"https:\/\/www.notibras.com\/site\/#website\",\"url\":\"https:\/\/www.notibras.com\/site\/\",\"name\":\"Notibras\",\"description\":\"Not\u00edcias de Bras\u00edlia, do Brasil e do Mundo\",\"publisher\":{\"@id\":\"https:\/\/www.notibras.com\/site\/#organization\"},\"potentialAction\":[{\"@type\":\"SearchAction\",\"target\":{\"@type\":\"EntryPoint\",\"urlTemplate\":\"https:\/\/www.notibras.com\/site\/?s={search_term_string}\"},\"query-input\":{\"@type\":\"PropertyValueSpecification\",\"valueRequired\":true,\"valueName\":\"search_term_string\"}}],\"inLanguage\":\"pt-BR\"},{\"@type\":\"Organization\",\"@id\":\"https:\/\/www.notibras.com\/site\/#organization\",\"name\":\"Grupo Notibras de Comunica\u00e7\u00e3o\",\"url\":\"https:\/\/www.notibras.com\/site\/\",\"logo\":{\"@type\":\"ImageObject\",\"inLanguage\":\"pt-BR\",\"@id\":\"https:\/\/www.notibras.com\/site\/#\/schema\/logo\/image\/\",\"url\":\"https:\/\/www.notibras.com\/site\/wp-content\/uploads\/2023\/01\/notibras23.png\",\"contentUrl\":\"https:\/\/www.notibras.com\/site\/wp-content\/uploads\/2023\/01\/notibras23.png\",\"width\":350,\"height\":87,\"caption\":\"Grupo Notibras de Comunica\u00e7\u00e3o\"},\"image\":{\"@id\":\"https:\/\/www.notibras.com\/site\/#\/schema\/logo\/image\/\"},\"sameAs\":[\"https:\/\/www.facebook.com\/notibras\/\",\"https:\/\/x.com\/Notibras\",\"https:\/\/www.instagram.com\/notibras\/\"]},{\"@type\":\"Person\",\"@id\":\"https:\/\/www.notibras.com\/site\/#\/schema\/person\/5b7fabf2aedc3ada2105f03b22b4d3dd\",\"name\":\"Eduardo Mart\u00ednez\",\"image\":{\"@type\":\"ImageObject\",\"inLanguage\":\"pt-BR\",\"@id\":\"https:\/\/secure.gravatar.com\/avatar\/7902f906289926289cbcda644b5197c796b893c6ffd7b9a536a42d290f7704a0?s=96&d=mm&r=g\",\"url\":\"https:\/\/secure.gravatar.com\/avatar\/7902f906289926289cbcda644b5197c796b893c6ffd7b9a536a42d290f7704a0?s=96&d=mm&r=g\",\"contentUrl\":\"https:\/\/secure.gravatar.com\/avatar\/7902f906289926289cbcda644b5197c796b893c6ffd7b9a536a42d290f7704a0?s=96&d=mm&r=g\",\"caption\":\"Eduardo Mart\u00ednez\"}}]}<\/script>\n<!-- \/ Yoast SEO plugin. -->","yoast_head_json":{"title":"SERIA BOM SE VIVESSEMOS NA TERRA DO NUNCA - Notibras","robots":{"index":"index","follow":"follow","max-snippet":"max-snippet:-1","max-image-preview":"max-image-preview:large","max-video-preview":"max-video-preview:-1"},"canonical":"https:\/\/www.notibras.com\/site\/seria-bom-se-vivessemos-na-terra-do-nunca\/","og_locale":"pt_BR","og_type":"article","og_title":"SERIA BOM SE VIVESSEMOS NA TERRA DO NUNCA - Notibras","og_description":"Sou eu que vou seguir voc\u00ea Do primeiro rabisco at\u00e9 o be a b\u00e1 Em todos os desenhos coloridos vou estar A casa, a montanha, duas nuvens no c\u00e9u E um Sol a sorrir, no papel&#8230; (Antonio Pecci Filho\/ Lupicinio Morais Rodrigues) Acredito que o momento m\u00e1gico em nossa vida&#8230; a primeira vez que sentimos [&hellip;]","og_url":"https:\/\/www.notibras.com\/site\/seria-bom-se-vivessemos-na-terra-do-nunca\/","og_site_name":"Notibras","article_publisher":"https:\/\/www.facebook.com\/notibras\/","article_published_time":"2026-01-21T05:15:11+00:00","og_image":[{"width":809,"height":906,"url":"https:\/\/www.notibras.com\/site\/wp-content\/uploads\/2026\/01\/adf3190c-fb29-4d9d-8407-781fd6b86b1b.jpg","type":"image\/jpeg"}],"author":"Eduardo Mart\u00ednez","twitter_card":"summary_large_image","twitter_creator":"@Notibras","twitter_site":"@Notibras","twitter_misc":{"Escrito por":"Eduardo Mart\u00ednez","Est. tempo de leitura":"4 minutos"},"schema":{"@context":"https:\/\/schema.org","@graph":[{"@type":"Article","@id":"https:\/\/www.notibras.com\/site\/seria-bom-se-vivessemos-na-terra-do-nunca\/#article","isPartOf":{"@id":"https:\/\/www.notibras.com\/site\/seria-bom-se-vivessemos-na-terra-do-nunca\/"},"author":{"name":"Eduardo Mart\u00ednez","@id":"https:\/\/www.notibras.com\/site\/#\/schema\/person\/5b7fabf2aedc3ada2105f03b22b4d3dd"},"headline":"SERIA BOM SE VIVESSEMOS NA TERRA DO NUNCA","datePublished":"2026-01-21T05:15:11+00:00","mainEntityOfPage":{"@id":"https:\/\/www.notibras.com\/site\/seria-bom-se-vivessemos-na-terra-do-nunca\/"},"wordCount":739,"publisher":{"@id":"https:\/\/www.notibras.com\/site\/#organization"},"image":{"@id":"https:\/\/www.notibras.com\/site\/seria-bom-se-vivessemos-na-terra-do-nunca\/#primaryimage"},"thumbnailUrl":"https:\/\/www.notibras.com\/site\/wp-content\/uploads\/2026\/01\/adf3190c-fb29-4d9d-8407-781fd6b86b1b.jpg","articleSection":["Ponto de Vista"],"inLanguage":"pt-BR"},{"@type":"WebPage","@id":"https:\/\/www.notibras.com\/site\/seria-bom-se-vivessemos-na-terra-do-nunca\/","url":"https:\/\/www.notibras.com\/site\/seria-bom-se-vivessemos-na-terra-do-nunca\/","name":"SERIA BOM SE VIVESSEMOS NA TERRA DO NUNCA - Notibras","isPartOf":{"@id":"https:\/\/www.notibras.com\/site\/#website"},"primaryImageOfPage":{"@id":"https:\/\/www.notibras.com\/site\/seria-bom-se-vivessemos-na-terra-do-nunca\/#primaryimage"},"image":{"@id":"https:\/\/www.notibras.com\/site\/seria-bom-se-vivessemos-na-terra-do-nunca\/#primaryimage"},"thumbnailUrl":"https:\/\/www.notibras.com\/site\/wp-content\/uploads\/2026\/01\/adf3190c-fb29-4d9d-8407-781fd6b86b1b.jpg","datePublished":"2026-01-21T05:15:11+00:00","breadcrumb":{"@id":"https:\/\/www.notibras.com\/site\/seria-bom-se-vivessemos-na-terra-do-nunca\/#breadcrumb"},"inLanguage":"pt-BR","potentialAction":[{"@type":"ReadAction","target":["https:\/\/www.notibras.com\/site\/seria-bom-se-vivessemos-na-terra-do-nunca\/"]}]},{"@type":"ImageObject","inLanguage":"pt-BR","@id":"https:\/\/www.notibras.com\/site\/seria-bom-se-vivessemos-na-terra-do-nunca\/#primaryimage","url":"https:\/\/www.notibras.com\/site\/wp-content\/uploads\/2026\/01\/adf3190c-fb29-4d9d-8407-781fd6b86b1b.jpg","contentUrl":"https:\/\/www.notibras.com\/site\/wp-content\/uploads\/2026\/01\/adf3190c-fb29-4d9d-8407-781fd6b86b1b.jpg","width":809,"height":906},{"@type":"BreadcrumbList","@id":"https:\/\/www.notibras.com\/site\/seria-bom-se-vivessemos-na-terra-do-nunca\/#breadcrumb","itemListElement":[{"@type":"ListItem","position":1,"name":"In\u00edcio","item":"https:\/\/www.notibras.com\/site\/"},{"@type":"ListItem","position":2,"name":"SERIA BOM SE VIVESSEMOS NA TERRA DO NUNCA"}]},{"@type":"WebSite","@id":"https:\/\/www.notibras.com\/site\/#website","url":"https:\/\/www.notibras.com\/site\/","name":"Notibras","description":"Not\u00edcias de Bras\u00edlia, do Brasil e do Mundo","publisher":{"@id":"https:\/\/www.notibras.com\/site\/#organization"},"potentialAction":[{"@type":"SearchAction","target":{"@type":"EntryPoint","urlTemplate":"https:\/\/www.notibras.com\/site\/?s={search_term_string}"},"query-input":{"@type":"PropertyValueSpecification","valueRequired":true,"valueName":"search_term_string"}}],"inLanguage":"pt-BR"},{"@type":"Organization","@id":"https:\/\/www.notibras.com\/site\/#organization","name":"Grupo Notibras de Comunica\u00e7\u00e3o","url":"https:\/\/www.notibras.com\/site\/","logo":{"@type":"ImageObject","inLanguage":"pt-BR","@id":"https:\/\/www.notibras.com\/site\/#\/schema\/logo\/image\/","url":"https:\/\/www.notibras.com\/site\/wp-content\/uploads\/2023\/01\/notibras23.png","contentUrl":"https:\/\/www.notibras.com\/site\/wp-content\/uploads\/2023\/01\/notibras23.png","width":350,"height":87,"caption":"Grupo Notibras de Comunica\u00e7\u00e3o"},"image":{"@id":"https:\/\/www.notibras.com\/site\/#\/schema\/logo\/image\/"},"sameAs":["https:\/\/www.facebook.com\/notibras\/","https:\/\/x.com\/Notibras","https:\/\/www.instagram.com\/notibras\/"]},{"@type":"Person","@id":"https:\/\/www.notibras.com\/site\/#\/schema\/person\/5b7fabf2aedc3ada2105f03b22b4d3dd","name":"Eduardo Mart\u00ednez","image":{"@type":"ImageObject","inLanguage":"pt-BR","@id":"https:\/\/secure.gravatar.com\/avatar\/7902f906289926289cbcda644b5197c796b893c6ffd7b9a536a42d290f7704a0?s=96&d=mm&r=g","url":"https:\/\/secure.gravatar.com\/avatar\/7902f906289926289cbcda644b5197c796b893c6ffd7b9a536a42d290f7704a0?s=96&d=mm&r=g","contentUrl":"https:\/\/secure.gravatar.com\/avatar\/7902f906289926289cbcda644b5197c796b893c6ffd7b9a536a42d290f7704a0?s=96&d=mm&r=g","caption":"Eduardo Mart\u00ednez"}}]}},"amp_enabled":true,"_links":{"self":[{"href":"https:\/\/www.notibras.com\/site\/wp-json\/wp\/v2\/posts\/379912","targetHints":{"allow":["GET"]}}],"collection":[{"href":"https:\/\/www.notibras.com\/site\/wp-json\/wp\/v2\/posts"}],"about":[{"href":"https:\/\/www.notibras.com\/site\/wp-json\/wp\/v2\/types\/post"}],"author":[{"embeddable":true,"href":"https:\/\/www.notibras.com\/site\/wp-json\/wp\/v2\/users\/21"}],"replies":[{"embeddable":true,"href":"https:\/\/www.notibras.com\/site\/wp-json\/wp\/v2\/comments?post=379912"}],"version-history":[{"count":1,"href":"https:\/\/www.notibras.com\/site\/wp-json\/wp\/v2\/posts\/379912\/revisions"}],"predecessor-version":[{"id":379914,"href":"https:\/\/www.notibras.com\/site\/wp-json\/wp\/v2\/posts\/379912\/revisions\/379914"}],"wp:featuredmedia":[{"embeddable":true,"href":"https:\/\/www.notibras.com\/site\/wp-json\/wp\/v2\/media\/379913"}],"wp:attachment":[{"href":"https:\/\/www.notibras.com\/site\/wp-json\/wp\/v2\/media?parent=379912"}],"wp:term":[{"taxonomy":"category","embeddable":true,"href":"https:\/\/www.notibras.com\/site\/wp-json\/wp\/v2\/categories?post=379912"},{"taxonomy":"post_tag","embeddable":true,"href":"https:\/\/www.notibras.com\/site\/wp-json\/wp\/v2\/tags?post=379912"}],"curies":[{"name":"wp","href":"https:\/\/api.w.org\/{rel}","templated":true}]}}