{"id":379915,"date":"2026-01-22T02:00:48","date_gmt":"2026-01-22T05:00:48","guid":{"rendered":"https:\/\/www.notibras.com\/site\/?p=379915"},"modified":"2026-01-21T02:13:56","modified_gmt":"2026-01-21T05:13:56","slug":"o-presente-de-hoje-e-o-passado-do-amanha","status":"publish","type":"post","link":"https:\/\/www.notibras.com\/site\/o-presente-de-hoje-e-o-passado-do-amanha\/","title":{"rendered":"O PRESENTE DE HOJE \u00c9 O PASSADO DO AMANH\u00c3&#8230;"},"content":{"rendered":"<p><em>Cachorrinho est\u00e1 latindo <\/em><br \/>\n<em>L\u00e1 no fundo do quintal<\/em><br \/>\n<em>Cala a boca, cachorrinho,<\/em><br \/>\n<em>Deixa meu benzinho entrar<\/em><br \/>\n<em>Meu potinho de melado<\/em><br \/>\n<em>Meu docinho de car\u00e1<\/em><br \/>\n<em>Quem quiser comer comigo<\/em><br \/>\n<em>Fecha a porta e venha c\u00e1&#8230;<\/em><br \/>\n(Autor desconhecido)<\/p>\n<p>Em mil novecentos e antigamente, como se costuma falar, os quintais eram grandes, as casas n\u00e3o tinham cercas, quanto mais muros&#8230; os bairros lembravam os arruados das fazendas do interior. Na verdade, com exce\u00e7\u00e3o de poucas ruas nos grandes centros, o mundo era um grande sert\u00e3o. At\u00e9 meados dos anos setenta do s\u00e9culo passado era comum o manejo de gado, sendo conduzido normalmente pelas ruas de terra batida, levantando poeira por onde passava. As charretes eram numerosas, fazendo a vez de transporte para quase tudo o que precisasse&#8230; os comerciantes lan\u00e7avam m\u00e3o desse meio de transporte para chegar at\u00e9 seus clientes. E tinham sua clientela formada pelos v\u00e1rios bairros pelos quais passavam&#8230;<\/p>\n<p>As pessoas se conheciam por apelidos. Claro, sabiam o nome umas das outras, mas dificilmente se dirigiam umas \u00e0s outras por ele&#8230; era mais f\u00e1cil usar os apelidos ou, como de praxe, chamar de &#8220;compadre&#8221; ou &#8220;comadre&#8221;&#8230; a maioria das pessoas professava a Igreja Cat\u00f3lica e seguiam seus ritos ao p\u00e9 da letra&#8230; adaptados ao seu jeito de viver. Crendices populares eram comuns, e as pessoas realmente acreditavam nas hist\u00f3rias de assombra\u00e7\u00e3o contadas sob a luz da lamparina, ou do lampi\u00e3o \u00e0 querosene&#8230; sim, a luz el\u00e9trica ainda era um luxo que n\u00e3o havia chegado a todos os cantos da cidade, como nos dias de hoje&#8230;<\/p>\n<p>Como a maioria das pessoas tinham migrado de fazendas onde estavam acostumadas a plantar seu pr\u00f3prio alimento, os terrenos transformavam-se em hortas e pomares. A cria\u00e7\u00e3o de galinhas e, dependendo do tamanho dos quintais, porcos, era algo comum ent\u00e3o. Era raro encontrar uma casa que n\u00e3o contasse com um galinheiro. Se a pessoa morasse pr\u00f3xima de um riacho ou lago, at\u00e9 mesmo patos faziam parte de sua cria\u00e7\u00e3o. Eram mini fazendas, se olharmos por esse \u00e2ngulo&#8230;<\/p>\n<p>\u00c1rvores frut\u00edferas, legumes e verduras faziam parte da planta\u00e7\u00e3o. Geralmente, na frente da casa, havia um jardim. Uma floresta de flores, na verdade. A profus\u00e3o de cores e perfumes tornava a vis\u00e3o algo espl\u00eandido, um espet\u00e1culo indescrit\u00edvel&#8230; para chegar at\u00e9 a porta da resid\u00eancia, era necess\u00e1rio atravessar aquela floresta perfumada. Quando o vento que prenunciava a chuva se avizinhava, o cheiro bom da folhagem das \u00e1rvores dominava todo o espa\u00e7o&#8230;<\/p>\n<p>A liberdade das crian\u00e7as era algo sagrado. Podiam brincar sem medo no meio da rua. N\u00e3o havia movimento de ve\u00edculos, exceto o carroceiro que passava de vez em quando pelas vilas para vender peixe ou outro tipo de alimento&#8230; asfalto era algo que n\u00e3o existia. A comodidade moderna se resumia em casas de alvenaria e, para os mais abastados, cer\u00e2mica no piso dos c\u00f4modos&#8230; alguns tinha at\u00e9 um alpendre&#8230;<\/p>\n<p>As escolas ficavam no centro de cada bairro, e n\u00e3o havia condu\u00e7\u00e3o at\u00e9 as mesmas. As crian\u00e7as se deslocavam a p\u00e9, com chuva ou com sol. Reuniam um pequeno grupo e caminhavam em dire\u00e7\u00e3o ao templo do saber. Todos devidamente uniformizados. Meninos com cal\u00e7as azul marinho (curtas e geralmente com suspens\u00f3rios), camisa branca e gravata, onde eram colocadas pequenas faixas que identificavam a s\u00e9rie que os mesmos estavam estudando. As meninas usavam saia plissada, blusa branca e a mesma gravata. N\u00e3o havia classes mistas. Meninas estudavam com meninas, meninos com meninos. S\u00f3 se encontravam na hora do recreio. E, claro, durante o percurso de casa para a escola e vice-versa&#8230;<\/p>\n<p>Essa separa\u00e7\u00e3o por sexo na escola n\u00e3o impedia a garotada de brincar todos juntos, meninos e meninas. Quando se reuniam, brincadeiras como pega-pega, esconde-esconde, roda-roda eram comuns. Meninos e meninas se davam as m\u00e3os, fazendo uma grande roda e cantavam as cantigas que suas m\u00e3es haviam lhes ensinado. Tamb\u00e9m brincavam de queimada, \u00e9 claro. At\u00e9 mesmo de &#8220;casinha&#8221; todos se reuniam para brincar, reproduzindo aquilo que viam em seu seio familiar. Claro, n\u00e3o exatamente tudo&#8230;<\/p>\n<p>Sim, era uma \u00e9poca boa. N\u00e3o vou dizer que era melhor que os dias de hoje. Afinal, a gera\u00e7\u00e3o atual tamb\u00e9m se recordar\u00e1 de sua inf\u00e2ncia com um filtro todo especial, sentindo esse temos que vivemos como algo simplesmente fant\u00e1stico. \u00c9 assim que n\u00f3s, que pertencemos a uma gera\u00e7\u00e3o passada, percebemos o tempo que passou&#8230; uma vida m\u00e1gica, onde tudo era mais belo&#8230; em nossa vis\u00e3o&#8230;<\/p>\n<p>O que posso dizer? Espero que as crian\u00e7as de hoje tenham uma inf\u00e2ncia t\u00e3o feliz quanto a que n\u00f3s tivemos o privil\u00e9gio de viver. E quando chegar a vez de elas recordarem seu passado, que apenas boas recorda\u00e7\u00f5es aflorem em suas mentes&#8230;<\/p>\n","protected":false},"excerpt":{"rendered":"<p>Cachorrinho est\u00e1 latindo L\u00e1 no fundo do quintal Cala a boca, cachorrinho, Deixa meu benzinho entrar Meu potinho de melado Meu docinho de car\u00e1 Quem quiser comer comigo Fecha a porta e venha c\u00e1&#8230; (Autor desconhecido) Em mil novecentos e antigamente, como se costuma falar, os quintais eram grandes, as casas n\u00e3o tinham cercas, quanto [&hellip;]<\/p>\n","protected":false},"author":21,"featured_media":379916,"comment_status":"closed","ping_status":"closed","sticky":false,"template":"","format":"standard","meta":{"_acf_changed":false,"footnotes":""},"categories":[236],"tags":[],"class_list":["post-379915","post","type-post","status-publish","format-standard","has-post-thumbnail","hentry","category-ponto-de-vista"],"acf":[],"yoast_head":"<!-- This site is optimized with the Yoast SEO plugin v27.2 - https:\/\/yoast.com\/product\/yoast-seo-wordpress\/ -->\n<title>O PRESENTE DE HOJE \u00c9 O PASSADO DO AMANH\u00c3... - Notibras<\/title>\n<meta name=\"robots\" content=\"index, follow, max-snippet:-1, max-image-preview:large, max-video-preview:-1\" \/>\n<link rel=\"canonical\" href=\"https:\/\/www.notibras.com\/site\/o-presente-de-hoje-e-o-passado-do-amanha\/\" \/>\n<meta property=\"og:locale\" content=\"pt_BR\" \/>\n<meta property=\"og:type\" content=\"article\" \/>\n<meta property=\"og:title\" content=\"O PRESENTE DE HOJE \u00c9 O PASSADO DO AMANH\u00c3... - Notibras\" \/>\n<meta property=\"og:description\" content=\"Cachorrinho est\u00e1 latindo L\u00e1 no fundo do quintal Cala a boca, cachorrinho, Deixa meu benzinho entrar Meu potinho de melado Meu docinho de car\u00e1 Quem quiser comer comigo Fecha a porta e venha c\u00e1&#8230; (Autor desconhecido) Em mil novecentos e antigamente, como se costuma falar, os quintais eram grandes, as casas n\u00e3o tinham cercas, quanto [&hellip;]\" \/>\n<meta property=\"og:url\" content=\"https:\/\/www.notibras.com\/site\/o-presente-de-hoje-e-o-passado-do-amanha\/\" \/>\n<meta property=\"og:site_name\" content=\"Notibras\" \/>\n<meta property=\"article:publisher\" content=\"https:\/\/www.facebook.com\/notibras\/\" \/>\n<meta property=\"article:published_time\" content=\"2026-01-22T05:00:48+00:00\" \/>\n<meta property=\"og:image\" content=\"https:\/\/www.notibras.com\/site\/wp-content\/uploads\/2026\/01\/f348b4ce-b682-4535-a02e-e3b4be557a13.jpg\" \/>\n\t<meta property=\"og:image:width\" content=\"809\" \/>\n\t<meta property=\"og:image:height\" content=\"1026\" \/>\n\t<meta property=\"og:image:type\" content=\"image\/jpeg\" \/>\n<meta name=\"author\" content=\"Eduardo Mart\u00ednez\" \/>\n<meta name=\"twitter:card\" content=\"summary_large_image\" \/>\n<meta name=\"twitter:creator\" content=\"@Notibras\" \/>\n<meta name=\"twitter:site\" content=\"@Notibras\" \/>\n<meta name=\"twitter:label1\" content=\"Escrito por\" \/>\n\t<meta name=\"twitter:data1\" content=\"Eduardo Mart\u00ednez\" \/>\n\t<meta name=\"twitter:label2\" content=\"Est. tempo de leitura\" \/>\n\t<meta name=\"twitter:data2\" content=\"5 minutos\" \/>\n<script type=\"application\/ld+json\" class=\"yoast-schema-graph\">{\"@context\":\"https:\/\/schema.org\",\"@graph\":[{\"@type\":\"Article\",\"@id\":\"https:\/\/www.notibras.com\/site\/o-presente-de-hoje-e-o-passado-do-amanha\/#article\",\"isPartOf\":{\"@id\":\"https:\/\/www.notibras.com\/site\/o-presente-de-hoje-e-o-passado-do-amanha\/\"},\"author\":{\"name\":\"Eduardo Mart\u00ednez\",\"@id\":\"https:\/\/www.notibras.com\/site\/#\/schema\/person\/5b7fabf2aedc3ada2105f03b22b4d3dd\"},\"headline\":\"O PRESENTE DE HOJE \u00c9 O PASSADO DO AMANH\u00c3&#8230;\",\"datePublished\":\"2026-01-22T05:00:48+00:00\",\"mainEntityOfPage\":{\"@id\":\"https:\/\/www.notibras.com\/site\/o-presente-de-hoje-e-o-passado-do-amanha\/\"},\"wordCount\":832,\"publisher\":{\"@id\":\"https:\/\/www.notibras.com\/site\/#organization\"},\"image\":{\"@id\":\"https:\/\/www.notibras.com\/site\/o-presente-de-hoje-e-o-passado-do-amanha\/#primaryimage\"},\"thumbnailUrl\":\"https:\/\/www.notibras.com\/site\/wp-content\/uploads\/2026\/01\/f348b4ce-b682-4535-a02e-e3b4be557a13.jpg\",\"articleSection\":[\"Ponto de Vista\"],\"inLanguage\":\"pt-BR\"},{\"@type\":\"WebPage\",\"@id\":\"https:\/\/www.notibras.com\/site\/o-presente-de-hoje-e-o-passado-do-amanha\/\",\"url\":\"https:\/\/www.notibras.com\/site\/o-presente-de-hoje-e-o-passado-do-amanha\/\",\"name\":\"O PRESENTE DE HOJE \u00c9 O PASSADO DO AMANH\u00c3... - Notibras\",\"isPartOf\":{\"@id\":\"https:\/\/www.notibras.com\/site\/#website\"},\"primaryImageOfPage\":{\"@id\":\"https:\/\/www.notibras.com\/site\/o-presente-de-hoje-e-o-passado-do-amanha\/#primaryimage\"},\"image\":{\"@id\":\"https:\/\/www.notibras.com\/site\/o-presente-de-hoje-e-o-passado-do-amanha\/#primaryimage\"},\"thumbnailUrl\":\"https:\/\/www.notibras.com\/site\/wp-content\/uploads\/2026\/01\/f348b4ce-b682-4535-a02e-e3b4be557a13.jpg\",\"datePublished\":\"2026-01-22T05:00:48+00:00\",\"breadcrumb\":{\"@id\":\"https:\/\/www.notibras.com\/site\/o-presente-de-hoje-e-o-passado-do-amanha\/#breadcrumb\"},\"inLanguage\":\"pt-BR\",\"potentialAction\":[{\"@type\":\"ReadAction\",\"target\":[\"https:\/\/www.notibras.com\/site\/o-presente-de-hoje-e-o-passado-do-amanha\/\"]}]},{\"@type\":\"ImageObject\",\"inLanguage\":\"pt-BR\",\"@id\":\"https:\/\/www.notibras.com\/site\/o-presente-de-hoje-e-o-passado-do-amanha\/#primaryimage\",\"url\":\"https:\/\/www.notibras.com\/site\/wp-content\/uploads\/2026\/01\/f348b4ce-b682-4535-a02e-e3b4be557a13.jpg\",\"contentUrl\":\"https:\/\/www.notibras.com\/site\/wp-content\/uploads\/2026\/01\/f348b4ce-b682-4535-a02e-e3b4be557a13.jpg\",\"width\":809,\"height\":1026},{\"@type\":\"BreadcrumbList\",\"@id\":\"https:\/\/www.notibras.com\/site\/o-presente-de-hoje-e-o-passado-do-amanha\/#breadcrumb\",\"itemListElement\":[{\"@type\":\"ListItem\",\"position\":1,\"name\":\"In\u00edcio\",\"item\":\"https:\/\/www.notibras.com\/site\/\"},{\"@type\":\"ListItem\",\"position\":2,\"name\":\"O PRESENTE DE HOJE \u00c9 O PASSADO DO AMANH\u00c3&#8230;\"}]},{\"@type\":\"WebSite\",\"@id\":\"https:\/\/www.notibras.com\/site\/#website\",\"url\":\"https:\/\/www.notibras.com\/site\/\",\"name\":\"Notibras\",\"description\":\"Not\u00edcias de Bras\u00edlia, do Brasil e do Mundo\",\"publisher\":{\"@id\":\"https:\/\/www.notibras.com\/site\/#organization\"},\"potentialAction\":[{\"@type\":\"SearchAction\",\"target\":{\"@type\":\"EntryPoint\",\"urlTemplate\":\"https:\/\/www.notibras.com\/site\/?s={search_term_string}\"},\"query-input\":{\"@type\":\"PropertyValueSpecification\",\"valueRequired\":true,\"valueName\":\"search_term_string\"}}],\"inLanguage\":\"pt-BR\"},{\"@type\":\"Organization\",\"@id\":\"https:\/\/www.notibras.com\/site\/#organization\",\"name\":\"Grupo Notibras de Comunica\u00e7\u00e3o\",\"url\":\"https:\/\/www.notibras.com\/site\/\",\"logo\":{\"@type\":\"ImageObject\",\"inLanguage\":\"pt-BR\",\"@id\":\"https:\/\/www.notibras.com\/site\/#\/schema\/logo\/image\/\",\"url\":\"https:\/\/www.notibras.com\/site\/wp-content\/uploads\/2023\/01\/notibras23.png\",\"contentUrl\":\"https:\/\/www.notibras.com\/site\/wp-content\/uploads\/2023\/01\/notibras23.png\",\"width\":350,\"height\":87,\"caption\":\"Grupo Notibras de Comunica\u00e7\u00e3o\"},\"image\":{\"@id\":\"https:\/\/www.notibras.com\/site\/#\/schema\/logo\/image\/\"},\"sameAs\":[\"https:\/\/www.facebook.com\/notibras\/\",\"https:\/\/x.com\/Notibras\",\"https:\/\/www.instagram.com\/notibras\/\"]},{\"@type\":\"Person\",\"@id\":\"https:\/\/www.notibras.com\/site\/#\/schema\/person\/5b7fabf2aedc3ada2105f03b22b4d3dd\",\"name\":\"Eduardo Mart\u00ednez\",\"image\":{\"@type\":\"ImageObject\",\"inLanguage\":\"pt-BR\",\"@id\":\"https:\/\/secure.gravatar.com\/avatar\/7902f906289926289cbcda644b5197c796b893c6ffd7b9a536a42d290f7704a0?s=96&d=mm&r=g\",\"url\":\"https:\/\/secure.gravatar.com\/avatar\/7902f906289926289cbcda644b5197c796b893c6ffd7b9a536a42d290f7704a0?s=96&d=mm&r=g\",\"contentUrl\":\"https:\/\/secure.gravatar.com\/avatar\/7902f906289926289cbcda644b5197c796b893c6ffd7b9a536a42d290f7704a0?s=96&d=mm&r=g\",\"caption\":\"Eduardo Mart\u00ednez\"}}]}<\/script>\n<!-- \/ Yoast SEO plugin. -->","yoast_head_json":{"title":"O PRESENTE DE HOJE \u00c9 O PASSADO DO AMANH\u00c3... - Notibras","robots":{"index":"index","follow":"follow","max-snippet":"max-snippet:-1","max-image-preview":"max-image-preview:large","max-video-preview":"max-video-preview:-1"},"canonical":"https:\/\/www.notibras.com\/site\/o-presente-de-hoje-e-o-passado-do-amanha\/","og_locale":"pt_BR","og_type":"article","og_title":"O PRESENTE DE HOJE \u00c9 O PASSADO DO AMANH\u00c3... - Notibras","og_description":"Cachorrinho est\u00e1 latindo L\u00e1 no fundo do quintal Cala a boca, cachorrinho, Deixa meu benzinho entrar Meu potinho de melado Meu docinho de car\u00e1 Quem quiser comer comigo Fecha a porta e venha c\u00e1&#8230; (Autor desconhecido) Em mil novecentos e antigamente, como se costuma falar, os quintais eram grandes, as casas n\u00e3o tinham cercas, quanto [&hellip;]","og_url":"https:\/\/www.notibras.com\/site\/o-presente-de-hoje-e-o-passado-do-amanha\/","og_site_name":"Notibras","article_publisher":"https:\/\/www.facebook.com\/notibras\/","article_published_time":"2026-01-22T05:00:48+00:00","og_image":[{"width":809,"height":1026,"url":"https:\/\/www.notibras.com\/site\/wp-content\/uploads\/2026\/01\/f348b4ce-b682-4535-a02e-e3b4be557a13.jpg","type":"image\/jpeg"}],"author":"Eduardo Mart\u00ednez","twitter_card":"summary_large_image","twitter_creator":"@Notibras","twitter_site":"@Notibras","twitter_misc":{"Escrito por":"Eduardo Mart\u00ednez","Est. tempo de leitura":"5 minutos"},"schema":{"@context":"https:\/\/schema.org","@graph":[{"@type":"Article","@id":"https:\/\/www.notibras.com\/site\/o-presente-de-hoje-e-o-passado-do-amanha\/#article","isPartOf":{"@id":"https:\/\/www.notibras.com\/site\/o-presente-de-hoje-e-o-passado-do-amanha\/"},"author":{"name":"Eduardo Mart\u00ednez","@id":"https:\/\/www.notibras.com\/site\/#\/schema\/person\/5b7fabf2aedc3ada2105f03b22b4d3dd"},"headline":"O PRESENTE DE HOJE \u00c9 O PASSADO DO AMANH\u00c3&#8230;","datePublished":"2026-01-22T05:00:48+00:00","mainEntityOfPage":{"@id":"https:\/\/www.notibras.com\/site\/o-presente-de-hoje-e-o-passado-do-amanha\/"},"wordCount":832,"publisher":{"@id":"https:\/\/www.notibras.com\/site\/#organization"},"image":{"@id":"https:\/\/www.notibras.com\/site\/o-presente-de-hoje-e-o-passado-do-amanha\/#primaryimage"},"thumbnailUrl":"https:\/\/www.notibras.com\/site\/wp-content\/uploads\/2026\/01\/f348b4ce-b682-4535-a02e-e3b4be557a13.jpg","articleSection":["Ponto de Vista"],"inLanguage":"pt-BR"},{"@type":"WebPage","@id":"https:\/\/www.notibras.com\/site\/o-presente-de-hoje-e-o-passado-do-amanha\/","url":"https:\/\/www.notibras.com\/site\/o-presente-de-hoje-e-o-passado-do-amanha\/","name":"O PRESENTE DE HOJE \u00c9 O PASSADO DO AMANH\u00c3... - Notibras","isPartOf":{"@id":"https:\/\/www.notibras.com\/site\/#website"},"primaryImageOfPage":{"@id":"https:\/\/www.notibras.com\/site\/o-presente-de-hoje-e-o-passado-do-amanha\/#primaryimage"},"image":{"@id":"https:\/\/www.notibras.com\/site\/o-presente-de-hoje-e-o-passado-do-amanha\/#primaryimage"},"thumbnailUrl":"https:\/\/www.notibras.com\/site\/wp-content\/uploads\/2026\/01\/f348b4ce-b682-4535-a02e-e3b4be557a13.jpg","datePublished":"2026-01-22T05:00:48+00:00","breadcrumb":{"@id":"https:\/\/www.notibras.com\/site\/o-presente-de-hoje-e-o-passado-do-amanha\/#breadcrumb"},"inLanguage":"pt-BR","potentialAction":[{"@type":"ReadAction","target":["https:\/\/www.notibras.com\/site\/o-presente-de-hoje-e-o-passado-do-amanha\/"]}]},{"@type":"ImageObject","inLanguage":"pt-BR","@id":"https:\/\/www.notibras.com\/site\/o-presente-de-hoje-e-o-passado-do-amanha\/#primaryimage","url":"https:\/\/www.notibras.com\/site\/wp-content\/uploads\/2026\/01\/f348b4ce-b682-4535-a02e-e3b4be557a13.jpg","contentUrl":"https:\/\/www.notibras.com\/site\/wp-content\/uploads\/2026\/01\/f348b4ce-b682-4535-a02e-e3b4be557a13.jpg","width":809,"height":1026},{"@type":"BreadcrumbList","@id":"https:\/\/www.notibras.com\/site\/o-presente-de-hoje-e-o-passado-do-amanha\/#breadcrumb","itemListElement":[{"@type":"ListItem","position":1,"name":"In\u00edcio","item":"https:\/\/www.notibras.com\/site\/"},{"@type":"ListItem","position":2,"name":"O PRESENTE DE HOJE \u00c9 O PASSADO DO AMANH\u00c3&#8230;"}]},{"@type":"WebSite","@id":"https:\/\/www.notibras.com\/site\/#website","url":"https:\/\/www.notibras.com\/site\/","name":"Notibras","description":"Not\u00edcias de Bras\u00edlia, do Brasil e do Mundo","publisher":{"@id":"https:\/\/www.notibras.com\/site\/#organization"},"potentialAction":[{"@type":"SearchAction","target":{"@type":"EntryPoint","urlTemplate":"https:\/\/www.notibras.com\/site\/?s={search_term_string}"},"query-input":{"@type":"PropertyValueSpecification","valueRequired":true,"valueName":"search_term_string"}}],"inLanguage":"pt-BR"},{"@type":"Organization","@id":"https:\/\/www.notibras.com\/site\/#organization","name":"Grupo Notibras de Comunica\u00e7\u00e3o","url":"https:\/\/www.notibras.com\/site\/","logo":{"@type":"ImageObject","inLanguage":"pt-BR","@id":"https:\/\/www.notibras.com\/site\/#\/schema\/logo\/image\/","url":"https:\/\/www.notibras.com\/site\/wp-content\/uploads\/2023\/01\/notibras23.png","contentUrl":"https:\/\/www.notibras.com\/site\/wp-content\/uploads\/2023\/01\/notibras23.png","width":350,"height":87,"caption":"Grupo Notibras de Comunica\u00e7\u00e3o"},"image":{"@id":"https:\/\/www.notibras.com\/site\/#\/schema\/logo\/image\/"},"sameAs":["https:\/\/www.facebook.com\/notibras\/","https:\/\/x.com\/Notibras","https:\/\/www.instagram.com\/notibras\/"]},{"@type":"Person","@id":"https:\/\/www.notibras.com\/site\/#\/schema\/person\/5b7fabf2aedc3ada2105f03b22b4d3dd","name":"Eduardo Mart\u00ednez","image":{"@type":"ImageObject","inLanguage":"pt-BR","@id":"https:\/\/secure.gravatar.com\/avatar\/7902f906289926289cbcda644b5197c796b893c6ffd7b9a536a42d290f7704a0?s=96&d=mm&r=g","url":"https:\/\/secure.gravatar.com\/avatar\/7902f906289926289cbcda644b5197c796b893c6ffd7b9a536a42d290f7704a0?s=96&d=mm&r=g","contentUrl":"https:\/\/secure.gravatar.com\/avatar\/7902f906289926289cbcda644b5197c796b893c6ffd7b9a536a42d290f7704a0?s=96&d=mm&r=g","caption":"Eduardo Mart\u00ednez"}}]}},"amp_enabled":true,"_links":{"self":[{"href":"https:\/\/www.notibras.com\/site\/wp-json\/wp\/v2\/posts\/379915","targetHints":{"allow":["GET"]}}],"collection":[{"href":"https:\/\/www.notibras.com\/site\/wp-json\/wp\/v2\/posts"}],"about":[{"href":"https:\/\/www.notibras.com\/site\/wp-json\/wp\/v2\/types\/post"}],"author":[{"embeddable":true,"href":"https:\/\/www.notibras.com\/site\/wp-json\/wp\/v2\/users\/21"}],"replies":[{"embeddable":true,"href":"https:\/\/www.notibras.com\/site\/wp-json\/wp\/v2\/comments?post=379915"}],"version-history":[{"count":2,"href":"https:\/\/www.notibras.com\/site\/wp-json\/wp\/v2\/posts\/379915\/revisions"}],"predecessor-version":[{"id":379918,"href":"https:\/\/www.notibras.com\/site\/wp-json\/wp\/v2\/posts\/379915\/revisions\/379918"}],"wp:featuredmedia":[{"embeddable":true,"href":"https:\/\/www.notibras.com\/site\/wp-json\/wp\/v2\/media\/379916"}],"wp:attachment":[{"href":"https:\/\/www.notibras.com\/site\/wp-json\/wp\/v2\/media?parent=379915"}],"wp:term":[{"taxonomy":"category","embeddable":true,"href":"https:\/\/www.notibras.com\/site\/wp-json\/wp\/v2\/categories?post=379915"},{"taxonomy":"post_tag","embeddable":true,"href":"https:\/\/www.notibras.com\/site\/wp-json\/wp\/v2\/tags?post=379915"}],"curies":[{"name":"wp","href":"https:\/\/api.w.org\/{rel}","templated":true}]}}