{"id":379919,"date":"2026-01-23T02:15:09","date_gmt":"2026-01-23T05:15:09","guid":{"rendered":"https:\/\/www.notibras.com\/site\/?p=379919"},"modified":"2026-01-21T02:21:41","modified_gmt":"2026-01-21T05:21:41","slug":"a-influencia-do-meio-em-que-vivemos","status":"publish","type":"post","link":"https:\/\/www.notibras.com\/site\/a-influencia-do-meio-em-que-vivemos\/","title":{"rendered":"A INFLU\u00caNCIA DO MEIO EM QUE VIVEMOS&#8230;"},"content":{"rendered":"<p><em>A cobra n\u00e3o tem p\u00e9<\/em><br \/>\n<em>A cobra n\u00e3o tem m\u00e3o<\/em><br \/>\n<em>Como \u00e9 que ela sobe <\/em><br \/>\n<em>No pezinho de lim\u00e3o?<\/em><br \/>\n<em>Como \u00e9 que ela sobe<\/em><br \/>\n<em>No pezinho de lim\u00e3o&#8230;<\/em><br \/>\n(Dom\u00ednio Popular)<\/p>\n<p>Crian\u00e7a n\u00e3o costuma pensar muito nos mist\u00e9rios da vida. Ela simplesmente reage \u00e0s circunst\u00e2ncias que aparecem \u00e0 sua frente. Se algo est\u00e1 acima de seu entendimento, corre para os bra\u00e7os aconchegantes da mam\u00e3e&#8230; ou de quem estiver dispon\u00edvel&#8230;<\/p>\n<p>Quando em contato com a Natureza, tudo a fascina e nada a surpreende. At\u00e9 tem algumas perguntas, mas se n\u00e3o houver respostas para estas, com certeza a crian\u00e7a n\u00e3o perder\u00e1 o sono por isso&#8230;<\/p>\n<p>Isso se deve, principalmente, porque os petizes ainda n\u00e3o est\u00e3o inseridos em nossa realidade nua e crua. Ainda vivem mais no plano et\u00e9reo que no nosso. Mesmo que fisicamente estejam ao nosso lado, sua cabecinha viaja por Universos que nem imaginamos quais sejam. E isso por um motivo muito simples&#8230; embora j\u00e1 tenhamos estado na mesma situa\u00e7\u00e3o em nossa inf\u00e2ncia, \u00e0 medida que vamos crescendo e adquirindo experi\u00eancia, nossa imagina\u00e7\u00e3o vai sendo filtrada e, depois de algum tempo, perdemos a capacidade de interagir com o mundo et\u00e9reo&#8230;<\/p>\n<p>Sendo sincera, nem sempre o Mundo da Imagina\u00e7\u00e3o \u00e9 um lugar tranquilo. Depende do meio em que a crian\u00e7a est\u00e1 inserida. Se o seu n\u00facleo familiar for harmonioso, com certeza seu Mundo de Faz de Conta ser\u00e1 um local prazeroso. Embora, veja bem, essa n\u00e3o \u00e9 uma regra imut\u00e1vel. Se a crian\u00e7a estiver no seio de uma fam\u00edlia ca\u00f3tica&#8230; e boa parte das fam\u00edlias o s\u00e3o&#8230; seu mundo infantil em nada ir\u00e1 perder para aquelas hist\u00f3rias de horror que lemos de vez em quando. Novamente, isso n\u00e3o significa que toda crian\u00e7a que faz parte de uma fam\u00edlia infeliz tenha experi\u00eancias ruins quanto ao seu Mundo Imagin\u00e1rio. Muitas delas se encontram inseridas em um mundo cor de rosa&#8230; \u00e9 a prote\u00e7\u00e3o que elas criam para fugir das agruras de sua vida real&#8230;<\/p>\n<p>O seio familiar tem influ\u00eancia na forma\u00e7\u00e3o dos pequenos. Embora n\u00e3o seja a \u00fanica, \u00e9 a principal fonte de conhecimento da crian\u00e7a. Ela replicar\u00e1 todas as a\u00e7\u00f5es que os adultos costumam fazer em seu dia a dia. Se estiver em um ambiente t\u00f3xico, com certeza ser\u00e1 t\u00f3xica no futuro. Pois as a\u00e7\u00f5es \u00e0 sua volta servir\u00e3o de modelo para seu comportamento, \u00e0 medida que vai se desenvolvendo&#8230;<\/p>\n<p>Quando chega a esse plano, a crian\u00e7a \u00e9 uma lousa em branco. N\u00e3o tem no\u00e7\u00e3o do certo ou do errado, n\u00e3o tem nenhum tipo de conceito ou preconceito. Conforme vai crescendo, e atrav\u00e9s da observa\u00e7\u00e3o do mundo ao seu redor, vai mimetizando as a\u00e7\u00f5es que desenrolam \u00e0 sua volta. \u00c9 quando se torna violenta se estiver em um ambiente violento, ou pacifista, se o meio em que est\u00e1 inserida seguir essa linha de comportamento&#8230;<\/p>\n<p>Claro, cada indiv\u00edduo tem sua pr\u00f3pria maneira de ser. E sua \u00edndole faz com que busque respostas que sua comunidade n\u00e3o \u00e9 capaz de lhe dar. \u00c9 quando h\u00e1 o rompimento de uma cadeia de acontecimentos que iria direcion\u00e1-lo para determinado caminho, mas devido \u00e0 ruptura em sua forma de agir, acaba seguindo outros destinos&#8230;<\/p>\n<p>Essa mudan\u00e7a de comportamento nada tem a ver com o tipo de educa\u00e7\u00e3o formal ou informal que a crian\u00e7a receber\u00e1&#8230; a fam\u00edlia nem sempre consegue determinar o caminho que esse novo ser ir\u00e1 seguir. Afinal, abrem-se \u00e0 nossa frente estradas infinitas, cada uma nos prometendo o Para\u00edso Celestial, onde n\u00e3o existe dor ou decep\u00e7\u00f5es&#8230;<\/p>\n<p>E \u00e9 nesse momento, quando fazemos nossas escolhas, que olhamos admiradas o estranho r\u00e9ptil que, sem possuir nenhum membro, consegue subir e descer de uma \u00e1rvore&#8230; e a\u00ed nasce uma certeza em nosso \u00e2mago&#8230; se ela, com todas as suas limita\u00e7\u00f5es, consegue o que a princ\u00edpio parece imposs\u00edvel, n\u00f3s que temos muito mais recursos tamb\u00e9m conseguiremos&#8230;<\/p>\n<p>Pense nisso&#8230;<\/p>\n","protected":false},"excerpt":{"rendered":"<p>A cobra n\u00e3o tem p\u00e9 A cobra n\u00e3o tem m\u00e3o Como \u00e9 que ela sobe No pezinho de lim\u00e3o? Como \u00e9 que ela sobe No pezinho de lim\u00e3o&#8230; (Dom\u00ednio Popular) Crian\u00e7a n\u00e3o costuma pensar muito nos mist\u00e9rios da vida. Ela simplesmente reage \u00e0s circunst\u00e2ncias que aparecem \u00e0 sua frente. Se algo est\u00e1 acima de seu [&hellip;]<\/p>\n","protected":false},"author":21,"featured_media":379920,"comment_status":"closed","ping_status":"closed","sticky":false,"template":"","format":"standard","meta":{"_acf_changed":false,"footnotes":""},"categories":[236],"tags":[],"class_list":["post-379919","post","type-post","status-publish","format-standard","has-post-thumbnail","hentry","category-ponto-de-vista"],"acf":[],"yoast_head":"<!-- This site is optimized with the Yoast SEO plugin v27.2 - https:\/\/yoast.com\/product\/yoast-seo-wordpress\/ -->\n<title>A INFLU\u00caNCIA DO MEIO EM QUE VIVEMOS... - Notibras<\/title>\n<meta name=\"robots\" content=\"index, follow, max-snippet:-1, max-image-preview:large, max-video-preview:-1\" \/>\n<link rel=\"canonical\" href=\"https:\/\/www.notibras.com\/site\/a-influencia-do-meio-em-que-vivemos\/\" \/>\n<meta property=\"og:locale\" content=\"pt_BR\" \/>\n<meta property=\"og:type\" content=\"article\" \/>\n<meta property=\"og:title\" content=\"A INFLU\u00caNCIA DO MEIO EM QUE VIVEMOS... - Notibras\" \/>\n<meta property=\"og:description\" content=\"A cobra n\u00e3o tem p\u00e9 A cobra n\u00e3o tem m\u00e3o Como \u00e9 que ela sobe No pezinho de lim\u00e3o? Como \u00e9 que ela sobe No pezinho de lim\u00e3o&#8230; (Dom\u00ednio Popular) Crian\u00e7a n\u00e3o costuma pensar muito nos mist\u00e9rios da vida. Ela simplesmente reage \u00e0s circunst\u00e2ncias que aparecem \u00e0 sua frente. Se algo est\u00e1 acima de seu [&hellip;]\" \/>\n<meta property=\"og:url\" content=\"https:\/\/www.notibras.com\/site\/a-influencia-do-meio-em-que-vivemos\/\" \/>\n<meta property=\"og:site_name\" content=\"Notibras\" \/>\n<meta property=\"article:publisher\" content=\"https:\/\/www.facebook.com\/notibras\/\" \/>\n<meta property=\"article:published_time\" content=\"2026-01-23T05:15:09+00:00\" \/>\n<meta property=\"og:image\" content=\"https:\/\/www.notibras.com\/site\/wp-content\/uploads\/2026\/01\/1d305a09-7e98-4d75-a0c0-e34d69606702.jpg\" \/>\n\t<meta property=\"og:image:width\" content=\"809\" \/>\n\t<meta property=\"og:image:height\" content=\"1166\" \/>\n\t<meta property=\"og:image:type\" content=\"image\/jpeg\" \/>\n<meta name=\"author\" content=\"Eduardo Mart\u00ednez\" \/>\n<meta name=\"twitter:card\" content=\"summary_large_image\" \/>\n<meta name=\"twitter:creator\" content=\"@Notibras\" \/>\n<meta name=\"twitter:site\" content=\"@Notibras\" \/>\n<meta name=\"twitter:label1\" content=\"Escrito por\" \/>\n\t<meta name=\"twitter:data1\" content=\"Eduardo Mart\u00ednez\" \/>\n\t<meta name=\"twitter:label2\" content=\"Est. tempo de leitura\" \/>\n\t<meta name=\"twitter:data2\" content=\"4 minutos\" \/>\n<script type=\"application\/ld+json\" class=\"yoast-schema-graph\">{\"@context\":\"https:\/\/schema.org\",\"@graph\":[{\"@type\":\"Article\",\"@id\":\"https:\/\/www.notibras.com\/site\/a-influencia-do-meio-em-que-vivemos\/#article\",\"isPartOf\":{\"@id\":\"https:\/\/www.notibras.com\/site\/a-influencia-do-meio-em-que-vivemos\/\"},\"author\":{\"name\":\"Eduardo Mart\u00ednez\",\"@id\":\"https:\/\/www.notibras.com\/site\/#\/schema\/person\/5b7fabf2aedc3ada2105f03b22b4d3dd\"},\"headline\":\"A INFLU\u00caNCIA DO MEIO EM QUE VIVEMOS&#8230;\",\"datePublished\":\"2026-01-23T05:15:09+00:00\",\"mainEntityOfPage\":{\"@id\":\"https:\/\/www.notibras.com\/site\/a-influencia-do-meio-em-que-vivemos\/\"},\"wordCount\":692,\"publisher\":{\"@id\":\"https:\/\/www.notibras.com\/site\/#organization\"},\"image\":{\"@id\":\"https:\/\/www.notibras.com\/site\/a-influencia-do-meio-em-que-vivemos\/#primaryimage\"},\"thumbnailUrl\":\"https:\/\/www.notibras.com\/site\/wp-content\/uploads\/2026\/01\/1d305a09-7e98-4d75-a0c0-e34d69606702.jpg\",\"articleSection\":[\"Ponto de Vista\"],\"inLanguage\":\"pt-BR\"},{\"@type\":\"WebPage\",\"@id\":\"https:\/\/www.notibras.com\/site\/a-influencia-do-meio-em-que-vivemos\/\",\"url\":\"https:\/\/www.notibras.com\/site\/a-influencia-do-meio-em-que-vivemos\/\",\"name\":\"A INFLU\u00caNCIA DO MEIO EM QUE VIVEMOS... - Notibras\",\"isPartOf\":{\"@id\":\"https:\/\/www.notibras.com\/site\/#website\"},\"primaryImageOfPage\":{\"@id\":\"https:\/\/www.notibras.com\/site\/a-influencia-do-meio-em-que-vivemos\/#primaryimage\"},\"image\":{\"@id\":\"https:\/\/www.notibras.com\/site\/a-influencia-do-meio-em-que-vivemos\/#primaryimage\"},\"thumbnailUrl\":\"https:\/\/www.notibras.com\/site\/wp-content\/uploads\/2026\/01\/1d305a09-7e98-4d75-a0c0-e34d69606702.jpg\",\"datePublished\":\"2026-01-23T05:15:09+00:00\",\"breadcrumb\":{\"@id\":\"https:\/\/www.notibras.com\/site\/a-influencia-do-meio-em-que-vivemos\/#breadcrumb\"},\"inLanguage\":\"pt-BR\",\"potentialAction\":[{\"@type\":\"ReadAction\",\"target\":[\"https:\/\/www.notibras.com\/site\/a-influencia-do-meio-em-que-vivemos\/\"]}]},{\"@type\":\"ImageObject\",\"inLanguage\":\"pt-BR\",\"@id\":\"https:\/\/www.notibras.com\/site\/a-influencia-do-meio-em-que-vivemos\/#primaryimage\",\"url\":\"https:\/\/www.notibras.com\/site\/wp-content\/uploads\/2026\/01\/1d305a09-7e98-4d75-a0c0-e34d69606702.jpg\",\"contentUrl\":\"https:\/\/www.notibras.com\/site\/wp-content\/uploads\/2026\/01\/1d305a09-7e98-4d75-a0c0-e34d69606702.jpg\",\"width\":809,\"height\":1166},{\"@type\":\"BreadcrumbList\",\"@id\":\"https:\/\/www.notibras.com\/site\/a-influencia-do-meio-em-que-vivemos\/#breadcrumb\",\"itemListElement\":[{\"@type\":\"ListItem\",\"position\":1,\"name\":\"In\u00edcio\",\"item\":\"https:\/\/www.notibras.com\/site\/\"},{\"@type\":\"ListItem\",\"position\":2,\"name\":\"A INFLU\u00caNCIA DO MEIO EM QUE VIVEMOS&#8230;\"}]},{\"@type\":\"WebSite\",\"@id\":\"https:\/\/www.notibras.com\/site\/#website\",\"url\":\"https:\/\/www.notibras.com\/site\/\",\"name\":\"Notibras\",\"description\":\"Not\u00edcias de Bras\u00edlia, do Brasil e do Mundo\",\"publisher\":{\"@id\":\"https:\/\/www.notibras.com\/site\/#organization\"},\"potentialAction\":[{\"@type\":\"SearchAction\",\"target\":{\"@type\":\"EntryPoint\",\"urlTemplate\":\"https:\/\/www.notibras.com\/site\/?s={search_term_string}\"},\"query-input\":{\"@type\":\"PropertyValueSpecification\",\"valueRequired\":true,\"valueName\":\"search_term_string\"}}],\"inLanguage\":\"pt-BR\"},{\"@type\":\"Organization\",\"@id\":\"https:\/\/www.notibras.com\/site\/#organization\",\"name\":\"Grupo Notibras de Comunica\u00e7\u00e3o\",\"url\":\"https:\/\/www.notibras.com\/site\/\",\"logo\":{\"@type\":\"ImageObject\",\"inLanguage\":\"pt-BR\",\"@id\":\"https:\/\/www.notibras.com\/site\/#\/schema\/logo\/image\/\",\"url\":\"https:\/\/www.notibras.com\/site\/wp-content\/uploads\/2023\/01\/notibras23.png\",\"contentUrl\":\"https:\/\/www.notibras.com\/site\/wp-content\/uploads\/2023\/01\/notibras23.png\",\"width\":350,\"height\":87,\"caption\":\"Grupo Notibras de Comunica\u00e7\u00e3o\"},\"image\":{\"@id\":\"https:\/\/www.notibras.com\/site\/#\/schema\/logo\/image\/\"},\"sameAs\":[\"https:\/\/www.facebook.com\/notibras\/\",\"https:\/\/x.com\/Notibras\",\"https:\/\/www.instagram.com\/notibras\/\"]},{\"@type\":\"Person\",\"@id\":\"https:\/\/www.notibras.com\/site\/#\/schema\/person\/5b7fabf2aedc3ada2105f03b22b4d3dd\",\"name\":\"Eduardo Mart\u00ednez\",\"image\":{\"@type\":\"ImageObject\",\"inLanguage\":\"pt-BR\",\"@id\":\"https:\/\/secure.gravatar.com\/avatar\/7902f906289926289cbcda644b5197c796b893c6ffd7b9a536a42d290f7704a0?s=96&d=mm&r=g\",\"url\":\"https:\/\/secure.gravatar.com\/avatar\/7902f906289926289cbcda644b5197c796b893c6ffd7b9a536a42d290f7704a0?s=96&d=mm&r=g\",\"contentUrl\":\"https:\/\/secure.gravatar.com\/avatar\/7902f906289926289cbcda644b5197c796b893c6ffd7b9a536a42d290f7704a0?s=96&d=mm&r=g\",\"caption\":\"Eduardo Mart\u00ednez\"}}]}<\/script>\n<!-- \/ Yoast SEO plugin. -->","yoast_head_json":{"title":"A INFLU\u00caNCIA DO MEIO EM QUE VIVEMOS... - Notibras","robots":{"index":"index","follow":"follow","max-snippet":"max-snippet:-1","max-image-preview":"max-image-preview:large","max-video-preview":"max-video-preview:-1"},"canonical":"https:\/\/www.notibras.com\/site\/a-influencia-do-meio-em-que-vivemos\/","og_locale":"pt_BR","og_type":"article","og_title":"A INFLU\u00caNCIA DO MEIO EM QUE VIVEMOS... - Notibras","og_description":"A cobra n\u00e3o tem p\u00e9 A cobra n\u00e3o tem m\u00e3o Como \u00e9 que ela sobe No pezinho de lim\u00e3o? Como \u00e9 que ela sobe No pezinho de lim\u00e3o&#8230; (Dom\u00ednio Popular) Crian\u00e7a n\u00e3o costuma pensar muito nos mist\u00e9rios da vida. Ela simplesmente reage \u00e0s circunst\u00e2ncias que aparecem \u00e0 sua frente. Se algo est\u00e1 acima de seu [&hellip;]","og_url":"https:\/\/www.notibras.com\/site\/a-influencia-do-meio-em-que-vivemos\/","og_site_name":"Notibras","article_publisher":"https:\/\/www.facebook.com\/notibras\/","article_published_time":"2026-01-23T05:15:09+00:00","og_image":[{"width":809,"height":1166,"url":"https:\/\/www.notibras.com\/site\/wp-content\/uploads\/2026\/01\/1d305a09-7e98-4d75-a0c0-e34d69606702.jpg","type":"image\/jpeg"}],"author":"Eduardo Mart\u00ednez","twitter_card":"summary_large_image","twitter_creator":"@Notibras","twitter_site":"@Notibras","twitter_misc":{"Escrito por":"Eduardo Mart\u00ednez","Est. tempo de leitura":"4 minutos"},"schema":{"@context":"https:\/\/schema.org","@graph":[{"@type":"Article","@id":"https:\/\/www.notibras.com\/site\/a-influencia-do-meio-em-que-vivemos\/#article","isPartOf":{"@id":"https:\/\/www.notibras.com\/site\/a-influencia-do-meio-em-que-vivemos\/"},"author":{"name":"Eduardo Mart\u00ednez","@id":"https:\/\/www.notibras.com\/site\/#\/schema\/person\/5b7fabf2aedc3ada2105f03b22b4d3dd"},"headline":"A INFLU\u00caNCIA DO MEIO EM QUE VIVEMOS&#8230;","datePublished":"2026-01-23T05:15:09+00:00","mainEntityOfPage":{"@id":"https:\/\/www.notibras.com\/site\/a-influencia-do-meio-em-que-vivemos\/"},"wordCount":692,"publisher":{"@id":"https:\/\/www.notibras.com\/site\/#organization"},"image":{"@id":"https:\/\/www.notibras.com\/site\/a-influencia-do-meio-em-que-vivemos\/#primaryimage"},"thumbnailUrl":"https:\/\/www.notibras.com\/site\/wp-content\/uploads\/2026\/01\/1d305a09-7e98-4d75-a0c0-e34d69606702.jpg","articleSection":["Ponto de Vista"],"inLanguage":"pt-BR"},{"@type":"WebPage","@id":"https:\/\/www.notibras.com\/site\/a-influencia-do-meio-em-que-vivemos\/","url":"https:\/\/www.notibras.com\/site\/a-influencia-do-meio-em-que-vivemos\/","name":"A INFLU\u00caNCIA DO MEIO EM QUE VIVEMOS... - Notibras","isPartOf":{"@id":"https:\/\/www.notibras.com\/site\/#website"},"primaryImageOfPage":{"@id":"https:\/\/www.notibras.com\/site\/a-influencia-do-meio-em-que-vivemos\/#primaryimage"},"image":{"@id":"https:\/\/www.notibras.com\/site\/a-influencia-do-meio-em-que-vivemos\/#primaryimage"},"thumbnailUrl":"https:\/\/www.notibras.com\/site\/wp-content\/uploads\/2026\/01\/1d305a09-7e98-4d75-a0c0-e34d69606702.jpg","datePublished":"2026-01-23T05:15:09+00:00","breadcrumb":{"@id":"https:\/\/www.notibras.com\/site\/a-influencia-do-meio-em-que-vivemos\/#breadcrumb"},"inLanguage":"pt-BR","potentialAction":[{"@type":"ReadAction","target":["https:\/\/www.notibras.com\/site\/a-influencia-do-meio-em-que-vivemos\/"]}]},{"@type":"ImageObject","inLanguage":"pt-BR","@id":"https:\/\/www.notibras.com\/site\/a-influencia-do-meio-em-que-vivemos\/#primaryimage","url":"https:\/\/www.notibras.com\/site\/wp-content\/uploads\/2026\/01\/1d305a09-7e98-4d75-a0c0-e34d69606702.jpg","contentUrl":"https:\/\/www.notibras.com\/site\/wp-content\/uploads\/2026\/01\/1d305a09-7e98-4d75-a0c0-e34d69606702.jpg","width":809,"height":1166},{"@type":"BreadcrumbList","@id":"https:\/\/www.notibras.com\/site\/a-influencia-do-meio-em-que-vivemos\/#breadcrumb","itemListElement":[{"@type":"ListItem","position":1,"name":"In\u00edcio","item":"https:\/\/www.notibras.com\/site\/"},{"@type":"ListItem","position":2,"name":"A INFLU\u00caNCIA DO MEIO EM QUE VIVEMOS&#8230;"}]},{"@type":"WebSite","@id":"https:\/\/www.notibras.com\/site\/#website","url":"https:\/\/www.notibras.com\/site\/","name":"Notibras","description":"Not\u00edcias de Bras\u00edlia, do Brasil e do Mundo","publisher":{"@id":"https:\/\/www.notibras.com\/site\/#organization"},"potentialAction":[{"@type":"SearchAction","target":{"@type":"EntryPoint","urlTemplate":"https:\/\/www.notibras.com\/site\/?s={search_term_string}"},"query-input":{"@type":"PropertyValueSpecification","valueRequired":true,"valueName":"search_term_string"}}],"inLanguage":"pt-BR"},{"@type":"Organization","@id":"https:\/\/www.notibras.com\/site\/#organization","name":"Grupo Notibras de Comunica\u00e7\u00e3o","url":"https:\/\/www.notibras.com\/site\/","logo":{"@type":"ImageObject","inLanguage":"pt-BR","@id":"https:\/\/www.notibras.com\/site\/#\/schema\/logo\/image\/","url":"https:\/\/www.notibras.com\/site\/wp-content\/uploads\/2023\/01\/notibras23.png","contentUrl":"https:\/\/www.notibras.com\/site\/wp-content\/uploads\/2023\/01\/notibras23.png","width":350,"height":87,"caption":"Grupo Notibras de Comunica\u00e7\u00e3o"},"image":{"@id":"https:\/\/www.notibras.com\/site\/#\/schema\/logo\/image\/"},"sameAs":["https:\/\/www.facebook.com\/notibras\/","https:\/\/x.com\/Notibras","https:\/\/www.instagram.com\/notibras\/"]},{"@type":"Person","@id":"https:\/\/www.notibras.com\/site\/#\/schema\/person\/5b7fabf2aedc3ada2105f03b22b4d3dd","name":"Eduardo Mart\u00ednez","image":{"@type":"ImageObject","inLanguage":"pt-BR","@id":"https:\/\/secure.gravatar.com\/avatar\/7902f906289926289cbcda644b5197c796b893c6ffd7b9a536a42d290f7704a0?s=96&d=mm&r=g","url":"https:\/\/secure.gravatar.com\/avatar\/7902f906289926289cbcda644b5197c796b893c6ffd7b9a536a42d290f7704a0?s=96&d=mm&r=g","contentUrl":"https:\/\/secure.gravatar.com\/avatar\/7902f906289926289cbcda644b5197c796b893c6ffd7b9a536a42d290f7704a0?s=96&d=mm&r=g","caption":"Eduardo Mart\u00ednez"}}]}},"amp_enabled":true,"_links":{"self":[{"href":"https:\/\/www.notibras.com\/site\/wp-json\/wp\/v2\/posts\/379919","targetHints":{"allow":["GET"]}}],"collection":[{"href":"https:\/\/www.notibras.com\/site\/wp-json\/wp\/v2\/posts"}],"about":[{"href":"https:\/\/www.notibras.com\/site\/wp-json\/wp\/v2\/types\/post"}],"author":[{"embeddable":true,"href":"https:\/\/www.notibras.com\/site\/wp-json\/wp\/v2\/users\/21"}],"replies":[{"embeddable":true,"href":"https:\/\/www.notibras.com\/site\/wp-json\/wp\/v2\/comments?post=379919"}],"version-history":[{"count":2,"href":"https:\/\/www.notibras.com\/site\/wp-json\/wp\/v2\/posts\/379919\/revisions"}],"predecessor-version":[{"id":379922,"href":"https:\/\/www.notibras.com\/site\/wp-json\/wp\/v2\/posts\/379919\/revisions\/379922"}],"wp:featuredmedia":[{"embeddable":true,"href":"https:\/\/www.notibras.com\/site\/wp-json\/wp\/v2\/media\/379920"}],"wp:attachment":[{"href":"https:\/\/www.notibras.com\/site\/wp-json\/wp\/v2\/media?parent=379919"}],"wp:term":[{"taxonomy":"category","embeddable":true,"href":"https:\/\/www.notibras.com\/site\/wp-json\/wp\/v2\/categories?post=379919"},{"taxonomy":"post_tag","embeddable":true,"href":"https:\/\/www.notibras.com\/site\/wp-json\/wp\/v2\/tags?post=379919"}],"curies":[{"name":"wp","href":"https:\/\/api.w.org\/{rel}","templated":true}]}}