{"id":379923,"date":"2026-01-24T02:00:47","date_gmt":"2026-01-24T05:00:47","guid":{"rendered":"https:\/\/www.notibras.com\/site\/?p=379923"},"modified":"2026-01-21T02:28:21","modified_gmt":"2026-01-21T05:28:21","slug":"alo-bom-dia","status":"publish","type":"post","link":"https:\/\/www.notibras.com\/site\/alo-bom-dia\/","title":{"rendered":"AL\u00d4, BOM DIA&#8230;"},"content":{"rendered":"<p><em>Al\u00f4, bom dia<\/em><br \/>\n<em>Oh, como vai voc\u00ea?<\/em><br \/>\n<em>Um olhar bem amigo,<\/em><br \/>\n<em>Um claro sorriso.<\/em><br \/>\n<em>Um aperto de m\u00e3o<\/em><br \/>\n<em>E a gente, sem saber como e porque<\/em><br \/>\n<em>Se sente feliz e sai a cantar<\/em><br \/>\n<em>Alegre can\u00e7\u00e3o<\/em><br \/>\n<em>Saber dar um bom dia cheio de bondade<\/em><br \/>\n<em>Dizer bom dia com sinceridade<\/em><br \/>\n<em>\u00c9 dar sempre o melhor de nosso cora\u00e7\u00e3o<\/em><br \/>\n<em>Al\u00f4, bom dia irm\u00e3o<\/em><br \/>\n(autoria desconhecida)<\/p>\n<p>Na d\u00e9cada de sessenta, todo dia uma freirinha cantava essa can\u00e7\u00e3o \u00e0s seis da manh\u00e3. E logo a seguir, contava uma historinha&#8230; era a R\u00e1dio Nove de Julho. N\u00e3o sei o nome da freirinha, tamb\u00e9m n\u00e3o sei quem escreveu a can\u00e7\u00e3o. Sei que ficou marcada na minha mem\u00f3ria, assim como outras can\u00e7\u00f5es infantis, que traziam para a garotada li\u00e7\u00f5es de moral e comportamento. Eram can\u00e7\u00f5es simples, onde se enaltecia a amizade, o amor&#8230;<\/p>\n<p>Entre as v\u00e1rias can\u00e7\u00f5es para o p\u00fablico infantil, havia uma do Palha\u00e7o Carequinha, intitulada &#8220;O bom menino&#8221;, onde um dos versos finais dizia &#8220;Papai do C\u00e9u protege o bom menino&#8221;&#8230; era outra era, quando n\u00e3o havia a maioria dos recursos dispon\u00edveis nos dias de hoje&#8230;<\/p>\n<p>Viv\u00edamos ainda no Brasil Rural, onde a maioria dos bairros em nada se diferia da vida no Campo. As ruas eram de terra batida, as casas eram simples, os terrenos n\u00e3o precisavam de muros&#8230; os bairros, geralmente, concentravam pessoas vindas de uma mesma regi\u00e3o e isso possibilitava uma melhor comunh\u00e3o entre elas, visto que seus costumes e cren\u00e7as eram os mesmos&#8230;<\/p>\n<p>Se havia racismo? Bem, como eu disse, as pessoas que vinham para a Cidade Grande geralmente eram trabalhadores rurais que estavam tentando a sorte, procurando um futuro melhor para sua fam\u00edlia. Eram brancos, negros, pardos&#8230; todos no mesmo balaio, sem distin\u00e7\u00e3o de cor ou ra\u00e7a. Todos irmanados, lutando ombro a ombro, se ajudando mutuamente&#8230;<\/p>\n<p>Claro, haviam as piadas racistas. Mas o sentimento de irmandade era mais forte que o preconceito. Mesmo porque, ontem como hoje, o preconceito mais forte ainda \u00e9 o de classe. Um branco pobre est\u00e1 no mesmo patamar que um negro nas mesmas condi\u00e7\u00f5es. O que conta ainda \u00e9 a conta banc\u00e1ria do cidad\u00e3o&#8230;<\/p>\n<p>Eu sou mesti\u00e7a das tr\u00eas ra\u00e7as. Tenho ascend\u00eancia negra, \u00edndia e branca. Como a maioria das pessoas que cresceram ao meu redor. Mesmo os loirinhos de nossa turma tinham sangue negro ou \u00edndio, ou os dois ao mesmo tempo, misturados com sangue branco&#8230; bem, quer dizer, todo sangue \u00e9 vermelho&#8230;<\/p>\n<p>A algum tempo atr\u00e1s, em uma de minhas \u00faltimas coloca\u00e7\u00f5es, a chefe do momento me perguntou se eu nunca havia enfrentado preconceito em meu passado. Como eu disse, nossa comunidade era muito unida. Brancos, negros e pardos tinham todos a mesma origem&#8230; ent\u00e3o, n\u00e3o havia o porqu\u00ea de haver distin\u00e7\u00e3o entre n\u00f3s. Os homens se reuniam \u00e0 noite, para tocar viola e cantar, as mulheres estavam sempre juntas, auxiliando uma \u00e0 outra nos percal\u00e7os do dia a dia e as crian\u00e7as estavam sempre juntas, compartilhando suas brincadeiras&#8230;<\/p>\n<p>Sim, eram outros tempos. Claro, o mundo n\u00e3o era uma maravilha. Haviam problemas. Mas as pessoas conseguiam contorn\u00e1-los e seguiam em frente. Brigas? Claro, desentendimentos acontecem a toda hora. Mas depois de algum tempo se fazia as pazes e tudo seguia como se nada tivesse ocorrido. N\u00e3o importa se era no grupo dos homens, das mulheres ou das crian\u00e7as. Ningu\u00e9m guardava m\u00e1goa de ningu\u00e9m&#8230;<\/p>\n<p>Como eu disse, as vilas seguiam o mesmo padr\u00e3o das col\u00f4nias das fazendas do interior. Ningu\u00e9m demarcava sua propriedade. Cada um sabia exatamente onde come\u00e7ava e terminava seu dom\u00ednio. Para as crian\u00e7as isso era \u00f3timo. Afinal, para ir da casa de um coleguinha para o outro, n\u00e3o havia necessidade de caminhar pela rua. Corriam por entre os v\u00e1rios terrenos, convocando todas as crian\u00e7as para brincarem de alguma coisa&#8230; queimada, ciranda, amarelinha&#8230;<\/p>\n<p>Todos os bairros tinham, em sua entrada, a bandeira dos tr\u00eas santos padroeiros das festas juninas. E, quando chegava essa \u00e9poca, as escolas abriam suas portas para festejar todos juntos. Duplas caipiras da pr\u00f3pria regi\u00e3o iam cantar, animando o baile com seu casal de viola e a sanfona. Sim, o sanfoneiro era a figura principal do evento&#8230;<\/p>\n<p>No come\u00e7o do ano, havia a Folia de Reis&#8230; v\u00e1rios violeiros saiam pelo bairro, visitando as casas e fazendo suas ora\u00e7\u00f5es musicadas. Fogos de artif\u00edcio iluminavam o c\u00e9u e a cantilena ia at\u00e9 de madrugada, regada a cacha\u00e7a, \u00e9 claro&#8230;<\/p>\n<p>E todos estavam sempre unidos. Quase n\u00e3o se falava &#8220;bom dia&#8221; para ningu\u00e9m, mas o desejo de um dia lindo e maravilhoso para seu pr\u00f3ximo estava estampado no riso franco de cada um&#8230;<\/p>\n<p>N\u00e3o estou dizendo que o passado era melhor que o presente. Estou falando da realidade que vivi, onde o Amor, a Amizade sempre estiveram presentes. Claro, pode ser que essa impress\u00e3o se deva ao fato de que nossas lembran\u00e7as do passado vem sempre pasteurizadas, onde as fases n\u00e3o t\u00e3o boas por n\u00f3s vividas s\u00e3o simplesmente esquecidas&#8230;<\/p>\n<p>Al\u00f4, bom dia&#8230; que consigamos viver sempre em paz, deixando de lado todas as picuinhas que insistem em se apresentar em nossa vida. Pois, como j\u00e1 disse o poeta, certa vez, s\u00f3 o Amor constr\u00f3i&#8230; pense nisso&#8230;<\/p>\n","protected":false},"excerpt":{"rendered":"<p>Al\u00f4, bom dia Oh, como vai voc\u00ea? Um olhar bem amigo, Um claro sorriso. Um aperto de m\u00e3o E a gente, sem saber como e porque Se sente feliz e sai a cantar Alegre can\u00e7\u00e3o Saber dar um bom dia cheio de bondade Dizer bom dia com sinceridade \u00c9 dar sempre o melhor de nosso [&hellip;]<\/p>\n","protected":false},"author":21,"featured_media":379924,"comment_status":"closed","ping_status":"closed","sticky":false,"template":"","format":"standard","meta":{"_acf_changed":false,"footnotes":""},"categories":[236],"tags":[],"class_list":["post-379923","post","type-post","status-publish","format-standard","has-post-thumbnail","hentry","category-ponto-de-vista"],"acf":[],"yoast_head":"<!-- This site is optimized with the Yoast SEO plugin v27.2 - https:\/\/yoast.com\/product\/yoast-seo-wordpress\/ -->\n<title>AL\u00d4, BOM DIA... - Notibras<\/title>\n<meta name=\"robots\" content=\"index, follow, max-snippet:-1, max-image-preview:large, max-video-preview:-1\" \/>\n<link rel=\"canonical\" href=\"https:\/\/www.notibras.com\/site\/alo-bom-dia\/\" \/>\n<meta property=\"og:locale\" content=\"pt_BR\" \/>\n<meta property=\"og:type\" content=\"article\" \/>\n<meta property=\"og:title\" content=\"AL\u00d4, BOM DIA... - Notibras\" \/>\n<meta property=\"og:description\" content=\"Al\u00f4, bom dia Oh, como vai voc\u00ea? Um olhar bem amigo, Um claro sorriso. Um aperto de m\u00e3o E a gente, sem saber como e porque Se sente feliz e sai a cantar Alegre can\u00e7\u00e3o Saber dar um bom dia cheio de bondade Dizer bom dia com sinceridade \u00c9 dar sempre o melhor de nosso [&hellip;]\" \/>\n<meta property=\"og:url\" content=\"https:\/\/www.notibras.com\/site\/alo-bom-dia\/\" \/>\n<meta property=\"og:site_name\" content=\"Notibras\" \/>\n<meta property=\"article:publisher\" content=\"https:\/\/www.facebook.com\/notibras\/\" \/>\n<meta property=\"article:published_time\" content=\"2026-01-24T05:00:47+00:00\" \/>\n<meta property=\"og:image\" content=\"https:\/\/www.notibras.com\/site\/wp-content\/uploads\/2026\/01\/IMG_0474.jpg\" \/>\n\t<meta property=\"og:image:width\" content=\"1023\" \/>\n\t<meta property=\"og:image:height\" content=\"916\" \/>\n\t<meta property=\"og:image:type\" content=\"image\/jpeg\" \/>\n<meta name=\"author\" content=\"Eduardo Mart\u00ednez\" \/>\n<meta name=\"twitter:card\" content=\"summary_large_image\" \/>\n<meta name=\"twitter:creator\" content=\"@Notibras\" \/>\n<meta name=\"twitter:site\" content=\"@Notibras\" \/>\n<meta name=\"twitter:label1\" content=\"Escrito por\" \/>\n\t<meta name=\"twitter:data1\" content=\"Eduardo Mart\u00ednez\" \/>\n\t<meta name=\"twitter:label2\" content=\"Est. tempo de leitura\" \/>\n\t<meta name=\"twitter:data2\" content=\"5 minutos\" \/>\n<script type=\"application\/ld+json\" class=\"yoast-schema-graph\">{\"@context\":\"https:\/\/schema.org\",\"@graph\":[{\"@type\":\"Article\",\"@id\":\"https:\/\/www.notibras.com\/site\/alo-bom-dia\/#article\",\"isPartOf\":{\"@id\":\"https:\/\/www.notibras.com\/site\/alo-bom-dia\/\"},\"author\":{\"name\":\"Eduardo Mart\u00ednez\",\"@id\":\"https:\/\/www.notibras.com\/site\/#\/schema\/person\/5b7fabf2aedc3ada2105f03b22b4d3dd\"},\"headline\":\"AL\u00d4, BOM DIA&#8230;\",\"datePublished\":\"2026-01-24T05:00:47+00:00\",\"mainEntityOfPage\":{\"@id\":\"https:\/\/www.notibras.com\/site\/alo-bom-dia\/\"},\"wordCount\":920,\"publisher\":{\"@id\":\"https:\/\/www.notibras.com\/site\/#organization\"},\"image\":{\"@id\":\"https:\/\/www.notibras.com\/site\/alo-bom-dia\/#primaryimage\"},\"thumbnailUrl\":\"https:\/\/www.notibras.com\/site\/wp-content\/uploads\/2026\/01\/IMG_0474.jpg\",\"articleSection\":[\"Ponto de Vista\"],\"inLanguage\":\"pt-BR\"},{\"@type\":\"WebPage\",\"@id\":\"https:\/\/www.notibras.com\/site\/alo-bom-dia\/\",\"url\":\"https:\/\/www.notibras.com\/site\/alo-bom-dia\/\",\"name\":\"AL\u00d4, BOM DIA... - Notibras\",\"isPartOf\":{\"@id\":\"https:\/\/www.notibras.com\/site\/#website\"},\"primaryImageOfPage\":{\"@id\":\"https:\/\/www.notibras.com\/site\/alo-bom-dia\/#primaryimage\"},\"image\":{\"@id\":\"https:\/\/www.notibras.com\/site\/alo-bom-dia\/#primaryimage\"},\"thumbnailUrl\":\"https:\/\/www.notibras.com\/site\/wp-content\/uploads\/2026\/01\/IMG_0474.jpg\",\"datePublished\":\"2026-01-24T05:00:47+00:00\",\"breadcrumb\":{\"@id\":\"https:\/\/www.notibras.com\/site\/alo-bom-dia\/#breadcrumb\"},\"inLanguage\":\"pt-BR\",\"potentialAction\":[{\"@type\":\"ReadAction\",\"target\":[\"https:\/\/www.notibras.com\/site\/alo-bom-dia\/\"]}]},{\"@type\":\"ImageObject\",\"inLanguage\":\"pt-BR\",\"@id\":\"https:\/\/www.notibras.com\/site\/alo-bom-dia\/#primaryimage\",\"url\":\"https:\/\/www.notibras.com\/site\/wp-content\/uploads\/2026\/01\/IMG_0474.jpg\",\"contentUrl\":\"https:\/\/www.notibras.com\/site\/wp-content\/uploads\/2026\/01\/IMG_0474.jpg\",\"width\":1023,\"height\":916},{\"@type\":\"BreadcrumbList\",\"@id\":\"https:\/\/www.notibras.com\/site\/alo-bom-dia\/#breadcrumb\",\"itemListElement\":[{\"@type\":\"ListItem\",\"position\":1,\"name\":\"In\u00edcio\",\"item\":\"https:\/\/www.notibras.com\/site\/\"},{\"@type\":\"ListItem\",\"position\":2,\"name\":\"AL\u00d4, BOM DIA&#8230;\"}]},{\"@type\":\"WebSite\",\"@id\":\"https:\/\/www.notibras.com\/site\/#website\",\"url\":\"https:\/\/www.notibras.com\/site\/\",\"name\":\"Notibras\",\"description\":\"Not\u00edcias de Bras\u00edlia, do Brasil e do Mundo\",\"publisher\":{\"@id\":\"https:\/\/www.notibras.com\/site\/#organization\"},\"potentialAction\":[{\"@type\":\"SearchAction\",\"target\":{\"@type\":\"EntryPoint\",\"urlTemplate\":\"https:\/\/www.notibras.com\/site\/?s={search_term_string}\"},\"query-input\":{\"@type\":\"PropertyValueSpecification\",\"valueRequired\":true,\"valueName\":\"search_term_string\"}}],\"inLanguage\":\"pt-BR\"},{\"@type\":\"Organization\",\"@id\":\"https:\/\/www.notibras.com\/site\/#organization\",\"name\":\"Grupo Notibras de Comunica\u00e7\u00e3o\",\"url\":\"https:\/\/www.notibras.com\/site\/\",\"logo\":{\"@type\":\"ImageObject\",\"inLanguage\":\"pt-BR\",\"@id\":\"https:\/\/www.notibras.com\/site\/#\/schema\/logo\/image\/\",\"url\":\"https:\/\/www.notibras.com\/site\/wp-content\/uploads\/2023\/01\/notibras23.png\",\"contentUrl\":\"https:\/\/www.notibras.com\/site\/wp-content\/uploads\/2023\/01\/notibras23.png\",\"width\":350,\"height\":87,\"caption\":\"Grupo Notibras de Comunica\u00e7\u00e3o\"},\"image\":{\"@id\":\"https:\/\/www.notibras.com\/site\/#\/schema\/logo\/image\/\"},\"sameAs\":[\"https:\/\/www.facebook.com\/notibras\/\",\"https:\/\/x.com\/Notibras\",\"https:\/\/www.instagram.com\/notibras\/\"]},{\"@type\":\"Person\",\"@id\":\"https:\/\/www.notibras.com\/site\/#\/schema\/person\/5b7fabf2aedc3ada2105f03b22b4d3dd\",\"name\":\"Eduardo Mart\u00ednez\",\"image\":{\"@type\":\"ImageObject\",\"inLanguage\":\"pt-BR\",\"@id\":\"https:\/\/secure.gravatar.com\/avatar\/7902f906289926289cbcda644b5197c796b893c6ffd7b9a536a42d290f7704a0?s=96&d=mm&r=g\",\"url\":\"https:\/\/secure.gravatar.com\/avatar\/7902f906289926289cbcda644b5197c796b893c6ffd7b9a536a42d290f7704a0?s=96&d=mm&r=g\",\"contentUrl\":\"https:\/\/secure.gravatar.com\/avatar\/7902f906289926289cbcda644b5197c796b893c6ffd7b9a536a42d290f7704a0?s=96&d=mm&r=g\",\"caption\":\"Eduardo Mart\u00ednez\"}}]}<\/script>\n<!-- \/ Yoast SEO plugin. -->","yoast_head_json":{"title":"AL\u00d4, BOM DIA... - Notibras","robots":{"index":"index","follow":"follow","max-snippet":"max-snippet:-1","max-image-preview":"max-image-preview:large","max-video-preview":"max-video-preview:-1"},"canonical":"https:\/\/www.notibras.com\/site\/alo-bom-dia\/","og_locale":"pt_BR","og_type":"article","og_title":"AL\u00d4, BOM DIA... - Notibras","og_description":"Al\u00f4, bom dia Oh, como vai voc\u00ea? Um olhar bem amigo, Um claro sorriso. Um aperto de m\u00e3o E a gente, sem saber como e porque Se sente feliz e sai a cantar Alegre can\u00e7\u00e3o Saber dar um bom dia cheio de bondade Dizer bom dia com sinceridade \u00c9 dar sempre o melhor de nosso [&hellip;]","og_url":"https:\/\/www.notibras.com\/site\/alo-bom-dia\/","og_site_name":"Notibras","article_publisher":"https:\/\/www.facebook.com\/notibras\/","article_published_time":"2026-01-24T05:00:47+00:00","og_image":[{"width":1023,"height":916,"url":"https:\/\/www.notibras.com\/site\/wp-content\/uploads\/2026\/01\/IMG_0474.jpg","type":"image\/jpeg"}],"author":"Eduardo Mart\u00ednez","twitter_card":"summary_large_image","twitter_creator":"@Notibras","twitter_site":"@Notibras","twitter_misc":{"Escrito por":"Eduardo Mart\u00ednez","Est. tempo de leitura":"5 minutos"},"schema":{"@context":"https:\/\/schema.org","@graph":[{"@type":"Article","@id":"https:\/\/www.notibras.com\/site\/alo-bom-dia\/#article","isPartOf":{"@id":"https:\/\/www.notibras.com\/site\/alo-bom-dia\/"},"author":{"name":"Eduardo Mart\u00ednez","@id":"https:\/\/www.notibras.com\/site\/#\/schema\/person\/5b7fabf2aedc3ada2105f03b22b4d3dd"},"headline":"AL\u00d4, BOM DIA&#8230;","datePublished":"2026-01-24T05:00:47+00:00","mainEntityOfPage":{"@id":"https:\/\/www.notibras.com\/site\/alo-bom-dia\/"},"wordCount":920,"publisher":{"@id":"https:\/\/www.notibras.com\/site\/#organization"},"image":{"@id":"https:\/\/www.notibras.com\/site\/alo-bom-dia\/#primaryimage"},"thumbnailUrl":"https:\/\/www.notibras.com\/site\/wp-content\/uploads\/2026\/01\/IMG_0474.jpg","articleSection":["Ponto de Vista"],"inLanguage":"pt-BR"},{"@type":"WebPage","@id":"https:\/\/www.notibras.com\/site\/alo-bom-dia\/","url":"https:\/\/www.notibras.com\/site\/alo-bom-dia\/","name":"AL\u00d4, BOM DIA... - Notibras","isPartOf":{"@id":"https:\/\/www.notibras.com\/site\/#website"},"primaryImageOfPage":{"@id":"https:\/\/www.notibras.com\/site\/alo-bom-dia\/#primaryimage"},"image":{"@id":"https:\/\/www.notibras.com\/site\/alo-bom-dia\/#primaryimage"},"thumbnailUrl":"https:\/\/www.notibras.com\/site\/wp-content\/uploads\/2026\/01\/IMG_0474.jpg","datePublished":"2026-01-24T05:00:47+00:00","breadcrumb":{"@id":"https:\/\/www.notibras.com\/site\/alo-bom-dia\/#breadcrumb"},"inLanguage":"pt-BR","potentialAction":[{"@type":"ReadAction","target":["https:\/\/www.notibras.com\/site\/alo-bom-dia\/"]}]},{"@type":"ImageObject","inLanguage":"pt-BR","@id":"https:\/\/www.notibras.com\/site\/alo-bom-dia\/#primaryimage","url":"https:\/\/www.notibras.com\/site\/wp-content\/uploads\/2026\/01\/IMG_0474.jpg","contentUrl":"https:\/\/www.notibras.com\/site\/wp-content\/uploads\/2026\/01\/IMG_0474.jpg","width":1023,"height":916},{"@type":"BreadcrumbList","@id":"https:\/\/www.notibras.com\/site\/alo-bom-dia\/#breadcrumb","itemListElement":[{"@type":"ListItem","position":1,"name":"In\u00edcio","item":"https:\/\/www.notibras.com\/site\/"},{"@type":"ListItem","position":2,"name":"AL\u00d4, BOM DIA&#8230;"}]},{"@type":"WebSite","@id":"https:\/\/www.notibras.com\/site\/#website","url":"https:\/\/www.notibras.com\/site\/","name":"Notibras","description":"Not\u00edcias de Bras\u00edlia, do Brasil e do Mundo","publisher":{"@id":"https:\/\/www.notibras.com\/site\/#organization"},"potentialAction":[{"@type":"SearchAction","target":{"@type":"EntryPoint","urlTemplate":"https:\/\/www.notibras.com\/site\/?s={search_term_string}"},"query-input":{"@type":"PropertyValueSpecification","valueRequired":true,"valueName":"search_term_string"}}],"inLanguage":"pt-BR"},{"@type":"Organization","@id":"https:\/\/www.notibras.com\/site\/#organization","name":"Grupo Notibras de Comunica\u00e7\u00e3o","url":"https:\/\/www.notibras.com\/site\/","logo":{"@type":"ImageObject","inLanguage":"pt-BR","@id":"https:\/\/www.notibras.com\/site\/#\/schema\/logo\/image\/","url":"https:\/\/www.notibras.com\/site\/wp-content\/uploads\/2023\/01\/notibras23.png","contentUrl":"https:\/\/www.notibras.com\/site\/wp-content\/uploads\/2023\/01\/notibras23.png","width":350,"height":87,"caption":"Grupo Notibras de Comunica\u00e7\u00e3o"},"image":{"@id":"https:\/\/www.notibras.com\/site\/#\/schema\/logo\/image\/"},"sameAs":["https:\/\/www.facebook.com\/notibras\/","https:\/\/x.com\/Notibras","https:\/\/www.instagram.com\/notibras\/"]},{"@type":"Person","@id":"https:\/\/www.notibras.com\/site\/#\/schema\/person\/5b7fabf2aedc3ada2105f03b22b4d3dd","name":"Eduardo Mart\u00ednez","image":{"@type":"ImageObject","inLanguage":"pt-BR","@id":"https:\/\/secure.gravatar.com\/avatar\/7902f906289926289cbcda644b5197c796b893c6ffd7b9a536a42d290f7704a0?s=96&d=mm&r=g","url":"https:\/\/secure.gravatar.com\/avatar\/7902f906289926289cbcda644b5197c796b893c6ffd7b9a536a42d290f7704a0?s=96&d=mm&r=g","contentUrl":"https:\/\/secure.gravatar.com\/avatar\/7902f906289926289cbcda644b5197c796b893c6ffd7b9a536a42d290f7704a0?s=96&d=mm&r=g","caption":"Eduardo Mart\u00ednez"}}]}},"amp_enabled":true,"_links":{"self":[{"href":"https:\/\/www.notibras.com\/site\/wp-json\/wp\/v2\/posts\/379923","targetHints":{"allow":["GET"]}}],"collection":[{"href":"https:\/\/www.notibras.com\/site\/wp-json\/wp\/v2\/posts"}],"about":[{"href":"https:\/\/www.notibras.com\/site\/wp-json\/wp\/v2\/types\/post"}],"author":[{"embeddable":true,"href":"https:\/\/www.notibras.com\/site\/wp-json\/wp\/v2\/users\/21"}],"replies":[{"embeddable":true,"href":"https:\/\/www.notibras.com\/site\/wp-json\/wp\/v2\/comments?post=379923"}],"version-history":[{"count":2,"href":"https:\/\/www.notibras.com\/site\/wp-json\/wp\/v2\/posts\/379923\/revisions"}],"predecessor-version":[{"id":379926,"href":"https:\/\/www.notibras.com\/site\/wp-json\/wp\/v2\/posts\/379923\/revisions\/379926"}],"wp:featuredmedia":[{"embeddable":true,"href":"https:\/\/www.notibras.com\/site\/wp-json\/wp\/v2\/media\/379924"}],"wp:attachment":[{"href":"https:\/\/www.notibras.com\/site\/wp-json\/wp\/v2\/media?parent=379923"}],"wp:term":[{"taxonomy":"category","embeddable":true,"href":"https:\/\/www.notibras.com\/site\/wp-json\/wp\/v2\/categories?post=379923"},{"taxonomy":"post_tag","embeddable":true,"href":"https:\/\/www.notibras.com\/site\/wp-json\/wp\/v2\/tags?post=379923"}],"curies":[{"name":"wp","href":"https:\/\/api.w.org\/{rel}","templated":true}]}}