{"id":379927,"date":"2026-01-25T02:15:12","date_gmt":"2026-01-25T05:15:12","guid":{"rendered":"https:\/\/www.notibras.com\/site\/?p=379927"},"modified":"2026-01-21T02:33:56","modified_gmt":"2026-01-21T05:33:56","slug":"do-campo-para-a-cidade","status":"publish","type":"post","link":"https:\/\/www.notibras.com\/site\/do-campo-para-a-cidade\/","title":{"rendered":"DO CAMPO PARA A CIDADE&#8230;"},"content":{"rendered":"<p><em>De que me adianta viver na cidade<\/em><br \/>\n<em>Se a felicidade n\u00e3o me acompanhar?<\/em><br \/>\n<em>Adeus, paulistinha do meu cora\u00e7\u00e3o<\/em><br \/>\n<em>L\u00e1 pro meu sert\u00e3o eu quero voltar<\/em><br \/>\n<em>Ver a madrugada, quando a passarada<\/em><br \/>\n<em>Fazendo a alvorada, come\u00e7a a cantar<\/em><br \/>\n<em>Com satisfa\u00e7\u00e3o, arreio o burr\u00e3o<\/em><br \/>\n<em>Cortando estrad\u00e3o, saio a galopar<\/em><br \/>\n<em>E vou escutando o gado berrando<\/em><br \/>\n<em>Sabi\u00e1 cantando no jequitib\u00e1&#8230;<\/em><br \/>\n(Belmonte\/Goi\u00e1)<\/p>\n<p>Essa can\u00e7\u00e3o, da d\u00e9cada de sessenta, mostra o esp\u00edrito do caboclo na transi\u00e7\u00e3o do campo para a cidade. Era quando o homem do campo deixava sua terra natal e seguia rumo \u00e0 modernidade&#8230; e o choque cultural era tamanho que n\u00e3o raro a pessoa n\u00e3o conseguia se acostumar com a nova vida. Acostumado a colher frutos dos v\u00e1rios pomares espalhados pela ro\u00e7a, ter \u00e0 sua mesa peixe rec\u00e9m pescado, verduras fresquinhas para suas refei\u00e7\u00f5es n\u00e3o era f\u00e1cil a adapta\u00e7\u00e3o \u00e0s &#8220;comodidades da vida moderna&#8221; que, para este, de c\u00f4modo nada tinha&#8230;<\/p>\n<p>Estamos falando de uma \u00e9poca em que o antigo estava, aos poucos, se transformando. As grandes fazendas iam se tornando empreendimentos imobili\u00e1rios, onde grandes industrias come\u00e7aram a mudar a paisagem do interior. Claro que essa transi\u00e7\u00e3o era lenta. O caboclo sentia primeiro na sua rotina. De repente o patr\u00e3o simplesmente n\u00e3o precisava mais dos servi\u00e7os de seus colonos. Sim, era assim que o trabalhador rural era chamado. E esse colono, aos poucos, era desalojado de sua casinha e, sem recursos, acabava se mudando com a fam\u00edlia para outros pagos, onde as chances de conseguir trabalho pareciam reais&#8230;<\/p>\n<p>Temos que nos lembrar que era uma \u00e9poca em que o analfabetismo era regra e n\u00e3o exce\u00e7\u00e3o. Embora no campo houvessem algumas escolas, at\u00e9 pela rotina de trabalho do colono, as crian\u00e7as acabavam por n\u00e3o ter sua forma\u00e7\u00e3o acad\u00eamica como deveriam&#8230; afinal, seus bra\u00e7os eram necess\u00e1rios para refor\u00e7ar a renda familiar. Cada centavo que entrava contava, e muito, para aliviar as despesas da casa&#8230;<\/p>\n<p>Fog\u00e3o de lenha, casa de pau a pique&#8230; at\u00e9 havia algumas casas de alvenaria, mas era exce\u00e7\u00e3o, n\u00e3o regra&#8230; no lugar de camas, esteiras, muitas vezes feitas pelas pr\u00f3prias m\u00e3os, com a taboa colhida de algum recanto. N\u00e3o muito longe, o barulho das \u00e1guas a correr&#8230; se fosse uma fazenda de planta\u00e7\u00e3o de arroz, quadras e mais quadras alagadas, onde os colonos trabalhavam com afinco, a fim de, ao chegar a \u00e9poca da colheita, ter um produto bom e nutritivo&#8230;<\/p>\n<p>Normalmente o fazendeiro cedia um espa\u00e7o para seus colonos para fazerem uma horta de subsist\u00eancia. E nessas hortas plantava-se mandioca, batatas, milho, verduras em geral. Tamb\u00e9m era comum ter algumas galinhas que, de vez em quando, refor\u00e7avam o card\u00e1pio&#8230;<\/p>\n<p>Normalmente havia um pomar, e os colonos acabavam por servir-se das frutas ali produzidas. Por n\u00e3o ser em escala comercial e sim para consumo de todos, ningu\u00e9m era proibido de aproveitar aquilo que a terra fornecia. Claro, desde que n\u00e3o houvesse abusos&#8230;<\/p>\n<p>As rela\u00e7\u00f5es entre as pessoas eram pr\u00f3ximas. Afinal, todos se conheciam e compartilhavam o mesmo destino. As mulheres iam juntas buscar a lenha que proporcionaria o fogo necess\u00e1rio para a cozinha, os homens se embrenhavam na mata para conseguirem alguma ca\u00e7a que refor\u00e7asse o card\u00e1pio da semana&#8230; havia um esp\u00edrito de camaradagem entre todos, como uma grande fam\u00edlia. E, quando chegavam na Cidade Grande, que \u00e9 como chamavam os centros urbanos, o choque cultural era enorme. N\u00e3o existia aquela cumplicidade que at\u00e9 ent\u00e3o fizera parte de suas vidas&#8230;<\/p>\n<p>Acostumados a ter o horizonte sempre a vista, agora paredes de alvenaria tolhiam sua vis\u00e3o. N\u00e3o mais tinham o rio caudaloso a poucos passos de sua morada, e peixe tinham que comprar de algum charreteiro que passasse por perto&#8230; as f\u00e1bricas, onde os homens conseguiam suas coloca\u00e7\u00f5es, simplesmente fechavam as portas e estes ficavam sem ver a luz do sol ou os pingos da chuva durante dez, doze horas, que era sua jornada de trabalho. Ap\u00f3s um dia estafante, se reuniam em algum bar e, entre um gole de cacha\u00e7a e outro, relembravam com saudades a vida que levavam a at\u00e9 algum tempo atr\u00e1s&#8230;<\/p>\n<p>Os mais novos seguiam em frente, mas aqueles com mais idade n\u00e3o conseguiam se acostumar com a nova rotina e acabam retornando \u00e0s suas origens. Que tamb\u00e9m j\u00e1 se haviam modificado. E a saudade de um tempo que estava se esvaindo era seu \u00fanico consolo, ao perceber que as verdes campinas iam pouco a pouco desaparecendo, as matas se encolhiam, o gado era deslocado para outras regi\u00f5es&#8230;<\/p>\n<p>Sim, o progresso tem um pre\u00e7o. E nem todos conseguem pagar tal tributo sem sofrer. Afinal, as doces lembran\u00e7as de nossa inf\u00e2ncia e juventude s\u00e3o o alento que nos permitem continuar nossa jornada. E nossos pais, nossos av\u00f3s, sofreram muito com a mudan\u00e7a do mundo que conheciam. Como consolo, apenas a poesia do homem do campo, recordando os bons tempos que vivia em sua quer\u00eancia, apreciando as estrelas e a lua prateada, ouvindo ao longe o lamento triste da coruja&#8230;<\/p>\n","protected":false},"excerpt":{"rendered":"<p>De que me adianta viver na cidade Se a felicidade n\u00e3o me acompanhar? Adeus, paulistinha do meu cora\u00e7\u00e3o L\u00e1 pro meu sert\u00e3o eu quero voltar Ver a madrugada, quando a passarada Fazendo a alvorada, come\u00e7a a cantar Com satisfa\u00e7\u00e3o, arreio o burr\u00e3o Cortando estrad\u00e3o, saio a galopar E vou escutando o gado berrando Sabi\u00e1 cantando [&hellip;]<\/p>\n","protected":false},"author":21,"featured_media":379928,"comment_status":"closed","ping_status":"closed","sticky":false,"template":"","format":"standard","meta":{"_acf_changed":false,"footnotes":""},"categories":[236],"tags":[],"class_list":["post-379927","post","type-post","status-publish","format-standard","has-post-thumbnail","hentry","category-ponto-de-vista"],"acf":[],"yoast_head":"<!-- This site is optimized with the Yoast SEO plugin v27.2 - https:\/\/yoast.com\/product\/yoast-seo-wordpress\/ -->\n<title>DO CAMPO PARA A CIDADE... - Notibras<\/title>\n<meta name=\"robots\" content=\"index, follow, max-snippet:-1, max-image-preview:large, max-video-preview:-1\" \/>\n<link rel=\"canonical\" href=\"https:\/\/www.notibras.com\/site\/do-campo-para-a-cidade\/\" \/>\n<meta property=\"og:locale\" content=\"pt_BR\" \/>\n<meta property=\"og:type\" content=\"article\" \/>\n<meta property=\"og:title\" content=\"DO CAMPO PARA A CIDADE... - Notibras\" \/>\n<meta property=\"og:description\" content=\"De que me adianta viver na cidade Se a felicidade n\u00e3o me acompanhar? Adeus, paulistinha do meu cora\u00e7\u00e3o L\u00e1 pro meu sert\u00e3o eu quero voltar Ver a madrugada, quando a passarada Fazendo a alvorada, come\u00e7a a cantar Com satisfa\u00e7\u00e3o, arreio o burr\u00e3o Cortando estrad\u00e3o, saio a galopar E vou escutando o gado berrando Sabi\u00e1 cantando [&hellip;]\" \/>\n<meta property=\"og:url\" content=\"https:\/\/www.notibras.com\/site\/do-campo-para-a-cidade\/\" \/>\n<meta property=\"og:site_name\" content=\"Notibras\" \/>\n<meta property=\"article:publisher\" content=\"https:\/\/www.facebook.com\/notibras\/\" \/>\n<meta property=\"article:published_time\" content=\"2026-01-25T05:15:12+00:00\" \/>\n<meta property=\"og:image\" content=\"https:\/\/www.notibras.com\/site\/wp-content\/uploads\/2026\/01\/fad4819e-e7a1-4e15-8287-679ba77f1031.jpg\" \/>\n\t<meta property=\"og:image:width\" content=\"809\" \/>\n\t<meta property=\"og:image:height\" content=\"748\" \/>\n\t<meta property=\"og:image:type\" content=\"image\/jpeg\" \/>\n<meta name=\"author\" content=\"Eduardo Mart\u00ednez\" \/>\n<meta name=\"twitter:card\" content=\"summary_large_image\" \/>\n<meta name=\"twitter:creator\" content=\"@Notibras\" \/>\n<meta name=\"twitter:site\" content=\"@Notibras\" \/>\n<meta name=\"twitter:label1\" content=\"Escrito por\" \/>\n\t<meta name=\"twitter:data1\" content=\"Eduardo Mart\u00ednez\" \/>\n\t<meta name=\"twitter:label2\" content=\"Est. tempo de leitura\" \/>\n\t<meta name=\"twitter:data2\" content=\"5 minutos\" \/>\n<script type=\"application\/ld+json\" class=\"yoast-schema-graph\">{\"@context\":\"https:\/\/schema.org\",\"@graph\":[{\"@type\":\"Article\",\"@id\":\"https:\/\/www.notibras.com\/site\/do-campo-para-a-cidade\/#article\",\"isPartOf\":{\"@id\":\"https:\/\/www.notibras.com\/site\/do-campo-para-a-cidade\/\"},\"author\":{\"name\":\"Eduardo Mart\u00ednez\",\"@id\":\"https:\/\/www.notibras.com\/site\/#\/schema\/person\/5b7fabf2aedc3ada2105f03b22b4d3dd\"},\"headline\":\"DO CAMPO PARA A CIDADE&#8230;\",\"datePublished\":\"2026-01-25T05:15:12+00:00\",\"mainEntityOfPage\":{\"@id\":\"https:\/\/www.notibras.com\/site\/do-campo-para-a-cidade\/\"},\"wordCount\":892,\"publisher\":{\"@id\":\"https:\/\/www.notibras.com\/site\/#organization\"},\"image\":{\"@id\":\"https:\/\/www.notibras.com\/site\/do-campo-para-a-cidade\/#primaryimage\"},\"thumbnailUrl\":\"https:\/\/www.notibras.com\/site\/wp-content\/uploads\/2026\/01\/fad4819e-e7a1-4e15-8287-679ba77f1031.jpg\",\"articleSection\":[\"Ponto de Vista\"],\"inLanguage\":\"pt-BR\"},{\"@type\":\"WebPage\",\"@id\":\"https:\/\/www.notibras.com\/site\/do-campo-para-a-cidade\/\",\"url\":\"https:\/\/www.notibras.com\/site\/do-campo-para-a-cidade\/\",\"name\":\"DO CAMPO PARA A CIDADE... - Notibras\",\"isPartOf\":{\"@id\":\"https:\/\/www.notibras.com\/site\/#website\"},\"primaryImageOfPage\":{\"@id\":\"https:\/\/www.notibras.com\/site\/do-campo-para-a-cidade\/#primaryimage\"},\"image\":{\"@id\":\"https:\/\/www.notibras.com\/site\/do-campo-para-a-cidade\/#primaryimage\"},\"thumbnailUrl\":\"https:\/\/www.notibras.com\/site\/wp-content\/uploads\/2026\/01\/fad4819e-e7a1-4e15-8287-679ba77f1031.jpg\",\"datePublished\":\"2026-01-25T05:15:12+00:00\",\"breadcrumb\":{\"@id\":\"https:\/\/www.notibras.com\/site\/do-campo-para-a-cidade\/#breadcrumb\"},\"inLanguage\":\"pt-BR\",\"potentialAction\":[{\"@type\":\"ReadAction\",\"target\":[\"https:\/\/www.notibras.com\/site\/do-campo-para-a-cidade\/\"]}]},{\"@type\":\"ImageObject\",\"inLanguage\":\"pt-BR\",\"@id\":\"https:\/\/www.notibras.com\/site\/do-campo-para-a-cidade\/#primaryimage\",\"url\":\"https:\/\/www.notibras.com\/site\/wp-content\/uploads\/2026\/01\/fad4819e-e7a1-4e15-8287-679ba77f1031.jpg\",\"contentUrl\":\"https:\/\/www.notibras.com\/site\/wp-content\/uploads\/2026\/01\/fad4819e-e7a1-4e15-8287-679ba77f1031.jpg\",\"width\":809,\"height\":748},{\"@type\":\"BreadcrumbList\",\"@id\":\"https:\/\/www.notibras.com\/site\/do-campo-para-a-cidade\/#breadcrumb\",\"itemListElement\":[{\"@type\":\"ListItem\",\"position\":1,\"name\":\"In\u00edcio\",\"item\":\"https:\/\/www.notibras.com\/site\/\"},{\"@type\":\"ListItem\",\"position\":2,\"name\":\"DO CAMPO PARA A CIDADE&#8230;\"}]},{\"@type\":\"WebSite\",\"@id\":\"https:\/\/www.notibras.com\/site\/#website\",\"url\":\"https:\/\/www.notibras.com\/site\/\",\"name\":\"Notibras\",\"description\":\"Not\u00edcias de Bras\u00edlia, do Brasil e do Mundo\",\"publisher\":{\"@id\":\"https:\/\/www.notibras.com\/site\/#organization\"},\"potentialAction\":[{\"@type\":\"SearchAction\",\"target\":{\"@type\":\"EntryPoint\",\"urlTemplate\":\"https:\/\/www.notibras.com\/site\/?s={search_term_string}\"},\"query-input\":{\"@type\":\"PropertyValueSpecification\",\"valueRequired\":true,\"valueName\":\"search_term_string\"}}],\"inLanguage\":\"pt-BR\"},{\"@type\":\"Organization\",\"@id\":\"https:\/\/www.notibras.com\/site\/#organization\",\"name\":\"Grupo Notibras de Comunica\u00e7\u00e3o\",\"url\":\"https:\/\/www.notibras.com\/site\/\",\"logo\":{\"@type\":\"ImageObject\",\"inLanguage\":\"pt-BR\",\"@id\":\"https:\/\/www.notibras.com\/site\/#\/schema\/logo\/image\/\",\"url\":\"https:\/\/www.notibras.com\/site\/wp-content\/uploads\/2023\/01\/notibras23.png\",\"contentUrl\":\"https:\/\/www.notibras.com\/site\/wp-content\/uploads\/2023\/01\/notibras23.png\",\"width\":350,\"height\":87,\"caption\":\"Grupo Notibras de Comunica\u00e7\u00e3o\"},\"image\":{\"@id\":\"https:\/\/www.notibras.com\/site\/#\/schema\/logo\/image\/\"},\"sameAs\":[\"https:\/\/www.facebook.com\/notibras\/\",\"https:\/\/x.com\/Notibras\",\"https:\/\/www.instagram.com\/notibras\/\"]},{\"@type\":\"Person\",\"@id\":\"https:\/\/www.notibras.com\/site\/#\/schema\/person\/5b7fabf2aedc3ada2105f03b22b4d3dd\",\"name\":\"Eduardo Mart\u00ednez\",\"image\":{\"@type\":\"ImageObject\",\"inLanguage\":\"pt-BR\",\"@id\":\"https:\/\/secure.gravatar.com\/avatar\/7902f906289926289cbcda644b5197c796b893c6ffd7b9a536a42d290f7704a0?s=96&d=mm&r=g\",\"url\":\"https:\/\/secure.gravatar.com\/avatar\/7902f906289926289cbcda644b5197c796b893c6ffd7b9a536a42d290f7704a0?s=96&d=mm&r=g\",\"contentUrl\":\"https:\/\/secure.gravatar.com\/avatar\/7902f906289926289cbcda644b5197c796b893c6ffd7b9a536a42d290f7704a0?s=96&d=mm&r=g\",\"caption\":\"Eduardo Mart\u00ednez\"}}]}<\/script>\n<!-- \/ Yoast SEO plugin. -->","yoast_head_json":{"title":"DO CAMPO PARA A CIDADE... - Notibras","robots":{"index":"index","follow":"follow","max-snippet":"max-snippet:-1","max-image-preview":"max-image-preview:large","max-video-preview":"max-video-preview:-1"},"canonical":"https:\/\/www.notibras.com\/site\/do-campo-para-a-cidade\/","og_locale":"pt_BR","og_type":"article","og_title":"DO CAMPO PARA A CIDADE... - Notibras","og_description":"De que me adianta viver na cidade Se a felicidade n\u00e3o me acompanhar? Adeus, paulistinha do meu cora\u00e7\u00e3o L\u00e1 pro meu sert\u00e3o eu quero voltar Ver a madrugada, quando a passarada Fazendo a alvorada, come\u00e7a a cantar Com satisfa\u00e7\u00e3o, arreio o burr\u00e3o Cortando estrad\u00e3o, saio a galopar E vou escutando o gado berrando Sabi\u00e1 cantando [&hellip;]","og_url":"https:\/\/www.notibras.com\/site\/do-campo-para-a-cidade\/","og_site_name":"Notibras","article_publisher":"https:\/\/www.facebook.com\/notibras\/","article_published_time":"2026-01-25T05:15:12+00:00","og_image":[{"width":809,"height":748,"url":"https:\/\/www.notibras.com\/site\/wp-content\/uploads\/2026\/01\/fad4819e-e7a1-4e15-8287-679ba77f1031.jpg","type":"image\/jpeg"}],"author":"Eduardo Mart\u00ednez","twitter_card":"summary_large_image","twitter_creator":"@Notibras","twitter_site":"@Notibras","twitter_misc":{"Escrito por":"Eduardo Mart\u00ednez","Est. tempo de leitura":"5 minutos"},"schema":{"@context":"https:\/\/schema.org","@graph":[{"@type":"Article","@id":"https:\/\/www.notibras.com\/site\/do-campo-para-a-cidade\/#article","isPartOf":{"@id":"https:\/\/www.notibras.com\/site\/do-campo-para-a-cidade\/"},"author":{"name":"Eduardo Mart\u00ednez","@id":"https:\/\/www.notibras.com\/site\/#\/schema\/person\/5b7fabf2aedc3ada2105f03b22b4d3dd"},"headline":"DO CAMPO PARA A CIDADE&#8230;","datePublished":"2026-01-25T05:15:12+00:00","mainEntityOfPage":{"@id":"https:\/\/www.notibras.com\/site\/do-campo-para-a-cidade\/"},"wordCount":892,"publisher":{"@id":"https:\/\/www.notibras.com\/site\/#organization"},"image":{"@id":"https:\/\/www.notibras.com\/site\/do-campo-para-a-cidade\/#primaryimage"},"thumbnailUrl":"https:\/\/www.notibras.com\/site\/wp-content\/uploads\/2026\/01\/fad4819e-e7a1-4e15-8287-679ba77f1031.jpg","articleSection":["Ponto de Vista"],"inLanguage":"pt-BR"},{"@type":"WebPage","@id":"https:\/\/www.notibras.com\/site\/do-campo-para-a-cidade\/","url":"https:\/\/www.notibras.com\/site\/do-campo-para-a-cidade\/","name":"DO CAMPO PARA A CIDADE... - Notibras","isPartOf":{"@id":"https:\/\/www.notibras.com\/site\/#website"},"primaryImageOfPage":{"@id":"https:\/\/www.notibras.com\/site\/do-campo-para-a-cidade\/#primaryimage"},"image":{"@id":"https:\/\/www.notibras.com\/site\/do-campo-para-a-cidade\/#primaryimage"},"thumbnailUrl":"https:\/\/www.notibras.com\/site\/wp-content\/uploads\/2026\/01\/fad4819e-e7a1-4e15-8287-679ba77f1031.jpg","datePublished":"2026-01-25T05:15:12+00:00","breadcrumb":{"@id":"https:\/\/www.notibras.com\/site\/do-campo-para-a-cidade\/#breadcrumb"},"inLanguage":"pt-BR","potentialAction":[{"@type":"ReadAction","target":["https:\/\/www.notibras.com\/site\/do-campo-para-a-cidade\/"]}]},{"@type":"ImageObject","inLanguage":"pt-BR","@id":"https:\/\/www.notibras.com\/site\/do-campo-para-a-cidade\/#primaryimage","url":"https:\/\/www.notibras.com\/site\/wp-content\/uploads\/2026\/01\/fad4819e-e7a1-4e15-8287-679ba77f1031.jpg","contentUrl":"https:\/\/www.notibras.com\/site\/wp-content\/uploads\/2026\/01\/fad4819e-e7a1-4e15-8287-679ba77f1031.jpg","width":809,"height":748},{"@type":"BreadcrumbList","@id":"https:\/\/www.notibras.com\/site\/do-campo-para-a-cidade\/#breadcrumb","itemListElement":[{"@type":"ListItem","position":1,"name":"In\u00edcio","item":"https:\/\/www.notibras.com\/site\/"},{"@type":"ListItem","position":2,"name":"DO CAMPO PARA A CIDADE&#8230;"}]},{"@type":"WebSite","@id":"https:\/\/www.notibras.com\/site\/#website","url":"https:\/\/www.notibras.com\/site\/","name":"Notibras","description":"Not\u00edcias de Bras\u00edlia, do Brasil e do Mundo","publisher":{"@id":"https:\/\/www.notibras.com\/site\/#organization"},"potentialAction":[{"@type":"SearchAction","target":{"@type":"EntryPoint","urlTemplate":"https:\/\/www.notibras.com\/site\/?s={search_term_string}"},"query-input":{"@type":"PropertyValueSpecification","valueRequired":true,"valueName":"search_term_string"}}],"inLanguage":"pt-BR"},{"@type":"Organization","@id":"https:\/\/www.notibras.com\/site\/#organization","name":"Grupo Notibras de Comunica\u00e7\u00e3o","url":"https:\/\/www.notibras.com\/site\/","logo":{"@type":"ImageObject","inLanguage":"pt-BR","@id":"https:\/\/www.notibras.com\/site\/#\/schema\/logo\/image\/","url":"https:\/\/www.notibras.com\/site\/wp-content\/uploads\/2023\/01\/notibras23.png","contentUrl":"https:\/\/www.notibras.com\/site\/wp-content\/uploads\/2023\/01\/notibras23.png","width":350,"height":87,"caption":"Grupo Notibras de Comunica\u00e7\u00e3o"},"image":{"@id":"https:\/\/www.notibras.com\/site\/#\/schema\/logo\/image\/"},"sameAs":["https:\/\/www.facebook.com\/notibras\/","https:\/\/x.com\/Notibras","https:\/\/www.instagram.com\/notibras\/"]},{"@type":"Person","@id":"https:\/\/www.notibras.com\/site\/#\/schema\/person\/5b7fabf2aedc3ada2105f03b22b4d3dd","name":"Eduardo Mart\u00ednez","image":{"@type":"ImageObject","inLanguage":"pt-BR","@id":"https:\/\/secure.gravatar.com\/avatar\/7902f906289926289cbcda644b5197c796b893c6ffd7b9a536a42d290f7704a0?s=96&d=mm&r=g","url":"https:\/\/secure.gravatar.com\/avatar\/7902f906289926289cbcda644b5197c796b893c6ffd7b9a536a42d290f7704a0?s=96&d=mm&r=g","contentUrl":"https:\/\/secure.gravatar.com\/avatar\/7902f906289926289cbcda644b5197c796b893c6ffd7b9a536a42d290f7704a0?s=96&d=mm&r=g","caption":"Eduardo Mart\u00ednez"}}]}},"amp_enabled":true,"_links":{"self":[{"href":"https:\/\/www.notibras.com\/site\/wp-json\/wp\/v2\/posts\/379927","targetHints":{"allow":["GET"]}}],"collection":[{"href":"https:\/\/www.notibras.com\/site\/wp-json\/wp\/v2\/posts"}],"about":[{"href":"https:\/\/www.notibras.com\/site\/wp-json\/wp\/v2\/types\/post"}],"author":[{"embeddable":true,"href":"https:\/\/www.notibras.com\/site\/wp-json\/wp\/v2\/users\/21"}],"replies":[{"embeddable":true,"href":"https:\/\/www.notibras.com\/site\/wp-json\/wp\/v2\/comments?post=379927"}],"version-history":[{"count":2,"href":"https:\/\/www.notibras.com\/site\/wp-json\/wp\/v2\/posts\/379927\/revisions"}],"predecessor-version":[{"id":379930,"href":"https:\/\/www.notibras.com\/site\/wp-json\/wp\/v2\/posts\/379927\/revisions\/379930"}],"wp:featuredmedia":[{"embeddable":true,"href":"https:\/\/www.notibras.com\/site\/wp-json\/wp\/v2\/media\/379928"}],"wp:attachment":[{"href":"https:\/\/www.notibras.com\/site\/wp-json\/wp\/v2\/media?parent=379927"}],"wp:term":[{"taxonomy":"category","embeddable":true,"href":"https:\/\/www.notibras.com\/site\/wp-json\/wp\/v2\/categories?post=379927"},{"taxonomy":"post_tag","embeddable":true,"href":"https:\/\/www.notibras.com\/site\/wp-json\/wp\/v2\/tags?post=379927"}],"curies":[{"name":"wp","href":"https:\/\/api.w.org\/{rel}","templated":true}]}}