{"id":37993,"date":"2015-02-23T13:10:56","date_gmt":"2015-02-23T16:10:56","guid":{"rendered":"http:\/\/www.notibras.com\/site\/?p=37993"},"modified":"2015-02-23T19:12:15","modified_gmt":"2015-02-23T22:12:15","slug":"pezao-quer-penas-mais-duras-para-assassinos-de-policiais","status":"publish","type":"post","link":"https:\/\/www.notibras.com\/site\/pezao-quer-penas-mais-duras-para-assassinos-de-policiais\/","title":{"rendered":"Pez\u00e3o quer penas mais duras para assassinos de policiais"},"content":{"rendered":"<div class=\"content\">\n<p>O governador do Rio de Janeiro, Luiz Fernando Pez\u00e3o, defendeu nesta segunda 23 penas mais duras para criminosos que atiram contra policiais. S\u00f3 neste fim de semana, quatro policiais e um guarda municipal foram mortos na Regi\u00e3o Metropolitana do Rio.<\/p>\n<p>\u201cEu sou contra a viol\u00eancia contra qualquer cidad\u00e3o. Quando uma bala atinge uma crian\u00e7a, uma mulher ou um homem, \u00e9 um peda\u00e7o da gente que vai embora. A gente tem que ter penas duras que desestimulem as pessoas a atirar em policial. O policial est\u00e1 ali levando seguran\u00e7a para locais que estavam h\u00e1 30 anos abandonados. Vou me empenhar dentro do Congresso para a gente mudar nossa legisla\u00e7\u00e3o. Tenho conversado sistematicamente com o ministro [da Justi\u00e7a] Jos\u00e9 Eduardo Cardozo. N\u00e3o podemos ficar vendo os policiais sendo mortos, sem ter penas mais duras para punir esses criminosos\u201d, disse governador.<\/p>\n<p>O secret\u00e1rio de Seguran\u00e7a do Rio, Jos\u00e9 Mariano Beltrame, compareceu ao vel\u00f3rio de um dos policiais baleados e fez um desabafo, dizendo que a pol\u00edcia estava sozinha na luta contra a viol\u00eancia.<\/p>\n<blockquote><p>\u201cNessa selvageria toda, dessas pessoas que n\u00e3o t\u00eam apego nenhum pela vida, que matam por um celular, e quando descobrem que a pessoa \u00e9 um policial, a\u00ed sim, ela est\u00e1 efetivamente condenada, ent\u00e3o quem mata no peito isso \u00e9 a pol\u00edcia. E a pol\u00edcia neste pa\u00eds, e principalmente no Rio de Janeiro, est\u00e1 sozinha\u201d, disse Beltrame.<\/p><\/blockquote>\n<p>Quatro policiais &#8211; dois civis e dois militares &#8211; foram mortos durante tentativas de assalto. Al\u00e9m deles, o corpo de um guarda municipal foi encontrado, baleado, na favela da Rocinha.<\/p>\n<\/div>\n","protected":false},"excerpt":{"rendered":"<p>O governador do Rio de Janeiro, Luiz Fernando Pez\u00e3o, defendeu nesta segunda 23 penas mais duras para criminosos que atiram contra policiais. S\u00f3 neste fim de semana, quatro policiais e um guarda municipal foram mortos na Regi\u00e3o Metropolitana do Rio. \u201cEu sou contra a viol\u00eancia contra qualquer cidad\u00e3o. Quando uma bala atinge uma crian\u00e7a, uma [&hellip;]<\/p>\n","protected":false},"author":2,"featured_media":37994,"comment_status":"open","ping_status":"closed","sticky":false,"template":"","format":"standard","meta":{"_acf_changed":false,"footnotes":""},"categories":[16],"tags":[],"class_list":["post-37993","post","type-post","status-publish","format-standard","has-post-thumbnail","hentry","category-brasil"],"acf":[],"yoast_head":"<!-- This site is optimized with the Yoast SEO plugin v27.2 - https:\/\/yoast.com\/product\/yoast-seo-wordpress\/ -->\n<title>Pez\u00e3o quer penas mais duras para assassinos de policiais - Notibras<\/title>\n<meta name=\"robots\" content=\"index, follow, max-snippet:-1, max-image-preview:large, max-video-preview:-1\" \/>\n<link rel=\"canonical\" href=\"https:\/\/www.notibras.com\/site\/pezao-quer-penas-mais-duras-para-assassinos-de-policiais\/\" \/>\n<meta property=\"og:locale\" content=\"pt_BR\" \/>\n<meta property=\"og:type\" content=\"article\" \/>\n<meta property=\"og:title\" content=\"Pez\u00e3o quer penas mais duras para assassinos de policiais - Notibras\" \/>\n<meta property=\"og:description\" content=\"O governador do Rio de Janeiro, Luiz Fernando Pez\u00e3o, defendeu nesta segunda 23 penas mais duras para criminosos que atiram contra policiais. S\u00f3 neste fim de semana, quatro policiais e um guarda municipal foram mortos na Regi\u00e3o Metropolitana do Rio. \u201cEu sou contra a viol\u00eancia contra qualquer cidad\u00e3o. Quando uma bala atinge uma crian\u00e7a, uma [&hellip;]\" \/>\n<meta property=\"og:url\" content=\"https:\/\/www.notibras.com\/site\/pezao-quer-penas-mais-duras-para-assassinos-de-policiais\/\" \/>\n<meta property=\"og:site_name\" content=\"Notibras\" \/>\n<meta property=\"article:publisher\" content=\"https:\/\/www.facebook.com\/notibras\/\" \/>\n<meta property=\"article:published_time\" content=\"2015-02-23T16:10:56+00:00\" \/>\n<meta property=\"article:modified_time\" content=\"2015-02-23T22:12:15+00:00\" \/>\n<meta property=\"og:image\" content=\"https:\/\/www.notibras.com\/site\/wp-content\/uploads\/2015\/02\/pe.jpg\" \/>\n\t<meta property=\"og:image:width\" content=\"640\" \/>\n\t<meta property=\"og:image:height\" content=\"360\" \/>\n\t<meta property=\"og:image:type\" content=\"image\/jpeg\" \/>\n<meta name=\"author\" content=\"Reda\u00e7\u00e3o\" \/>\n<meta name=\"twitter:card\" content=\"summary_large_image\" \/>\n<meta name=\"twitter:creator\" content=\"@Notibras\" \/>\n<meta name=\"twitter:site\" content=\"@Notibras\" \/>\n<meta name=\"twitter:label1\" content=\"Escrito por\" \/>\n\t<meta name=\"twitter:data1\" content=\"Reda\u00e7\u00e3o\" \/>\n\t<meta name=\"twitter:label2\" content=\"Est. tempo de leitura\" \/>\n\t<meta name=\"twitter:data2\" content=\"1 minuto\" \/>\n<script type=\"application\/ld+json\" class=\"yoast-schema-graph\">{\"@context\":\"https:\/\/schema.org\",\"@graph\":[{\"@type\":\"Article\",\"@id\":\"https:\/\/www.notibras.com\/site\/pezao-quer-penas-mais-duras-para-assassinos-de-policiais\/#article\",\"isPartOf\":{\"@id\":\"https:\/\/www.notibras.com\/site\/pezao-quer-penas-mais-duras-para-assassinos-de-policiais\/\"},\"author\":{\"name\":\"Reda\u00e7\u00e3o\",\"@id\":\"https:\/\/www.notibras.com\/site\/#\/schema\/person\/36ab0979449956132d3e5b517ea76ac8\"},\"headline\":\"Pez\u00e3o quer penas mais duras para assassinos de policiais\",\"datePublished\":\"2015-02-23T16:10:56+00:00\",\"dateModified\":\"2015-02-23T22:12:15+00:00\",\"mainEntityOfPage\":{\"@id\":\"https:\/\/www.notibras.com\/site\/pezao-quer-penas-mais-duras-para-assassinos-de-policiais\/\"},\"wordCount\":283,\"commentCount\":0,\"publisher\":{\"@id\":\"https:\/\/www.notibras.com\/site\/#organization\"},\"image\":{\"@id\":\"https:\/\/www.notibras.com\/site\/pezao-quer-penas-mais-duras-para-assassinos-de-policiais\/#primaryimage\"},\"thumbnailUrl\":\"https:\/\/www.notibras.com\/site\/wp-content\/uploads\/2015\/02\/pe.jpg\",\"articleSection\":[\"Brasil\"],\"inLanguage\":\"pt-BR\",\"potentialAction\":[{\"@type\":\"CommentAction\",\"name\":\"Comment\",\"target\":[\"https:\/\/www.notibras.com\/site\/pezao-quer-penas-mais-duras-para-assassinos-de-policiais\/#respond\"]}]},{\"@type\":\"WebPage\",\"@id\":\"https:\/\/www.notibras.com\/site\/pezao-quer-penas-mais-duras-para-assassinos-de-policiais\/\",\"url\":\"https:\/\/www.notibras.com\/site\/pezao-quer-penas-mais-duras-para-assassinos-de-policiais\/\",\"name\":\"Pez\u00e3o quer penas mais duras para assassinos de policiais - Notibras\",\"isPartOf\":{\"@id\":\"https:\/\/www.notibras.com\/site\/#website\"},\"primaryImageOfPage\":{\"@id\":\"https:\/\/www.notibras.com\/site\/pezao-quer-penas-mais-duras-para-assassinos-de-policiais\/#primaryimage\"},\"image\":{\"@id\":\"https:\/\/www.notibras.com\/site\/pezao-quer-penas-mais-duras-para-assassinos-de-policiais\/#primaryimage\"},\"thumbnailUrl\":\"https:\/\/www.notibras.com\/site\/wp-content\/uploads\/2015\/02\/pe.jpg\",\"datePublished\":\"2015-02-23T16:10:56+00:00\",\"dateModified\":\"2015-02-23T22:12:15+00:00\",\"breadcrumb\":{\"@id\":\"https:\/\/www.notibras.com\/site\/pezao-quer-penas-mais-duras-para-assassinos-de-policiais\/#breadcrumb\"},\"inLanguage\":\"pt-BR\",\"potentialAction\":[{\"@type\":\"ReadAction\",\"target\":[\"https:\/\/www.notibras.com\/site\/pezao-quer-penas-mais-duras-para-assassinos-de-policiais\/\"]}]},{\"@type\":\"ImageObject\",\"inLanguage\":\"pt-BR\",\"@id\":\"https:\/\/www.notibras.com\/site\/pezao-quer-penas-mais-duras-para-assassinos-de-policiais\/#primaryimage\",\"url\":\"https:\/\/www.notibras.com\/site\/wp-content\/uploads\/2015\/02\/pe.jpg\",\"contentUrl\":\"https:\/\/www.notibras.com\/site\/wp-content\/uploads\/2015\/02\/pe.jpg\",\"width\":640,\"height\":360},{\"@type\":\"BreadcrumbList\",\"@id\":\"https:\/\/www.notibras.com\/site\/pezao-quer-penas-mais-duras-para-assassinos-de-policiais\/#breadcrumb\",\"itemListElement\":[{\"@type\":\"ListItem\",\"position\":1,\"name\":\"In\u00edcio\",\"item\":\"https:\/\/www.notibras.com\/site\/\"},{\"@type\":\"ListItem\",\"position\":2,\"name\":\"Pez\u00e3o quer penas mais duras para assassinos de policiais\"}]},{\"@type\":\"WebSite\",\"@id\":\"https:\/\/www.notibras.com\/site\/#website\",\"url\":\"https:\/\/www.notibras.com\/site\/\",\"name\":\"Notibras\",\"description\":\"Not\u00edcias de Bras\u00edlia, do Brasil e do Mundo\",\"publisher\":{\"@id\":\"https:\/\/www.notibras.com\/site\/#organization\"},\"potentialAction\":[{\"@type\":\"SearchAction\",\"target\":{\"@type\":\"EntryPoint\",\"urlTemplate\":\"https:\/\/www.notibras.com\/site\/?s={search_term_string}\"},\"query-input\":{\"@type\":\"PropertyValueSpecification\",\"valueRequired\":true,\"valueName\":\"search_term_string\"}}],\"inLanguage\":\"pt-BR\"},{\"@type\":\"Organization\",\"@id\":\"https:\/\/www.notibras.com\/site\/#organization\",\"name\":\"Grupo Notibras de Comunica\u00e7\u00e3o\",\"url\":\"https:\/\/www.notibras.com\/site\/\",\"logo\":{\"@type\":\"ImageObject\",\"inLanguage\":\"pt-BR\",\"@id\":\"https:\/\/www.notibras.com\/site\/#\/schema\/logo\/image\/\",\"url\":\"https:\/\/www.notibras.com\/site\/wp-content\/uploads\/2023\/01\/notibras23.png\",\"contentUrl\":\"https:\/\/www.notibras.com\/site\/wp-content\/uploads\/2023\/01\/notibras23.png\",\"width\":350,\"height\":87,\"caption\":\"Grupo Notibras de Comunica\u00e7\u00e3o\"},\"image\":{\"@id\":\"https:\/\/www.notibras.com\/site\/#\/schema\/logo\/image\/\"},\"sameAs\":[\"https:\/\/www.facebook.com\/notibras\/\",\"https:\/\/x.com\/Notibras\",\"https:\/\/www.instagram.com\/notibras\/\"]},{\"@type\":\"Person\",\"@id\":\"https:\/\/www.notibras.com\/site\/#\/schema\/person\/36ab0979449956132d3e5b517ea76ac8\",\"name\":\"Reda\u00e7\u00e3o\",\"image\":{\"@type\":\"ImageObject\",\"inLanguage\":\"pt-BR\",\"@id\":\"https:\/\/secure.gravatar.com\/avatar\/e0a867bdedb85fd243eadf09663511f96fc81e0720a4a42581f334ad4303aa6b?s=96&d=mm&r=g\",\"url\":\"https:\/\/secure.gravatar.com\/avatar\/e0a867bdedb85fd243eadf09663511f96fc81e0720a4a42581f334ad4303aa6b?s=96&d=mm&r=g\",\"contentUrl\":\"https:\/\/secure.gravatar.com\/avatar\/e0a867bdedb85fd243eadf09663511f96fc81e0720a4a42581f334ad4303aa6b?s=96&d=mm&r=g\",\"caption\":\"Reda\u00e7\u00e3o\"}}]}<\/script>\n<!-- \/ Yoast SEO plugin. -->","yoast_head_json":{"title":"Pez\u00e3o quer penas mais duras para assassinos de policiais - Notibras","robots":{"index":"index","follow":"follow","max-snippet":"max-snippet:-1","max-image-preview":"max-image-preview:large","max-video-preview":"max-video-preview:-1"},"canonical":"https:\/\/www.notibras.com\/site\/pezao-quer-penas-mais-duras-para-assassinos-de-policiais\/","og_locale":"pt_BR","og_type":"article","og_title":"Pez\u00e3o quer penas mais duras para assassinos de policiais - Notibras","og_description":"O governador do Rio de Janeiro, Luiz Fernando Pez\u00e3o, defendeu nesta segunda 23 penas mais duras para criminosos que atiram contra policiais. S\u00f3 neste fim de semana, quatro policiais e um guarda municipal foram mortos na Regi\u00e3o Metropolitana do Rio. \u201cEu sou contra a viol\u00eancia contra qualquer cidad\u00e3o. Quando uma bala atinge uma crian\u00e7a, uma [&hellip;]","og_url":"https:\/\/www.notibras.com\/site\/pezao-quer-penas-mais-duras-para-assassinos-de-policiais\/","og_site_name":"Notibras","article_publisher":"https:\/\/www.facebook.com\/notibras\/","article_published_time":"2015-02-23T16:10:56+00:00","article_modified_time":"2015-02-23T22:12:15+00:00","og_image":[{"width":640,"height":360,"url":"https:\/\/www.notibras.com\/site\/wp-content\/uploads\/2015\/02\/pe.jpg","type":"image\/jpeg"}],"author":"Reda\u00e7\u00e3o","twitter_card":"summary_large_image","twitter_creator":"@Notibras","twitter_site":"@Notibras","twitter_misc":{"Escrito por":"Reda\u00e7\u00e3o","Est. tempo de leitura":"1 minuto"},"schema":{"@context":"https:\/\/schema.org","@graph":[{"@type":"Article","@id":"https:\/\/www.notibras.com\/site\/pezao-quer-penas-mais-duras-para-assassinos-de-policiais\/#article","isPartOf":{"@id":"https:\/\/www.notibras.com\/site\/pezao-quer-penas-mais-duras-para-assassinos-de-policiais\/"},"author":{"name":"Reda\u00e7\u00e3o","@id":"https:\/\/www.notibras.com\/site\/#\/schema\/person\/36ab0979449956132d3e5b517ea76ac8"},"headline":"Pez\u00e3o quer penas mais duras para assassinos de policiais","datePublished":"2015-02-23T16:10:56+00:00","dateModified":"2015-02-23T22:12:15+00:00","mainEntityOfPage":{"@id":"https:\/\/www.notibras.com\/site\/pezao-quer-penas-mais-duras-para-assassinos-de-policiais\/"},"wordCount":283,"commentCount":0,"publisher":{"@id":"https:\/\/www.notibras.com\/site\/#organization"},"image":{"@id":"https:\/\/www.notibras.com\/site\/pezao-quer-penas-mais-duras-para-assassinos-de-policiais\/#primaryimage"},"thumbnailUrl":"https:\/\/www.notibras.com\/site\/wp-content\/uploads\/2015\/02\/pe.jpg","articleSection":["Brasil"],"inLanguage":"pt-BR","potentialAction":[{"@type":"CommentAction","name":"Comment","target":["https:\/\/www.notibras.com\/site\/pezao-quer-penas-mais-duras-para-assassinos-de-policiais\/#respond"]}]},{"@type":"WebPage","@id":"https:\/\/www.notibras.com\/site\/pezao-quer-penas-mais-duras-para-assassinos-de-policiais\/","url":"https:\/\/www.notibras.com\/site\/pezao-quer-penas-mais-duras-para-assassinos-de-policiais\/","name":"Pez\u00e3o quer penas mais duras para assassinos de policiais - Notibras","isPartOf":{"@id":"https:\/\/www.notibras.com\/site\/#website"},"primaryImageOfPage":{"@id":"https:\/\/www.notibras.com\/site\/pezao-quer-penas-mais-duras-para-assassinos-de-policiais\/#primaryimage"},"image":{"@id":"https:\/\/www.notibras.com\/site\/pezao-quer-penas-mais-duras-para-assassinos-de-policiais\/#primaryimage"},"thumbnailUrl":"https:\/\/www.notibras.com\/site\/wp-content\/uploads\/2015\/02\/pe.jpg","datePublished":"2015-02-23T16:10:56+00:00","dateModified":"2015-02-23T22:12:15+00:00","breadcrumb":{"@id":"https:\/\/www.notibras.com\/site\/pezao-quer-penas-mais-duras-para-assassinos-de-policiais\/#breadcrumb"},"inLanguage":"pt-BR","potentialAction":[{"@type":"ReadAction","target":["https:\/\/www.notibras.com\/site\/pezao-quer-penas-mais-duras-para-assassinos-de-policiais\/"]}]},{"@type":"ImageObject","inLanguage":"pt-BR","@id":"https:\/\/www.notibras.com\/site\/pezao-quer-penas-mais-duras-para-assassinos-de-policiais\/#primaryimage","url":"https:\/\/www.notibras.com\/site\/wp-content\/uploads\/2015\/02\/pe.jpg","contentUrl":"https:\/\/www.notibras.com\/site\/wp-content\/uploads\/2015\/02\/pe.jpg","width":640,"height":360},{"@type":"BreadcrumbList","@id":"https:\/\/www.notibras.com\/site\/pezao-quer-penas-mais-duras-para-assassinos-de-policiais\/#breadcrumb","itemListElement":[{"@type":"ListItem","position":1,"name":"In\u00edcio","item":"https:\/\/www.notibras.com\/site\/"},{"@type":"ListItem","position":2,"name":"Pez\u00e3o quer penas mais duras para assassinos de policiais"}]},{"@type":"WebSite","@id":"https:\/\/www.notibras.com\/site\/#website","url":"https:\/\/www.notibras.com\/site\/","name":"Notibras","description":"Not\u00edcias de Bras\u00edlia, do Brasil e do Mundo","publisher":{"@id":"https:\/\/www.notibras.com\/site\/#organization"},"potentialAction":[{"@type":"SearchAction","target":{"@type":"EntryPoint","urlTemplate":"https:\/\/www.notibras.com\/site\/?s={search_term_string}"},"query-input":{"@type":"PropertyValueSpecification","valueRequired":true,"valueName":"search_term_string"}}],"inLanguage":"pt-BR"},{"@type":"Organization","@id":"https:\/\/www.notibras.com\/site\/#organization","name":"Grupo Notibras de Comunica\u00e7\u00e3o","url":"https:\/\/www.notibras.com\/site\/","logo":{"@type":"ImageObject","inLanguage":"pt-BR","@id":"https:\/\/www.notibras.com\/site\/#\/schema\/logo\/image\/","url":"https:\/\/www.notibras.com\/site\/wp-content\/uploads\/2023\/01\/notibras23.png","contentUrl":"https:\/\/www.notibras.com\/site\/wp-content\/uploads\/2023\/01\/notibras23.png","width":350,"height":87,"caption":"Grupo Notibras de Comunica\u00e7\u00e3o"},"image":{"@id":"https:\/\/www.notibras.com\/site\/#\/schema\/logo\/image\/"},"sameAs":["https:\/\/www.facebook.com\/notibras\/","https:\/\/x.com\/Notibras","https:\/\/www.instagram.com\/notibras\/"]},{"@type":"Person","@id":"https:\/\/www.notibras.com\/site\/#\/schema\/person\/36ab0979449956132d3e5b517ea76ac8","name":"Reda\u00e7\u00e3o","image":{"@type":"ImageObject","inLanguage":"pt-BR","@id":"https:\/\/secure.gravatar.com\/avatar\/e0a867bdedb85fd243eadf09663511f96fc81e0720a4a42581f334ad4303aa6b?s=96&d=mm&r=g","url":"https:\/\/secure.gravatar.com\/avatar\/e0a867bdedb85fd243eadf09663511f96fc81e0720a4a42581f334ad4303aa6b?s=96&d=mm&r=g","contentUrl":"https:\/\/secure.gravatar.com\/avatar\/e0a867bdedb85fd243eadf09663511f96fc81e0720a4a42581f334ad4303aa6b?s=96&d=mm&r=g","caption":"Reda\u00e7\u00e3o"}}]}},"amp_enabled":true,"_links":{"self":[{"href":"https:\/\/www.notibras.com\/site\/wp-json\/wp\/v2\/posts\/37993","targetHints":{"allow":["GET"]}}],"collection":[{"href":"https:\/\/www.notibras.com\/site\/wp-json\/wp\/v2\/posts"}],"about":[{"href":"https:\/\/www.notibras.com\/site\/wp-json\/wp\/v2\/types\/post"}],"author":[{"embeddable":true,"href":"https:\/\/www.notibras.com\/site\/wp-json\/wp\/v2\/users\/2"}],"replies":[{"embeddable":true,"href":"https:\/\/www.notibras.com\/site\/wp-json\/wp\/v2\/comments?post=37993"}],"version-history":[{"count":0,"href":"https:\/\/www.notibras.com\/site\/wp-json\/wp\/v2\/posts\/37993\/revisions"}],"wp:featuredmedia":[{"embeddable":true,"href":"https:\/\/www.notibras.com\/site\/wp-json\/wp\/v2\/media\/37994"}],"wp:attachment":[{"href":"https:\/\/www.notibras.com\/site\/wp-json\/wp\/v2\/media?parent=37993"}],"wp:term":[{"taxonomy":"category","embeddable":true,"href":"https:\/\/www.notibras.com\/site\/wp-json\/wp\/v2\/categories?post=37993"},{"taxonomy":"post_tag","embeddable":true,"href":"https:\/\/www.notibras.com\/site\/wp-json\/wp\/v2\/tags?post=37993"}],"curies":[{"name":"wp","href":"https:\/\/api.w.org\/{rel}","templated":true}]}}