{"id":379939,"date":"2026-01-23T02:00:58","date_gmt":"2026-01-23T05:00:58","guid":{"rendered":"https:\/\/www.notibras.com\/site\/?p=379939"},"modified":"2026-01-21T02:56:54","modified_gmt":"2026-01-21T05:56:54","slug":"ate-quando-seremos-assediadas","status":"publish","type":"post","link":"https:\/\/www.notibras.com\/site\/ate-quando-seremos-assediadas\/","title":{"rendered":"At\u00e9 Quando Seremos Assediadas?"},"content":{"rendered":"<p>At\u00e9 quando seremos assediadas?<\/p>\n<p>A pergunta n\u00e3o \u00e9 ret\u00f3rica. Ela atravessa nossos corpos todos os dias, nos \u00f4nibus, nas ruas, no trabalho, na universidade, dentro de casa. N\u00e3o \u00e9 um epis\u00f3dio isolado, \u00e9 um sistema. N\u00e3o \u00e9 exce\u00e7\u00e3o, \u00e9 regra. E n\u00f3s sabemos disso porque vivemos.<\/p>\n<p>N\u00f3s aprendemos cedo a nos proteger: mudar de roupa, ajustar o tom de voz, calcular hor\u00e1rios, compartilhar localiza\u00e7\u00e3o, fingir liga\u00e7\u00f5es, atravessar a rua, sorrir para evitar conflito, silenciar para sobreviver. O ass\u00e9dio n\u00e3o come\u00e7a no toque. Come\u00e7a no olhar que nos mede, na palavra que nos invade, na certeza masculina de que nossos corpos s\u00e3o territ\u00f3rio p\u00fablico.<\/p>\n<p>Quando perguntamos \u201cat\u00e9 quando?\u201d, estamos perguntando tamb\u00e9m por que. E a resposta n\u00e3o est\u00e1 no comportamento das mulheres, mas na estrutura que naturaliza a viol\u00eancia. Simone de Beauvoir j\u00e1 dizia que a sociedade constr\u00f3i a mulher como objeto. bell hooks nos lembra que o patriarcado ensina aos homens o direito de acesso. Judith Butler aponta que certos corpos s\u00e3o historicamente tornados dispon\u00edveis, vulner\u00e1veis, viol\u00e1veis.<\/p>\n<p>N\u00f3s n\u00e3o somos assediadas porque somos bonitas, simp\u00e1ticas, livres ou fortes. Somos assediadas porque somos mulheres. Porque o mundo foi organizado para nos lembrar disso. Angela Davis nos ensinou que a viol\u00eancia contra as mulheres n\u00e3o \u00e9 um desvio moral individual, mas um mecanismo pol\u00edtico de controle. O ass\u00e9dio \u00e9 uma tecnologia de poder: ele nos assusta, nos limita, nos empurra para o medo.<\/p>\n<p>E quando denunciamos, o foco muda. Perguntam onde est\u00e1vamos, o que vest\u00edamos, se reagimos, se exageramos. A viol\u00eancia se repete no julgamento. Hannah Arendt j\u00e1 alertava para a banaliza\u00e7\u00e3o do mal: quando a viol\u00eancia se torna cotidiana, ela deixa de chocar. N\u00f3s \u00e9 que passamos a ser vistas como exageradas por n\u00e3o a aceitar.<\/p>\n<p>At\u00e9 quando seremos assediadas enquanto tentam nos convencer de que \u00e9 elogio?<\/p>\n<p>At\u00e9 quando teremos que rir para n\u00e3o morrer?<\/p>\n<p>At\u00e9 quando a nossa liberdade ser\u00e1 tratada como provoca\u00e7\u00e3o?<\/p>\n<p>N\u00f3s n\u00e3o queremos privil\u00e9gios. Queremos existir sem medo. Queremos caminhar sem c\u00e1lculo. Queremos trabalhar sem invas\u00e3o. Queremos amar sem vigil\u00e2ncia. O ass\u00e9dio n\u00e3o \u00e9 parte da vida \u00e9 parte da opress\u00e3o. E dizer isso em voz alta j\u00e1 \u00e9 um ato pol\u00edtico.<\/p>\n<p>N\u00f3s estamos cansadas de adaptar nossos corpos a um mundo violento. \u00c9 o mundo que precisa mudar. N\u00e3o \u00e9 sobre educar individualmente cada agressor, mas sobre transformar uma cultura inteira que legitima o abuso e protege quem o pratica.<\/p>\n<p>Enquanto isso n\u00e3o acontece, seguimos juntas. Nomeando. Denunciando. Escrevendo. Cuidando umas das outras. Porque se a dor do ass\u00e9dio nos atravessa, a resist\u00eancia tamb\u00e9m nos atravessa.<\/p>\n<p>At\u00e9 quando seremos assediadas?<\/p>\n<p>At\u00e9 quando for permitido.<\/p>\n<p>E n\u00f3s estamos aqui para n\u00e3o permitir mais.<\/p>\n","protected":false},"excerpt":{"rendered":"<p>At\u00e9 quando seremos assediadas? A pergunta n\u00e3o \u00e9 ret\u00f3rica. Ela atravessa nossos corpos todos os dias, nos \u00f4nibus, nas ruas, no trabalho, na universidade, dentro de casa. N\u00e3o \u00e9 um epis\u00f3dio isolado, \u00e9 um sistema. N\u00e3o \u00e9 exce\u00e7\u00e3o, \u00e9 regra. E n\u00f3s sabemos disso porque vivemos. N\u00f3s aprendemos cedo a nos proteger: mudar de roupa, [&hellip;]<\/p>\n","protected":false},"author":21,"featured_media":379940,"comment_status":"closed","ping_status":"closed","sticky":false,"template":"","format":"standard","meta":{"_acf_changed":false,"footnotes":""},"categories":[236],"tags":[],"class_list":["post-379939","post","type-post","status-publish","format-standard","has-post-thumbnail","hentry","category-ponto-de-vista"],"acf":[],"yoast_head":"<!-- This site is optimized with the Yoast SEO plugin v27.2 - https:\/\/yoast.com\/product\/yoast-seo-wordpress\/ -->\n<title>At\u00e9 Quando Seremos Assediadas? - Notibras<\/title>\n<meta name=\"robots\" content=\"index, follow, max-snippet:-1, max-image-preview:large, max-video-preview:-1\" \/>\n<link rel=\"canonical\" href=\"https:\/\/www.notibras.com\/site\/ate-quando-seremos-assediadas\/\" \/>\n<meta property=\"og:locale\" content=\"pt_BR\" \/>\n<meta property=\"og:type\" content=\"article\" \/>\n<meta property=\"og:title\" content=\"At\u00e9 Quando Seremos Assediadas? - Notibras\" \/>\n<meta property=\"og:description\" content=\"At\u00e9 quando seremos assediadas? A pergunta n\u00e3o \u00e9 ret\u00f3rica. Ela atravessa nossos corpos todos os dias, nos \u00f4nibus, nas ruas, no trabalho, na universidade, dentro de casa. N\u00e3o \u00e9 um epis\u00f3dio isolado, \u00e9 um sistema. N\u00e3o \u00e9 exce\u00e7\u00e3o, \u00e9 regra. E n\u00f3s sabemos disso porque vivemos. N\u00f3s aprendemos cedo a nos proteger: mudar de roupa, [&hellip;]\" \/>\n<meta property=\"og:url\" content=\"https:\/\/www.notibras.com\/site\/ate-quando-seremos-assediadas\/\" \/>\n<meta property=\"og:site_name\" content=\"Notibras\" \/>\n<meta property=\"article:publisher\" content=\"https:\/\/www.facebook.com\/notibras\/\" \/>\n<meta property=\"article:published_time\" content=\"2026-01-23T05:00:58+00:00\" \/>\n<meta property=\"og:image\" content=\"https:\/\/www.notibras.com\/site\/wp-content\/uploads\/2026\/01\/bd60a24c-46ee-4d3a-b89f-ff6e74f263d2.jpg\" \/>\n\t<meta property=\"og:image:width\" content=\"809\" \/>\n\t<meta property=\"og:image:height\" content=\"871\" \/>\n\t<meta property=\"og:image:type\" content=\"image\/jpeg\" \/>\n<meta name=\"author\" content=\"Eduardo Mart\u00ednez\" \/>\n<meta name=\"twitter:card\" content=\"summary_large_image\" \/>\n<meta name=\"twitter:creator\" content=\"@Notibras\" \/>\n<meta name=\"twitter:site\" content=\"@Notibras\" \/>\n<meta name=\"twitter:label1\" content=\"Escrito por\" \/>\n\t<meta name=\"twitter:data1\" content=\"Eduardo Mart\u00ednez\" \/>\n\t<meta name=\"twitter:label2\" content=\"Est. tempo de leitura\" \/>\n\t<meta name=\"twitter:data2\" content=\"3 minutos\" \/>\n<script type=\"application\/ld+json\" class=\"yoast-schema-graph\">{\"@context\":\"https:\/\/schema.org\",\"@graph\":[{\"@type\":\"Article\",\"@id\":\"https:\/\/www.notibras.com\/site\/ate-quando-seremos-assediadas\/#article\",\"isPartOf\":{\"@id\":\"https:\/\/www.notibras.com\/site\/ate-quando-seremos-assediadas\/\"},\"author\":{\"name\":\"Eduardo Mart\u00ednez\",\"@id\":\"https:\/\/www.notibras.com\/site\/#\/schema\/person\/5b7fabf2aedc3ada2105f03b22b4d3dd\"},\"headline\":\"At\u00e9 Quando Seremos Assediadas?\",\"datePublished\":\"2026-01-23T05:00:58+00:00\",\"mainEntityOfPage\":{\"@id\":\"https:\/\/www.notibras.com\/site\/ate-quando-seremos-assediadas\/\"},\"wordCount\":487,\"publisher\":{\"@id\":\"https:\/\/www.notibras.com\/site\/#organization\"},\"image\":{\"@id\":\"https:\/\/www.notibras.com\/site\/ate-quando-seremos-assediadas\/#primaryimage\"},\"thumbnailUrl\":\"https:\/\/www.notibras.com\/site\/wp-content\/uploads\/2026\/01\/bd60a24c-46ee-4d3a-b89f-ff6e74f263d2.jpg\",\"articleSection\":[\"Ponto de Vista\"],\"inLanguage\":\"pt-BR\"},{\"@type\":\"WebPage\",\"@id\":\"https:\/\/www.notibras.com\/site\/ate-quando-seremos-assediadas\/\",\"url\":\"https:\/\/www.notibras.com\/site\/ate-quando-seremos-assediadas\/\",\"name\":\"At\u00e9 Quando Seremos Assediadas? - Notibras\",\"isPartOf\":{\"@id\":\"https:\/\/www.notibras.com\/site\/#website\"},\"primaryImageOfPage\":{\"@id\":\"https:\/\/www.notibras.com\/site\/ate-quando-seremos-assediadas\/#primaryimage\"},\"image\":{\"@id\":\"https:\/\/www.notibras.com\/site\/ate-quando-seremos-assediadas\/#primaryimage\"},\"thumbnailUrl\":\"https:\/\/www.notibras.com\/site\/wp-content\/uploads\/2026\/01\/bd60a24c-46ee-4d3a-b89f-ff6e74f263d2.jpg\",\"datePublished\":\"2026-01-23T05:00:58+00:00\",\"breadcrumb\":{\"@id\":\"https:\/\/www.notibras.com\/site\/ate-quando-seremos-assediadas\/#breadcrumb\"},\"inLanguage\":\"pt-BR\",\"potentialAction\":[{\"@type\":\"ReadAction\",\"target\":[\"https:\/\/www.notibras.com\/site\/ate-quando-seremos-assediadas\/\"]}]},{\"@type\":\"ImageObject\",\"inLanguage\":\"pt-BR\",\"@id\":\"https:\/\/www.notibras.com\/site\/ate-quando-seremos-assediadas\/#primaryimage\",\"url\":\"https:\/\/www.notibras.com\/site\/wp-content\/uploads\/2026\/01\/bd60a24c-46ee-4d3a-b89f-ff6e74f263d2.jpg\",\"contentUrl\":\"https:\/\/www.notibras.com\/site\/wp-content\/uploads\/2026\/01\/bd60a24c-46ee-4d3a-b89f-ff6e74f263d2.jpg\",\"width\":809,\"height\":871},{\"@type\":\"BreadcrumbList\",\"@id\":\"https:\/\/www.notibras.com\/site\/ate-quando-seremos-assediadas\/#breadcrumb\",\"itemListElement\":[{\"@type\":\"ListItem\",\"position\":1,\"name\":\"In\u00edcio\",\"item\":\"https:\/\/www.notibras.com\/site\/\"},{\"@type\":\"ListItem\",\"position\":2,\"name\":\"At\u00e9 Quando Seremos Assediadas?\"}]},{\"@type\":\"WebSite\",\"@id\":\"https:\/\/www.notibras.com\/site\/#website\",\"url\":\"https:\/\/www.notibras.com\/site\/\",\"name\":\"Notibras\",\"description\":\"Not\u00edcias de Bras\u00edlia, do Brasil e do Mundo\",\"publisher\":{\"@id\":\"https:\/\/www.notibras.com\/site\/#organization\"},\"potentialAction\":[{\"@type\":\"SearchAction\",\"target\":{\"@type\":\"EntryPoint\",\"urlTemplate\":\"https:\/\/www.notibras.com\/site\/?s={search_term_string}\"},\"query-input\":{\"@type\":\"PropertyValueSpecification\",\"valueRequired\":true,\"valueName\":\"search_term_string\"}}],\"inLanguage\":\"pt-BR\"},{\"@type\":\"Organization\",\"@id\":\"https:\/\/www.notibras.com\/site\/#organization\",\"name\":\"Grupo Notibras de Comunica\u00e7\u00e3o\",\"url\":\"https:\/\/www.notibras.com\/site\/\",\"logo\":{\"@type\":\"ImageObject\",\"inLanguage\":\"pt-BR\",\"@id\":\"https:\/\/www.notibras.com\/site\/#\/schema\/logo\/image\/\",\"url\":\"https:\/\/www.notibras.com\/site\/wp-content\/uploads\/2023\/01\/notibras23.png\",\"contentUrl\":\"https:\/\/www.notibras.com\/site\/wp-content\/uploads\/2023\/01\/notibras23.png\",\"width\":350,\"height\":87,\"caption\":\"Grupo Notibras de Comunica\u00e7\u00e3o\"},\"image\":{\"@id\":\"https:\/\/www.notibras.com\/site\/#\/schema\/logo\/image\/\"},\"sameAs\":[\"https:\/\/www.facebook.com\/notibras\/\",\"https:\/\/x.com\/Notibras\",\"https:\/\/www.instagram.com\/notibras\/\"]},{\"@type\":\"Person\",\"@id\":\"https:\/\/www.notibras.com\/site\/#\/schema\/person\/5b7fabf2aedc3ada2105f03b22b4d3dd\",\"name\":\"Eduardo Mart\u00ednez\",\"image\":{\"@type\":\"ImageObject\",\"inLanguage\":\"pt-BR\",\"@id\":\"https:\/\/secure.gravatar.com\/avatar\/7902f906289926289cbcda644b5197c796b893c6ffd7b9a536a42d290f7704a0?s=96&d=mm&r=g\",\"url\":\"https:\/\/secure.gravatar.com\/avatar\/7902f906289926289cbcda644b5197c796b893c6ffd7b9a536a42d290f7704a0?s=96&d=mm&r=g\",\"contentUrl\":\"https:\/\/secure.gravatar.com\/avatar\/7902f906289926289cbcda644b5197c796b893c6ffd7b9a536a42d290f7704a0?s=96&d=mm&r=g\",\"caption\":\"Eduardo Mart\u00ednez\"}}]}<\/script>\n<!-- \/ Yoast SEO plugin. -->","yoast_head_json":{"title":"At\u00e9 Quando Seremos Assediadas? - Notibras","robots":{"index":"index","follow":"follow","max-snippet":"max-snippet:-1","max-image-preview":"max-image-preview:large","max-video-preview":"max-video-preview:-1"},"canonical":"https:\/\/www.notibras.com\/site\/ate-quando-seremos-assediadas\/","og_locale":"pt_BR","og_type":"article","og_title":"At\u00e9 Quando Seremos Assediadas? - Notibras","og_description":"At\u00e9 quando seremos assediadas? A pergunta n\u00e3o \u00e9 ret\u00f3rica. Ela atravessa nossos corpos todos os dias, nos \u00f4nibus, nas ruas, no trabalho, na universidade, dentro de casa. N\u00e3o \u00e9 um epis\u00f3dio isolado, \u00e9 um sistema. N\u00e3o \u00e9 exce\u00e7\u00e3o, \u00e9 regra. E n\u00f3s sabemos disso porque vivemos. N\u00f3s aprendemos cedo a nos proteger: mudar de roupa, [&hellip;]","og_url":"https:\/\/www.notibras.com\/site\/ate-quando-seremos-assediadas\/","og_site_name":"Notibras","article_publisher":"https:\/\/www.facebook.com\/notibras\/","article_published_time":"2026-01-23T05:00:58+00:00","og_image":[{"width":809,"height":871,"url":"https:\/\/www.notibras.com\/site\/wp-content\/uploads\/2026\/01\/bd60a24c-46ee-4d3a-b89f-ff6e74f263d2.jpg","type":"image\/jpeg"}],"author":"Eduardo Mart\u00ednez","twitter_card":"summary_large_image","twitter_creator":"@Notibras","twitter_site":"@Notibras","twitter_misc":{"Escrito por":"Eduardo Mart\u00ednez","Est. tempo de leitura":"3 minutos"},"schema":{"@context":"https:\/\/schema.org","@graph":[{"@type":"Article","@id":"https:\/\/www.notibras.com\/site\/ate-quando-seremos-assediadas\/#article","isPartOf":{"@id":"https:\/\/www.notibras.com\/site\/ate-quando-seremos-assediadas\/"},"author":{"name":"Eduardo Mart\u00ednez","@id":"https:\/\/www.notibras.com\/site\/#\/schema\/person\/5b7fabf2aedc3ada2105f03b22b4d3dd"},"headline":"At\u00e9 Quando Seremos Assediadas?","datePublished":"2026-01-23T05:00:58+00:00","mainEntityOfPage":{"@id":"https:\/\/www.notibras.com\/site\/ate-quando-seremos-assediadas\/"},"wordCount":487,"publisher":{"@id":"https:\/\/www.notibras.com\/site\/#organization"},"image":{"@id":"https:\/\/www.notibras.com\/site\/ate-quando-seremos-assediadas\/#primaryimage"},"thumbnailUrl":"https:\/\/www.notibras.com\/site\/wp-content\/uploads\/2026\/01\/bd60a24c-46ee-4d3a-b89f-ff6e74f263d2.jpg","articleSection":["Ponto de Vista"],"inLanguage":"pt-BR"},{"@type":"WebPage","@id":"https:\/\/www.notibras.com\/site\/ate-quando-seremos-assediadas\/","url":"https:\/\/www.notibras.com\/site\/ate-quando-seremos-assediadas\/","name":"At\u00e9 Quando Seremos Assediadas? - Notibras","isPartOf":{"@id":"https:\/\/www.notibras.com\/site\/#website"},"primaryImageOfPage":{"@id":"https:\/\/www.notibras.com\/site\/ate-quando-seremos-assediadas\/#primaryimage"},"image":{"@id":"https:\/\/www.notibras.com\/site\/ate-quando-seremos-assediadas\/#primaryimage"},"thumbnailUrl":"https:\/\/www.notibras.com\/site\/wp-content\/uploads\/2026\/01\/bd60a24c-46ee-4d3a-b89f-ff6e74f263d2.jpg","datePublished":"2026-01-23T05:00:58+00:00","breadcrumb":{"@id":"https:\/\/www.notibras.com\/site\/ate-quando-seremos-assediadas\/#breadcrumb"},"inLanguage":"pt-BR","potentialAction":[{"@type":"ReadAction","target":["https:\/\/www.notibras.com\/site\/ate-quando-seremos-assediadas\/"]}]},{"@type":"ImageObject","inLanguage":"pt-BR","@id":"https:\/\/www.notibras.com\/site\/ate-quando-seremos-assediadas\/#primaryimage","url":"https:\/\/www.notibras.com\/site\/wp-content\/uploads\/2026\/01\/bd60a24c-46ee-4d3a-b89f-ff6e74f263d2.jpg","contentUrl":"https:\/\/www.notibras.com\/site\/wp-content\/uploads\/2026\/01\/bd60a24c-46ee-4d3a-b89f-ff6e74f263d2.jpg","width":809,"height":871},{"@type":"BreadcrumbList","@id":"https:\/\/www.notibras.com\/site\/ate-quando-seremos-assediadas\/#breadcrumb","itemListElement":[{"@type":"ListItem","position":1,"name":"In\u00edcio","item":"https:\/\/www.notibras.com\/site\/"},{"@type":"ListItem","position":2,"name":"At\u00e9 Quando Seremos Assediadas?"}]},{"@type":"WebSite","@id":"https:\/\/www.notibras.com\/site\/#website","url":"https:\/\/www.notibras.com\/site\/","name":"Notibras","description":"Not\u00edcias de Bras\u00edlia, do Brasil e do Mundo","publisher":{"@id":"https:\/\/www.notibras.com\/site\/#organization"},"potentialAction":[{"@type":"SearchAction","target":{"@type":"EntryPoint","urlTemplate":"https:\/\/www.notibras.com\/site\/?s={search_term_string}"},"query-input":{"@type":"PropertyValueSpecification","valueRequired":true,"valueName":"search_term_string"}}],"inLanguage":"pt-BR"},{"@type":"Organization","@id":"https:\/\/www.notibras.com\/site\/#organization","name":"Grupo Notibras de Comunica\u00e7\u00e3o","url":"https:\/\/www.notibras.com\/site\/","logo":{"@type":"ImageObject","inLanguage":"pt-BR","@id":"https:\/\/www.notibras.com\/site\/#\/schema\/logo\/image\/","url":"https:\/\/www.notibras.com\/site\/wp-content\/uploads\/2023\/01\/notibras23.png","contentUrl":"https:\/\/www.notibras.com\/site\/wp-content\/uploads\/2023\/01\/notibras23.png","width":350,"height":87,"caption":"Grupo Notibras de Comunica\u00e7\u00e3o"},"image":{"@id":"https:\/\/www.notibras.com\/site\/#\/schema\/logo\/image\/"},"sameAs":["https:\/\/www.facebook.com\/notibras\/","https:\/\/x.com\/Notibras","https:\/\/www.instagram.com\/notibras\/"]},{"@type":"Person","@id":"https:\/\/www.notibras.com\/site\/#\/schema\/person\/5b7fabf2aedc3ada2105f03b22b4d3dd","name":"Eduardo Mart\u00ednez","image":{"@type":"ImageObject","inLanguage":"pt-BR","@id":"https:\/\/secure.gravatar.com\/avatar\/7902f906289926289cbcda644b5197c796b893c6ffd7b9a536a42d290f7704a0?s=96&d=mm&r=g","url":"https:\/\/secure.gravatar.com\/avatar\/7902f906289926289cbcda644b5197c796b893c6ffd7b9a536a42d290f7704a0?s=96&d=mm&r=g","contentUrl":"https:\/\/secure.gravatar.com\/avatar\/7902f906289926289cbcda644b5197c796b893c6ffd7b9a536a42d290f7704a0?s=96&d=mm&r=g","caption":"Eduardo Mart\u00ednez"}}]}},"amp_enabled":true,"_links":{"self":[{"href":"https:\/\/www.notibras.com\/site\/wp-json\/wp\/v2\/posts\/379939","targetHints":{"allow":["GET"]}}],"collection":[{"href":"https:\/\/www.notibras.com\/site\/wp-json\/wp\/v2\/posts"}],"about":[{"href":"https:\/\/www.notibras.com\/site\/wp-json\/wp\/v2\/types\/post"}],"author":[{"embeddable":true,"href":"https:\/\/www.notibras.com\/site\/wp-json\/wp\/v2\/users\/21"}],"replies":[{"embeddable":true,"href":"https:\/\/www.notibras.com\/site\/wp-json\/wp\/v2\/comments?post=379939"}],"version-history":[{"count":2,"href":"https:\/\/www.notibras.com\/site\/wp-json\/wp\/v2\/posts\/379939\/revisions"}],"predecessor-version":[{"id":379942,"href":"https:\/\/www.notibras.com\/site\/wp-json\/wp\/v2\/posts\/379939\/revisions\/379942"}],"wp:featuredmedia":[{"embeddable":true,"href":"https:\/\/www.notibras.com\/site\/wp-json\/wp\/v2\/media\/379940"}],"wp:attachment":[{"href":"https:\/\/www.notibras.com\/site\/wp-json\/wp\/v2\/media?parent=379939"}],"wp:term":[{"taxonomy":"category","embeddable":true,"href":"https:\/\/www.notibras.com\/site\/wp-json\/wp\/v2\/categories?post=379939"},{"taxonomy":"post_tag","embeddable":true,"href":"https:\/\/www.notibras.com\/site\/wp-json\/wp\/v2\/tags?post=379939"}],"curies":[{"name":"wp","href":"https:\/\/api.w.org\/{rel}","templated":true}]}}