{"id":379943,"date":"2026-01-24T02:15:58","date_gmt":"2026-01-24T05:15:58","guid":{"rendered":"https:\/\/www.notibras.com\/site\/?p=379943"},"modified":"2026-01-21T03:00:55","modified_gmt":"2026-01-21T06:00:55","slug":"somos-tempo-enquanto-existimos","status":"publish","type":"post","link":"https:\/\/www.notibras.com\/site\/somos-tempo-enquanto-existimos\/","title":{"rendered":"Somos tempo enquanto existimos"},"content":{"rendered":"<p>Em Ser e Tempo, Heidegger nos provoca com uma ruptura decisiva: o ser humano n\u00e3o est\u00e1 simplesmente no tempo como um objeto que ocupa um intervalo cronol\u00f3gico. O Dasein o ser-a\u00ed \u00e9 tempo. Mais precisamente, \u00e9 temporalidade. O tempo n\u00e3o \u00e9 um recipiente externo onde a vida acontece; ele \u00e9 a pr\u00f3pria estrutura da exist\u00eancia.<\/p>\n<p>Heidegger rejeita a no\u00e7\u00e3o comum de tempo como sucess\u00e3o linear de instantes passado, presente e futuro organizados como uma linha. Para ele, essa \u00e9 uma compreens\u00e3o derivada, empobrecida, pr\u00f3pria da vida cotidiana e da racionalidade t\u00e9cnica. O tempo origin\u00e1rio \u00e9 existencial: manifesta-se na maneira como o Dasein se projeta, se compreende e se relaciona com o mundo.<\/p>\n<p>Somos, antes de tudo, seres lan\u00e7ados (Geworfenheit). Nascemos em um mundo que n\u00e3o escolhemos, em condi\u00e7\u00f5es hist\u00f3ricas, sociais e afetivas que nos precedem. Esse \u201cj\u00e1-estar-a\u00ed\u201d constitui o que chamamos de passado, mas n\u00e3o como algo encerrado: o passado permanece operante, estruturando nossas possibilidades no presente.<\/p>\n<p>Ao mesmo tempo, existimos como ser-projeto (Entwurf). Vivemos sempre antecipando, escolhendo, temendo, desejando. \u00c9 o futuro e n\u00e3o o presente que ocupa o lugar central na temporalidade heideggeriana. O Dasein \u00e9 um ser que se compreende a partir daquilo que ainda n\u00e3o \u00e9, mas pode vir a ser. Por isso, o futuro n\u00e3o \u00e9 mera expectativa: ele organiza o sentido da exist\u00eancia.<\/p>\n<p>O presente, por sua vez, n\u00e3o \u00e9 um ponto fixo. Heidegger o chama de presen\u00e7a (Gegenwart), um agora tensionado entre o que foi e o que vem. O presente s\u00f3 faz sentido porque carrega o peso do passado e a abertura do futuro. Fora dessa articula\u00e7\u00e3o, ele se dissolve em rotina, repeti\u00e7\u00e3o e aliena\u00e7\u00e3o.<\/p>\n<p>\u00c9 nesse contexto que surge a no\u00e7\u00e3o de ser-para-a-morte (Sein-zum-Tode). A morte, para Heidegger, n\u00e3o \u00e9 apenas um evento biol\u00f3gico futuro, mas a possibilidade mais pr\u00f3pria do Dasein. Ela revela a finitude radical da exist\u00eancia e rompe as ilus\u00f5es de infinitude produzidas pelo cotidiano. Ao reconhecer a morte como possibilidade constante, o ser humano pode acessar uma exist\u00eancia mais aut\u00eantica.<\/p>\n<p>A autenticidade (Eigentlichkeit) n\u00e3o significa viver corretamente segundo normas externas, mas assumir a pr\u00f3pria temporalidade. \u00c9 aceitar que o tempo \u00e9 finito, que as escolhas s\u00e3o irrecuper\u00e1veis e que n\u00e3o viver tamb\u00e9m \u00e9 uma forma de decidir. J\u00e1 a inautenticidade (Uneigentlichkeit) aparece quando nos perdemos no impessoal, o das Man, vivendo como \u201ctodo mundo\u201d, adiando a vida, silenciando o inc\u00f4modo do tempo.<\/p>\n<p>Assim, dizer que somos seres no tempo \u00e9 insuficiente. Heidegger vai al\u00e9m: somos o pr\u00f3prio acontecer do tempo. Existir \u00e9 temporalizar-se. Cada escolha, cada adiamento, cada ruptura \u00e9 uma forma de tempo que se realiza em n\u00f3s.<\/p>\n<p>Habitar o tempo, ent\u00e3o, n\u00e3o \u00e9 domin\u00e1-lo, mas escut\u00e1-lo. \u00c9 reconhecer que viver \u00e9 sempre viver sob o signo da finitude e que exatamente por isso cada gesto, cada palavra e cada recusa importam.<\/p>\n","protected":false},"excerpt":{"rendered":"<p>Em Ser e Tempo, Heidegger nos provoca com uma ruptura decisiva: o ser humano n\u00e3o est\u00e1 simplesmente no tempo como um objeto que ocupa um intervalo cronol\u00f3gico. O Dasein o ser-a\u00ed \u00e9 tempo. Mais precisamente, \u00e9 temporalidade. O tempo n\u00e3o \u00e9 um recipiente externo onde a vida acontece; ele \u00e9 a pr\u00f3pria estrutura da exist\u00eancia. [&hellip;]<\/p>\n","protected":false},"author":21,"featured_media":379944,"comment_status":"closed","ping_status":"closed","sticky":false,"template":"","format":"standard","meta":{"_acf_changed":false,"footnotes":""},"categories":[236],"tags":[],"class_list":["post-379943","post","type-post","status-publish","format-standard","has-post-thumbnail","hentry","category-ponto-de-vista"],"acf":[],"yoast_head":"<!-- This site is optimized with the Yoast SEO plugin v27.2 - https:\/\/yoast.com\/product\/yoast-seo-wordpress\/ -->\n<title>Somos tempo enquanto existimos - Notibras<\/title>\n<meta name=\"robots\" content=\"index, follow, max-snippet:-1, max-image-preview:large, max-video-preview:-1\" \/>\n<link rel=\"canonical\" href=\"https:\/\/www.notibras.com\/site\/somos-tempo-enquanto-existimos\/\" \/>\n<meta property=\"og:locale\" content=\"pt_BR\" \/>\n<meta property=\"og:type\" content=\"article\" \/>\n<meta property=\"og:title\" content=\"Somos tempo enquanto existimos - Notibras\" \/>\n<meta property=\"og:description\" content=\"Em Ser e Tempo, Heidegger nos provoca com uma ruptura decisiva: o ser humano n\u00e3o est\u00e1 simplesmente no tempo como um objeto que ocupa um intervalo cronol\u00f3gico. O Dasein o ser-a\u00ed \u00e9 tempo. Mais precisamente, \u00e9 temporalidade. O tempo n\u00e3o \u00e9 um recipiente externo onde a vida acontece; ele \u00e9 a pr\u00f3pria estrutura da exist\u00eancia. [&hellip;]\" \/>\n<meta property=\"og:url\" content=\"https:\/\/www.notibras.com\/site\/somos-tempo-enquanto-existimos\/\" \/>\n<meta property=\"og:site_name\" content=\"Notibras\" \/>\n<meta property=\"article:publisher\" content=\"https:\/\/www.facebook.com\/notibras\/\" \/>\n<meta property=\"article:published_time\" content=\"2026-01-24T05:15:58+00:00\" \/>\n<meta property=\"og:image\" content=\"https:\/\/www.notibras.com\/site\/wp-content\/uploads\/2026\/01\/06bf8bdc-8c56-4406-b98f-cedaacfa747c.jpg\" \/>\n\t<meta property=\"og:image:width\" content=\"809\" \/>\n\t<meta property=\"og:image:height\" content=\"1017\" \/>\n\t<meta property=\"og:image:type\" content=\"image\/jpeg\" \/>\n<meta name=\"author\" content=\"Eduardo Mart\u00ednez\" \/>\n<meta name=\"twitter:card\" content=\"summary_large_image\" \/>\n<meta name=\"twitter:creator\" content=\"@Notibras\" \/>\n<meta name=\"twitter:site\" content=\"@Notibras\" \/>\n<meta name=\"twitter:label1\" content=\"Escrito por\" \/>\n\t<meta name=\"twitter:data1\" content=\"Eduardo Mart\u00ednez\" \/>\n\t<meta name=\"twitter:label2\" content=\"Est. tempo de leitura\" \/>\n\t<meta name=\"twitter:data2\" content=\"3 minutos\" \/>\n<script type=\"application\/ld+json\" class=\"yoast-schema-graph\">{\"@context\":\"https:\/\/schema.org\",\"@graph\":[{\"@type\":\"Article\",\"@id\":\"https:\/\/www.notibras.com\/site\/somos-tempo-enquanto-existimos\/#article\",\"isPartOf\":{\"@id\":\"https:\/\/www.notibras.com\/site\/somos-tempo-enquanto-existimos\/\"},\"author\":{\"name\":\"Eduardo Mart\u00ednez\",\"@id\":\"https:\/\/www.notibras.com\/site\/#\/schema\/person\/5b7fabf2aedc3ada2105f03b22b4d3dd\"},\"headline\":\"Somos tempo enquanto existimos\",\"datePublished\":\"2026-01-24T05:15:58+00:00\",\"mainEntityOfPage\":{\"@id\":\"https:\/\/www.notibras.com\/site\/somos-tempo-enquanto-existimos\/\"},\"wordCount\":496,\"publisher\":{\"@id\":\"https:\/\/www.notibras.com\/site\/#organization\"},\"image\":{\"@id\":\"https:\/\/www.notibras.com\/site\/somos-tempo-enquanto-existimos\/#primaryimage\"},\"thumbnailUrl\":\"https:\/\/www.notibras.com\/site\/wp-content\/uploads\/2026\/01\/06bf8bdc-8c56-4406-b98f-cedaacfa747c.jpg\",\"articleSection\":[\"Ponto de Vista\"],\"inLanguage\":\"pt-BR\"},{\"@type\":\"WebPage\",\"@id\":\"https:\/\/www.notibras.com\/site\/somos-tempo-enquanto-existimos\/\",\"url\":\"https:\/\/www.notibras.com\/site\/somos-tempo-enquanto-existimos\/\",\"name\":\"Somos tempo enquanto existimos - Notibras\",\"isPartOf\":{\"@id\":\"https:\/\/www.notibras.com\/site\/#website\"},\"primaryImageOfPage\":{\"@id\":\"https:\/\/www.notibras.com\/site\/somos-tempo-enquanto-existimos\/#primaryimage\"},\"image\":{\"@id\":\"https:\/\/www.notibras.com\/site\/somos-tempo-enquanto-existimos\/#primaryimage\"},\"thumbnailUrl\":\"https:\/\/www.notibras.com\/site\/wp-content\/uploads\/2026\/01\/06bf8bdc-8c56-4406-b98f-cedaacfa747c.jpg\",\"datePublished\":\"2026-01-24T05:15:58+00:00\",\"breadcrumb\":{\"@id\":\"https:\/\/www.notibras.com\/site\/somos-tempo-enquanto-existimos\/#breadcrumb\"},\"inLanguage\":\"pt-BR\",\"potentialAction\":[{\"@type\":\"ReadAction\",\"target\":[\"https:\/\/www.notibras.com\/site\/somos-tempo-enquanto-existimos\/\"]}]},{\"@type\":\"ImageObject\",\"inLanguage\":\"pt-BR\",\"@id\":\"https:\/\/www.notibras.com\/site\/somos-tempo-enquanto-existimos\/#primaryimage\",\"url\":\"https:\/\/www.notibras.com\/site\/wp-content\/uploads\/2026\/01\/06bf8bdc-8c56-4406-b98f-cedaacfa747c.jpg\",\"contentUrl\":\"https:\/\/www.notibras.com\/site\/wp-content\/uploads\/2026\/01\/06bf8bdc-8c56-4406-b98f-cedaacfa747c.jpg\",\"width\":809,\"height\":1017},{\"@type\":\"BreadcrumbList\",\"@id\":\"https:\/\/www.notibras.com\/site\/somos-tempo-enquanto-existimos\/#breadcrumb\",\"itemListElement\":[{\"@type\":\"ListItem\",\"position\":1,\"name\":\"In\u00edcio\",\"item\":\"https:\/\/www.notibras.com\/site\/\"},{\"@type\":\"ListItem\",\"position\":2,\"name\":\"Somos tempo enquanto existimos\"}]},{\"@type\":\"WebSite\",\"@id\":\"https:\/\/www.notibras.com\/site\/#website\",\"url\":\"https:\/\/www.notibras.com\/site\/\",\"name\":\"Notibras\",\"description\":\"Not\u00edcias de Bras\u00edlia, do Brasil e do Mundo\",\"publisher\":{\"@id\":\"https:\/\/www.notibras.com\/site\/#organization\"},\"potentialAction\":[{\"@type\":\"SearchAction\",\"target\":{\"@type\":\"EntryPoint\",\"urlTemplate\":\"https:\/\/www.notibras.com\/site\/?s={search_term_string}\"},\"query-input\":{\"@type\":\"PropertyValueSpecification\",\"valueRequired\":true,\"valueName\":\"search_term_string\"}}],\"inLanguage\":\"pt-BR\"},{\"@type\":\"Organization\",\"@id\":\"https:\/\/www.notibras.com\/site\/#organization\",\"name\":\"Grupo Notibras de Comunica\u00e7\u00e3o\",\"url\":\"https:\/\/www.notibras.com\/site\/\",\"logo\":{\"@type\":\"ImageObject\",\"inLanguage\":\"pt-BR\",\"@id\":\"https:\/\/www.notibras.com\/site\/#\/schema\/logo\/image\/\",\"url\":\"https:\/\/www.notibras.com\/site\/wp-content\/uploads\/2023\/01\/notibras23.png\",\"contentUrl\":\"https:\/\/www.notibras.com\/site\/wp-content\/uploads\/2023\/01\/notibras23.png\",\"width\":350,\"height\":87,\"caption\":\"Grupo Notibras de Comunica\u00e7\u00e3o\"},\"image\":{\"@id\":\"https:\/\/www.notibras.com\/site\/#\/schema\/logo\/image\/\"},\"sameAs\":[\"https:\/\/www.facebook.com\/notibras\/\",\"https:\/\/x.com\/Notibras\",\"https:\/\/www.instagram.com\/notibras\/\"]},{\"@type\":\"Person\",\"@id\":\"https:\/\/www.notibras.com\/site\/#\/schema\/person\/5b7fabf2aedc3ada2105f03b22b4d3dd\",\"name\":\"Eduardo Mart\u00ednez\",\"image\":{\"@type\":\"ImageObject\",\"inLanguage\":\"pt-BR\",\"@id\":\"https:\/\/secure.gravatar.com\/avatar\/7902f906289926289cbcda644b5197c796b893c6ffd7b9a536a42d290f7704a0?s=96&d=mm&r=g\",\"url\":\"https:\/\/secure.gravatar.com\/avatar\/7902f906289926289cbcda644b5197c796b893c6ffd7b9a536a42d290f7704a0?s=96&d=mm&r=g\",\"contentUrl\":\"https:\/\/secure.gravatar.com\/avatar\/7902f906289926289cbcda644b5197c796b893c6ffd7b9a536a42d290f7704a0?s=96&d=mm&r=g\",\"caption\":\"Eduardo Mart\u00ednez\"}}]}<\/script>\n<!-- \/ Yoast SEO plugin. -->","yoast_head_json":{"title":"Somos tempo enquanto existimos - Notibras","robots":{"index":"index","follow":"follow","max-snippet":"max-snippet:-1","max-image-preview":"max-image-preview:large","max-video-preview":"max-video-preview:-1"},"canonical":"https:\/\/www.notibras.com\/site\/somos-tempo-enquanto-existimos\/","og_locale":"pt_BR","og_type":"article","og_title":"Somos tempo enquanto existimos - Notibras","og_description":"Em Ser e Tempo, Heidegger nos provoca com uma ruptura decisiva: o ser humano n\u00e3o est\u00e1 simplesmente no tempo como um objeto que ocupa um intervalo cronol\u00f3gico. O Dasein o ser-a\u00ed \u00e9 tempo. Mais precisamente, \u00e9 temporalidade. O tempo n\u00e3o \u00e9 um recipiente externo onde a vida acontece; ele \u00e9 a pr\u00f3pria estrutura da exist\u00eancia. [&hellip;]","og_url":"https:\/\/www.notibras.com\/site\/somos-tempo-enquanto-existimos\/","og_site_name":"Notibras","article_publisher":"https:\/\/www.facebook.com\/notibras\/","article_published_time":"2026-01-24T05:15:58+00:00","og_image":[{"width":809,"height":1017,"url":"https:\/\/www.notibras.com\/site\/wp-content\/uploads\/2026\/01\/06bf8bdc-8c56-4406-b98f-cedaacfa747c.jpg","type":"image\/jpeg"}],"author":"Eduardo Mart\u00ednez","twitter_card":"summary_large_image","twitter_creator":"@Notibras","twitter_site":"@Notibras","twitter_misc":{"Escrito por":"Eduardo Mart\u00ednez","Est. tempo de leitura":"3 minutos"},"schema":{"@context":"https:\/\/schema.org","@graph":[{"@type":"Article","@id":"https:\/\/www.notibras.com\/site\/somos-tempo-enquanto-existimos\/#article","isPartOf":{"@id":"https:\/\/www.notibras.com\/site\/somos-tempo-enquanto-existimos\/"},"author":{"name":"Eduardo Mart\u00ednez","@id":"https:\/\/www.notibras.com\/site\/#\/schema\/person\/5b7fabf2aedc3ada2105f03b22b4d3dd"},"headline":"Somos tempo enquanto existimos","datePublished":"2026-01-24T05:15:58+00:00","mainEntityOfPage":{"@id":"https:\/\/www.notibras.com\/site\/somos-tempo-enquanto-existimos\/"},"wordCount":496,"publisher":{"@id":"https:\/\/www.notibras.com\/site\/#organization"},"image":{"@id":"https:\/\/www.notibras.com\/site\/somos-tempo-enquanto-existimos\/#primaryimage"},"thumbnailUrl":"https:\/\/www.notibras.com\/site\/wp-content\/uploads\/2026\/01\/06bf8bdc-8c56-4406-b98f-cedaacfa747c.jpg","articleSection":["Ponto de Vista"],"inLanguage":"pt-BR"},{"@type":"WebPage","@id":"https:\/\/www.notibras.com\/site\/somos-tempo-enquanto-existimos\/","url":"https:\/\/www.notibras.com\/site\/somos-tempo-enquanto-existimos\/","name":"Somos tempo enquanto existimos - Notibras","isPartOf":{"@id":"https:\/\/www.notibras.com\/site\/#website"},"primaryImageOfPage":{"@id":"https:\/\/www.notibras.com\/site\/somos-tempo-enquanto-existimos\/#primaryimage"},"image":{"@id":"https:\/\/www.notibras.com\/site\/somos-tempo-enquanto-existimos\/#primaryimage"},"thumbnailUrl":"https:\/\/www.notibras.com\/site\/wp-content\/uploads\/2026\/01\/06bf8bdc-8c56-4406-b98f-cedaacfa747c.jpg","datePublished":"2026-01-24T05:15:58+00:00","breadcrumb":{"@id":"https:\/\/www.notibras.com\/site\/somos-tempo-enquanto-existimos\/#breadcrumb"},"inLanguage":"pt-BR","potentialAction":[{"@type":"ReadAction","target":["https:\/\/www.notibras.com\/site\/somos-tempo-enquanto-existimos\/"]}]},{"@type":"ImageObject","inLanguage":"pt-BR","@id":"https:\/\/www.notibras.com\/site\/somos-tempo-enquanto-existimos\/#primaryimage","url":"https:\/\/www.notibras.com\/site\/wp-content\/uploads\/2026\/01\/06bf8bdc-8c56-4406-b98f-cedaacfa747c.jpg","contentUrl":"https:\/\/www.notibras.com\/site\/wp-content\/uploads\/2026\/01\/06bf8bdc-8c56-4406-b98f-cedaacfa747c.jpg","width":809,"height":1017},{"@type":"BreadcrumbList","@id":"https:\/\/www.notibras.com\/site\/somos-tempo-enquanto-existimos\/#breadcrumb","itemListElement":[{"@type":"ListItem","position":1,"name":"In\u00edcio","item":"https:\/\/www.notibras.com\/site\/"},{"@type":"ListItem","position":2,"name":"Somos tempo enquanto existimos"}]},{"@type":"WebSite","@id":"https:\/\/www.notibras.com\/site\/#website","url":"https:\/\/www.notibras.com\/site\/","name":"Notibras","description":"Not\u00edcias de Bras\u00edlia, do Brasil e do Mundo","publisher":{"@id":"https:\/\/www.notibras.com\/site\/#organization"},"potentialAction":[{"@type":"SearchAction","target":{"@type":"EntryPoint","urlTemplate":"https:\/\/www.notibras.com\/site\/?s={search_term_string}"},"query-input":{"@type":"PropertyValueSpecification","valueRequired":true,"valueName":"search_term_string"}}],"inLanguage":"pt-BR"},{"@type":"Organization","@id":"https:\/\/www.notibras.com\/site\/#organization","name":"Grupo Notibras de Comunica\u00e7\u00e3o","url":"https:\/\/www.notibras.com\/site\/","logo":{"@type":"ImageObject","inLanguage":"pt-BR","@id":"https:\/\/www.notibras.com\/site\/#\/schema\/logo\/image\/","url":"https:\/\/www.notibras.com\/site\/wp-content\/uploads\/2023\/01\/notibras23.png","contentUrl":"https:\/\/www.notibras.com\/site\/wp-content\/uploads\/2023\/01\/notibras23.png","width":350,"height":87,"caption":"Grupo Notibras de Comunica\u00e7\u00e3o"},"image":{"@id":"https:\/\/www.notibras.com\/site\/#\/schema\/logo\/image\/"},"sameAs":["https:\/\/www.facebook.com\/notibras\/","https:\/\/x.com\/Notibras","https:\/\/www.instagram.com\/notibras\/"]},{"@type":"Person","@id":"https:\/\/www.notibras.com\/site\/#\/schema\/person\/5b7fabf2aedc3ada2105f03b22b4d3dd","name":"Eduardo Mart\u00ednez","image":{"@type":"ImageObject","inLanguage":"pt-BR","@id":"https:\/\/secure.gravatar.com\/avatar\/7902f906289926289cbcda644b5197c796b893c6ffd7b9a536a42d290f7704a0?s=96&d=mm&r=g","url":"https:\/\/secure.gravatar.com\/avatar\/7902f906289926289cbcda644b5197c796b893c6ffd7b9a536a42d290f7704a0?s=96&d=mm&r=g","contentUrl":"https:\/\/secure.gravatar.com\/avatar\/7902f906289926289cbcda644b5197c796b893c6ffd7b9a536a42d290f7704a0?s=96&d=mm&r=g","caption":"Eduardo Mart\u00ednez"}}]}},"amp_enabled":true,"_links":{"self":[{"href":"https:\/\/www.notibras.com\/site\/wp-json\/wp\/v2\/posts\/379943","targetHints":{"allow":["GET"]}}],"collection":[{"href":"https:\/\/www.notibras.com\/site\/wp-json\/wp\/v2\/posts"}],"about":[{"href":"https:\/\/www.notibras.com\/site\/wp-json\/wp\/v2\/types\/post"}],"author":[{"embeddable":true,"href":"https:\/\/www.notibras.com\/site\/wp-json\/wp\/v2\/users\/21"}],"replies":[{"embeddable":true,"href":"https:\/\/www.notibras.com\/site\/wp-json\/wp\/v2\/comments?post=379943"}],"version-history":[{"count":2,"href":"https:\/\/www.notibras.com\/site\/wp-json\/wp\/v2\/posts\/379943\/revisions"}],"predecessor-version":[{"id":379946,"href":"https:\/\/www.notibras.com\/site\/wp-json\/wp\/v2\/posts\/379943\/revisions\/379946"}],"wp:featuredmedia":[{"embeddable":true,"href":"https:\/\/www.notibras.com\/site\/wp-json\/wp\/v2\/media\/379944"}],"wp:attachment":[{"href":"https:\/\/www.notibras.com\/site\/wp-json\/wp\/v2\/media?parent=379943"}],"wp:term":[{"taxonomy":"category","embeddable":true,"href":"https:\/\/www.notibras.com\/site\/wp-json\/wp\/v2\/categories?post=379943"},{"taxonomy":"post_tag","embeddable":true,"href":"https:\/\/www.notibras.com\/site\/wp-json\/wp\/v2\/tags?post=379943"}],"curies":[{"name":"wp","href":"https:\/\/api.w.org\/{rel}","templated":true}]}}