{"id":379947,"date":"2026-01-25T02:00:12","date_gmt":"2026-01-25T05:00:12","guid":{"rendered":"https:\/\/www.notibras.com\/site\/?p=379947"},"modified":"2026-01-21T03:08:13","modified_gmt":"2026-01-21T06:08:13","slug":"o-amor-que-nao-vem-para-salvar","status":"publish","type":"post","link":"https:\/\/www.notibras.com\/site\/o-amor-que-nao-vem-para-salvar\/","title":{"rendered":"O amor que n\u00e3o vem para salvar"},"content":{"rendered":"<p>N\u00f3s crescemos ouvindo que o amor chega para completar, corrigir, curar.\u00a0Como se f\u00f4ssemos sempre um rascunho de gente, esperando algu\u00e9m nos finalizar.\u00a0Mas o tempo ensina outra coisa.<\/p>\n<p>Ensina que tudo aquilo que vem para salvar tamb\u00e9m vem para mandar.\u00a0Que toda promessa de preenchimento carrega, escondida, uma exig\u00eancia de vazio permanente.<\/p>\n<p>N\u00f3s aprendemos, muitas vezes \u00e0 for\u00e7a, que o amor que vale n\u00e3o nasce da falta, mas da inteireza. Heidegger diria que somos ser-no-mundo, lan\u00e7adas no tempo, respons\u00e1veis por existir sem garantias. E talvez seja exatamente a\u00ed que erramos por tanto tempo: ao esperar que algu\u00e9m nos livrasse do peso de existir.<\/p>\n<p>N\u00f3s confundimos encontro com anestesia.\u00a0Confundimos afeto com fuga.\u00a0Confundimos companhia com sentido.\u00a0E ent\u00e3o, quando o amor n\u00e3o vem, pensamos que falhamos.\u00a0Que h\u00e1 algo errado conosco.\u00a0Que somos exigentes demais, inteiras demais, conscientes demais.\u00a0Mas talvez seja o contr\u00e1rio.<\/p>\n<p>Talvez o amor n\u00e3o chegue porque n\u00f3s j\u00e1 n\u00e3o aceitamos rela\u00e7\u00f5es que servem para tampar buracos. N\u00f3s n\u00e3o queremos algu\u00e9m para completar o vazio, porque aprendemos, \u00e0s vezes entre ru\u00ednas, que o vazio tamb\u00e9m \u00e9 um lugar de escuta, cria\u00e7\u00e3o e lucidez.<\/p>\n<p>Clarice Lispector escreveu que a solid\u00e3o pode ser um luxo. N\u00f3s sabemos.\u00a0Sabemos porque j\u00e1 estivemos acompanhadas e profundamente s\u00f3s.\u00a0Sabemos porque j\u00e1 fomos amadas de palavras e tra\u00eddas de gestos.\u00a0Sabemos porque j\u00e1 tentaram nos convencer de que amor d\u00f3i, quando na verdade o que d\u00f3i \u00e9 a desigualdade.<\/p>\n<p>Se um dia o amor chegar, n\u00f3s sabemos:\u00a0n\u00e3o ser\u00e1 para nos salvar,\u00a0n\u00e3o ser\u00e1 para nos ocupar,\u00a0n\u00e3o ser\u00e1 para nos diminuir.<\/p>\n<p>Ser\u00e1 algu\u00e9m que caminhe ao lado, sem nos pedir sil\u00eancio, sem nos pedir menos, sem nos pedir medo. Algu\u00e9m que entenda que amar n\u00e3o \u00e9 invadir, \u00e9 reconhecer.<\/p>\n<p>E se n\u00e3o chegar, tudo bem tamb\u00e9m.\u00a0Porque n\u00f3s n\u00e3o somos incompletas.\u00a0Somos tempo em movimento.\u00a0Somos presen\u00e7a.\u00a0Somos mulheres que aprenderam que estar s\u00f3 n\u00e3o \u00e9 fracasso, \u00e9 escolha.<\/p>\n<p>O amor pode acontecer, sim.\u00a0Mas apenas se souber chegar sem promessas de salva\u00e7\u00e3o.\u00a0Porque n\u00f3s j\u00e1 sobrevivemos.<\/p>\n","protected":false},"excerpt":{"rendered":"<p>N\u00f3s crescemos ouvindo que o amor chega para completar, corrigir, curar.\u00a0Como se f\u00f4ssemos sempre um rascunho de gente, esperando algu\u00e9m nos finalizar.\u00a0Mas o tempo ensina outra coisa. Ensina que tudo aquilo que vem para salvar tamb\u00e9m vem para mandar.\u00a0Que toda promessa de preenchimento carrega, escondida, uma exig\u00eancia de vazio permanente. N\u00f3s aprendemos, muitas vezes \u00e0 [&hellip;]<\/p>\n","protected":false},"author":21,"featured_media":379948,"comment_status":"closed","ping_status":"closed","sticky":false,"template":"","format":"standard","meta":{"_acf_changed":false,"footnotes":""},"categories":[236],"tags":[],"class_list":["post-379947","post","type-post","status-publish","format-standard","has-post-thumbnail","hentry","category-ponto-de-vista"],"acf":[],"yoast_head":"<!-- This site is optimized with the Yoast SEO plugin v27.2 - https:\/\/yoast.com\/product\/yoast-seo-wordpress\/ -->\n<title>O amor que n\u00e3o vem para salvar - Notibras<\/title>\n<meta name=\"robots\" content=\"index, follow, max-snippet:-1, max-image-preview:large, max-video-preview:-1\" \/>\n<link rel=\"canonical\" href=\"https:\/\/www.notibras.com\/site\/o-amor-que-nao-vem-para-salvar\/\" \/>\n<meta property=\"og:locale\" content=\"pt_BR\" \/>\n<meta property=\"og:type\" content=\"article\" \/>\n<meta property=\"og:title\" content=\"O amor que n\u00e3o vem para salvar - Notibras\" \/>\n<meta property=\"og:description\" content=\"N\u00f3s crescemos ouvindo que o amor chega para completar, corrigir, curar.\u00a0Como se f\u00f4ssemos sempre um rascunho de gente, esperando algu\u00e9m nos finalizar.\u00a0Mas o tempo ensina outra coisa. Ensina que tudo aquilo que vem para salvar tamb\u00e9m vem para mandar.\u00a0Que toda promessa de preenchimento carrega, escondida, uma exig\u00eancia de vazio permanente. N\u00f3s aprendemos, muitas vezes \u00e0 [&hellip;]\" \/>\n<meta property=\"og:url\" content=\"https:\/\/www.notibras.com\/site\/o-amor-que-nao-vem-para-salvar\/\" \/>\n<meta property=\"og:site_name\" content=\"Notibras\" \/>\n<meta property=\"article:publisher\" content=\"https:\/\/www.facebook.com\/notibras\/\" \/>\n<meta property=\"article:published_time\" content=\"2026-01-25T05:00:12+00:00\" \/>\n<meta property=\"og:image\" content=\"https:\/\/www.notibras.com\/site\/wp-content\/uploads\/2026\/01\/IMG_0480.jpg\" \/>\n\t<meta property=\"og:image:width\" content=\"1023\" \/>\n\t<meta property=\"og:image:height\" content=\"916\" \/>\n\t<meta property=\"og:image:type\" content=\"image\/jpeg\" \/>\n<meta name=\"author\" content=\"Eduardo Mart\u00ednez\" \/>\n<meta name=\"twitter:card\" content=\"summary_large_image\" \/>\n<meta name=\"twitter:creator\" content=\"@Notibras\" \/>\n<meta name=\"twitter:site\" content=\"@Notibras\" \/>\n<meta name=\"twitter:label1\" content=\"Escrito por\" \/>\n\t<meta name=\"twitter:data1\" content=\"Eduardo Mart\u00ednez\" \/>\n\t<meta name=\"twitter:label2\" content=\"Est. tempo de leitura\" \/>\n\t<meta name=\"twitter:data2\" content=\"3 minutos\" \/>\n<script type=\"application\/ld+json\" class=\"yoast-schema-graph\">{\"@context\":\"https:\/\/schema.org\",\"@graph\":[{\"@type\":\"Article\",\"@id\":\"https:\/\/www.notibras.com\/site\/o-amor-que-nao-vem-para-salvar\/#article\",\"isPartOf\":{\"@id\":\"https:\/\/www.notibras.com\/site\/o-amor-que-nao-vem-para-salvar\/\"},\"author\":{\"name\":\"Eduardo Mart\u00ednez\",\"@id\":\"https:\/\/www.notibras.com\/site\/#\/schema\/person\/5b7fabf2aedc3ada2105f03b22b4d3dd\"},\"headline\":\"O amor que n\u00e3o vem para salvar\",\"datePublished\":\"2026-01-25T05:00:12+00:00\",\"mainEntityOfPage\":{\"@id\":\"https:\/\/www.notibras.com\/site\/o-amor-que-nao-vem-para-salvar\/\"},\"wordCount\":384,\"publisher\":{\"@id\":\"https:\/\/www.notibras.com\/site\/#organization\"},\"image\":{\"@id\":\"https:\/\/www.notibras.com\/site\/o-amor-que-nao-vem-para-salvar\/#primaryimage\"},\"thumbnailUrl\":\"https:\/\/www.notibras.com\/site\/wp-content\/uploads\/2026\/01\/IMG_0480.jpg\",\"articleSection\":[\"Ponto de Vista\"],\"inLanguage\":\"pt-BR\"},{\"@type\":\"WebPage\",\"@id\":\"https:\/\/www.notibras.com\/site\/o-amor-que-nao-vem-para-salvar\/\",\"url\":\"https:\/\/www.notibras.com\/site\/o-amor-que-nao-vem-para-salvar\/\",\"name\":\"O amor que n\u00e3o vem para salvar - Notibras\",\"isPartOf\":{\"@id\":\"https:\/\/www.notibras.com\/site\/#website\"},\"primaryImageOfPage\":{\"@id\":\"https:\/\/www.notibras.com\/site\/o-amor-que-nao-vem-para-salvar\/#primaryimage\"},\"image\":{\"@id\":\"https:\/\/www.notibras.com\/site\/o-amor-que-nao-vem-para-salvar\/#primaryimage\"},\"thumbnailUrl\":\"https:\/\/www.notibras.com\/site\/wp-content\/uploads\/2026\/01\/IMG_0480.jpg\",\"datePublished\":\"2026-01-25T05:00:12+00:00\",\"breadcrumb\":{\"@id\":\"https:\/\/www.notibras.com\/site\/o-amor-que-nao-vem-para-salvar\/#breadcrumb\"},\"inLanguage\":\"pt-BR\",\"potentialAction\":[{\"@type\":\"ReadAction\",\"target\":[\"https:\/\/www.notibras.com\/site\/o-amor-que-nao-vem-para-salvar\/\"]}]},{\"@type\":\"ImageObject\",\"inLanguage\":\"pt-BR\",\"@id\":\"https:\/\/www.notibras.com\/site\/o-amor-que-nao-vem-para-salvar\/#primaryimage\",\"url\":\"https:\/\/www.notibras.com\/site\/wp-content\/uploads\/2026\/01\/IMG_0480.jpg\",\"contentUrl\":\"https:\/\/www.notibras.com\/site\/wp-content\/uploads\/2026\/01\/IMG_0480.jpg\",\"width\":1023,\"height\":916},{\"@type\":\"BreadcrumbList\",\"@id\":\"https:\/\/www.notibras.com\/site\/o-amor-que-nao-vem-para-salvar\/#breadcrumb\",\"itemListElement\":[{\"@type\":\"ListItem\",\"position\":1,\"name\":\"In\u00edcio\",\"item\":\"https:\/\/www.notibras.com\/site\/\"},{\"@type\":\"ListItem\",\"position\":2,\"name\":\"O amor que n\u00e3o vem para salvar\"}]},{\"@type\":\"WebSite\",\"@id\":\"https:\/\/www.notibras.com\/site\/#website\",\"url\":\"https:\/\/www.notibras.com\/site\/\",\"name\":\"Notibras\",\"description\":\"Not\u00edcias de Bras\u00edlia, do Brasil e do Mundo\",\"publisher\":{\"@id\":\"https:\/\/www.notibras.com\/site\/#organization\"},\"potentialAction\":[{\"@type\":\"SearchAction\",\"target\":{\"@type\":\"EntryPoint\",\"urlTemplate\":\"https:\/\/www.notibras.com\/site\/?s={search_term_string}\"},\"query-input\":{\"@type\":\"PropertyValueSpecification\",\"valueRequired\":true,\"valueName\":\"search_term_string\"}}],\"inLanguage\":\"pt-BR\"},{\"@type\":\"Organization\",\"@id\":\"https:\/\/www.notibras.com\/site\/#organization\",\"name\":\"Grupo Notibras de Comunica\u00e7\u00e3o\",\"url\":\"https:\/\/www.notibras.com\/site\/\",\"logo\":{\"@type\":\"ImageObject\",\"inLanguage\":\"pt-BR\",\"@id\":\"https:\/\/www.notibras.com\/site\/#\/schema\/logo\/image\/\",\"url\":\"https:\/\/www.notibras.com\/site\/wp-content\/uploads\/2023\/01\/notibras23.png\",\"contentUrl\":\"https:\/\/www.notibras.com\/site\/wp-content\/uploads\/2023\/01\/notibras23.png\",\"width\":350,\"height\":87,\"caption\":\"Grupo Notibras de Comunica\u00e7\u00e3o\"},\"image\":{\"@id\":\"https:\/\/www.notibras.com\/site\/#\/schema\/logo\/image\/\"},\"sameAs\":[\"https:\/\/www.facebook.com\/notibras\/\",\"https:\/\/x.com\/Notibras\",\"https:\/\/www.instagram.com\/notibras\/\"]},{\"@type\":\"Person\",\"@id\":\"https:\/\/www.notibras.com\/site\/#\/schema\/person\/5b7fabf2aedc3ada2105f03b22b4d3dd\",\"name\":\"Eduardo Mart\u00ednez\",\"image\":{\"@type\":\"ImageObject\",\"inLanguage\":\"pt-BR\",\"@id\":\"https:\/\/secure.gravatar.com\/avatar\/7902f906289926289cbcda644b5197c796b893c6ffd7b9a536a42d290f7704a0?s=96&d=mm&r=g\",\"url\":\"https:\/\/secure.gravatar.com\/avatar\/7902f906289926289cbcda644b5197c796b893c6ffd7b9a536a42d290f7704a0?s=96&d=mm&r=g\",\"contentUrl\":\"https:\/\/secure.gravatar.com\/avatar\/7902f906289926289cbcda644b5197c796b893c6ffd7b9a536a42d290f7704a0?s=96&d=mm&r=g\",\"caption\":\"Eduardo Mart\u00ednez\"}}]}<\/script>\n<!-- \/ Yoast SEO plugin. -->","yoast_head_json":{"title":"O amor que n\u00e3o vem para salvar - Notibras","robots":{"index":"index","follow":"follow","max-snippet":"max-snippet:-1","max-image-preview":"max-image-preview:large","max-video-preview":"max-video-preview:-1"},"canonical":"https:\/\/www.notibras.com\/site\/o-amor-que-nao-vem-para-salvar\/","og_locale":"pt_BR","og_type":"article","og_title":"O amor que n\u00e3o vem para salvar - Notibras","og_description":"N\u00f3s crescemos ouvindo que o amor chega para completar, corrigir, curar.\u00a0Como se f\u00f4ssemos sempre um rascunho de gente, esperando algu\u00e9m nos finalizar.\u00a0Mas o tempo ensina outra coisa. Ensina que tudo aquilo que vem para salvar tamb\u00e9m vem para mandar.\u00a0Que toda promessa de preenchimento carrega, escondida, uma exig\u00eancia de vazio permanente. N\u00f3s aprendemos, muitas vezes \u00e0 [&hellip;]","og_url":"https:\/\/www.notibras.com\/site\/o-amor-que-nao-vem-para-salvar\/","og_site_name":"Notibras","article_publisher":"https:\/\/www.facebook.com\/notibras\/","article_published_time":"2026-01-25T05:00:12+00:00","og_image":[{"width":1023,"height":916,"url":"https:\/\/www.notibras.com\/site\/wp-content\/uploads\/2026\/01\/IMG_0480.jpg","type":"image\/jpeg"}],"author":"Eduardo Mart\u00ednez","twitter_card":"summary_large_image","twitter_creator":"@Notibras","twitter_site":"@Notibras","twitter_misc":{"Escrito por":"Eduardo Mart\u00ednez","Est. tempo de leitura":"3 minutos"},"schema":{"@context":"https:\/\/schema.org","@graph":[{"@type":"Article","@id":"https:\/\/www.notibras.com\/site\/o-amor-que-nao-vem-para-salvar\/#article","isPartOf":{"@id":"https:\/\/www.notibras.com\/site\/o-amor-que-nao-vem-para-salvar\/"},"author":{"name":"Eduardo Mart\u00ednez","@id":"https:\/\/www.notibras.com\/site\/#\/schema\/person\/5b7fabf2aedc3ada2105f03b22b4d3dd"},"headline":"O amor que n\u00e3o vem para salvar","datePublished":"2026-01-25T05:00:12+00:00","mainEntityOfPage":{"@id":"https:\/\/www.notibras.com\/site\/o-amor-que-nao-vem-para-salvar\/"},"wordCount":384,"publisher":{"@id":"https:\/\/www.notibras.com\/site\/#organization"},"image":{"@id":"https:\/\/www.notibras.com\/site\/o-amor-que-nao-vem-para-salvar\/#primaryimage"},"thumbnailUrl":"https:\/\/www.notibras.com\/site\/wp-content\/uploads\/2026\/01\/IMG_0480.jpg","articleSection":["Ponto de Vista"],"inLanguage":"pt-BR"},{"@type":"WebPage","@id":"https:\/\/www.notibras.com\/site\/o-amor-que-nao-vem-para-salvar\/","url":"https:\/\/www.notibras.com\/site\/o-amor-que-nao-vem-para-salvar\/","name":"O amor que n\u00e3o vem para salvar - Notibras","isPartOf":{"@id":"https:\/\/www.notibras.com\/site\/#website"},"primaryImageOfPage":{"@id":"https:\/\/www.notibras.com\/site\/o-amor-que-nao-vem-para-salvar\/#primaryimage"},"image":{"@id":"https:\/\/www.notibras.com\/site\/o-amor-que-nao-vem-para-salvar\/#primaryimage"},"thumbnailUrl":"https:\/\/www.notibras.com\/site\/wp-content\/uploads\/2026\/01\/IMG_0480.jpg","datePublished":"2026-01-25T05:00:12+00:00","breadcrumb":{"@id":"https:\/\/www.notibras.com\/site\/o-amor-que-nao-vem-para-salvar\/#breadcrumb"},"inLanguage":"pt-BR","potentialAction":[{"@type":"ReadAction","target":["https:\/\/www.notibras.com\/site\/o-amor-que-nao-vem-para-salvar\/"]}]},{"@type":"ImageObject","inLanguage":"pt-BR","@id":"https:\/\/www.notibras.com\/site\/o-amor-que-nao-vem-para-salvar\/#primaryimage","url":"https:\/\/www.notibras.com\/site\/wp-content\/uploads\/2026\/01\/IMG_0480.jpg","contentUrl":"https:\/\/www.notibras.com\/site\/wp-content\/uploads\/2026\/01\/IMG_0480.jpg","width":1023,"height":916},{"@type":"BreadcrumbList","@id":"https:\/\/www.notibras.com\/site\/o-amor-que-nao-vem-para-salvar\/#breadcrumb","itemListElement":[{"@type":"ListItem","position":1,"name":"In\u00edcio","item":"https:\/\/www.notibras.com\/site\/"},{"@type":"ListItem","position":2,"name":"O amor que n\u00e3o vem para salvar"}]},{"@type":"WebSite","@id":"https:\/\/www.notibras.com\/site\/#website","url":"https:\/\/www.notibras.com\/site\/","name":"Notibras","description":"Not\u00edcias de Bras\u00edlia, do Brasil e do Mundo","publisher":{"@id":"https:\/\/www.notibras.com\/site\/#organization"},"potentialAction":[{"@type":"SearchAction","target":{"@type":"EntryPoint","urlTemplate":"https:\/\/www.notibras.com\/site\/?s={search_term_string}"},"query-input":{"@type":"PropertyValueSpecification","valueRequired":true,"valueName":"search_term_string"}}],"inLanguage":"pt-BR"},{"@type":"Organization","@id":"https:\/\/www.notibras.com\/site\/#organization","name":"Grupo Notibras de Comunica\u00e7\u00e3o","url":"https:\/\/www.notibras.com\/site\/","logo":{"@type":"ImageObject","inLanguage":"pt-BR","@id":"https:\/\/www.notibras.com\/site\/#\/schema\/logo\/image\/","url":"https:\/\/www.notibras.com\/site\/wp-content\/uploads\/2023\/01\/notibras23.png","contentUrl":"https:\/\/www.notibras.com\/site\/wp-content\/uploads\/2023\/01\/notibras23.png","width":350,"height":87,"caption":"Grupo Notibras de Comunica\u00e7\u00e3o"},"image":{"@id":"https:\/\/www.notibras.com\/site\/#\/schema\/logo\/image\/"},"sameAs":["https:\/\/www.facebook.com\/notibras\/","https:\/\/x.com\/Notibras","https:\/\/www.instagram.com\/notibras\/"]},{"@type":"Person","@id":"https:\/\/www.notibras.com\/site\/#\/schema\/person\/5b7fabf2aedc3ada2105f03b22b4d3dd","name":"Eduardo Mart\u00ednez","image":{"@type":"ImageObject","inLanguage":"pt-BR","@id":"https:\/\/secure.gravatar.com\/avatar\/7902f906289926289cbcda644b5197c796b893c6ffd7b9a536a42d290f7704a0?s=96&d=mm&r=g","url":"https:\/\/secure.gravatar.com\/avatar\/7902f906289926289cbcda644b5197c796b893c6ffd7b9a536a42d290f7704a0?s=96&d=mm&r=g","contentUrl":"https:\/\/secure.gravatar.com\/avatar\/7902f906289926289cbcda644b5197c796b893c6ffd7b9a536a42d290f7704a0?s=96&d=mm&r=g","caption":"Eduardo Mart\u00ednez"}}]}},"amp_enabled":true,"_links":{"self":[{"href":"https:\/\/www.notibras.com\/site\/wp-json\/wp\/v2\/posts\/379947","targetHints":{"allow":["GET"]}}],"collection":[{"href":"https:\/\/www.notibras.com\/site\/wp-json\/wp\/v2\/posts"}],"about":[{"href":"https:\/\/www.notibras.com\/site\/wp-json\/wp\/v2\/types\/post"}],"author":[{"embeddable":true,"href":"https:\/\/www.notibras.com\/site\/wp-json\/wp\/v2\/users\/21"}],"replies":[{"embeddable":true,"href":"https:\/\/www.notibras.com\/site\/wp-json\/wp\/v2\/comments?post=379947"}],"version-history":[{"count":2,"href":"https:\/\/www.notibras.com\/site\/wp-json\/wp\/v2\/posts\/379947\/revisions"}],"predecessor-version":[{"id":379950,"href":"https:\/\/www.notibras.com\/site\/wp-json\/wp\/v2\/posts\/379947\/revisions\/379950"}],"wp:featuredmedia":[{"embeddable":true,"href":"https:\/\/www.notibras.com\/site\/wp-json\/wp\/v2\/media\/379948"}],"wp:attachment":[{"href":"https:\/\/www.notibras.com\/site\/wp-json\/wp\/v2\/media?parent=379947"}],"wp:term":[{"taxonomy":"category","embeddable":true,"href":"https:\/\/www.notibras.com\/site\/wp-json\/wp\/v2\/categories?post=379947"},{"taxonomy":"post_tag","embeddable":true,"href":"https:\/\/www.notibras.com\/site\/wp-json\/wp\/v2\/tags?post=379947"}],"curies":[{"name":"wp","href":"https:\/\/api.w.org\/{rel}","templated":true}]}}