{"id":379951,"date":"2026-01-23T00:45:40","date_gmt":"2026-01-23T03:45:40","guid":{"rendered":"https:\/\/www.notibras.com\/site\/?p=379951"},"modified":"2026-01-21T03:45:11","modified_gmt":"2026-01-21T06:45:11","slug":"a-loira-terrorista","status":"publish","type":"post","link":"https:\/\/www.notibras.com\/site\/a-loira-terrorista\/","title":{"rendered":"A LOIRA TERRORISTA"},"content":{"rendered":"<p>L\u00edvia \u00e9 sobrinha do meu esposo, linda, maravilhosa, boa pessoa, bon\u00edssima, ali\u00e1s, e loira natural.<\/p>\n<p>Fora criada com meus filhos, a melhor amiga da minha filha desde sempre. N\u00e3o sa\u00eda l\u00e1 de casa. Viaj\u00e1vamos, ela ia junto. Normal, como a gente ama os filhos da gente.<\/p>\n<p>Por\u00e9m, depois dos quarenta, L\u00edvia inventou de ser terrorista. Calma! Pra tudo tem uma explica\u00e7\u00e3o.<\/p>\n<p>L\u00edvia n\u00e3o se contentou em ser sobrinha s\u00f3 do lado do meu esposo, foi namorar meu primog\u00eanito sobrinho, meu primeiro amor. Sabe, quando a gente \u00e9 adolescente e ganha um sobrinho?<\/p>\n<p>\u00c9 uma emo\u00e7\u00e3o indescrit\u00edvel. Eu ficava fazendo cora\u00e7\u00e3ozinho escrito o nome dele, n\u00e3o o tirava da cabe\u00e7a.<\/p>\n<p>Todos os colegas achavam que eu estava apaixonada, como namorada, mas n\u00e3o era, era pelo meu quase filho.<\/p>\n<p>A\u00ed, pronto. Selou de vez o meu amor pela L\u00edvia, dobrou o amor.<\/p>\n<p>Meu cunhado \u00e9 daqueles homens que passam em frente ao hospital s\u00f3 se n\u00e3o tiver outra rua para evitar. Forte como um touro, nunca adoecera, nunca precisou de tomar uma Cibalena na vida. L\u00f3gico, era totalmente sem nenhuma intimidade com m\u00e9dicos, exames, farm\u00e1cia. Nunca foi cotidiano dele, nunca precisou.<\/p>\n<p>Mas, como toda m\u00e1quina, com o tempo vai dando um defeitinho aqui, outro ali, ele, com setenta, n\u00e3o conseguiu fugir \u00e0 regra. Teve um problema de sa\u00fade m\u00e9dio, nem grave e nem \u00e0 toa. Precisava de ir ao m\u00e9dico.<\/p>\n<p>Com custa de muita ora\u00e7\u00e3o e jejum da minha irm\u00e3, ele aceitou fazer uma visita ao m\u00e9dico. Mas, hoje em dia, nenhum m\u00e9dico d\u00e1 diagn\u00f3stico por intui\u00e7\u00e3o, como antigamente, e pediu todos os tipos de exames poss\u00edveis e imagin\u00e1rios, para aproveitar a visita.<\/p>\n<p>\u2014 Eu? Eu fazer esse tanto de exame? Mas n\u00e3o vou de jeito nenhum! \u2014 j\u00e1 saiu do hospital avisando.<\/p>\n<p>Minha irm\u00e3 n\u00e3o sabia o que fazer. J\u00e1 tinha gastado todo o repert\u00f3rio de ora\u00e7\u00f5es s\u00f3 pra conseguir faz\u00ea-lo chegar ao consult\u00f3rio. Pediu ajuda aos filhos, aos netos, inclusive, duas da \u00e1rea da sa\u00fade, uma m\u00e9dica e uma fisioterapeuta. Nada. Ningu\u00e9m conseguiu convenc\u00ea-lo.<\/p>\n<p>A L\u00edvia \u00e9 farmac\u00eautica e trabalha no SAMU, acostumada a ver horrores todos os dias. Minha irm\u00e3 n\u00e3o conseguindo ajuda e L\u00edvia s\u00f3 olhando, s\u00f3 matutando o que falar ao sogro.<\/p>\n<p>Um dia, minha irm\u00e3, cansada, estressada, n\u00e3o aguentou, desabafou:<\/p>\n<p>\u2014 L\u00edvia, eu n\u00e3o sei o que fazer para seu sogro fazer os exames que o m\u00e9dico pediu.<\/p>\n<p>L\u00edvia cruzou as lindas pernas, segurou o queixo com a m\u00e3o e ficou pensando&#8230; pensando&#8230; pensando.<\/p>\n<p>\u2014 Pode deixar, eu vou falar com ele, mas voc\u00ea, que j\u00e1 trabalhou muitos anos em hospital, vai me ajudar.<\/p>\n<p>L\u00edvia chegou normalmente como se n\u00e3o quisesse nada e come\u00e7ou a falar com o sogro. E minha irm\u00e3 confirmando e aumentando o m\u00e1ximo que podia. Eu queria at\u00e9 ter visto.<\/p>\n<p>Meu cunhado ficou escutando e s\u00f3 arregalando os olhos, quase que a \u00edris pulou fora. Realmente, eu n\u00e3o sei o que a L\u00edvia falou, s\u00f3 sei que ela fez um terror t\u00e3o grande, que meu cunhado disse:<\/p>\n<p>\u2014 Eu vou! Eu vou!<\/p>\n<p>Quase saiu correndo pra ir fazer os exames.<\/p>\n<p>Conhecendo L\u00edvia, como conhe\u00e7o, s\u00f3 fico pensando que voc\u00e1bulos ela usou. Santo Deus!<\/p>\n<p>Botou o terror.<\/p>\n<p>Pra L\u00edvia ter conseguido este feito, o terror foi incrivelmente terr\u00edvel.<\/p>\n<p>Virou A LOIRA TERRORISTA.<\/p>\n","protected":false},"excerpt":{"rendered":"<p>L\u00edvia \u00e9 sobrinha do meu esposo, linda, maravilhosa, boa pessoa, bon\u00edssima, ali\u00e1s, e loira natural. Fora criada com meus filhos, a melhor amiga da minha filha desde sempre. N\u00e3o sa\u00eda l\u00e1 de casa. Viaj\u00e1vamos, ela ia junto. Normal, como a gente ama os filhos da gente. Por\u00e9m, depois dos quarenta, L\u00edvia inventou de ser terrorista. [&hellip;]<\/p>\n","protected":false},"author":21,"featured_media":379952,"comment_status":"closed","ping_status":"closed","sticky":false,"template":"","format":"standard","meta":{"_acf_changed":false,"footnotes":""},"categories":[234],"tags":[],"class_list":["post-379951","post","type-post","status-publish","format-standard","has-post-thumbnail","hentry","category-cafe-literario"],"acf":[],"yoast_head":"<!-- This site is optimized with the Yoast SEO plugin v27.2 - https:\/\/yoast.com\/product\/yoast-seo-wordpress\/ -->\n<title>A LOIRA TERRORISTA - Notibras<\/title>\n<meta name=\"robots\" content=\"index, follow, max-snippet:-1, max-image-preview:large, max-video-preview:-1\" \/>\n<link rel=\"canonical\" href=\"https:\/\/www.notibras.com\/site\/a-loira-terrorista\/\" \/>\n<meta property=\"og:locale\" content=\"pt_BR\" \/>\n<meta property=\"og:type\" content=\"article\" \/>\n<meta property=\"og:title\" content=\"A LOIRA TERRORISTA - Notibras\" \/>\n<meta property=\"og:description\" content=\"L\u00edvia \u00e9 sobrinha do meu esposo, linda, maravilhosa, boa pessoa, bon\u00edssima, ali\u00e1s, e loira natural. Fora criada com meus filhos, a melhor amiga da minha filha desde sempre. N\u00e3o sa\u00eda l\u00e1 de casa. Viaj\u00e1vamos, ela ia junto. Normal, como a gente ama os filhos da gente. Por\u00e9m, depois dos quarenta, L\u00edvia inventou de ser terrorista. [&hellip;]\" \/>\n<meta property=\"og:url\" content=\"https:\/\/www.notibras.com\/site\/a-loira-terrorista\/\" \/>\n<meta property=\"og:site_name\" content=\"Notibras\" \/>\n<meta property=\"article:publisher\" content=\"https:\/\/www.facebook.com\/notibras\/\" \/>\n<meta property=\"article:published_time\" content=\"2026-01-23T03:45:40+00:00\" \/>\n<meta property=\"og:image\" content=\"https:\/\/www.notibras.com\/site\/wp-content\/uploads\/2026\/01\/IMG_0481.jpg\" \/>\n\t<meta property=\"og:image:width\" content=\"1023\" \/>\n\t<meta property=\"og:image:height\" content=\"927\" \/>\n\t<meta property=\"og:image:type\" content=\"image\/jpeg\" \/>\n<meta name=\"author\" content=\"Eduardo Mart\u00ednez\" \/>\n<meta name=\"twitter:card\" content=\"summary_large_image\" \/>\n<meta name=\"twitter:creator\" content=\"@Notibras\" \/>\n<meta name=\"twitter:site\" content=\"@Notibras\" \/>\n<meta name=\"twitter:label1\" content=\"Escrito por\" \/>\n\t<meta name=\"twitter:data1\" content=\"Eduardo Mart\u00ednez\" \/>\n\t<meta name=\"twitter:label2\" content=\"Est. tempo de leitura\" \/>\n\t<meta name=\"twitter:data2\" content=\"4 minutos\" \/>\n<script type=\"application\/ld+json\" class=\"yoast-schema-graph\">{\"@context\":\"https:\/\/schema.org\",\"@graph\":[{\"@type\":\"Article\",\"@id\":\"https:\/\/www.notibras.com\/site\/a-loira-terrorista\/#article\",\"isPartOf\":{\"@id\":\"https:\/\/www.notibras.com\/site\/a-loira-terrorista\/\"},\"author\":{\"name\":\"Eduardo Mart\u00ednez\",\"@id\":\"https:\/\/www.notibras.com\/site\/#\/schema\/person\/5b7fabf2aedc3ada2105f03b22b4d3dd\"},\"headline\":\"A LOIRA TERRORISTA\",\"datePublished\":\"2026-01-23T03:45:40+00:00\",\"mainEntityOfPage\":{\"@id\":\"https:\/\/www.notibras.com\/site\/a-loira-terrorista\/\"},\"wordCount\":597,\"publisher\":{\"@id\":\"https:\/\/www.notibras.com\/site\/#organization\"},\"image\":{\"@id\":\"https:\/\/www.notibras.com\/site\/a-loira-terrorista\/#primaryimage\"},\"thumbnailUrl\":\"https:\/\/www.notibras.com\/site\/wp-content\/uploads\/2026\/01\/IMG_0481.jpg\",\"articleSection\":[\"Caf\u00e9 Liter\u00e1rio\"],\"inLanguage\":\"pt-BR\"},{\"@type\":\"WebPage\",\"@id\":\"https:\/\/www.notibras.com\/site\/a-loira-terrorista\/\",\"url\":\"https:\/\/www.notibras.com\/site\/a-loira-terrorista\/\",\"name\":\"A LOIRA TERRORISTA - Notibras\",\"isPartOf\":{\"@id\":\"https:\/\/www.notibras.com\/site\/#website\"},\"primaryImageOfPage\":{\"@id\":\"https:\/\/www.notibras.com\/site\/a-loira-terrorista\/#primaryimage\"},\"image\":{\"@id\":\"https:\/\/www.notibras.com\/site\/a-loira-terrorista\/#primaryimage\"},\"thumbnailUrl\":\"https:\/\/www.notibras.com\/site\/wp-content\/uploads\/2026\/01\/IMG_0481.jpg\",\"datePublished\":\"2026-01-23T03:45:40+00:00\",\"breadcrumb\":{\"@id\":\"https:\/\/www.notibras.com\/site\/a-loira-terrorista\/#breadcrumb\"},\"inLanguage\":\"pt-BR\",\"potentialAction\":[{\"@type\":\"ReadAction\",\"target\":[\"https:\/\/www.notibras.com\/site\/a-loira-terrorista\/\"]}]},{\"@type\":\"ImageObject\",\"inLanguage\":\"pt-BR\",\"@id\":\"https:\/\/www.notibras.com\/site\/a-loira-terrorista\/#primaryimage\",\"url\":\"https:\/\/www.notibras.com\/site\/wp-content\/uploads\/2026\/01\/IMG_0481.jpg\",\"contentUrl\":\"https:\/\/www.notibras.com\/site\/wp-content\/uploads\/2026\/01\/IMG_0481.jpg\",\"width\":1023,\"height\":927},{\"@type\":\"BreadcrumbList\",\"@id\":\"https:\/\/www.notibras.com\/site\/a-loira-terrorista\/#breadcrumb\",\"itemListElement\":[{\"@type\":\"ListItem\",\"position\":1,\"name\":\"In\u00edcio\",\"item\":\"https:\/\/www.notibras.com\/site\/\"},{\"@type\":\"ListItem\",\"position\":2,\"name\":\"A LOIRA TERRORISTA\"}]},{\"@type\":\"WebSite\",\"@id\":\"https:\/\/www.notibras.com\/site\/#website\",\"url\":\"https:\/\/www.notibras.com\/site\/\",\"name\":\"Notibras\",\"description\":\"Not\u00edcias de Bras\u00edlia, do Brasil e do Mundo\",\"publisher\":{\"@id\":\"https:\/\/www.notibras.com\/site\/#organization\"},\"potentialAction\":[{\"@type\":\"SearchAction\",\"target\":{\"@type\":\"EntryPoint\",\"urlTemplate\":\"https:\/\/www.notibras.com\/site\/?s={search_term_string}\"},\"query-input\":{\"@type\":\"PropertyValueSpecification\",\"valueRequired\":true,\"valueName\":\"search_term_string\"}}],\"inLanguage\":\"pt-BR\"},{\"@type\":\"Organization\",\"@id\":\"https:\/\/www.notibras.com\/site\/#organization\",\"name\":\"Grupo Notibras de Comunica\u00e7\u00e3o\",\"url\":\"https:\/\/www.notibras.com\/site\/\",\"logo\":{\"@type\":\"ImageObject\",\"inLanguage\":\"pt-BR\",\"@id\":\"https:\/\/www.notibras.com\/site\/#\/schema\/logo\/image\/\",\"url\":\"https:\/\/www.notibras.com\/site\/wp-content\/uploads\/2023\/01\/notibras23.png\",\"contentUrl\":\"https:\/\/www.notibras.com\/site\/wp-content\/uploads\/2023\/01\/notibras23.png\",\"width\":350,\"height\":87,\"caption\":\"Grupo Notibras de Comunica\u00e7\u00e3o\"},\"image\":{\"@id\":\"https:\/\/www.notibras.com\/site\/#\/schema\/logo\/image\/\"},\"sameAs\":[\"https:\/\/www.facebook.com\/notibras\/\",\"https:\/\/x.com\/Notibras\",\"https:\/\/www.instagram.com\/notibras\/\"]},{\"@type\":\"Person\",\"@id\":\"https:\/\/www.notibras.com\/site\/#\/schema\/person\/5b7fabf2aedc3ada2105f03b22b4d3dd\",\"name\":\"Eduardo Mart\u00ednez\",\"image\":{\"@type\":\"ImageObject\",\"inLanguage\":\"pt-BR\",\"@id\":\"https:\/\/secure.gravatar.com\/avatar\/7902f906289926289cbcda644b5197c796b893c6ffd7b9a536a42d290f7704a0?s=96&d=mm&r=g\",\"url\":\"https:\/\/secure.gravatar.com\/avatar\/7902f906289926289cbcda644b5197c796b893c6ffd7b9a536a42d290f7704a0?s=96&d=mm&r=g\",\"contentUrl\":\"https:\/\/secure.gravatar.com\/avatar\/7902f906289926289cbcda644b5197c796b893c6ffd7b9a536a42d290f7704a0?s=96&d=mm&r=g\",\"caption\":\"Eduardo Mart\u00ednez\"}}]}<\/script>\n<!-- \/ Yoast SEO plugin. -->","yoast_head_json":{"title":"A LOIRA TERRORISTA - Notibras","robots":{"index":"index","follow":"follow","max-snippet":"max-snippet:-1","max-image-preview":"max-image-preview:large","max-video-preview":"max-video-preview:-1"},"canonical":"https:\/\/www.notibras.com\/site\/a-loira-terrorista\/","og_locale":"pt_BR","og_type":"article","og_title":"A LOIRA TERRORISTA - Notibras","og_description":"L\u00edvia \u00e9 sobrinha do meu esposo, linda, maravilhosa, boa pessoa, bon\u00edssima, ali\u00e1s, e loira natural. Fora criada com meus filhos, a melhor amiga da minha filha desde sempre. N\u00e3o sa\u00eda l\u00e1 de casa. Viaj\u00e1vamos, ela ia junto. Normal, como a gente ama os filhos da gente. Por\u00e9m, depois dos quarenta, L\u00edvia inventou de ser terrorista. [&hellip;]","og_url":"https:\/\/www.notibras.com\/site\/a-loira-terrorista\/","og_site_name":"Notibras","article_publisher":"https:\/\/www.facebook.com\/notibras\/","article_published_time":"2026-01-23T03:45:40+00:00","og_image":[{"width":1023,"height":927,"url":"https:\/\/www.notibras.com\/site\/wp-content\/uploads\/2026\/01\/IMG_0481.jpg","type":"image\/jpeg"}],"author":"Eduardo Mart\u00ednez","twitter_card":"summary_large_image","twitter_creator":"@Notibras","twitter_site":"@Notibras","twitter_misc":{"Escrito por":"Eduardo Mart\u00ednez","Est. tempo de leitura":"4 minutos"},"schema":{"@context":"https:\/\/schema.org","@graph":[{"@type":"Article","@id":"https:\/\/www.notibras.com\/site\/a-loira-terrorista\/#article","isPartOf":{"@id":"https:\/\/www.notibras.com\/site\/a-loira-terrorista\/"},"author":{"name":"Eduardo Mart\u00ednez","@id":"https:\/\/www.notibras.com\/site\/#\/schema\/person\/5b7fabf2aedc3ada2105f03b22b4d3dd"},"headline":"A LOIRA TERRORISTA","datePublished":"2026-01-23T03:45:40+00:00","mainEntityOfPage":{"@id":"https:\/\/www.notibras.com\/site\/a-loira-terrorista\/"},"wordCount":597,"publisher":{"@id":"https:\/\/www.notibras.com\/site\/#organization"},"image":{"@id":"https:\/\/www.notibras.com\/site\/a-loira-terrorista\/#primaryimage"},"thumbnailUrl":"https:\/\/www.notibras.com\/site\/wp-content\/uploads\/2026\/01\/IMG_0481.jpg","articleSection":["Caf\u00e9 Liter\u00e1rio"],"inLanguage":"pt-BR"},{"@type":"WebPage","@id":"https:\/\/www.notibras.com\/site\/a-loira-terrorista\/","url":"https:\/\/www.notibras.com\/site\/a-loira-terrorista\/","name":"A LOIRA TERRORISTA - Notibras","isPartOf":{"@id":"https:\/\/www.notibras.com\/site\/#website"},"primaryImageOfPage":{"@id":"https:\/\/www.notibras.com\/site\/a-loira-terrorista\/#primaryimage"},"image":{"@id":"https:\/\/www.notibras.com\/site\/a-loira-terrorista\/#primaryimage"},"thumbnailUrl":"https:\/\/www.notibras.com\/site\/wp-content\/uploads\/2026\/01\/IMG_0481.jpg","datePublished":"2026-01-23T03:45:40+00:00","breadcrumb":{"@id":"https:\/\/www.notibras.com\/site\/a-loira-terrorista\/#breadcrumb"},"inLanguage":"pt-BR","potentialAction":[{"@type":"ReadAction","target":["https:\/\/www.notibras.com\/site\/a-loira-terrorista\/"]}]},{"@type":"ImageObject","inLanguage":"pt-BR","@id":"https:\/\/www.notibras.com\/site\/a-loira-terrorista\/#primaryimage","url":"https:\/\/www.notibras.com\/site\/wp-content\/uploads\/2026\/01\/IMG_0481.jpg","contentUrl":"https:\/\/www.notibras.com\/site\/wp-content\/uploads\/2026\/01\/IMG_0481.jpg","width":1023,"height":927},{"@type":"BreadcrumbList","@id":"https:\/\/www.notibras.com\/site\/a-loira-terrorista\/#breadcrumb","itemListElement":[{"@type":"ListItem","position":1,"name":"In\u00edcio","item":"https:\/\/www.notibras.com\/site\/"},{"@type":"ListItem","position":2,"name":"A LOIRA TERRORISTA"}]},{"@type":"WebSite","@id":"https:\/\/www.notibras.com\/site\/#website","url":"https:\/\/www.notibras.com\/site\/","name":"Notibras","description":"Not\u00edcias de Bras\u00edlia, do Brasil e do Mundo","publisher":{"@id":"https:\/\/www.notibras.com\/site\/#organization"},"potentialAction":[{"@type":"SearchAction","target":{"@type":"EntryPoint","urlTemplate":"https:\/\/www.notibras.com\/site\/?s={search_term_string}"},"query-input":{"@type":"PropertyValueSpecification","valueRequired":true,"valueName":"search_term_string"}}],"inLanguage":"pt-BR"},{"@type":"Organization","@id":"https:\/\/www.notibras.com\/site\/#organization","name":"Grupo Notibras de Comunica\u00e7\u00e3o","url":"https:\/\/www.notibras.com\/site\/","logo":{"@type":"ImageObject","inLanguage":"pt-BR","@id":"https:\/\/www.notibras.com\/site\/#\/schema\/logo\/image\/","url":"https:\/\/www.notibras.com\/site\/wp-content\/uploads\/2023\/01\/notibras23.png","contentUrl":"https:\/\/www.notibras.com\/site\/wp-content\/uploads\/2023\/01\/notibras23.png","width":350,"height":87,"caption":"Grupo Notibras de Comunica\u00e7\u00e3o"},"image":{"@id":"https:\/\/www.notibras.com\/site\/#\/schema\/logo\/image\/"},"sameAs":["https:\/\/www.facebook.com\/notibras\/","https:\/\/x.com\/Notibras","https:\/\/www.instagram.com\/notibras\/"]},{"@type":"Person","@id":"https:\/\/www.notibras.com\/site\/#\/schema\/person\/5b7fabf2aedc3ada2105f03b22b4d3dd","name":"Eduardo Mart\u00ednez","image":{"@type":"ImageObject","inLanguage":"pt-BR","@id":"https:\/\/secure.gravatar.com\/avatar\/7902f906289926289cbcda644b5197c796b893c6ffd7b9a536a42d290f7704a0?s=96&d=mm&r=g","url":"https:\/\/secure.gravatar.com\/avatar\/7902f906289926289cbcda644b5197c796b893c6ffd7b9a536a42d290f7704a0?s=96&d=mm&r=g","contentUrl":"https:\/\/secure.gravatar.com\/avatar\/7902f906289926289cbcda644b5197c796b893c6ffd7b9a536a42d290f7704a0?s=96&d=mm&r=g","caption":"Eduardo Mart\u00ednez"}}]}},"amp_enabled":true,"_links":{"self":[{"href":"https:\/\/www.notibras.com\/site\/wp-json\/wp\/v2\/posts\/379951","targetHints":{"allow":["GET"]}}],"collection":[{"href":"https:\/\/www.notibras.com\/site\/wp-json\/wp\/v2\/posts"}],"about":[{"href":"https:\/\/www.notibras.com\/site\/wp-json\/wp\/v2\/types\/post"}],"author":[{"embeddable":true,"href":"https:\/\/www.notibras.com\/site\/wp-json\/wp\/v2\/users\/21"}],"replies":[{"embeddable":true,"href":"https:\/\/www.notibras.com\/site\/wp-json\/wp\/v2\/comments?post=379951"}],"version-history":[{"count":2,"href":"https:\/\/www.notibras.com\/site\/wp-json\/wp\/v2\/posts\/379951\/revisions"}],"predecessor-version":[{"id":379954,"href":"https:\/\/www.notibras.com\/site\/wp-json\/wp\/v2\/posts\/379951\/revisions\/379954"}],"wp:featuredmedia":[{"embeddable":true,"href":"https:\/\/www.notibras.com\/site\/wp-json\/wp\/v2\/media\/379952"}],"wp:attachment":[{"href":"https:\/\/www.notibras.com\/site\/wp-json\/wp\/v2\/media?parent=379951"}],"wp:term":[{"taxonomy":"category","embeddable":true,"href":"https:\/\/www.notibras.com\/site\/wp-json\/wp\/v2\/categories?post=379951"},{"taxonomy":"post_tag","embeddable":true,"href":"https:\/\/www.notibras.com\/site\/wp-json\/wp\/v2\/tags?post=379951"}],"curies":[{"name":"wp","href":"https:\/\/api.w.org\/{rel}","templated":true}]}}