{"id":379966,"date":"2026-01-22T00:00:35","date_gmt":"2026-01-22T03:00:35","guid":{"rendered":"https:\/\/www.notibras.com\/site\/?p=379966"},"modified":"2026-01-21T04:28:36","modified_gmt":"2026-01-21T07:28:36","slug":"a-fala-de-joaquim-em-os-tres-mal-amados-lapidada","status":"publish","type":"post","link":"https:\/\/www.notibras.com\/site\/a-fala-de-joaquim-em-os-tres-mal-amados-lapidada\/","title":{"rendered":"A fala de Joaquim em &#8220;Os tr\u00eas mal-amados&#8221; lapidada"},"content":{"rendered":"<p>A M\u00c1QUINA RACIONAL DE COMOVER<\/p>\n<p>A POESIA LAPIDADA<\/p>\n<p>Jo\u00e3o Cabral de Melo Neto, &#8220;o poeta:engenheiro&#8221;, \u00e9 reconhecido como um dos maiores escritores e intelectuais da literatura brasileira e mundial.<\/p>\n<p>Nascido em Recife, nos bra\u00e7os de uma fam\u00edlia pertencente \u00e0 elite a\u00e7ucareira, repleta de bachar\u00e9is e advogados, Jo\u00e3o Cabral passou a inf\u00e2ncia nas paisagens de engenhos das cidades de S\u00e3o Louren\u00e7o da Mata e Moreno.<\/p>\n<p>Antes de se entregar \u00e0 poesia, sonhou com o futebol profissional e foi um craque juvenil. No final da adolesc\u00eancia, frequentou a vida intelectual do Recife e depois partiu para o Rio de Janeiro, onde conheceu Carlos Drummond de Andrade, que se tornaria seu grande amigo e refer\u00eancia. Foi l\u00e1 tamb\u00e9m que publicou o primeiro livro, A pedra do sono, em 1942.<\/p>\n<p>Jo\u00e3o Cabral de Melo Neto fez do estudo a prepara\u00e7\u00e3o para a carreira como diplomata, mas jamais perdeu de vista a imensa voca\u00e7\u00e3o para lidar e polir a pedra da palavra.<\/p>\n<p>POESIA SINGULAR E INOVADORA<\/p>\n<p>Jo\u00e3o Cabral de Melo Neto surgiu como poeta nos anos 1940, sendo usualmente enquadrado no que ficou conhecido como a Gera\u00e7\u00e3o de 45 ou a terceira gera\u00e7\u00e3o do Modernismo.<\/p>\n<p>A dic\u00e7\u00e3o po\u00e9tica seca levou parte da cr\u00edtica a caracterizar Jo\u00e3o Cabral como um construtivista, um sujeito que racionalizou a constru\u00e7\u00e3o po\u00e9tica.<\/p>\n<p>Para alguns, sua poesia n\u00e3o seria apenas fria, mas mineral, tomando por refer\u00eancia a pedra, imagem central na obra do pernambucano.<\/p>\n<p>Jo\u00e3o Cabral de Melo Neto foi um grande art\u00edfice, um ex\u00edmio poeta no sentido de lidar com as imagens e ritmos e criar coisas novas.<\/p>\n<p>Essa lapida\u00e7\u00e3o da palavra, entretanto, n\u00e3o impediu que sua poesia tamb\u00e9m tivesse emo\u00e7\u00e3o. Era uma &#8220;m\u00e1quina de comover&#8221; com uma poesia feita racionalmente. Essa abordagem inovadora do que \u00e9 a poesia seria determinante para as gera\u00e7\u00f5es seguintes.<\/p>\n<p>Ele influenciou a vanguarda po\u00e9tica dos anos 1950, que quis radicalizar a ideia do poema como &#8220;artefato a ser constru\u00eddo radicalmente&#8221;. A imagem do poeta-engenheiro foi decisiva para a poesia concreta.<\/p>\n<p>Jo\u00e3o Cabral encerra a carreira diplom\u00e1tica no in\u00edcio dos anos 1990, depois de se tornar c\u00f4nsul da cidade do Porto, em Portugal.<\/p>\n<p>Nos \u00faltimos dez anos de vida, uma cegueira progressiva o impediu de ler e escrever e perpassou os seus dias acompanhada de profunda depress\u00e3o.<\/p>\n<p>Jo\u00e3o Cabral de Melo Neto morreu em 1999, no Rio de Janeiro. (Gilberto Motta)<\/p>\n<p>A FALA DE JOAQUIM EM &#8220;OS TR\u00caS MAL AMADOS&#8221; EM JO\u00c3O CABRAL DE MELO NETO<\/p>\n<p>O livro &#8220;Os tr\u00eas mal-amados&#8221; dialoga com o poema &#8220;Quadrilha&#8221;, de Carlos Drummond de Andrade, em que o poeta aborda os desencontros do amor, brincando com a ideia de troca de casais que existe na dan\u00e7a de quadrilhas.<\/p>\n<p>Jo\u00e3o Cabral de Melo Neto escreve, em 1943, um livro que alude aos desencontros amorosos entre casais. O poeta criou os personagens Jo\u00e3o, Raimundo e Joaquim, que amam mulheres sem que sejam correspondidos.<\/p>\n<p>No poema, cada um deles tem uma fala. O trecho mais famoso \u00e9 a fala de Joaquim, transcrito a seguir:<\/p>\n<p>&#8220;O amor comeu meu nome, minha identidade, meu retrato. O amor comeu minha certid\u00e3o de idade, minha genealogia, meu endere\u00e7o. O amor comeu meus cart\u00f5es de visita. O amor veio e comeu todos os pap\u00e9is onde eu escrevera meu nome.<\/p>\n<p>O amor comeu minhas roupas, meus len\u00e7os, minhas camisas. O amor comeu metros e metros de gravatas. O amor comeu a medida de meus ternos, o n\u00famero de meus sapatos, o tamanho de meus chap\u00e9us. O amor comeu minha altura, meu peso, a cor de meus olhos e de meus cabelos.<\/p>\n<p>O amor comeu meus rem\u00e9dios, minhas receitas m\u00e9dicas, minhas dietas. Comeu minhas aspirinas, minhas ondas-curtas, meus raios-X. Comeu meus testes mentais, meus exames de urina.<\/p>\n<p>O amor comeu na estante todos os meus livros de poesia. Comeu em meus livros de prosa as cita\u00e7\u00f5es em verso. Comeu no dicion\u00e1rio as palavras que poderiam se juntar em versos.<\/p>\n<p>Faminto, o amor devorou os utens\u00edlios de meu uso: pente, navalha, escovas, tesouras de unhas, canivete. Faminto ainda, o amor devorou o uso de meus utens\u00edlios: meus banhos frios, a \u00f3pera cantada no banheiro, o aquecedor de \u00e1gua de fogo morto, mas que parecia uma usina.<\/p>\n<p>O amor comeu as frutas postas sobre a mesa. Bebeu a \u00e1gua dos copos e das quartinhas. Comeu o p\u00e3o de prop\u00f3sito escondido. Bebeu as l\u00e1grimas dos olhos que, ningu\u00e9m o sabia, estavam cheios de \u00e1gua.<\/p>\n<p>O amor voltou para comer os pap\u00e9is onde irrefletidamente eu tornara a escrever meu nome.<\/p>\n<p>O amor roeu minha inf\u00e2ncia, de dedos sujos de tinta, cabelo caindo nos olhos, botinas nunca engraxadas. O amor roeu o menino esquivo, sempre nos cantos, e que riscava os livros, mordia o l\u00e1pis, andava na rua chutando pedras. Roeu as conversas, junto \u00e0 bomba de gasolina do largo, com os primos que tudo sabiam sobre passarinhos, sobre uma mulher, sobre marcas de autom\u00f3vel.<\/p>\n<p>O amor comeu meu Estado e minha cidade. Drenou a \u00e1gua morta dos mangues, aboliu a mar\u00e9. Comeu os mangues crespos e de folhas duras, comeu o verde \u00e1cido das plantas de cana cobrindo os morros regulares, cortados pelas barreiras vermelhas, pelo trenzinho preto, pelas chamin\u00e9s. Comeu o cheiro de cana cortada e o cheiro de maresia. Comeu at\u00e9 essas coisas de que eu desesperava por n\u00e3o saber falar delas em verso.<\/p>\n<p>O amor comeu at\u00e9 os dias ainda n\u00e3o anunciados nas folhinhas. Comeu os minutos de adiantamento de meu rel\u00f3gio, os anos que as linhas de minha m\u00e3o asseguravam. Comeu o futuro grande atleta, o futuro grande poeta. Comeu as futuras viagens em volta da terra, as futuras estantes em volta da sala.<\/p>\n<p>O amor comeu minha paz e minha guerra. Meu dia e minha noite. Meu inverno e meu ver\u00e3o. Comeu meu sil\u00eancio, minha dor de cabe\u00e7a, meu medo da morte.&#8221;*<br \/>\n*(Trecho de Os Tr\u00eas Mal-Amados (1943), Jo\u00e3o Cabral de Melo Neto) In Leituras Livres<\/p>\n<p>Como pode-se ler, o poeta utiliza-se de substantivos o que sugere concretude e solidez para descrever sua ant\u00edtese do que \u00e9 o universo dos sentimentos.<\/p>\n<p>Nesse texto, Jo\u00e3o Cabral de Melo Neto narra de maneira linear fatos reveladores da concretude da vida.<\/p>\n<p>A linearidade \u00e9 constru\u00edda por ora\u00e7\u00f5es coordenadas e, em sua maioria, iniciadas por sujeito agente &#8220;o amor&#8221; (artigo definido e substantivo). Nas vezes em que o sujeito \u00e9 oculto, tamb\u00e9m se refere a &#8221; o amor&#8221;.<\/p>\n<p>Nessa \u00f3ptica de linearidade, a passagem do tempo \u00e9 vista como algo angustiante e devorador: algo que come.<\/p>\n<p>Na cr\u00f4nica, essa for\u00e7a devoradora da exist\u00eancia \u00e9 denominada &#8221; o amor&#8221;. A pessoa que vivencia o amor permanece fora da constru\u00e7\u00e3o da narrativa de maneira que \u00e9 o amor que age sobre tudo o que \u00e9 mencionado.<\/p>\n<p>O amor comparece como algo que consome a vida biol\u00f3gica e social. \u00c9 capaz de alterar as apar\u00eancias. Interfere nos cuidados com a sa\u00fade. Destr\u00f3i os livros, os frutos das leituras e a inspira\u00e7\u00e3o para a escrita. Destr\u00f3i os h\u00e1bitos e os pertences relativos ao cotidiano. Bloqueia tentativas de supera\u00e7\u00e3o e mem\u00f3rias de inf\u00e2ncia e de adolesc\u00eancia. Destr\u00f3i as paisagens do passado e os planos futuros. \u00c9 ang\u00fastia e medo da morte.<\/p>\n<p>Tal concep\u00e7\u00e3o de &#8220;o amor&#8221; suscita algumas quest\u00f5es: 1- No texto, &#8221; o amor&#8221; definido \u00e9 oposto ao amor que comparece na est\u00e9tica do Romantismo? Trata-se de rejeitar a sentimentalidade, a irracionalidade ou o verso subjetivo? 2- Quando menciona &#8220;paz e guerra&#8221; ( invertendo o t\u00edtulo de &#8220;Guerra e paz&#8221; de autoria de Tolst\u00f3i), refere \u00e0 teoria fatalista da Hist\u00f3ria, onde o livre-arb\u00edtrio conta pouco e todos os acontecimentos obedecem a um determinismo hist\u00f3rico irrefut\u00e1vel? 3- Em que medida o g\u00eanero textual usado (prosa po\u00e9tica) abarca elementos da cr\u00f4nica?<\/p>\n<p>Conclu\u00edmos por ressaltar que o &#8220;eu l\u00edrico&#8221; descreve suas paix\u00f5es como devoradoras do nome, da identidade e da imagem do apaixonado n\u00e3o correspondido.<br \/>\n(Edna Domenica)<\/p>\n<p><strong>&#8230;&#8230;&#8230;&#8230;&#8230;&#8230;&#8230;&#8230;&#8230;&#8230;&#8230;..<\/strong><\/p>\n<p><strong>*Edna Domenica \u00e9 cronista, poeta e pesquisadora da arte liter\u00e1ria. Dedica-se ao PRCDC \u2013 &#8220;Programa de Recupera\u00e7\u00e3o Cognitiva e Dessensibiliza\u00e7\u00e3o de Cromofobia&#8221; (que tem parceria com a Igreja &#8220;Fora da fic\u00e7\u00e3o n\u00e3o h\u00e1 salva\u00e7\u00e3o&#8221;). Trata-se de um projeto de leituras dos autores: Jo\u00e3o Cabral de Melo Neto, Graciliano Ramos, Ariano Suassuna, Chico Buarque de Holanda, Guimar\u00e3es Rosa, Mia Couto, Concei\u00e7\u00e3o Evaristo. Para os casos mais graves de fobia ao vermelho: Marx e Engels.<\/strong><br \/>\n<strong>*Gilberto Motta \u00e9 escritor, jornalista, professor\/pesquisador. <\/strong><br \/>\n<strong>**Refer\u00eancia bibliogr\u00e1fica na pesquisa: Jo\u00e3o Cabral de Melo Neto \u2013 Uma biografia, livro escrito por Ivan Marques, professor da Faculdade de Filosofia, Letras e Ci\u00eancias Humanas (FFLCH) da USP, 2016.<\/strong><\/p>\n","protected":false},"excerpt":{"rendered":"<p>A M\u00c1QUINA RACIONAL DE COMOVER A POESIA LAPIDADA Jo\u00e3o Cabral de Melo Neto, &#8220;o poeta:engenheiro&#8221;, \u00e9 reconhecido como um dos maiores escritores e intelectuais da literatura brasileira e mundial. Nascido em Recife, nos bra\u00e7os de uma fam\u00edlia pertencente \u00e0 elite a\u00e7ucareira, repleta de bachar\u00e9is e advogados, Jo\u00e3o Cabral passou a inf\u00e2ncia nas paisagens de engenhos [&hellip;]<\/p>\n","protected":false},"author":21,"featured_media":379967,"comment_status":"closed","ping_status":"closed","sticky":false,"template":"","format":"standard","meta":{"_acf_changed":false,"footnotes":""},"categories":[234],"tags":[],"class_list":["post-379966","post","type-post","status-publish","format-standard","has-post-thumbnail","hentry","category-cafe-literario"],"acf":[],"yoast_head":"<!-- This site is optimized with the Yoast SEO plugin v27.2 - https:\/\/yoast.com\/product\/yoast-seo-wordpress\/ -->\n<title>A fala de Joaquim em &quot;Os tr\u00eas mal-amados&quot; lapidada - Notibras<\/title>\n<meta name=\"robots\" content=\"index, follow, max-snippet:-1, max-image-preview:large, max-video-preview:-1\" \/>\n<link rel=\"canonical\" href=\"https:\/\/www.notibras.com\/site\/a-fala-de-joaquim-em-os-tres-mal-amados-lapidada\/\" \/>\n<meta property=\"og:locale\" content=\"pt_BR\" \/>\n<meta property=\"og:type\" content=\"article\" \/>\n<meta property=\"og:title\" content=\"A fala de Joaquim em &quot;Os tr\u00eas mal-amados&quot; lapidada - Notibras\" \/>\n<meta property=\"og:description\" content=\"A M\u00c1QUINA RACIONAL DE COMOVER A POESIA LAPIDADA Jo\u00e3o Cabral de Melo Neto, &#8220;o poeta:engenheiro&#8221;, \u00e9 reconhecido como um dos maiores escritores e intelectuais da literatura brasileira e mundial. Nascido em Recife, nos bra\u00e7os de uma fam\u00edlia pertencente \u00e0 elite a\u00e7ucareira, repleta de bachar\u00e9is e advogados, Jo\u00e3o Cabral passou a inf\u00e2ncia nas paisagens de engenhos [&hellip;]\" \/>\n<meta property=\"og:url\" content=\"https:\/\/www.notibras.com\/site\/a-fala-de-joaquim-em-os-tres-mal-amados-lapidada\/\" \/>\n<meta property=\"og:site_name\" content=\"Notibras\" \/>\n<meta property=\"article:publisher\" content=\"https:\/\/www.facebook.com\/notibras\/\" \/>\n<meta property=\"article:published_time\" content=\"2026-01-22T03:00:35+00:00\" \/>\n<meta property=\"og:image\" content=\"https:\/\/www.notibras.com\/site\/wp-content\/uploads\/2026\/01\/plurallivro-1.webp\" \/>\n\t<meta property=\"og:image:width\" content=\"1000\" \/>\n\t<meta property=\"og:image:height\" content=\"667\" \/>\n\t<meta property=\"og:image:type\" content=\"image\/webp\" \/>\n<meta name=\"author\" content=\"Eduardo Mart\u00ednez\" \/>\n<meta name=\"twitter:card\" content=\"summary_large_image\" \/>\n<meta name=\"twitter:creator\" content=\"@Notibras\" \/>\n<meta name=\"twitter:site\" content=\"@Notibras\" \/>\n<meta name=\"twitter:label1\" content=\"Escrito por\" \/>\n\t<meta name=\"twitter:data1\" content=\"Eduardo Mart\u00ednez\" \/>\n\t<meta name=\"twitter:label2\" content=\"Est. tempo de leitura\" \/>\n\t<meta name=\"twitter:data2\" content=\"8 minutos\" \/>\n<script type=\"application\/ld+json\" class=\"yoast-schema-graph\">{\"@context\":\"https:\/\/schema.org\",\"@graph\":[{\"@type\":\"Article\",\"@id\":\"https:\/\/www.notibras.com\/site\/a-fala-de-joaquim-em-os-tres-mal-amados-lapidada\/#article\",\"isPartOf\":{\"@id\":\"https:\/\/www.notibras.com\/site\/a-fala-de-joaquim-em-os-tres-mal-amados-lapidada\/\"},\"author\":{\"name\":\"Eduardo Mart\u00ednez\",\"@id\":\"https:\/\/www.notibras.com\/site\/#\/schema\/person\/5b7fabf2aedc3ada2105f03b22b4d3dd\"},\"headline\":\"A fala de Joaquim em &#8220;Os tr\u00eas mal-amados&#8221; lapidada\",\"datePublished\":\"2026-01-22T03:00:35+00:00\",\"mainEntityOfPage\":{\"@id\":\"https:\/\/www.notibras.com\/site\/a-fala-de-joaquim-em-os-tres-mal-amados-lapidada\/\"},\"wordCount\":1507,\"publisher\":{\"@id\":\"https:\/\/www.notibras.com\/site\/#organization\"},\"image\":{\"@id\":\"https:\/\/www.notibras.com\/site\/a-fala-de-joaquim-em-os-tres-mal-amados-lapidada\/#primaryimage\"},\"thumbnailUrl\":\"https:\/\/www.notibras.com\/site\/wp-content\/uploads\/2026\/01\/plurallivro-1.webp\",\"articleSection\":[\"Caf\u00e9 Liter\u00e1rio\"],\"inLanguage\":\"pt-BR\"},{\"@type\":\"WebPage\",\"@id\":\"https:\/\/www.notibras.com\/site\/a-fala-de-joaquim-em-os-tres-mal-amados-lapidada\/\",\"url\":\"https:\/\/www.notibras.com\/site\/a-fala-de-joaquim-em-os-tres-mal-amados-lapidada\/\",\"name\":\"A fala de Joaquim em \\\"Os tr\u00eas mal-amados\\\" lapidada - Notibras\",\"isPartOf\":{\"@id\":\"https:\/\/www.notibras.com\/site\/#website\"},\"primaryImageOfPage\":{\"@id\":\"https:\/\/www.notibras.com\/site\/a-fala-de-joaquim-em-os-tres-mal-amados-lapidada\/#primaryimage\"},\"image\":{\"@id\":\"https:\/\/www.notibras.com\/site\/a-fala-de-joaquim-em-os-tres-mal-amados-lapidada\/#primaryimage\"},\"thumbnailUrl\":\"https:\/\/www.notibras.com\/site\/wp-content\/uploads\/2026\/01\/plurallivro-1.webp\",\"datePublished\":\"2026-01-22T03:00:35+00:00\",\"breadcrumb\":{\"@id\":\"https:\/\/www.notibras.com\/site\/a-fala-de-joaquim-em-os-tres-mal-amados-lapidada\/#breadcrumb\"},\"inLanguage\":\"pt-BR\",\"potentialAction\":[{\"@type\":\"ReadAction\",\"target\":[\"https:\/\/www.notibras.com\/site\/a-fala-de-joaquim-em-os-tres-mal-amados-lapidada\/\"]}]},{\"@type\":\"ImageObject\",\"inLanguage\":\"pt-BR\",\"@id\":\"https:\/\/www.notibras.com\/site\/a-fala-de-joaquim-em-os-tres-mal-amados-lapidada\/#primaryimage\",\"url\":\"https:\/\/www.notibras.com\/site\/wp-content\/uploads\/2026\/01\/plurallivro-1.webp\",\"contentUrl\":\"https:\/\/www.notibras.com\/site\/wp-content\/uploads\/2026\/01\/plurallivro-1.webp\",\"width\":1000,\"height\":667},{\"@type\":\"BreadcrumbList\",\"@id\":\"https:\/\/www.notibras.com\/site\/a-fala-de-joaquim-em-os-tres-mal-amados-lapidada\/#breadcrumb\",\"itemListElement\":[{\"@type\":\"ListItem\",\"position\":1,\"name\":\"In\u00edcio\",\"item\":\"https:\/\/www.notibras.com\/site\/\"},{\"@type\":\"ListItem\",\"position\":2,\"name\":\"A fala de Joaquim em &#8220;Os tr\u00eas mal-amados&#8221; lapidada\"}]},{\"@type\":\"WebSite\",\"@id\":\"https:\/\/www.notibras.com\/site\/#website\",\"url\":\"https:\/\/www.notibras.com\/site\/\",\"name\":\"Notibras\",\"description\":\"Not\u00edcias de Bras\u00edlia, do Brasil e do Mundo\",\"publisher\":{\"@id\":\"https:\/\/www.notibras.com\/site\/#organization\"},\"potentialAction\":[{\"@type\":\"SearchAction\",\"target\":{\"@type\":\"EntryPoint\",\"urlTemplate\":\"https:\/\/www.notibras.com\/site\/?s={search_term_string}\"},\"query-input\":{\"@type\":\"PropertyValueSpecification\",\"valueRequired\":true,\"valueName\":\"search_term_string\"}}],\"inLanguage\":\"pt-BR\"},{\"@type\":\"Organization\",\"@id\":\"https:\/\/www.notibras.com\/site\/#organization\",\"name\":\"Grupo Notibras de Comunica\u00e7\u00e3o\",\"url\":\"https:\/\/www.notibras.com\/site\/\",\"logo\":{\"@type\":\"ImageObject\",\"inLanguage\":\"pt-BR\",\"@id\":\"https:\/\/www.notibras.com\/site\/#\/schema\/logo\/image\/\",\"url\":\"https:\/\/www.notibras.com\/site\/wp-content\/uploads\/2023\/01\/notibras23.png\",\"contentUrl\":\"https:\/\/www.notibras.com\/site\/wp-content\/uploads\/2023\/01\/notibras23.png\",\"width\":350,\"height\":87,\"caption\":\"Grupo Notibras de Comunica\u00e7\u00e3o\"},\"image\":{\"@id\":\"https:\/\/www.notibras.com\/site\/#\/schema\/logo\/image\/\"},\"sameAs\":[\"https:\/\/www.facebook.com\/notibras\/\",\"https:\/\/x.com\/Notibras\",\"https:\/\/www.instagram.com\/notibras\/\"]},{\"@type\":\"Person\",\"@id\":\"https:\/\/www.notibras.com\/site\/#\/schema\/person\/5b7fabf2aedc3ada2105f03b22b4d3dd\",\"name\":\"Eduardo Mart\u00ednez\",\"image\":{\"@type\":\"ImageObject\",\"inLanguage\":\"pt-BR\",\"@id\":\"https:\/\/secure.gravatar.com\/avatar\/7902f906289926289cbcda644b5197c796b893c6ffd7b9a536a42d290f7704a0?s=96&d=mm&r=g\",\"url\":\"https:\/\/secure.gravatar.com\/avatar\/7902f906289926289cbcda644b5197c796b893c6ffd7b9a536a42d290f7704a0?s=96&d=mm&r=g\",\"contentUrl\":\"https:\/\/secure.gravatar.com\/avatar\/7902f906289926289cbcda644b5197c796b893c6ffd7b9a536a42d290f7704a0?s=96&d=mm&r=g\",\"caption\":\"Eduardo Mart\u00ednez\"}}]}<\/script>\n<!-- \/ Yoast SEO plugin. -->","yoast_head_json":{"title":"A fala de Joaquim em \"Os tr\u00eas mal-amados\" lapidada - Notibras","robots":{"index":"index","follow":"follow","max-snippet":"max-snippet:-1","max-image-preview":"max-image-preview:large","max-video-preview":"max-video-preview:-1"},"canonical":"https:\/\/www.notibras.com\/site\/a-fala-de-joaquim-em-os-tres-mal-amados-lapidada\/","og_locale":"pt_BR","og_type":"article","og_title":"A fala de Joaquim em \"Os tr\u00eas mal-amados\" lapidada - Notibras","og_description":"A M\u00c1QUINA RACIONAL DE COMOVER A POESIA LAPIDADA Jo\u00e3o Cabral de Melo Neto, &#8220;o poeta:engenheiro&#8221;, \u00e9 reconhecido como um dos maiores escritores e intelectuais da literatura brasileira e mundial. Nascido em Recife, nos bra\u00e7os de uma fam\u00edlia pertencente \u00e0 elite a\u00e7ucareira, repleta de bachar\u00e9is e advogados, Jo\u00e3o Cabral passou a inf\u00e2ncia nas paisagens de engenhos [&hellip;]","og_url":"https:\/\/www.notibras.com\/site\/a-fala-de-joaquim-em-os-tres-mal-amados-lapidada\/","og_site_name":"Notibras","article_publisher":"https:\/\/www.facebook.com\/notibras\/","article_published_time":"2026-01-22T03:00:35+00:00","og_image":[{"width":1000,"height":667,"url":"https:\/\/www.notibras.com\/site\/wp-content\/uploads\/2026\/01\/plurallivro-1.webp","type":"image\/webp"}],"author":"Eduardo Mart\u00ednez","twitter_card":"summary_large_image","twitter_creator":"@Notibras","twitter_site":"@Notibras","twitter_misc":{"Escrito por":"Eduardo Mart\u00ednez","Est. tempo de leitura":"8 minutos"},"schema":{"@context":"https:\/\/schema.org","@graph":[{"@type":"Article","@id":"https:\/\/www.notibras.com\/site\/a-fala-de-joaquim-em-os-tres-mal-amados-lapidada\/#article","isPartOf":{"@id":"https:\/\/www.notibras.com\/site\/a-fala-de-joaquim-em-os-tres-mal-amados-lapidada\/"},"author":{"name":"Eduardo Mart\u00ednez","@id":"https:\/\/www.notibras.com\/site\/#\/schema\/person\/5b7fabf2aedc3ada2105f03b22b4d3dd"},"headline":"A fala de Joaquim em &#8220;Os tr\u00eas mal-amados&#8221; lapidada","datePublished":"2026-01-22T03:00:35+00:00","mainEntityOfPage":{"@id":"https:\/\/www.notibras.com\/site\/a-fala-de-joaquim-em-os-tres-mal-amados-lapidada\/"},"wordCount":1507,"publisher":{"@id":"https:\/\/www.notibras.com\/site\/#organization"},"image":{"@id":"https:\/\/www.notibras.com\/site\/a-fala-de-joaquim-em-os-tres-mal-amados-lapidada\/#primaryimage"},"thumbnailUrl":"https:\/\/www.notibras.com\/site\/wp-content\/uploads\/2026\/01\/plurallivro-1.webp","articleSection":["Caf\u00e9 Liter\u00e1rio"],"inLanguage":"pt-BR"},{"@type":"WebPage","@id":"https:\/\/www.notibras.com\/site\/a-fala-de-joaquim-em-os-tres-mal-amados-lapidada\/","url":"https:\/\/www.notibras.com\/site\/a-fala-de-joaquim-em-os-tres-mal-amados-lapidada\/","name":"A fala de Joaquim em \"Os tr\u00eas mal-amados\" lapidada - Notibras","isPartOf":{"@id":"https:\/\/www.notibras.com\/site\/#website"},"primaryImageOfPage":{"@id":"https:\/\/www.notibras.com\/site\/a-fala-de-joaquim-em-os-tres-mal-amados-lapidada\/#primaryimage"},"image":{"@id":"https:\/\/www.notibras.com\/site\/a-fala-de-joaquim-em-os-tres-mal-amados-lapidada\/#primaryimage"},"thumbnailUrl":"https:\/\/www.notibras.com\/site\/wp-content\/uploads\/2026\/01\/plurallivro-1.webp","datePublished":"2026-01-22T03:00:35+00:00","breadcrumb":{"@id":"https:\/\/www.notibras.com\/site\/a-fala-de-joaquim-em-os-tres-mal-amados-lapidada\/#breadcrumb"},"inLanguage":"pt-BR","potentialAction":[{"@type":"ReadAction","target":["https:\/\/www.notibras.com\/site\/a-fala-de-joaquim-em-os-tres-mal-amados-lapidada\/"]}]},{"@type":"ImageObject","inLanguage":"pt-BR","@id":"https:\/\/www.notibras.com\/site\/a-fala-de-joaquim-em-os-tres-mal-amados-lapidada\/#primaryimage","url":"https:\/\/www.notibras.com\/site\/wp-content\/uploads\/2026\/01\/plurallivro-1.webp","contentUrl":"https:\/\/www.notibras.com\/site\/wp-content\/uploads\/2026\/01\/plurallivro-1.webp","width":1000,"height":667},{"@type":"BreadcrumbList","@id":"https:\/\/www.notibras.com\/site\/a-fala-de-joaquim-em-os-tres-mal-amados-lapidada\/#breadcrumb","itemListElement":[{"@type":"ListItem","position":1,"name":"In\u00edcio","item":"https:\/\/www.notibras.com\/site\/"},{"@type":"ListItem","position":2,"name":"A fala de Joaquim em &#8220;Os tr\u00eas mal-amados&#8221; lapidada"}]},{"@type":"WebSite","@id":"https:\/\/www.notibras.com\/site\/#website","url":"https:\/\/www.notibras.com\/site\/","name":"Notibras","description":"Not\u00edcias de Bras\u00edlia, do Brasil e do Mundo","publisher":{"@id":"https:\/\/www.notibras.com\/site\/#organization"},"potentialAction":[{"@type":"SearchAction","target":{"@type":"EntryPoint","urlTemplate":"https:\/\/www.notibras.com\/site\/?s={search_term_string}"},"query-input":{"@type":"PropertyValueSpecification","valueRequired":true,"valueName":"search_term_string"}}],"inLanguage":"pt-BR"},{"@type":"Organization","@id":"https:\/\/www.notibras.com\/site\/#organization","name":"Grupo Notibras de Comunica\u00e7\u00e3o","url":"https:\/\/www.notibras.com\/site\/","logo":{"@type":"ImageObject","inLanguage":"pt-BR","@id":"https:\/\/www.notibras.com\/site\/#\/schema\/logo\/image\/","url":"https:\/\/www.notibras.com\/site\/wp-content\/uploads\/2023\/01\/notibras23.png","contentUrl":"https:\/\/www.notibras.com\/site\/wp-content\/uploads\/2023\/01\/notibras23.png","width":350,"height":87,"caption":"Grupo Notibras de Comunica\u00e7\u00e3o"},"image":{"@id":"https:\/\/www.notibras.com\/site\/#\/schema\/logo\/image\/"},"sameAs":["https:\/\/www.facebook.com\/notibras\/","https:\/\/x.com\/Notibras","https:\/\/www.instagram.com\/notibras\/"]},{"@type":"Person","@id":"https:\/\/www.notibras.com\/site\/#\/schema\/person\/5b7fabf2aedc3ada2105f03b22b4d3dd","name":"Eduardo Mart\u00ednez","image":{"@type":"ImageObject","inLanguage":"pt-BR","@id":"https:\/\/secure.gravatar.com\/avatar\/7902f906289926289cbcda644b5197c796b893c6ffd7b9a536a42d290f7704a0?s=96&d=mm&r=g","url":"https:\/\/secure.gravatar.com\/avatar\/7902f906289926289cbcda644b5197c796b893c6ffd7b9a536a42d290f7704a0?s=96&d=mm&r=g","contentUrl":"https:\/\/secure.gravatar.com\/avatar\/7902f906289926289cbcda644b5197c796b893c6ffd7b9a536a42d290f7704a0?s=96&d=mm&r=g","caption":"Eduardo Mart\u00ednez"}}]}},"amp_enabled":true,"_links":{"self":[{"href":"https:\/\/www.notibras.com\/site\/wp-json\/wp\/v2\/posts\/379966","targetHints":{"allow":["GET"]}}],"collection":[{"href":"https:\/\/www.notibras.com\/site\/wp-json\/wp\/v2\/posts"}],"about":[{"href":"https:\/\/www.notibras.com\/site\/wp-json\/wp\/v2\/types\/post"}],"author":[{"embeddable":true,"href":"https:\/\/www.notibras.com\/site\/wp-json\/wp\/v2\/users\/21"}],"replies":[{"embeddable":true,"href":"https:\/\/www.notibras.com\/site\/wp-json\/wp\/v2\/comments?post=379966"}],"version-history":[{"count":3,"href":"https:\/\/www.notibras.com\/site\/wp-json\/wp\/v2\/posts\/379966\/revisions"}],"predecessor-version":[{"id":379969,"href":"https:\/\/www.notibras.com\/site\/wp-json\/wp\/v2\/posts\/379966\/revisions\/379969"}],"wp:featuredmedia":[{"embeddable":true,"href":"https:\/\/www.notibras.com\/site\/wp-json\/wp\/v2\/media\/379967"}],"wp:attachment":[{"href":"https:\/\/www.notibras.com\/site\/wp-json\/wp\/v2\/media?parent=379966"}],"wp:term":[{"taxonomy":"category","embeddable":true,"href":"https:\/\/www.notibras.com\/site\/wp-json\/wp\/v2\/categories?post=379966"},{"taxonomy":"post_tag","embeddable":true,"href":"https:\/\/www.notibras.com\/site\/wp-json\/wp\/v2\/tags?post=379966"}],"curies":[{"name":"wp","href":"https:\/\/api.w.org\/{rel}","templated":true}]}}