{"id":379974,"date":"2026-01-21T07:05:57","date_gmt":"2026-01-21T10:05:57","guid":{"rendered":"https:\/\/www.notibras.com\/site\/?p=379974"},"modified":"2026-01-21T08:09:05","modified_gmt":"2026-01-21T11:09:05","slug":"atrito-de-trump-e-ue-e-danca-fora-do-compasso","status":"publish","type":"post","link":"https:\/\/www.notibras.com\/site\/atrito-de-trump-e-ue-e-danca-fora-do-compasso\/","title":{"rendered":"Atrito de Trump e UE \u00e9 dan\u00e7a fora do compasso"},"content":{"rendered":"<p>A rela\u00e7\u00e3o pol\u00edtica entre EUA e Europa \u00e9 historicamente marcada por demonstra\u00e7\u00f5es pol\u00edticas de submiss\u00e3o europeia ao que pensa a pot\u00eancia da Am\u00e9rica do Norte, particularmente no que se refere a pol\u00edticas de defesa. Por\u00e9m, a rela\u00e7\u00e3o entre estas duas for\u00e7as pol\u00edticas normalmente se pautaram pelo respeito m\u00fatuo. Algo que foi jogado na lata do lixo pelo atual governo de Trump, em que tanto ele quanto seu vice JD Vance n\u00e3o se cansam de humilhar publicamente a Uni\u00e3o Europeia (UE).<\/p>\n<p>As discuss\u00f5es sobre a guerra entre a R\u00fassia e a Ucr\u00e2nia s\u00e3o exemplo claro disso. Trump discute com a R\u00fassia, tenta impor seus objetivos \u00e0 Ucr\u00e2nia e ignora solenemente a Europa, que reclama seguran\u00e7a contra investidas russas, e com isso insiste em alimentar a guerra enviando armas para a Ucr\u00e2nia.<\/p>\n<p>Agora est\u00e1 posta uma situa\u00e7\u00e3o de dif\u00edcil aceita\u00e7\u00e3o por parte da Europa e que est\u00e1 provocando um enorme rebuli\u00e7o e discuss\u00e3o entre os pa\u00edses membros da UE, a anexa\u00e7\u00e3o pelos EUA da Groenl\u00e2ndia, territ\u00f3rio aut\u00f4nomo ultramar da Dinamarca, um dos pa\u00edses da Uni\u00e3o Europeia. Os desdobramentos desta quest\u00e3o podem criar uma situa\u00e7\u00e3o de implos\u00e3o da alian\u00e7a militar do Atl\u00e2ntico Norte, a OTAN, hegemonizada pelos EUA e que tem a participa\u00e7\u00e3o de quase todos os pa\u00edses europeus para, supostamente, protegerem a Europa de uma poss\u00edvel agress\u00e3o russa. A anexa\u00e7\u00e3o da Groenl\u00e2ndia j\u00e1 foi sinalizada por Trump desde o in\u00edcio deste atual mandato.<\/p>\n<p>Um dos princ\u00edpios da OTAN \u00e9 que se um pa\u00eds da alian\u00e7a for atacado, os outros s\u00e3o automaticamente atacados, e devem responder conjuntamente \u00e0 agress\u00e3o. Mas o que est\u00e1 posto nessa nova investida imperialista de Trump \u00e9 o que pode ocorrer se um pa\u00eds da alian\u00e7a agredir outro pa\u00eds dessa alian\u00e7a? Trump, em seus rompantes n\u00e3o descarta um ataque, pois j\u00e1 disse que a Groenl\u00e2ndia ser\u00e1 dos EUA pela via pac\u00edfica ou pela for\u00e7a, seja econ\u00f4mica com san\u00e7\u00f5es comerciais, ou pelo uso de armas.<\/p>\n<p>Diante dos desmandos de Trump, potencializados recentemente pela agress\u00e3o \u00e0 soberania da Venezuela, ocasi\u00e3o em que a Uni\u00e3o Europeia fez t\u00edmidos comunicados de desaprova\u00e7\u00e3o, n\u00e3o se pode descartar uma t\u00e1cita e envergonhada aceita\u00e7\u00e3o da anexa\u00e7\u00e3o por parte da UE. Os desdobramentos podem colocar em risco a manuten\u00e7\u00e3o da OTAN, esta alian\u00e7a militar cuja exist\u00eancia remonta \u00e0 guerra fria, conflito surdo que justificou in\u00fameras agress\u00f5es dos EUA a diversos outros pa\u00edses, inclusive o Brasil, em nome da conten\u00e7\u00e3o do comunismo.<\/p>\n<p>O desmonte da OTAN, caso ocorra como decorr\u00eancia da a\u00e7\u00e3o de Trump na Groenl\u00e2ndia, pode ser um evento alvissareiro ao determinar o fim do maior resqu\u00edcio da guerra fria, cuja exist\u00eancia, al\u00e9m de alimentar uma corrida armamentista que consome bilh\u00f5es de d\u00f3lares que poderiam ser direcionados para pol\u00edticas p\u00fablicas voltadas para a paz e o bem viver das comunidades, constitui um anacronismo num mundo multipolar marcado pela globaliza\u00e7\u00e3o, com mecanismos de freios e contrapesos expressos pelas organiza\u00e7\u00f5es multilaterais como a ONU. Quem sabe, inclusive, o fim da OTAN possa ser o in\u00edcio de um movimento de revaloriza\u00e7\u00e3o da ONU como instrumento de concerta\u00e7\u00e3o entre as na\u00e7\u00f5es.<\/p>\n<p>Por fim, \u00e9 fundamental reafirmar que o povo da Groenl\u00e2ndia n\u00e3o merece ser tratado da forma como est\u00e1 sendo, tendo todo o direito \u00e0 sua autodetermina\u00e7\u00e3o, assim como qualquer povo, qualquer na\u00e7\u00e3o.<\/p>\n<p>&#8230;&#8230;&#8230;&#8230;&#8230;&#8230;&#8230;<\/p>\n<p><strong>Antonio Eust\u00e1quio \u00e9 correspondente de Notibras na Europa<\/strong><\/p>\n","protected":false},"excerpt":{"rendered":"<p>A rela\u00e7\u00e3o pol\u00edtica entre EUA e Europa \u00e9 historicamente marcada por demonstra\u00e7\u00f5es pol\u00edticas de submiss\u00e3o europeia ao que pensa a pot\u00eancia da Am\u00e9rica do Norte, particularmente no que se refere a pol\u00edticas de defesa. Por\u00e9m, a rela\u00e7\u00e3o entre estas duas for\u00e7as pol\u00edticas normalmente se pautaram pelo respeito m\u00fatuo. Algo que foi jogado na lata do [&hellip;]<\/p>\n","protected":false},"author":2,"featured_media":379975,"comment_status":"closed","ping_status":"closed","sticky":false,"template":"","format":"standard","meta":{"_acf_changed":false,"footnotes":""},"categories":[159],"tags":[95],"class_list":["post-379974","post","type-post","status-publish","format-standard","has-post-thumbnail","hentry","category-apocalipse","tag-capa"],"acf":[],"yoast_head":"<!-- This site is optimized with the Yoast SEO plugin v27.2 - https:\/\/yoast.com\/product\/yoast-seo-wordpress\/ -->\n<title>Atrito de Trump e UE \u00e9 dan\u00e7a fora do compasso - Notibras<\/title>\n<meta name=\"robots\" content=\"index, follow, max-snippet:-1, max-image-preview:large, max-video-preview:-1\" \/>\n<link rel=\"canonical\" href=\"https:\/\/www.notibras.com\/site\/atrito-de-trump-e-ue-e-danca-fora-do-compasso\/\" \/>\n<meta property=\"og:locale\" content=\"pt_BR\" \/>\n<meta property=\"og:type\" content=\"article\" \/>\n<meta property=\"og:title\" content=\"Atrito de Trump e UE \u00e9 dan\u00e7a fora do compasso - Notibras\" \/>\n<meta property=\"og:description\" content=\"A rela\u00e7\u00e3o pol\u00edtica entre EUA e Europa \u00e9 historicamente marcada por demonstra\u00e7\u00f5es pol\u00edticas de submiss\u00e3o europeia ao que pensa a pot\u00eancia da Am\u00e9rica do Norte, particularmente no que se refere a pol\u00edticas de defesa. Por\u00e9m, a rela\u00e7\u00e3o entre estas duas for\u00e7as pol\u00edticas normalmente se pautaram pelo respeito m\u00fatuo. Algo que foi jogado na lata do [&hellip;]\" \/>\n<meta property=\"og:url\" content=\"https:\/\/www.notibras.com\/site\/atrito-de-trump-e-ue-e-danca-fora-do-compasso\/\" \/>\n<meta property=\"og:site_name\" content=\"Notibras\" \/>\n<meta property=\"article:publisher\" content=\"https:\/\/www.facebook.com\/notibras\/\" \/>\n<meta property=\"article:published_time\" content=\"2026-01-21T10:05:57+00:00\" \/>\n<meta property=\"article:modified_time\" content=\"2026-01-21T11:09:05+00:00\" \/>\n<meta property=\"og:image\" content=\"https:\/\/www.notibras.com\/site\/wp-content\/uploads\/2026\/01\/1121729328_0_160_3072_1888_1920x0_80_0_0_5c4e437973d3406e2fa7c92766186fc2.jpg-1.webp\" \/>\n\t<meta property=\"og:image:width\" content=\"1920\" \/>\n\t<meta property=\"og:image:height\" content=\"1080\" \/>\n\t<meta property=\"og:image:type\" content=\"image\/webp\" \/>\n<meta name=\"author\" content=\"Reda\u00e7\u00e3o\" \/>\n<meta name=\"twitter:card\" content=\"summary_large_image\" \/>\n<meta name=\"twitter:creator\" content=\"@Notibras\" \/>\n<meta name=\"twitter:site\" content=\"@Notibras\" \/>\n<meta name=\"twitter:label1\" content=\"Escrito por\" \/>\n\t<meta name=\"twitter:data1\" content=\"Reda\u00e7\u00e3o\" \/>\n\t<meta name=\"twitter:label2\" content=\"Est. tempo de leitura\" \/>\n\t<meta name=\"twitter:data2\" content=\"4 minutos\" \/>\n<script type=\"application\/ld+json\" class=\"yoast-schema-graph\">{\"@context\":\"https:\/\/schema.org\",\"@graph\":[{\"@type\":\"Article\",\"@id\":\"https:\/\/www.notibras.com\/site\/atrito-de-trump-e-ue-e-danca-fora-do-compasso\/#article\",\"isPartOf\":{\"@id\":\"https:\/\/www.notibras.com\/site\/atrito-de-trump-e-ue-e-danca-fora-do-compasso\/\"},\"author\":{\"name\":\"Reda\u00e7\u00e3o\",\"@id\":\"https:\/\/www.notibras.com\/site\/#\/schema\/person\/36ab0979449956132d3e5b517ea76ac8\"},\"headline\":\"Atrito de Trump e UE \u00e9 dan\u00e7a fora do compasso\",\"datePublished\":\"2026-01-21T10:05:57+00:00\",\"dateModified\":\"2026-01-21T11:09:05+00:00\",\"mainEntityOfPage\":{\"@id\":\"https:\/\/www.notibras.com\/site\/atrito-de-trump-e-ue-e-danca-fora-do-compasso\/\"},\"wordCount\":639,\"publisher\":{\"@id\":\"https:\/\/www.notibras.com\/site\/#organization\"},\"image\":{\"@id\":\"https:\/\/www.notibras.com\/site\/atrito-de-trump-e-ue-e-danca-fora-do-compasso\/#primaryimage\"},\"thumbnailUrl\":\"https:\/\/www.notibras.com\/site\/wp-content\/uploads\/2026\/01\/1121729328_0_160_3072_1888_1920x0_80_0_0_5c4e437973d3406e2fa7c92766186fc2.jpg-1.webp\",\"keywords\":[\"capa\"],\"articleSection\":[\"Apocalipse\"],\"inLanguage\":\"pt-BR\"},{\"@type\":\"WebPage\",\"@id\":\"https:\/\/www.notibras.com\/site\/atrito-de-trump-e-ue-e-danca-fora-do-compasso\/\",\"url\":\"https:\/\/www.notibras.com\/site\/atrito-de-trump-e-ue-e-danca-fora-do-compasso\/\",\"name\":\"Atrito de Trump e UE \u00e9 dan\u00e7a fora do compasso - Notibras\",\"isPartOf\":{\"@id\":\"https:\/\/www.notibras.com\/site\/#website\"},\"primaryImageOfPage\":{\"@id\":\"https:\/\/www.notibras.com\/site\/atrito-de-trump-e-ue-e-danca-fora-do-compasso\/#primaryimage\"},\"image\":{\"@id\":\"https:\/\/www.notibras.com\/site\/atrito-de-trump-e-ue-e-danca-fora-do-compasso\/#primaryimage\"},\"thumbnailUrl\":\"https:\/\/www.notibras.com\/site\/wp-content\/uploads\/2026\/01\/1121729328_0_160_3072_1888_1920x0_80_0_0_5c4e437973d3406e2fa7c92766186fc2.jpg-1.webp\",\"datePublished\":\"2026-01-21T10:05:57+00:00\",\"dateModified\":\"2026-01-21T11:09:05+00:00\",\"breadcrumb\":{\"@id\":\"https:\/\/www.notibras.com\/site\/atrito-de-trump-e-ue-e-danca-fora-do-compasso\/#breadcrumb\"},\"inLanguage\":\"pt-BR\",\"potentialAction\":[{\"@type\":\"ReadAction\",\"target\":[\"https:\/\/www.notibras.com\/site\/atrito-de-trump-e-ue-e-danca-fora-do-compasso\/\"]}]},{\"@type\":\"ImageObject\",\"inLanguage\":\"pt-BR\",\"@id\":\"https:\/\/www.notibras.com\/site\/atrito-de-trump-e-ue-e-danca-fora-do-compasso\/#primaryimage\",\"url\":\"https:\/\/www.notibras.com\/site\/wp-content\/uploads\/2026\/01\/1121729328_0_160_3072_1888_1920x0_80_0_0_5c4e437973d3406e2fa7c92766186fc2.jpg-1.webp\",\"contentUrl\":\"https:\/\/www.notibras.com\/site\/wp-content\/uploads\/2026\/01\/1121729328_0_160_3072_1888_1920x0_80_0_0_5c4e437973d3406e2fa7c92766186fc2.jpg-1.webp\",\"width\":1920,\"height\":1080},{\"@type\":\"BreadcrumbList\",\"@id\":\"https:\/\/www.notibras.com\/site\/atrito-de-trump-e-ue-e-danca-fora-do-compasso\/#breadcrumb\",\"itemListElement\":[{\"@type\":\"ListItem\",\"position\":1,\"name\":\"In\u00edcio\",\"item\":\"https:\/\/www.notibras.com\/site\/\"},{\"@type\":\"ListItem\",\"position\":2,\"name\":\"Atrito de Trump e UE \u00e9 dan\u00e7a fora do compasso\"}]},{\"@type\":\"WebSite\",\"@id\":\"https:\/\/www.notibras.com\/site\/#website\",\"url\":\"https:\/\/www.notibras.com\/site\/\",\"name\":\"Notibras\",\"description\":\"Not\u00edcias de Bras\u00edlia, do Brasil e do Mundo\",\"publisher\":{\"@id\":\"https:\/\/www.notibras.com\/site\/#organization\"},\"potentialAction\":[{\"@type\":\"SearchAction\",\"target\":{\"@type\":\"EntryPoint\",\"urlTemplate\":\"https:\/\/www.notibras.com\/site\/?s={search_term_string}\"},\"query-input\":{\"@type\":\"PropertyValueSpecification\",\"valueRequired\":true,\"valueName\":\"search_term_string\"}}],\"inLanguage\":\"pt-BR\"},{\"@type\":\"Organization\",\"@id\":\"https:\/\/www.notibras.com\/site\/#organization\",\"name\":\"Grupo Notibras de Comunica\u00e7\u00e3o\",\"url\":\"https:\/\/www.notibras.com\/site\/\",\"logo\":{\"@type\":\"ImageObject\",\"inLanguage\":\"pt-BR\",\"@id\":\"https:\/\/www.notibras.com\/site\/#\/schema\/logo\/image\/\",\"url\":\"https:\/\/www.notibras.com\/site\/wp-content\/uploads\/2023\/01\/notibras23.png\",\"contentUrl\":\"https:\/\/www.notibras.com\/site\/wp-content\/uploads\/2023\/01\/notibras23.png\",\"width\":350,\"height\":87,\"caption\":\"Grupo Notibras de Comunica\u00e7\u00e3o\"},\"image\":{\"@id\":\"https:\/\/www.notibras.com\/site\/#\/schema\/logo\/image\/\"},\"sameAs\":[\"https:\/\/www.facebook.com\/notibras\/\",\"https:\/\/x.com\/Notibras\",\"https:\/\/www.instagram.com\/notibras\/\"]},{\"@type\":\"Person\",\"@id\":\"https:\/\/www.notibras.com\/site\/#\/schema\/person\/36ab0979449956132d3e5b517ea76ac8\",\"name\":\"Reda\u00e7\u00e3o\",\"image\":{\"@type\":\"ImageObject\",\"inLanguage\":\"pt-BR\",\"@id\":\"https:\/\/secure.gravatar.com\/avatar\/e0a867bdedb85fd243eadf09663511f96fc81e0720a4a42581f334ad4303aa6b?s=96&d=mm&r=g\",\"url\":\"https:\/\/secure.gravatar.com\/avatar\/e0a867bdedb85fd243eadf09663511f96fc81e0720a4a42581f334ad4303aa6b?s=96&d=mm&r=g\",\"contentUrl\":\"https:\/\/secure.gravatar.com\/avatar\/e0a867bdedb85fd243eadf09663511f96fc81e0720a4a42581f334ad4303aa6b?s=96&d=mm&r=g\",\"caption\":\"Reda\u00e7\u00e3o\"}}]}<\/script>\n<!-- \/ Yoast SEO plugin. -->","yoast_head_json":{"title":"Atrito de Trump e UE \u00e9 dan\u00e7a fora do compasso - Notibras","robots":{"index":"index","follow":"follow","max-snippet":"max-snippet:-1","max-image-preview":"max-image-preview:large","max-video-preview":"max-video-preview:-1"},"canonical":"https:\/\/www.notibras.com\/site\/atrito-de-trump-e-ue-e-danca-fora-do-compasso\/","og_locale":"pt_BR","og_type":"article","og_title":"Atrito de Trump e UE \u00e9 dan\u00e7a fora do compasso - Notibras","og_description":"A rela\u00e7\u00e3o pol\u00edtica entre EUA e Europa \u00e9 historicamente marcada por demonstra\u00e7\u00f5es pol\u00edticas de submiss\u00e3o europeia ao que pensa a pot\u00eancia da Am\u00e9rica do Norte, particularmente no que se refere a pol\u00edticas de defesa. Por\u00e9m, a rela\u00e7\u00e3o entre estas duas for\u00e7as pol\u00edticas normalmente se pautaram pelo respeito m\u00fatuo. Algo que foi jogado na lata do [&hellip;]","og_url":"https:\/\/www.notibras.com\/site\/atrito-de-trump-e-ue-e-danca-fora-do-compasso\/","og_site_name":"Notibras","article_publisher":"https:\/\/www.facebook.com\/notibras\/","article_published_time":"2026-01-21T10:05:57+00:00","article_modified_time":"2026-01-21T11:09:05+00:00","og_image":[{"width":1920,"height":1080,"url":"https:\/\/www.notibras.com\/site\/wp-content\/uploads\/2026\/01\/1121729328_0_160_3072_1888_1920x0_80_0_0_5c4e437973d3406e2fa7c92766186fc2.jpg-1.webp","type":"image\/webp"}],"author":"Reda\u00e7\u00e3o","twitter_card":"summary_large_image","twitter_creator":"@Notibras","twitter_site":"@Notibras","twitter_misc":{"Escrito por":"Reda\u00e7\u00e3o","Est. tempo de leitura":"4 minutos"},"schema":{"@context":"https:\/\/schema.org","@graph":[{"@type":"Article","@id":"https:\/\/www.notibras.com\/site\/atrito-de-trump-e-ue-e-danca-fora-do-compasso\/#article","isPartOf":{"@id":"https:\/\/www.notibras.com\/site\/atrito-de-trump-e-ue-e-danca-fora-do-compasso\/"},"author":{"name":"Reda\u00e7\u00e3o","@id":"https:\/\/www.notibras.com\/site\/#\/schema\/person\/36ab0979449956132d3e5b517ea76ac8"},"headline":"Atrito de Trump e UE \u00e9 dan\u00e7a fora do compasso","datePublished":"2026-01-21T10:05:57+00:00","dateModified":"2026-01-21T11:09:05+00:00","mainEntityOfPage":{"@id":"https:\/\/www.notibras.com\/site\/atrito-de-trump-e-ue-e-danca-fora-do-compasso\/"},"wordCount":639,"publisher":{"@id":"https:\/\/www.notibras.com\/site\/#organization"},"image":{"@id":"https:\/\/www.notibras.com\/site\/atrito-de-trump-e-ue-e-danca-fora-do-compasso\/#primaryimage"},"thumbnailUrl":"https:\/\/www.notibras.com\/site\/wp-content\/uploads\/2026\/01\/1121729328_0_160_3072_1888_1920x0_80_0_0_5c4e437973d3406e2fa7c92766186fc2.jpg-1.webp","keywords":["capa"],"articleSection":["Apocalipse"],"inLanguage":"pt-BR"},{"@type":"WebPage","@id":"https:\/\/www.notibras.com\/site\/atrito-de-trump-e-ue-e-danca-fora-do-compasso\/","url":"https:\/\/www.notibras.com\/site\/atrito-de-trump-e-ue-e-danca-fora-do-compasso\/","name":"Atrito de Trump e UE \u00e9 dan\u00e7a fora do compasso - Notibras","isPartOf":{"@id":"https:\/\/www.notibras.com\/site\/#website"},"primaryImageOfPage":{"@id":"https:\/\/www.notibras.com\/site\/atrito-de-trump-e-ue-e-danca-fora-do-compasso\/#primaryimage"},"image":{"@id":"https:\/\/www.notibras.com\/site\/atrito-de-trump-e-ue-e-danca-fora-do-compasso\/#primaryimage"},"thumbnailUrl":"https:\/\/www.notibras.com\/site\/wp-content\/uploads\/2026\/01\/1121729328_0_160_3072_1888_1920x0_80_0_0_5c4e437973d3406e2fa7c92766186fc2.jpg-1.webp","datePublished":"2026-01-21T10:05:57+00:00","dateModified":"2026-01-21T11:09:05+00:00","breadcrumb":{"@id":"https:\/\/www.notibras.com\/site\/atrito-de-trump-e-ue-e-danca-fora-do-compasso\/#breadcrumb"},"inLanguage":"pt-BR","potentialAction":[{"@type":"ReadAction","target":["https:\/\/www.notibras.com\/site\/atrito-de-trump-e-ue-e-danca-fora-do-compasso\/"]}]},{"@type":"ImageObject","inLanguage":"pt-BR","@id":"https:\/\/www.notibras.com\/site\/atrito-de-trump-e-ue-e-danca-fora-do-compasso\/#primaryimage","url":"https:\/\/www.notibras.com\/site\/wp-content\/uploads\/2026\/01\/1121729328_0_160_3072_1888_1920x0_80_0_0_5c4e437973d3406e2fa7c92766186fc2.jpg-1.webp","contentUrl":"https:\/\/www.notibras.com\/site\/wp-content\/uploads\/2026\/01\/1121729328_0_160_3072_1888_1920x0_80_0_0_5c4e437973d3406e2fa7c92766186fc2.jpg-1.webp","width":1920,"height":1080},{"@type":"BreadcrumbList","@id":"https:\/\/www.notibras.com\/site\/atrito-de-trump-e-ue-e-danca-fora-do-compasso\/#breadcrumb","itemListElement":[{"@type":"ListItem","position":1,"name":"In\u00edcio","item":"https:\/\/www.notibras.com\/site\/"},{"@type":"ListItem","position":2,"name":"Atrito de Trump e UE \u00e9 dan\u00e7a fora do compasso"}]},{"@type":"WebSite","@id":"https:\/\/www.notibras.com\/site\/#website","url":"https:\/\/www.notibras.com\/site\/","name":"Notibras","description":"Not\u00edcias de Bras\u00edlia, do Brasil e do Mundo","publisher":{"@id":"https:\/\/www.notibras.com\/site\/#organization"},"potentialAction":[{"@type":"SearchAction","target":{"@type":"EntryPoint","urlTemplate":"https:\/\/www.notibras.com\/site\/?s={search_term_string}"},"query-input":{"@type":"PropertyValueSpecification","valueRequired":true,"valueName":"search_term_string"}}],"inLanguage":"pt-BR"},{"@type":"Organization","@id":"https:\/\/www.notibras.com\/site\/#organization","name":"Grupo Notibras de Comunica\u00e7\u00e3o","url":"https:\/\/www.notibras.com\/site\/","logo":{"@type":"ImageObject","inLanguage":"pt-BR","@id":"https:\/\/www.notibras.com\/site\/#\/schema\/logo\/image\/","url":"https:\/\/www.notibras.com\/site\/wp-content\/uploads\/2023\/01\/notibras23.png","contentUrl":"https:\/\/www.notibras.com\/site\/wp-content\/uploads\/2023\/01\/notibras23.png","width":350,"height":87,"caption":"Grupo Notibras de Comunica\u00e7\u00e3o"},"image":{"@id":"https:\/\/www.notibras.com\/site\/#\/schema\/logo\/image\/"},"sameAs":["https:\/\/www.facebook.com\/notibras\/","https:\/\/x.com\/Notibras","https:\/\/www.instagram.com\/notibras\/"]},{"@type":"Person","@id":"https:\/\/www.notibras.com\/site\/#\/schema\/person\/36ab0979449956132d3e5b517ea76ac8","name":"Reda\u00e7\u00e3o","image":{"@type":"ImageObject","inLanguage":"pt-BR","@id":"https:\/\/secure.gravatar.com\/avatar\/e0a867bdedb85fd243eadf09663511f96fc81e0720a4a42581f334ad4303aa6b?s=96&d=mm&r=g","url":"https:\/\/secure.gravatar.com\/avatar\/e0a867bdedb85fd243eadf09663511f96fc81e0720a4a42581f334ad4303aa6b?s=96&d=mm&r=g","contentUrl":"https:\/\/secure.gravatar.com\/avatar\/e0a867bdedb85fd243eadf09663511f96fc81e0720a4a42581f334ad4303aa6b?s=96&d=mm&r=g","caption":"Reda\u00e7\u00e3o"}}]}},"amp_enabled":true,"_links":{"self":[{"href":"https:\/\/www.notibras.com\/site\/wp-json\/wp\/v2\/posts\/379974","targetHints":{"allow":["GET"]}}],"collection":[{"href":"https:\/\/www.notibras.com\/site\/wp-json\/wp\/v2\/posts"}],"about":[{"href":"https:\/\/www.notibras.com\/site\/wp-json\/wp\/v2\/types\/post"}],"author":[{"embeddable":true,"href":"https:\/\/www.notibras.com\/site\/wp-json\/wp\/v2\/users\/2"}],"replies":[{"embeddable":true,"href":"https:\/\/www.notibras.com\/site\/wp-json\/wp\/v2\/comments?post=379974"}],"version-history":[{"count":3,"href":"https:\/\/www.notibras.com\/site\/wp-json\/wp\/v2\/posts\/379974\/revisions"}],"predecessor-version":[{"id":379978,"href":"https:\/\/www.notibras.com\/site\/wp-json\/wp\/v2\/posts\/379974\/revisions\/379978"}],"wp:featuredmedia":[{"embeddable":true,"href":"https:\/\/www.notibras.com\/site\/wp-json\/wp\/v2\/media\/379975"}],"wp:attachment":[{"href":"https:\/\/www.notibras.com\/site\/wp-json\/wp\/v2\/media?parent=379974"}],"wp:term":[{"taxonomy":"category","embeddable":true,"href":"https:\/\/www.notibras.com\/site\/wp-json\/wp\/v2\/categories?post=379974"},{"taxonomy":"post_tag","embeddable":true,"href":"https:\/\/www.notibras.com\/site\/wp-json\/wp\/v2\/tags?post=379974"}],"curies":[{"name":"wp","href":"https:\/\/api.w.org\/{rel}","templated":true}]}}