{"id":379982,"date":"2026-01-21T00:01:04","date_gmt":"2026-01-21T03:01:04","guid":{"rendered":"https:\/\/www.notibras.com\/site\/?p=379982"},"modified":"2026-01-21T09:02:38","modified_gmt":"2026-01-21T12:02:38","slug":"inep-descarta-erro-na-avaliacao-de-formacao-de-medicos","status":"publish","type":"post","link":"https:\/\/www.notibras.com\/site\/inep-descarta-erro-na-avaliacao-de-formacao-de-medicos\/","title":{"rendered":"Inep descarta erro na avalia\u00e7\u00e3o de forma\u00e7\u00e3o de m\u00e9dicos"},"content":{"rendered":"<p>O presidente Instituto Nacional de Estudos e Pesquisas Educacionais An\u00edsio Teixeira (Inep), Manuel Palacios, afirmou nesta ter\u00e7a-feira (20) que n\u00e3o h\u00e1 erro no resultado da primeira edi\u00e7\u00e3o do Exame Nacional de Avalia\u00e7\u00e3o da Forma\u00e7\u00e3o M\u00e9dica (Enamed), que avaliou 351 cursos de medicina em todo o pa\u00eds<\/p>\n<p>Desse total, cerca de 30% tiveram desempenho insatisfat\u00f3rio, que ocorre quando menos de 60% dos estudantes do curso s\u00e3o considerados proficientes. O resultado na prova \u00e9 utilizado para calcular o conceito Enade das institui\u00e7\u00f5es, que varia de 1 a 5. As notas 1 e 2 s\u00e3o consideradas insuficientes pelo MEC.<\/p>\n<p>O n\u00e3o atingimento da profici\u00eancia vem sendo questionado por associa\u00e7\u00f5es que representam faculdades privadas. Elas alegam diverg\u00eancia entre os dados reportados ao sistema em dezembro do ano passado e os n\u00fameros divulgados agora, especialmente em rela\u00e7\u00e3o ao total de estudantes considerados proficientes nos cursos.<\/p>\n<p>Essa diverg\u00eancia de informa\u00e7\u00e3o foi reconhecida por Palacios, e ocorreu, segundo ele, em um comunicado interno via sistema eMEC que as faculdades t\u00eam acesso para a valida\u00e7\u00e3o de informa\u00e7\u00f5es. O dado errado sobre o n\u00famero de estudantes que alcan\u00e7aram a profici\u00eancia foi corrigido, com base no resultado alcan\u00e7ado na prova, e n\u00e3o teria sido usado para classificar os cursos.<\/p>\n<p>&#8220;A aplica\u00e7\u00e3o do n\u00famero de estudantes que acolheram profici\u00eancia saiu com resultados divergentes. Houve um erro aqui no Inep desse quantitativo. Mas esse dado n\u00e3o foi utilizado para qualquer c\u00e1lculo dos indicadores de qualidade dos cursos. Ent\u00e3o, o que houve foi uma publica\u00e7\u00e3o restrita \u00e0s institui\u00e7\u00f5es com uma pr\u00e9via do n\u00famero de alunos com profici\u00eancia que saiu com dados incorretos&#8221;, afirmou o presidente do Inep.<\/p>\n<p>Palacios explicou que os boletins recebidos pelos participantes, os resultados publicados para os cursos e o conceito Enade produzido pelo Inep para todos os cursos de medicina que foram avaliados n\u00e3o t\u00eam qualquer problema.<\/p>\n<p>&#8220;Os resultados s\u00e3o v\u00e1lidos, est\u00e3o corretos e n\u00e3o h\u00e1 qualquer intercorr\u00eancia na publica\u00e7\u00e3o desses resultados, tanto daqueles que participaram e receberam o boletim por meio da plataforma do participante, quanto a publica\u00e7\u00e3o recente dos resultados&#8221;, afirmou.<\/p>\n<p>Segundo ele, o que houve foi uma incorre\u00e7\u00e3o na comunica\u00e7\u00e3o pr\u00e9via com as institui\u00e7\u00f5es, sem um efeito no c\u00e1lculo desses indicadores.<\/p>\n<p>&#8220;Os indicadores publicados que constam o n\u00famero de participantes est\u00e1 no site do Inep, tem o n\u00famero de participantes, o n\u00famero de inscritos, o n\u00famero de estudantes que alcan\u00e7aram profici\u00eancia e o c\u00e1lculo do conceito Enade, eles est\u00e3o todos corretos. N\u00e3o h\u00e1 nada publicado pelo Inep que tenha sido entregue ao p\u00fablico que esteja com qualquer erro&#8221;, prosseguiu.<\/p>\n<p><strong>Inconsist\u00eancias<\/strong><br \/>\nEm nota, a Associa\u00e7\u00e3o Brasileira de Mantenedoras de Ensino Superior (ABMES) destaca que as inconsist\u00eancias foram reconhecidas pelo pr\u00f3prio MEC e pelo Inep na divulga\u00e7\u00e3o dos resultados do Enamed.<\/p>\n<p>&#8220;Ap\u00f3s a aplica\u00e7\u00e3o das provas e a divulga\u00e7\u00e3o dos resultados aos estudantes e \u00e0s institui\u00e7\u00f5es, o Inep publicou sucessivas notas t\u00e9cnicas \u2014 a NT n\u00ba 40, entre 9 e 12 de dezembro; a NT n\u00ba 42, em 22 de dezembro; e a NT n\u00ba 19, em 30 de dezembro \u2014 alterando e complementando crit\u00e9rios metodol\u00f3gicos ap\u00f3s o encerramento do exame e do prazo de recursos, que se deu em 17 de dezembro. Medida t\u00e3o grave quanto foi a altera\u00e7\u00e3o dos conceitos que haviam sido apresentados, em dezembro, para as institui\u00e7\u00f5es de educa\u00e7\u00e3o superior. Os dados n\u00e3o batem com os que foram divulgados ontem (19) para a imprensa. O pr\u00f3prio MEC reconheceu a exist\u00eancia de inconsist\u00eancias nas informa\u00e7\u00f5es, ampliando o cen\u00e1rio de d\u00favidas e inseguran\u00e7a regulat\u00f3ria para as institui\u00e7\u00f5es&#8221;, diz a entidade.<\/p>\n<p>Esse encadeamento de atos administrativos posteriores \u00e0 prova compromete a transpar\u00eancia, a seguran\u00e7a jur\u00eddica e a correta interpreta\u00e7\u00e3o dos dados, aponta a associa\u00e7\u00e3o. &#8220;Al\u00e9m de expor indevidamente institui\u00e7\u00f5es e estudantes a julgamentos p\u00fablicos baseados em informa\u00e7\u00f5es que o pr\u00f3prio MEC admite precisar revisar&#8221;.<\/p>\n<p>&#8220;Diante disso, a ABMES defende uma apura\u00e7\u00e3o criteriosa dos fatos e reafirma que, no atual contexto, \u00e9 imposs\u00edvel garantir que os conceitos produzidos e divulgados pelo Inep estejam corretos. Inclusive, outro ponto que corrobora para essa d\u00favida se materializa na forma como os microdados foram divulgados ontem, sem a exist\u00eancia de qualquer liga\u00e7\u00e3o entre os alunos e as institui\u00e7\u00f5es. Essa medida n\u00e3o apenas inviabiliza a checagem dos dados pelas institui\u00e7\u00f5es como as impede de fazerem corretamente suas manifesta\u00e7\u00f5es em rela\u00e7\u00e3o aos resultados divulgados&#8221;, continuou a entidade, em nota.<\/p>\n<p><strong>Medidas cautelares<\/strong><br \/>\nO conceito Enade insatisfat\u00f3rio abre caminho para aplica\u00e7\u00e3o, pelo MEC, das chamadas medidas cautelares, que podem incluir restri\u00e7\u00e3o de vagas em cursos de medicina e impedimento de novos ingressos.<\/p>\n<p>O Inep vai abrir prazo de cinco dias, a contar da pr\u00f3xima segunda-feira (26), para que as institui\u00e7\u00f5es possam esclarecer d\u00favidas e apresentar as suas manifesta\u00e7\u00f5es a respeito do c\u00e1lculo do resultado da avalia\u00e7\u00e3o dos cursos.<\/p>\n","protected":false},"excerpt":{"rendered":"<p>O presidente Instituto Nacional de Estudos e Pesquisas Educacionais An\u00edsio Teixeira (Inep), Manuel Palacios, afirmou nesta ter\u00e7a-feira (20) que n\u00e3o h\u00e1 erro no resultado da primeira edi\u00e7\u00e3o do Exame Nacional de Avalia\u00e7\u00e3o da Forma\u00e7\u00e3o M\u00e9dica (Enamed), que avaliou 351 cursos de medicina em todo o pa\u00eds Desse total, cerca de 30% tiveram desempenho insatisfat\u00f3rio, que [&hellip;]<\/p>\n","protected":false},"author":2,"featured_media":320169,"comment_status":"closed","ping_status":"closed","sticky":false,"template":"","format":"standard","meta":{"_acf_changed":false,"footnotes":""},"categories":[16],"tags":[],"class_list":["post-379982","post","type-post","status-publish","format-standard","has-post-thumbnail","hentry","category-brasil"],"acf":[],"yoast_head":"<!-- This site is optimized with the Yoast SEO plugin v27.2 - https:\/\/yoast.com\/product\/yoast-seo-wordpress\/ -->\n<title>Inep descarta erro na avalia\u00e7\u00e3o de forma\u00e7\u00e3o de m\u00e9dicos - Notibras<\/title>\n<meta name=\"robots\" content=\"index, follow, max-snippet:-1, max-image-preview:large, max-video-preview:-1\" \/>\n<link rel=\"canonical\" href=\"https:\/\/www.notibras.com\/site\/inep-descarta-erro-na-avaliacao-de-formacao-de-medicos\/\" \/>\n<meta property=\"og:locale\" content=\"pt_BR\" \/>\n<meta property=\"og:type\" content=\"article\" \/>\n<meta property=\"og:title\" content=\"Inep descarta erro na avalia\u00e7\u00e3o de forma\u00e7\u00e3o de m\u00e9dicos - Notibras\" \/>\n<meta property=\"og:description\" content=\"O presidente Instituto Nacional de Estudos e Pesquisas Educacionais An\u00edsio Teixeira (Inep), Manuel Palacios, afirmou nesta ter\u00e7a-feira (20) que n\u00e3o h\u00e1 erro no resultado da primeira edi\u00e7\u00e3o do Exame Nacional de Avalia\u00e7\u00e3o da Forma\u00e7\u00e3o M\u00e9dica (Enamed), que avaliou 351 cursos de medicina em todo o pa\u00eds Desse total, cerca de 30% tiveram desempenho insatisfat\u00f3rio, que [&hellip;]\" \/>\n<meta property=\"og:url\" content=\"https:\/\/www.notibras.com\/site\/inep-descarta-erro-na-avaliacao-de-formacao-de-medicos\/\" \/>\n<meta property=\"og:site_name\" content=\"Notibras\" \/>\n<meta property=\"article:publisher\" content=\"https:\/\/www.facebook.com\/notibras\/\" \/>\n<meta property=\"article:published_time\" content=\"2026-01-21T03:01:04+00:00\" \/>\n<meta property=\"article:modified_time\" content=\"2026-01-21T12:02:38+00:00\" \/>\n<meta property=\"og:image\" content=\"https:\/\/www.notibras.com\/site\/wp-content\/uploads\/2024\/01\/medicosnorte.ne_.webp\" \/>\n\t<meta property=\"og:image:width\" content=\"1170\" \/>\n\t<meta property=\"og:image:height\" content=\"700\" \/>\n\t<meta property=\"og:image:type\" content=\"image\/webp\" \/>\n<meta name=\"author\" content=\"Reda\u00e7\u00e3o\" \/>\n<meta name=\"twitter:card\" content=\"summary_large_image\" \/>\n<meta name=\"twitter:creator\" content=\"@Notibras\" \/>\n<meta name=\"twitter:site\" content=\"@Notibras\" \/>\n<meta name=\"twitter:label1\" content=\"Escrito por\" \/>\n\t<meta name=\"twitter:data1\" content=\"Reda\u00e7\u00e3o\" \/>\n\t<meta name=\"twitter:label2\" content=\"Est. tempo de leitura\" \/>\n\t<meta name=\"twitter:data2\" content=\"5 minutos\" \/>\n<script type=\"application\/ld+json\" class=\"yoast-schema-graph\">{\"@context\":\"https:\/\/schema.org\",\"@graph\":[{\"@type\":\"Article\",\"@id\":\"https:\/\/www.notibras.com\/site\/inep-descarta-erro-na-avaliacao-de-formacao-de-medicos\/#article\",\"isPartOf\":{\"@id\":\"https:\/\/www.notibras.com\/site\/inep-descarta-erro-na-avaliacao-de-formacao-de-medicos\/\"},\"author\":{\"name\":\"Reda\u00e7\u00e3o\",\"@id\":\"https:\/\/www.notibras.com\/site\/#\/schema\/person\/36ab0979449956132d3e5b517ea76ac8\"},\"headline\":\"Inep descarta erro na avalia\u00e7\u00e3o de forma\u00e7\u00e3o de m\u00e9dicos\",\"datePublished\":\"2026-01-21T03:01:04+00:00\",\"dateModified\":\"2026-01-21T12:02:38+00:00\",\"mainEntityOfPage\":{\"@id\":\"https:\/\/www.notibras.com\/site\/inep-descarta-erro-na-avaliacao-de-formacao-de-medicos\/\"},\"wordCount\":880,\"publisher\":{\"@id\":\"https:\/\/www.notibras.com\/site\/#organization\"},\"image\":{\"@id\":\"https:\/\/www.notibras.com\/site\/inep-descarta-erro-na-avaliacao-de-formacao-de-medicos\/#primaryimage\"},\"thumbnailUrl\":\"https:\/\/www.notibras.com\/site\/wp-content\/uploads\/2024\/01\/medicosnorte.ne_.webp\",\"articleSection\":[\"Brasil\"],\"inLanguage\":\"pt-BR\"},{\"@type\":\"WebPage\",\"@id\":\"https:\/\/www.notibras.com\/site\/inep-descarta-erro-na-avaliacao-de-formacao-de-medicos\/\",\"url\":\"https:\/\/www.notibras.com\/site\/inep-descarta-erro-na-avaliacao-de-formacao-de-medicos\/\",\"name\":\"Inep descarta erro na avalia\u00e7\u00e3o de forma\u00e7\u00e3o de m\u00e9dicos - Notibras\",\"isPartOf\":{\"@id\":\"https:\/\/www.notibras.com\/site\/#website\"},\"primaryImageOfPage\":{\"@id\":\"https:\/\/www.notibras.com\/site\/inep-descarta-erro-na-avaliacao-de-formacao-de-medicos\/#primaryimage\"},\"image\":{\"@id\":\"https:\/\/www.notibras.com\/site\/inep-descarta-erro-na-avaliacao-de-formacao-de-medicos\/#primaryimage\"},\"thumbnailUrl\":\"https:\/\/www.notibras.com\/site\/wp-content\/uploads\/2024\/01\/medicosnorte.ne_.webp\",\"datePublished\":\"2026-01-21T03:01:04+00:00\",\"dateModified\":\"2026-01-21T12:02:38+00:00\",\"breadcrumb\":{\"@id\":\"https:\/\/www.notibras.com\/site\/inep-descarta-erro-na-avaliacao-de-formacao-de-medicos\/#breadcrumb\"},\"inLanguage\":\"pt-BR\",\"potentialAction\":[{\"@type\":\"ReadAction\",\"target\":[\"https:\/\/www.notibras.com\/site\/inep-descarta-erro-na-avaliacao-de-formacao-de-medicos\/\"]}]},{\"@type\":\"ImageObject\",\"inLanguage\":\"pt-BR\",\"@id\":\"https:\/\/www.notibras.com\/site\/inep-descarta-erro-na-avaliacao-de-formacao-de-medicos\/#primaryimage\",\"url\":\"https:\/\/www.notibras.com\/site\/wp-content\/uploads\/2024\/01\/medicosnorte.ne_.webp\",\"contentUrl\":\"https:\/\/www.notibras.com\/site\/wp-content\/uploads\/2024\/01\/medicosnorte.ne_.webp\",\"width\":1170,\"height\":700},{\"@type\":\"BreadcrumbList\",\"@id\":\"https:\/\/www.notibras.com\/site\/inep-descarta-erro-na-avaliacao-de-formacao-de-medicos\/#breadcrumb\",\"itemListElement\":[{\"@type\":\"ListItem\",\"position\":1,\"name\":\"In\u00edcio\",\"item\":\"https:\/\/www.notibras.com\/site\/\"},{\"@type\":\"ListItem\",\"position\":2,\"name\":\"Inep descarta erro na avalia\u00e7\u00e3o de forma\u00e7\u00e3o de m\u00e9dicos\"}]},{\"@type\":\"WebSite\",\"@id\":\"https:\/\/www.notibras.com\/site\/#website\",\"url\":\"https:\/\/www.notibras.com\/site\/\",\"name\":\"Notibras\",\"description\":\"Not\u00edcias de Bras\u00edlia, do Brasil e do Mundo\",\"publisher\":{\"@id\":\"https:\/\/www.notibras.com\/site\/#organization\"},\"potentialAction\":[{\"@type\":\"SearchAction\",\"target\":{\"@type\":\"EntryPoint\",\"urlTemplate\":\"https:\/\/www.notibras.com\/site\/?s={search_term_string}\"},\"query-input\":{\"@type\":\"PropertyValueSpecification\",\"valueRequired\":true,\"valueName\":\"search_term_string\"}}],\"inLanguage\":\"pt-BR\"},{\"@type\":\"Organization\",\"@id\":\"https:\/\/www.notibras.com\/site\/#organization\",\"name\":\"Grupo Notibras de Comunica\u00e7\u00e3o\",\"url\":\"https:\/\/www.notibras.com\/site\/\",\"logo\":{\"@type\":\"ImageObject\",\"inLanguage\":\"pt-BR\",\"@id\":\"https:\/\/www.notibras.com\/site\/#\/schema\/logo\/image\/\",\"url\":\"https:\/\/www.notibras.com\/site\/wp-content\/uploads\/2023\/01\/notibras23.png\",\"contentUrl\":\"https:\/\/www.notibras.com\/site\/wp-content\/uploads\/2023\/01\/notibras23.png\",\"width\":350,\"height\":87,\"caption\":\"Grupo Notibras de Comunica\u00e7\u00e3o\"},\"image\":{\"@id\":\"https:\/\/www.notibras.com\/site\/#\/schema\/logo\/image\/\"},\"sameAs\":[\"https:\/\/www.facebook.com\/notibras\/\",\"https:\/\/x.com\/Notibras\",\"https:\/\/www.instagram.com\/notibras\/\"]},{\"@type\":\"Person\",\"@id\":\"https:\/\/www.notibras.com\/site\/#\/schema\/person\/36ab0979449956132d3e5b517ea76ac8\",\"name\":\"Reda\u00e7\u00e3o\",\"image\":{\"@type\":\"ImageObject\",\"inLanguage\":\"pt-BR\",\"@id\":\"https:\/\/secure.gravatar.com\/avatar\/e0a867bdedb85fd243eadf09663511f96fc81e0720a4a42581f334ad4303aa6b?s=96&d=mm&r=g\",\"url\":\"https:\/\/secure.gravatar.com\/avatar\/e0a867bdedb85fd243eadf09663511f96fc81e0720a4a42581f334ad4303aa6b?s=96&d=mm&r=g\",\"contentUrl\":\"https:\/\/secure.gravatar.com\/avatar\/e0a867bdedb85fd243eadf09663511f96fc81e0720a4a42581f334ad4303aa6b?s=96&d=mm&r=g\",\"caption\":\"Reda\u00e7\u00e3o\"}}]}<\/script>\n<!-- \/ Yoast SEO plugin. -->","yoast_head_json":{"title":"Inep descarta erro na avalia\u00e7\u00e3o de forma\u00e7\u00e3o de m\u00e9dicos - Notibras","robots":{"index":"index","follow":"follow","max-snippet":"max-snippet:-1","max-image-preview":"max-image-preview:large","max-video-preview":"max-video-preview:-1"},"canonical":"https:\/\/www.notibras.com\/site\/inep-descarta-erro-na-avaliacao-de-formacao-de-medicos\/","og_locale":"pt_BR","og_type":"article","og_title":"Inep descarta erro na avalia\u00e7\u00e3o de forma\u00e7\u00e3o de m\u00e9dicos - Notibras","og_description":"O presidente Instituto Nacional de Estudos e Pesquisas Educacionais An\u00edsio Teixeira (Inep), Manuel Palacios, afirmou nesta ter\u00e7a-feira (20) que n\u00e3o h\u00e1 erro no resultado da primeira edi\u00e7\u00e3o do Exame Nacional de Avalia\u00e7\u00e3o da Forma\u00e7\u00e3o M\u00e9dica (Enamed), que avaliou 351 cursos de medicina em todo o pa\u00eds Desse total, cerca de 30% tiveram desempenho insatisfat\u00f3rio, que [&hellip;]","og_url":"https:\/\/www.notibras.com\/site\/inep-descarta-erro-na-avaliacao-de-formacao-de-medicos\/","og_site_name":"Notibras","article_publisher":"https:\/\/www.facebook.com\/notibras\/","article_published_time":"2026-01-21T03:01:04+00:00","article_modified_time":"2026-01-21T12:02:38+00:00","og_image":[{"width":1170,"height":700,"url":"https:\/\/www.notibras.com\/site\/wp-content\/uploads\/2024\/01\/medicosnorte.ne_.webp","type":"image\/webp"}],"author":"Reda\u00e7\u00e3o","twitter_card":"summary_large_image","twitter_creator":"@Notibras","twitter_site":"@Notibras","twitter_misc":{"Escrito por":"Reda\u00e7\u00e3o","Est. tempo de leitura":"5 minutos"},"schema":{"@context":"https:\/\/schema.org","@graph":[{"@type":"Article","@id":"https:\/\/www.notibras.com\/site\/inep-descarta-erro-na-avaliacao-de-formacao-de-medicos\/#article","isPartOf":{"@id":"https:\/\/www.notibras.com\/site\/inep-descarta-erro-na-avaliacao-de-formacao-de-medicos\/"},"author":{"name":"Reda\u00e7\u00e3o","@id":"https:\/\/www.notibras.com\/site\/#\/schema\/person\/36ab0979449956132d3e5b517ea76ac8"},"headline":"Inep descarta erro na avalia\u00e7\u00e3o de forma\u00e7\u00e3o de m\u00e9dicos","datePublished":"2026-01-21T03:01:04+00:00","dateModified":"2026-01-21T12:02:38+00:00","mainEntityOfPage":{"@id":"https:\/\/www.notibras.com\/site\/inep-descarta-erro-na-avaliacao-de-formacao-de-medicos\/"},"wordCount":880,"publisher":{"@id":"https:\/\/www.notibras.com\/site\/#organization"},"image":{"@id":"https:\/\/www.notibras.com\/site\/inep-descarta-erro-na-avaliacao-de-formacao-de-medicos\/#primaryimage"},"thumbnailUrl":"https:\/\/www.notibras.com\/site\/wp-content\/uploads\/2024\/01\/medicosnorte.ne_.webp","articleSection":["Brasil"],"inLanguage":"pt-BR"},{"@type":"WebPage","@id":"https:\/\/www.notibras.com\/site\/inep-descarta-erro-na-avaliacao-de-formacao-de-medicos\/","url":"https:\/\/www.notibras.com\/site\/inep-descarta-erro-na-avaliacao-de-formacao-de-medicos\/","name":"Inep descarta erro na avalia\u00e7\u00e3o de forma\u00e7\u00e3o de m\u00e9dicos - Notibras","isPartOf":{"@id":"https:\/\/www.notibras.com\/site\/#website"},"primaryImageOfPage":{"@id":"https:\/\/www.notibras.com\/site\/inep-descarta-erro-na-avaliacao-de-formacao-de-medicos\/#primaryimage"},"image":{"@id":"https:\/\/www.notibras.com\/site\/inep-descarta-erro-na-avaliacao-de-formacao-de-medicos\/#primaryimage"},"thumbnailUrl":"https:\/\/www.notibras.com\/site\/wp-content\/uploads\/2024\/01\/medicosnorte.ne_.webp","datePublished":"2026-01-21T03:01:04+00:00","dateModified":"2026-01-21T12:02:38+00:00","breadcrumb":{"@id":"https:\/\/www.notibras.com\/site\/inep-descarta-erro-na-avaliacao-de-formacao-de-medicos\/#breadcrumb"},"inLanguage":"pt-BR","potentialAction":[{"@type":"ReadAction","target":["https:\/\/www.notibras.com\/site\/inep-descarta-erro-na-avaliacao-de-formacao-de-medicos\/"]}]},{"@type":"ImageObject","inLanguage":"pt-BR","@id":"https:\/\/www.notibras.com\/site\/inep-descarta-erro-na-avaliacao-de-formacao-de-medicos\/#primaryimage","url":"https:\/\/www.notibras.com\/site\/wp-content\/uploads\/2024\/01\/medicosnorte.ne_.webp","contentUrl":"https:\/\/www.notibras.com\/site\/wp-content\/uploads\/2024\/01\/medicosnorte.ne_.webp","width":1170,"height":700},{"@type":"BreadcrumbList","@id":"https:\/\/www.notibras.com\/site\/inep-descarta-erro-na-avaliacao-de-formacao-de-medicos\/#breadcrumb","itemListElement":[{"@type":"ListItem","position":1,"name":"In\u00edcio","item":"https:\/\/www.notibras.com\/site\/"},{"@type":"ListItem","position":2,"name":"Inep descarta erro na avalia\u00e7\u00e3o de forma\u00e7\u00e3o de m\u00e9dicos"}]},{"@type":"WebSite","@id":"https:\/\/www.notibras.com\/site\/#website","url":"https:\/\/www.notibras.com\/site\/","name":"Notibras","description":"Not\u00edcias de Bras\u00edlia, do Brasil e do Mundo","publisher":{"@id":"https:\/\/www.notibras.com\/site\/#organization"},"potentialAction":[{"@type":"SearchAction","target":{"@type":"EntryPoint","urlTemplate":"https:\/\/www.notibras.com\/site\/?s={search_term_string}"},"query-input":{"@type":"PropertyValueSpecification","valueRequired":true,"valueName":"search_term_string"}}],"inLanguage":"pt-BR"},{"@type":"Organization","@id":"https:\/\/www.notibras.com\/site\/#organization","name":"Grupo Notibras de Comunica\u00e7\u00e3o","url":"https:\/\/www.notibras.com\/site\/","logo":{"@type":"ImageObject","inLanguage":"pt-BR","@id":"https:\/\/www.notibras.com\/site\/#\/schema\/logo\/image\/","url":"https:\/\/www.notibras.com\/site\/wp-content\/uploads\/2023\/01\/notibras23.png","contentUrl":"https:\/\/www.notibras.com\/site\/wp-content\/uploads\/2023\/01\/notibras23.png","width":350,"height":87,"caption":"Grupo Notibras de Comunica\u00e7\u00e3o"},"image":{"@id":"https:\/\/www.notibras.com\/site\/#\/schema\/logo\/image\/"},"sameAs":["https:\/\/www.facebook.com\/notibras\/","https:\/\/x.com\/Notibras","https:\/\/www.instagram.com\/notibras\/"]},{"@type":"Person","@id":"https:\/\/www.notibras.com\/site\/#\/schema\/person\/36ab0979449956132d3e5b517ea76ac8","name":"Reda\u00e7\u00e3o","image":{"@type":"ImageObject","inLanguage":"pt-BR","@id":"https:\/\/secure.gravatar.com\/avatar\/e0a867bdedb85fd243eadf09663511f96fc81e0720a4a42581f334ad4303aa6b?s=96&d=mm&r=g","url":"https:\/\/secure.gravatar.com\/avatar\/e0a867bdedb85fd243eadf09663511f96fc81e0720a4a42581f334ad4303aa6b?s=96&d=mm&r=g","contentUrl":"https:\/\/secure.gravatar.com\/avatar\/e0a867bdedb85fd243eadf09663511f96fc81e0720a4a42581f334ad4303aa6b?s=96&d=mm&r=g","caption":"Reda\u00e7\u00e3o"}}]}},"amp_enabled":true,"_links":{"self":[{"href":"https:\/\/www.notibras.com\/site\/wp-json\/wp\/v2\/posts\/379982","targetHints":{"allow":["GET"]}}],"collection":[{"href":"https:\/\/www.notibras.com\/site\/wp-json\/wp\/v2\/posts"}],"about":[{"href":"https:\/\/www.notibras.com\/site\/wp-json\/wp\/v2\/types\/post"}],"author":[{"embeddable":true,"href":"https:\/\/www.notibras.com\/site\/wp-json\/wp\/v2\/users\/2"}],"replies":[{"embeddable":true,"href":"https:\/\/www.notibras.com\/site\/wp-json\/wp\/v2\/comments?post=379982"}],"version-history":[{"count":1,"href":"https:\/\/www.notibras.com\/site\/wp-json\/wp\/v2\/posts\/379982\/revisions"}],"predecessor-version":[{"id":379983,"href":"https:\/\/www.notibras.com\/site\/wp-json\/wp\/v2\/posts\/379982\/revisions\/379983"}],"wp:featuredmedia":[{"embeddable":true,"href":"https:\/\/www.notibras.com\/site\/wp-json\/wp\/v2\/media\/320169"}],"wp:attachment":[{"href":"https:\/\/www.notibras.com\/site\/wp-json\/wp\/v2\/media?parent=379982"}],"wp:term":[{"taxonomy":"category","embeddable":true,"href":"https:\/\/www.notibras.com\/site\/wp-json\/wp\/v2\/categories?post=379982"},{"taxonomy":"post_tag","embeddable":true,"href":"https:\/\/www.notibras.com\/site\/wp-json\/wp\/v2\/tags?post=379982"}],"curies":[{"name":"wp","href":"https:\/\/api.w.org\/{rel}","templated":true}]}}