{"id":379984,"date":"2026-01-21T00:00:35","date_gmt":"2026-01-21T03:00:35","guid":{"rendered":"https:\/\/www.notibras.com\/site\/?p=379984"},"modified":"2026-01-21T09:07:11","modified_gmt":"2026-01-21T12:07:11","slug":"oxfam-aponta-que-governos-fazem-opcao-em-defesa-a-riqueza","status":"publish","type":"post","link":"https:\/\/www.notibras.com\/site\/oxfam-aponta-que-governos-fazem-opcao-em-defesa-a-riqueza\/","title":{"rendered":"Oxfam aponta que governos fazem op\u00e7\u00e3o em defesa a riqueza"},"content":{"rendered":"<p>Relat\u00f3rio da Oxfam, um movimento global que luta contra a desigualdade, a pobreza e a injusti\u00e7a, afirma que os governos est\u00e3o escolhendo proteger a riqueza e o poder pol\u00edtico dos bilion\u00e1rios em vez de garantir dignidade material, voz pol\u00edtica e liberdades civis para a maioria da popula\u00e7\u00e3o.<\/p>\n<p>O relat\u00f3rio Resistindo ao Dom\u00ednio dos Ricos: Defendendo a Liberdade Contra o Poder dos Bilion\u00e1rios foi lan\u00e7ado pela Oxfam por ocasi\u00e3o do F\u00f3rum Econ\u00f4mico Mundial de Davos 2026.<\/p>\n<p>\u201cEste relat\u00f3rio \u00e9 sobre essa escolha. Como os governos no mundo todo est\u00e3o fazendo a escolha errada; eles est\u00e3o optando por defender a riqueza, n\u00e3o a liberdade. Escolhendo o dom\u00ednio dos ricos. Escolhendo reprimir a indigna\u00e7\u00e3o de seu povo diante de como a vida est\u00e1 se tornando inacess\u00edvel e insuport\u00e1vel, em vez de redistribuir a riqueza dos mais ricos para os demais\u201d, diz o texto.<\/p>\n<p>O documento destaca a amplia\u00e7\u00e3o do poder pol\u00edtico e o crescimento recorde da riqueza dos bilion\u00e1rios, diante da estagna\u00e7\u00e3o da diminui\u00e7\u00e3o da pobreza no mundo e da redu\u00e7\u00e3o dos direitos civis.<\/p>\n<p>\u201cEm v\u00e1rios pa\u00edses, os super ricos n\u00e3o s\u00f3 acumularam mais riqueza do que jamais poderiam gastar, como tamb\u00e9m utilizaram essa riqueza para garantir o poder pol\u00edtico para moldar as regras que definem as nossas economias e governam as na\u00e7\u00f5es. Ao mesmo tempo, em todo o mundo, estamos vendo uma deteriora\u00e7\u00e3o e um retrocesso dos direitos civis e pol\u00edticos da maioria; a repress\u00e3o de protestos; e o silenciamento da oposi\u00e7\u00e3o\u201d.<\/p>\n<p>De acordo com o relat\u00f3rio, os bilion\u00e1rios est\u00e3o se tornando ricos tamb\u00e9m politicamente e capazes de moldar e influenciar a pol\u00edtica, as sociedades e as economias. \u201cEm n\u00edtido contraste, aqueles com menos riqueza econ\u00f4mica est\u00e3o se tornando politicamente pobres, com suas vozes silenciadas diante do crescente autoritarismo e da supress\u00e3o de direitos\u201d.<\/p>\n<p>Segundo o documento, a diminui\u00e7\u00e3o da pobreza praticamente estagnou, com o registro de um novo aumento da pobreza na \u00c1frica. \u201cEm 2022, quase metade da popula\u00e7\u00e3o mundial (48%), ou 3,83 bilh\u00f5es de pessoas, vivia na pobreza. Olhando, al\u00e9m da renda, para outros aspectos da pobreza, uma em cada quatro pessoas no mundo enfrenta inseguran\u00e7a alimentar moderada ou grave. Esse n\u00famero aumentou 42,6% entre 2015 e 2024\u201d.<\/p>\n<p>\u201cA conclus\u00e3o deste relat\u00f3rio mostra que isso n\u00e3o \u00e9 inevit\u00e1vel. Os governos podem optar por defender as pessoas comuns em vez dos oligarcas. As pr\u00f3prias pessoas, quando organizadas, podem apresentar um contrapeso poderoso \u00e0 riqueza extrema. Juntos, podemos exigir um mundo mais justo e igualit\u00e1rio\u201d, conclui o texto.<\/p>\n","protected":false},"excerpt":{"rendered":"<p>Relat\u00f3rio da Oxfam, um movimento global que luta contra a desigualdade, a pobreza e a injusti\u00e7a, afirma que os governos est\u00e3o escolhendo proteger a riqueza e o poder pol\u00edtico dos bilion\u00e1rios em vez de garantir dignidade material, voz pol\u00edtica e liberdades civis para a maioria da popula\u00e7\u00e3o. O relat\u00f3rio Resistindo ao Dom\u00ednio dos Ricos: Defendendo [&hellip;]<\/p>\n","protected":false},"author":2,"featured_media":297894,"comment_status":"closed","ping_status":"closed","sticky":false,"template":"","format":"standard","meta":{"_acf_changed":false,"footnotes":""},"categories":[16],"tags":[],"class_list":["post-379984","post","type-post","status-publish","format-standard","has-post-thumbnail","hentry","category-brasil"],"acf":[],"yoast_head":"<!-- This site is optimized with the Yoast SEO plugin v27.2 - https:\/\/yoast.com\/product\/yoast-seo-wordpress\/ -->\n<title>Oxfam aponta que governos fazem op\u00e7\u00e3o em defesa a riqueza - Notibras<\/title>\n<meta name=\"robots\" content=\"index, follow, max-snippet:-1, max-image-preview:large, max-video-preview:-1\" \/>\n<link rel=\"canonical\" href=\"https:\/\/www.notibras.com\/site\/oxfam-aponta-que-governos-fazem-opcao-em-defesa-a-riqueza\/\" \/>\n<meta property=\"og:locale\" content=\"pt_BR\" \/>\n<meta property=\"og:type\" content=\"article\" \/>\n<meta property=\"og:title\" content=\"Oxfam aponta que governos fazem op\u00e7\u00e3o em defesa a riqueza - Notibras\" \/>\n<meta property=\"og:description\" content=\"Relat\u00f3rio da Oxfam, um movimento global que luta contra a desigualdade, a pobreza e a injusti\u00e7a, afirma que os governos est\u00e3o escolhendo proteger a riqueza e o poder pol\u00edtico dos bilion\u00e1rios em vez de garantir dignidade material, voz pol\u00edtica e liberdades civis para a maioria da popula\u00e7\u00e3o. O relat\u00f3rio Resistindo ao Dom\u00ednio dos Ricos: Defendendo [&hellip;]\" \/>\n<meta property=\"og:url\" content=\"https:\/\/www.notibras.com\/site\/oxfam-aponta-que-governos-fazem-opcao-em-defesa-a-riqueza\/\" \/>\n<meta property=\"og:site_name\" content=\"Notibras\" \/>\n<meta property=\"article:publisher\" content=\"https:\/\/www.facebook.com\/notibras\/\" \/>\n<meta property=\"article:published_time\" content=\"2026-01-21T03:00:35+00:00\" \/>\n<meta property=\"article:modified_time\" content=\"2026-01-21T12:07:11+00:00\" \/>\n<meta property=\"og:image\" content=\"https:\/\/www.notibras.com\/site\/wp-content\/uploads\/2023\/01\/pobreza-3.jpg\" \/>\n\t<meta property=\"og:image:width\" content=\"1170\" \/>\n\t<meta property=\"og:image:height\" content=\"700\" \/>\n\t<meta property=\"og:image:type\" content=\"image\/jpeg\" \/>\n<meta name=\"author\" content=\"Reda\u00e7\u00e3o\" \/>\n<meta name=\"twitter:card\" content=\"summary_large_image\" \/>\n<meta name=\"twitter:creator\" content=\"@Notibras\" \/>\n<meta name=\"twitter:site\" content=\"@Notibras\" \/>\n<meta name=\"twitter:label1\" content=\"Escrito por\" \/>\n\t<meta name=\"twitter:data1\" content=\"Reda\u00e7\u00e3o\" \/>\n\t<meta name=\"twitter:label2\" content=\"Est. tempo de leitura\" \/>\n\t<meta name=\"twitter:data2\" content=\"3 minutos\" \/>\n<script type=\"application\/ld+json\" class=\"yoast-schema-graph\">{\"@context\":\"https:\/\/schema.org\",\"@graph\":[{\"@type\":\"Article\",\"@id\":\"https:\/\/www.notibras.com\/site\/oxfam-aponta-que-governos-fazem-opcao-em-defesa-a-riqueza\/#article\",\"isPartOf\":{\"@id\":\"https:\/\/www.notibras.com\/site\/oxfam-aponta-que-governos-fazem-opcao-em-defesa-a-riqueza\/\"},\"author\":{\"name\":\"Reda\u00e7\u00e3o\",\"@id\":\"https:\/\/www.notibras.com\/site\/#\/schema\/person\/36ab0979449956132d3e5b517ea76ac8\"},\"headline\":\"Oxfam aponta que governos fazem op\u00e7\u00e3o em defesa a riqueza\",\"datePublished\":\"2026-01-21T03:00:35+00:00\",\"dateModified\":\"2026-01-21T12:07:11+00:00\",\"mainEntityOfPage\":{\"@id\":\"https:\/\/www.notibras.com\/site\/oxfam-aponta-que-governos-fazem-opcao-em-defesa-a-riqueza\/\"},\"wordCount\":466,\"publisher\":{\"@id\":\"https:\/\/www.notibras.com\/site\/#organization\"},\"image\":{\"@id\":\"https:\/\/www.notibras.com\/site\/oxfam-aponta-que-governos-fazem-opcao-em-defesa-a-riqueza\/#primaryimage\"},\"thumbnailUrl\":\"https:\/\/www.notibras.com\/site\/wp-content\/uploads\/2023\/01\/pobreza-3.jpg\",\"articleSection\":[\"Brasil\"],\"inLanguage\":\"pt-BR\"},{\"@type\":\"WebPage\",\"@id\":\"https:\/\/www.notibras.com\/site\/oxfam-aponta-que-governos-fazem-opcao-em-defesa-a-riqueza\/\",\"url\":\"https:\/\/www.notibras.com\/site\/oxfam-aponta-que-governos-fazem-opcao-em-defesa-a-riqueza\/\",\"name\":\"Oxfam aponta que governos fazem op\u00e7\u00e3o em defesa a riqueza - Notibras\",\"isPartOf\":{\"@id\":\"https:\/\/www.notibras.com\/site\/#website\"},\"primaryImageOfPage\":{\"@id\":\"https:\/\/www.notibras.com\/site\/oxfam-aponta-que-governos-fazem-opcao-em-defesa-a-riqueza\/#primaryimage\"},\"image\":{\"@id\":\"https:\/\/www.notibras.com\/site\/oxfam-aponta-que-governos-fazem-opcao-em-defesa-a-riqueza\/#primaryimage\"},\"thumbnailUrl\":\"https:\/\/www.notibras.com\/site\/wp-content\/uploads\/2023\/01\/pobreza-3.jpg\",\"datePublished\":\"2026-01-21T03:00:35+00:00\",\"dateModified\":\"2026-01-21T12:07:11+00:00\",\"breadcrumb\":{\"@id\":\"https:\/\/www.notibras.com\/site\/oxfam-aponta-que-governos-fazem-opcao-em-defesa-a-riqueza\/#breadcrumb\"},\"inLanguage\":\"pt-BR\",\"potentialAction\":[{\"@type\":\"ReadAction\",\"target\":[\"https:\/\/www.notibras.com\/site\/oxfam-aponta-que-governos-fazem-opcao-em-defesa-a-riqueza\/\"]}]},{\"@type\":\"ImageObject\",\"inLanguage\":\"pt-BR\",\"@id\":\"https:\/\/www.notibras.com\/site\/oxfam-aponta-que-governos-fazem-opcao-em-defesa-a-riqueza\/#primaryimage\",\"url\":\"https:\/\/www.notibras.com\/site\/wp-content\/uploads\/2023\/01\/pobreza-3.jpg\",\"contentUrl\":\"https:\/\/www.notibras.com\/site\/wp-content\/uploads\/2023\/01\/pobreza-3.jpg\",\"width\":1170,\"height\":700},{\"@type\":\"BreadcrumbList\",\"@id\":\"https:\/\/www.notibras.com\/site\/oxfam-aponta-que-governos-fazem-opcao-em-defesa-a-riqueza\/#breadcrumb\",\"itemListElement\":[{\"@type\":\"ListItem\",\"position\":1,\"name\":\"In\u00edcio\",\"item\":\"https:\/\/www.notibras.com\/site\/\"},{\"@type\":\"ListItem\",\"position\":2,\"name\":\"Oxfam aponta que governos fazem op\u00e7\u00e3o em defesa a riqueza\"}]},{\"@type\":\"WebSite\",\"@id\":\"https:\/\/www.notibras.com\/site\/#website\",\"url\":\"https:\/\/www.notibras.com\/site\/\",\"name\":\"Notibras\",\"description\":\"Not\u00edcias de Bras\u00edlia, do Brasil e do Mundo\",\"publisher\":{\"@id\":\"https:\/\/www.notibras.com\/site\/#organization\"},\"potentialAction\":[{\"@type\":\"SearchAction\",\"target\":{\"@type\":\"EntryPoint\",\"urlTemplate\":\"https:\/\/www.notibras.com\/site\/?s={search_term_string}\"},\"query-input\":{\"@type\":\"PropertyValueSpecification\",\"valueRequired\":true,\"valueName\":\"search_term_string\"}}],\"inLanguage\":\"pt-BR\"},{\"@type\":\"Organization\",\"@id\":\"https:\/\/www.notibras.com\/site\/#organization\",\"name\":\"Grupo Notibras de Comunica\u00e7\u00e3o\",\"url\":\"https:\/\/www.notibras.com\/site\/\",\"logo\":{\"@type\":\"ImageObject\",\"inLanguage\":\"pt-BR\",\"@id\":\"https:\/\/www.notibras.com\/site\/#\/schema\/logo\/image\/\",\"url\":\"https:\/\/www.notibras.com\/site\/wp-content\/uploads\/2023\/01\/notibras23.png\",\"contentUrl\":\"https:\/\/www.notibras.com\/site\/wp-content\/uploads\/2023\/01\/notibras23.png\",\"width\":350,\"height\":87,\"caption\":\"Grupo Notibras de Comunica\u00e7\u00e3o\"},\"image\":{\"@id\":\"https:\/\/www.notibras.com\/site\/#\/schema\/logo\/image\/\"},\"sameAs\":[\"https:\/\/www.facebook.com\/notibras\/\",\"https:\/\/x.com\/Notibras\",\"https:\/\/www.instagram.com\/notibras\/\"]},{\"@type\":\"Person\",\"@id\":\"https:\/\/www.notibras.com\/site\/#\/schema\/person\/36ab0979449956132d3e5b517ea76ac8\",\"name\":\"Reda\u00e7\u00e3o\",\"image\":{\"@type\":\"ImageObject\",\"inLanguage\":\"pt-BR\",\"@id\":\"https:\/\/secure.gravatar.com\/avatar\/e0a867bdedb85fd243eadf09663511f96fc81e0720a4a42581f334ad4303aa6b?s=96&d=mm&r=g\",\"url\":\"https:\/\/secure.gravatar.com\/avatar\/e0a867bdedb85fd243eadf09663511f96fc81e0720a4a42581f334ad4303aa6b?s=96&d=mm&r=g\",\"contentUrl\":\"https:\/\/secure.gravatar.com\/avatar\/e0a867bdedb85fd243eadf09663511f96fc81e0720a4a42581f334ad4303aa6b?s=96&d=mm&r=g\",\"caption\":\"Reda\u00e7\u00e3o\"}}]}<\/script>\n<!-- \/ Yoast SEO plugin. -->","yoast_head_json":{"title":"Oxfam aponta que governos fazem op\u00e7\u00e3o em defesa a riqueza - Notibras","robots":{"index":"index","follow":"follow","max-snippet":"max-snippet:-1","max-image-preview":"max-image-preview:large","max-video-preview":"max-video-preview:-1"},"canonical":"https:\/\/www.notibras.com\/site\/oxfam-aponta-que-governos-fazem-opcao-em-defesa-a-riqueza\/","og_locale":"pt_BR","og_type":"article","og_title":"Oxfam aponta que governos fazem op\u00e7\u00e3o em defesa a riqueza - Notibras","og_description":"Relat\u00f3rio da Oxfam, um movimento global que luta contra a desigualdade, a pobreza e a injusti\u00e7a, afirma que os governos est\u00e3o escolhendo proteger a riqueza e o poder pol\u00edtico dos bilion\u00e1rios em vez de garantir dignidade material, voz pol\u00edtica e liberdades civis para a maioria da popula\u00e7\u00e3o. O relat\u00f3rio Resistindo ao Dom\u00ednio dos Ricos: Defendendo [&hellip;]","og_url":"https:\/\/www.notibras.com\/site\/oxfam-aponta-que-governos-fazem-opcao-em-defesa-a-riqueza\/","og_site_name":"Notibras","article_publisher":"https:\/\/www.facebook.com\/notibras\/","article_published_time":"2026-01-21T03:00:35+00:00","article_modified_time":"2026-01-21T12:07:11+00:00","og_image":[{"width":1170,"height":700,"url":"https:\/\/www.notibras.com\/site\/wp-content\/uploads\/2023\/01\/pobreza-3.jpg","type":"image\/jpeg"}],"author":"Reda\u00e7\u00e3o","twitter_card":"summary_large_image","twitter_creator":"@Notibras","twitter_site":"@Notibras","twitter_misc":{"Escrito por":"Reda\u00e7\u00e3o","Est. tempo de leitura":"3 minutos"},"schema":{"@context":"https:\/\/schema.org","@graph":[{"@type":"Article","@id":"https:\/\/www.notibras.com\/site\/oxfam-aponta-que-governos-fazem-opcao-em-defesa-a-riqueza\/#article","isPartOf":{"@id":"https:\/\/www.notibras.com\/site\/oxfam-aponta-que-governos-fazem-opcao-em-defesa-a-riqueza\/"},"author":{"name":"Reda\u00e7\u00e3o","@id":"https:\/\/www.notibras.com\/site\/#\/schema\/person\/36ab0979449956132d3e5b517ea76ac8"},"headline":"Oxfam aponta que governos fazem op\u00e7\u00e3o em defesa a riqueza","datePublished":"2026-01-21T03:00:35+00:00","dateModified":"2026-01-21T12:07:11+00:00","mainEntityOfPage":{"@id":"https:\/\/www.notibras.com\/site\/oxfam-aponta-que-governos-fazem-opcao-em-defesa-a-riqueza\/"},"wordCount":466,"publisher":{"@id":"https:\/\/www.notibras.com\/site\/#organization"},"image":{"@id":"https:\/\/www.notibras.com\/site\/oxfam-aponta-que-governos-fazem-opcao-em-defesa-a-riqueza\/#primaryimage"},"thumbnailUrl":"https:\/\/www.notibras.com\/site\/wp-content\/uploads\/2023\/01\/pobreza-3.jpg","articleSection":["Brasil"],"inLanguage":"pt-BR"},{"@type":"WebPage","@id":"https:\/\/www.notibras.com\/site\/oxfam-aponta-que-governos-fazem-opcao-em-defesa-a-riqueza\/","url":"https:\/\/www.notibras.com\/site\/oxfam-aponta-que-governos-fazem-opcao-em-defesa-a-riqueza\/","name":"Oxfam aponta que governos fazem op\u00e7\u00e3o em defesa a riqueza - Notibras","isPartOf":{"@id":"https:\/\/www.notibras.com\/site\/#website"},"primaryImageOfPage":{"@id":"https:\/\/www.notibras.com\/site\/oxfam-aponta-que-governos-fazem-opcao-em-defesa-a-riqueza\/#primaryimage"},"image":{"@id":"https:\/\/www.notibras.com\/site\/oxfam-aponta-que-governos-fazem-opcao-em-defesa-a-riqueza\/#primaryimage"},"thumbnailUrl":"https:\/\/www.notibras.com\/site\/wp-content\/uploads\/2023\/01\/pobreza-3.jpg","datePublished":"2026-01-21T03:00:35+00:00","dateModified":"2026-01-21T12:07:11+00:00","breadcrumb":{"@id":"https:\/\/www.notibras.com\/site\/oxfam-aponta-que-governos-fazem-opcao-em-defesa-a-riqueza\/#breadcrumb"},"inLanguage":"pt-BR","potentialAction":[{"@type":"ReadAction","target":["https:\/\/www.notibras.com\/site\/oxfam-aponta-que-governos-fazem-opcao-em-defesa-a-riqueza\/"]}]},{"@type":"ImageObject","inLanguage":"pt-BR","@id":"https:\/\/www.notibras.com\/site\/oxfam-aponta-que-governos-fazem-opcao-em-defesa-a-riqueza\/#primaryimage","url":"https:\/\/www.notibras.com\/site\/wp-content\/uploads\/2023\/01\/pobreza-3.jpg","contentUrl":"https:\/\/www.notibras.com\/site\/wp-content\/uploads\/2023\/01\/pobreza-3.jpg","width":1170,"height":700},{"@type":"BreadcrumbList","@id":"https:\/\/www.notibras.com\/site\/oxfam-aponta-que-governos-fazem-opcao-em-defesa-a-riqueza\/#breadcrumb","itemListElement":[{"@type":"ListItem","position":1,"name":"In\u00edcio","item":"https:\/\/www.notibras.com\/site\/"},{"@type":"ListItem","position":2,"name":"Oxfam aponta que governos fazem op\u00e7\u00e3o em defesa a riqueza"}]},{"@type":"WebSite","@id":"https:\/\/www.notibras.com\/site\/#website","url":"https:\/\/www.notibras.com\/site\/","name":"Notibras","description":"Not\u00edcias de Bras\u00edlia, do Brasil e do Mundo","publisher":{"@id":"https:\/\/www.notibras.com\/site\/#organization"},"potentialAction":[{"@type":"SearchAction","target":{"@type":"EntryPoint","urlTemplate":"https:\/\/www.notibras.com\/site\/?s={search_term_string}"},"query-input":{"@type":"PropertyValueSpecification","valueRequired":true,"valueName":"search_term_string"}}],"inLanguage":"pt-BR"},{"@type":"Organization","@id":"https:\/\/www.notibras.com\/site\/#organization","name":"Grupo Notibras de Comunica\u00e7\u00e3o","url":"https:\/\/www.notibras.com\/site\/","logo":{"@type":"ImageObject","inLanguage":"pt-BR","@id":"https:\/\/www.notibras.com\/site\/#\/schema\/logo\/image\/","url":"https:\/\/www.notibras.com\/site\/wp-content\/uploads\/2023\/01\/notibras23.png","contentUrl":"https:\/\/www.notibras.com\/site\/wp-content\/uploads\/2023\/01\/notibras23.png","width":350,"height":87,"caption":"Grupo Notibras de Comunica\u00e7\u00e3o"},"image":{"@id":"https:\/\/www.notibras.com\/site\/#\/schema\/logo\/image\/"},"sameAs":["https:\/\/www.facebook.com\/notibras\/","https:\/\/x.com\/Notibras","https:\/\/www.instagram.com\/notibras\/"]},{"@type":"Person","@id":"https:\/\/www.notibras.com\/site\/#\/schema\/person\/36ab0979449956132d3e5b517ea76ac8","name":"Reda\u00e7\u00e3o","image":{"@type":"ImageObject","inLanguage":"pt-BR","@id":"https:\/\/secure.gravatar.com\/avatar\/e0a867bdedb85fd243eadf09663511f96fc81e0720a4a42581f334ad4303aa6b?s=96&d=mm&r=g","url":"https:\/\/secure.gravatar.com\/avatar\/e0a867bdedb85fd243eadf09663511f96fc81e0720a4a42581f334ad4303aa6b?s=96&d=mm&r=g","contentUrl":"https:\/\/secure.gravatar.com\/avatar\/e0a867bdedb85fd243eadf09663511f96fc81e0720a4a42581f334ad4303aa6b?s=96&d=mm&r=g","caption":"Reda\u00e7\u00e3o"}}]}},"amp_enabled":true,"_links":{"self":[{"href":"https:\/\/www.notibras.com\/site\/wp-json\/wp\/v2\/posts\/379984","targetHints":{"allow":["GET"]}}],"collection":[{"href":"https:\/\/www.notibras.com\/site\/wp-json\/wp\/v2\/posts"}],"about":[{"href":"https:\/\/www.notibras.com\/site\/wp-json\/wp\/v2\/types\/post"}],"author":[{"embeddable":true,"href":"https:\/\/www.notibras.com\/site\/wp-json\/wp\/v2\/users\/2"}],"replies":[{"embeddable":true,"href":"https:\/\/www.notibras.com\/site\/wp-json\/wp\/v2\/comments?post=379984"}],"version-history":[{"count":1,"href":"https:\/\/www.notibras.com\/site\/wp-json\/wp\/v2\/posts\/379984\/revisions"}],"predecessor-version":[{"id":379985,"href":"https:\/\/www.notibras.com\/site\/wp-json\/wp\/v2\/posts\/379984\/revisions\/379985"}],"wp:featuredmedia":[{"embeddable":true,"href":"https:\/\/www.notibras.com\/site\/wp-json\/wp\/v2\/media\/297894"}],"wp:attachment":[{"href":"https:\/\/www.notibras.com\/site\/wp-json\/wp\/v2\/media?parent=379984"}],"wp:term":[{"taxonomy":"category","embeddable":true,"href":"https:\/\/www.notibras.com\/site\/wp-json\/wp\/v2\/categories?post=379984"},{"taxonomy":"post_tag","embeddable":true,"href":"https:\/\/www.notibras.com\/site\/wp-json\/wp\/v2\/tags?post=379984"}],"curies":[{"name":"wp","href":"https:\/\/api.w.org\/{rel}","templated":true}]}}