{"id":379995,"date":"2026-01-21T09:33:07","date_gmt":"2026-01-21T12:33:07","guid":{"rendered":"https:\/\/www.notibras.com\/site\/?p=379995"},"modified":"2026-01-21T09:33:51","modified_gmt":"2026-01-21T12:33:51","slug":"tendencias-pedagogicas-que-estao-mudando-o-nordeste","status":"publish","type":"post","link":"https:\/\/www.notibras.com\/site\/tendencias-pedagogicas-que-estao-mudando-o-nordeste\/","title":{"rendered":"Tend\u00eancias pedag\u00f3gicas que est\u00e3o mudando o Nordeste"},"content":{"rendered":"<p>O sol ainda nascia quando a porta da escola se abriu. Ainda era cedo, mas j\u00e1 se podia ouvir o riso das crian\u00e7as e o som dos primeiros passos apressados no corredor. A escola do futuro chegara \u2014 sem luzes rob\u00f3ticas, sem telas flutuantes, mas com algo muito mais forte: esperan\u00e7a pulsando no ritmo do Nordeste.<\/p>\n<p>N\u00e3o era apenas mais um dia letivo. Era o dia em que as revolu\u00e7\u00f5es pedag\u00f3gicas deixavam de ser discurso de confer\u00eancias e chegavam de vez \u00e0 sala de aula.<\/p>\n<p>Logo na entrada, Maria Clara, professora de Ci\u00eancias, recebia os estudantes com um sorriso e um tablet na m\u00e3o. N\u00e3o para substituir o giz, mas para contar hist\u00f3rias do sol e vento \u2014 energia que ali, naquele cen\u00e1rio de coqueiros e chapadas, fazia todo sentido. Havia pain\u00e9is solares no telhado, constru\u00eddos com ajuda dos pr\u00f3prios alunos, que explicavam com orgulho: \u201cenergia que aprendemos a usar e a construir\u201d.<\/p>\n<p>No p\u00e1tio, o professor Edson organizava rodas de conversa sob a sombra de uma jaqueira centen\u00e1ria. Antes, essas rodas eram apenas momentos l\u00fadicos. Hoje, eram laborat\u00f3rios vivos de letramento cr\u00edtico \u2014 onde se discutia comunidade, sustentabilidade e sonhos. Um dos estudantes, com olhar intenso, perguntava:<\/p>\n<p>\u2014 Professor, ser\u00e1 que a gente pode fazer uma horta comunit\u00e1ria que tamb\u00e9m ajude nossa fam\u00edlia?<br \/>\nE a resposta vinha sem demora:<\/p>\n<p>\u2014 Claro! E vamos aprender matem\u00e1tica e ci\u00eancias fazendo isso juntos.<\/p>\n<p>Essa nova escola n\u00e3o tinha paredes para fechar o pensamento \u2014 ela abrira portas ao mundo e trouxe o mundo para dentro dela. A matem\u00e1tica deixou de ser exerc\u00edcios repetidos e passou a ser a medida das sombras no campo, das sementes necess\u00e1rias para plantar e da economia de um pequeno neg\u00f3cio de sucos naturais que os alunos queriam criar.<\/p>\n<p>No laborat\u00f3rio de L\u00ednguas, o sotaque do Nordeste n\u00e3o era \u201ccorre\u00e7\u00e3o a ser feita\u201d, mas um patrim\u00f4nio lingu\u00edstico a ser celebrado. As hist\u00f3rias contadas nos livros ganharam contornos locais. Cordel virou texto de estudo e cria\u00e7\u00e3o; rimas, g\u00edrias e versos da terra ganharam status de literatura real, profunda e leg\u00edtima. Era a cultura como fio condutor do aprender.<\/p>\n<p>Andando pelos corredores, a tecnologia n\u00e3o era \u201cnovidade distante\u201d, mas ferramenta serena \u2014 celulares usados para registrar pesquisas de campo; plataformas de aprendizagem adaptativa que respeitavam o ritmo de cada aluno; jogos educativos que explicavam desde qu\u00edmica do cacau at\u00e9 economia solid\u00e1ria.<\/p>\n<p>A escola do futuro n\u00e3o era futurista \u2014 ela era presente intenso. N\u00e3o promovia apenas transmiss\u00e3o de conte\u00fados, mas forma\u00e7\u00e3o de cidad\u00e3os conscientes. Havia coopera\u00e7\u00e3o, projetos coletivos e portas abertas para a comunidade. Os pais, ao inv\u00e9s de esperarem not\u00edcias no fim do ano, agora participavam de feiras de ci\u00eancias e de debates sobre os desafios locais: \u00e1gua, territ\u00f3rio, sa\u00fade, arte.<br \/>\nEnquanto o sol se aproximava do z\u00eanite, uma ideia ecoava pelos corredores:<\/p>\n<p>E era verdade. Ali, no cora\u00e7\u00e3o do Nordeste, a escola transformava n\u00e3o s\u00f3 os estudantes, mas o jeito de olhar, agir e sonhar.<\/p>\n<p>No fim do dia, ao fechar os port\u00f5es, ningu\u00e9m pensava na escola como um lugar fechado para aprender mat\u00e9rias\u2026 todos sabiam que aquele espa\u00e7o era um peda\u00e7o vivo de futuro, constru\u00eddo com afetos, saberes ancestrais e tecnologias que respeitam a vida.<\/p>\n<p>Porque, no Nordeste, o futuro da educa\u00e7\u00e3o j\u00e1 come\u00e7ou \u2014 n\u00e3o como promessa distante, mas como crian\u00e7a rindo enquanto aprende com a terra, com o livro e com o outro.<\/p>\n","protected":false},"excerpt":{"rendered":"<p>O sol ainda nascia quando a porta da escola se abriu. Ainda era cedo, mas j\u00e1 se podia ouvir o riso das crian\u00e7as e o som dos primeiros passos apressados no corredor. A escola do futuro chegara \u2014 sem luzes rob\u00f3ticas, sem telas flutuantes, mas com algo muito mais forte: esperan\u00e7a pulsando no ritmo do [&hellip;]<\/p>\n","protected":false},"author":2,"featured_media":379996,"comment_status":"closed","ping_status":"closed","sticky":false,"template":"","format":"standard","meta":{"_acf_changed":false,"footnotes":""},"categories":[165],"tags":[],"class_list":["post-379995","post","type-post","status-publish","format-standard","has-post-thumbnail","hentry","category-nordeste"],"acf":[],"yoast_head":"<!-- This site is optimized with the Yoast SEO plugin v27.2 - https:\/\/yoast.com\/product\/yoast-seo-wordpress\/ -->\n<title>Tend\u00eancias pedag\u00f3gicas que est\u00e3o mudando o Nordeste - Notibras<\/title>\n<meta name=\"robots\" content=\"index, follow, max-snippet:-1, max-image-preview:large, max-video-preview:-1\" \/>\n<link rel=\"canonical\" href=\"https:\/\/www.notibras.com\/site\/tendencias-pedagogicas-que-estao-mudando-o-nordeste\/\" \/>\n<meta property=\"og:locale\" content=\"pt_BR\" \/>\n<meta property=\"og:type\" content=\"article\" \/>\n<meta property=\"og:title\" content=\"Tend\u00eancias pedag\u00f3gicas que est\u00e3o mudando o Nordeste - Notibras\" \/>\n<meta property=\"og:description\" content=\"O sol ainda nascia quando a porta da escola se abriu. Ainda era cedo, mas j\u00e1 se podia ouvir o riso das crian\u00e7as e o som dos primeiros passos apressados no corredor. A escola do futuro chegara \u2014 sem luzes rob\u00f3ticas, sem telas flutuantes, mas com algo muito mais forte: esperan\u00e7a pulsando no ritmo do [&hellip;]\" \/>\n<meta property=\"og:url\" content=\"https:\/\/www.notibras.com\/site\/tendencias-pedagogicas-que-estao-mudando-o-nordeste\/\" \/>\n<meta property=\"og:site_name\" content=\"Notibras\" \/>\n<meta property=\"article:publisher\" content=\"https:\/\/www.facebook.com\/notibras\/\" \/>\n<meta property=\"article:published_time\" content=\"2026-01-21T12:33:07+00:00\" \/>\n<meta property=\"article:modified_time\" content=\"2026-01-21T12:33:51+00:00\" \/>\n<meta property=\"og:image\" content=\"https:\/\/www.notibras.com\/site\/wp-content\/uploads\/2026\/01\/8549c1e7-e66d-4ebf-b4c0-44b6afa96f41.jpg\" \/>\n\t<meta property=\"og:image:width\" content=\"1200\" \/>\n\t<meta property=\"og:image:height\" content=\"630\" \/>\n\t<meta property=\"og:image:type\" content=\"image\/jpeg\" \/>\n<meta name=\"author\" content=\"Reda\u00e7\u00e3o\" \/>\n<meta name=\"twitter:card\" content=\"summary_large_image\" \/>\n<meta name=\"twitter:creator\" content=\"@Notibras\" \/>\n<meta name=\"twitter:site\" content=\"@Notibras\" \/>\n<meta name=\"twitter:label1\" content=\"Escrito por\" \/>\n\t<meta name=\"twitter:data1\" content=\"Reda\u00e7\u00e3o\" \/>\n\t<meta name=\"twitter:label2\" content=\"Est. tempo de leitura\" \/>\n\t<meta name=\"twitter:data2\" content=\"4 minutos\" \/>\n<script type=\"application\/ld+json\" class=\"yoast-schema-graph\">{\"@context\":\"https:\/\/schema.org\",\"@graph\":[{\"@type\":\"Article\",\"@id\":\"https:\/\/www.notibras.com\/site\/tendencias-pedagogicas-que-estao-mudando-o-nordeste\/#article\",\"isPartOf\":{\"@id\":\"https:\/\/www.notibras.com\/site\/tendencias-pedagogicas-que-estao-mudando-o-nordeste\/\"},\"author\":{\"name\":\"Reda\u00e7\u00e3o\",\"@id\":\"https:\/\/www.notibras.com\/site\/#\/schema\/person\/36ab0979449956132d3e5b517ea76ac8\"},\"headline\":\"Tend\u00eancias pedag\u00f3gicas que est\u00e3o mudando o Nordeste\",\"datePublished\":\"2026-01-21T12:33:07+00:00\",\"dateModified\":\"2026-01-21T12:33:51+00:00\",\"mainEntityOfPage\":{\"@id\":\"https:\/\/www.notibras.com\/site\/tendencias-pedagogicas-que-estao-mudando-o-nordeste\/\"},\"wordCount\":626,\"publisher\":{\"@id\":\"https:\/\/www.notibras.com\/site\/#organization\"},\"image\":{\"@id\":\"https:\/\/www.notibras.com\/site\/tendencias-pedagogicas-que-estao-mudando-o-nordeste\/#primaryimage\"},\"thumbnailUrl\":\"https:\/\/www.notibras.com\/site\/wp-content\/uploads\/2026\/01\/8549c1e7-e66d-4ebf-b4c0-44b6afa96f41.jpg\",\"articleSection\":[\"Nordeste\"],\"inLanguage\":\"pt-BR\"},{\"@type\":\"WebPage\",\"@id\":\"https:\/\/www.notibras.com\/site\/tendencias-pedagogicas-que-estao-mudando-o-nordeste\/\",\"url\":\"https:\/\/www.notibras.com\/site\/tendencias-pedagogicas-que-estao-mudando-o-nordeste\/\",\"name\":\"Tend\u00eancias pedag\u00f3gicas que est\u00e3o mudando o Nordeste - Notibras\",\"isPartOf\":{\"@id\":\"https:\/\/www.notibras.com\/site\/#website\"},\"primaryImageOfPage\":{\"@id\":\"https:\/\/www.notibras.com\/site\/tendencias-pedagogicas-que-estao-mudando-o-nordeste\/#primaryimage\"},\"image\":{\"@id\":\"https:\/\/www.notibras.com\/site\/tendencias-pedagogicas-que-estao-mudando-o-nordeste\/#primaryimage\"},\"thumbnailUrl\":\"https:\/\/www.notibras.com\/site\/wp-content\/uploads\/2026\/01\/8549c1e7-e66d-4ebf-b4c0-44b6afa96f41.jpg\",\"datePublished\":\"2026-01-21T12:33:07+00:00\",\"dateModified\":\"2026-01-21T12:33:51+00:00\",\"breadcrumb\":{\"@id\":\"https:\/\/www.notibras.com\/site\/tendencias-pedagogicas-que-estao-mudando-o-nordeste\/#breadcrumb\"},\"inLanguage\":\"pt-BR\",\"potentialAction\":[{\"@type\":\"ReadAction\",\"target\":[\"https:\/\/www.notibras.com\/site\/tendencias-pedagogicas-que-estao-mudando-o-nordeste\/\"]}]},{\"@type\":\"ImageObject\",\"inLanguage\":\"pt-BR\",\"@id\":\"https:\/\/www.notibras.com\/site\/tendencias-pedagogicas-que-estao-mudando-o-nordeste\/#primaryimage\",\"url\":\"https:\/\/www.notibras.com\/site\/wp-content\/uploads\/2026\/01\/8549c1e7-e66d-4ebf-b4c0-44b6afa96f41.jpg\",\"contentUrl\":\"https:\/\/www.notibras.com\/site\/wp-content\/uploads\/2026\/01\/8549c1e7-e66d-4ebf-b4c0-44b6afa96f41.jpg\",\"width\":1200,\"height\":630},{\"@type\":\"BreadcrumbList\",\"@id\":\"https:\/\/www.notibras.com\/site\/tendencias-pedagogicas-que-estao-mudando-o-nordeste\/#breadcrumb\",\"itemListElement\":[{\"@type\":\"ListItem\",\"position\":1,\"name\":\"In\u00edcio\",\"item\":\"https:\/\/www.notibras.com\/site\/\"},{\"@type\":\"ListItem\",\"position\":2,\"name\":\"Tend\u00eancias pedag\u00f3gicas que est\u00e3o mudando o Nordeste\"}]},{\"@type\":\"WebSite\",\"@id\":\"https:\/\/www.notibras.com\/site\/#website\",\"url\":\"https:\/\/www.notibras.com\/site\/\",\"name\":\"Notibras\",\"description\":\"Not\u00edcias de Bras\u00edlia, do Brasil e do Mundo\",\"publisher\":{\"@id\":\"https:\/\/www.notibras.com\/site\/#organization\"},\"potentialAction\":[{\"@type\":\"SearchAction\",\"target\":{\"@type\":\"EntryPoint\",\"urlTemplate\":\"https:\/\/www.notibras.com\/site\/?s={search_term_string}\"},\"query-input\":{\"@type\":\"PropertyValueSpecification\",\"valueRequired\":true,\"valueName\":\"search_term_string\"}}],\"inLanguage\":\"pt-BR\"},{\"@type\":\"Organization\",\"@id\":\"https:\/\/www.notibras.com\/site\/#organization\",\"name\":\"Grupo Notibras de Comunica\u00e7\u00e3o\",\"url\":\"https:\/\/www.notibras.com\/site\/\",\"logo\":{\"@type\":\"ImageObject\",\"inLanguage\":\"pt-BR\",\"@id\":\"https:\/\/www.notibras.com\/site\/#\/schema\/logo\/image\/\",\"url\":\"https:\/\/www.notibras.com\/site\/wp-content\/uploads\/2023\/01\/notibras23.png\",\"contentUrl\":\"https:\/\/www.notibras.com\/site\/wp-content\/uploads\/2023\/01\/notibras23.png\",\"width\":350,\"height\":87,\"caption\":\"Grupo Notibras de Comunica\u00e7\u00e3o\"},\"image\":{\"@id\":\"https:\/\/www.notibras.com\/site\/#\/schema\/logo\/image\/\"},\"sameAs\":[\"https:\/\/www.facebook.com\/notibras\/\",\"https:\/\/x.com\/Notibras\",\"https:\/\/www.instagram.com\/notibras\/\"]},{\"@type\":\"Person\",\"@id\":\"https:\/\/www.notibras.com\/site\/#\/schema\/person\/36ab0979449956132d3e5b517ea76ac8\",\"name\":\"Reda\u00e7\u00e3o\",\"image\":{\"@type\":\"ImageObject\",\"inLanguage\":\"pt-BR\",\"@id\":\"https:\/\/secure.gravatar.com\/avatar\/e0a867bdedb85fd243eadf09663511f96fc81e0720a4a42581f334ad4303aa6b?s=96&d=mm&r=g\",\"url\":\"https:\/\/secure.gravatar.com\/avatar\/e0a867bdedb85fd243eadf09663511f96fc81e0720a4a42581f334ad4303aa6b?s=96&d=mm&r=g\",\"contentUrl\":\"https:\/\/secure.gravatar.com\/avatar\/e0a867bdedb85fd243eadf09663511f96fc81e0720a4a42581f334ad4303aa6b?s=96&d=mm&r=g\",\"caption\":\"Reda\u00e7\u00e3o\"}}]}<\/script>\n<!-- \/ Yoast SEO plugin. -->","yoast_head_json":{"title":"Tend\u00eancias pedag\u00f3gicas que est\u00e3o mudando o Nordeste - Notibras","robots":{"index":"index","follow":"follow","max-snippet":"max-snippet:-1","max-image-preview":"max-image-preview:large","max-video-preview":"max-video-preview:-1"},"canonical":"https:\/\/www.notibras.com\/site\/tendencias-pedagogicas-que-estao-mudando-o-nordeste\/","og_locale":"pt_BR","og_type":"article","og_title":"Tend\u00eancias pedag\u00f3gicas que est\u00e3o mudando o Nordeste - Notibras","og_description":"O sol ainda nascia quando a porta da escola se abriu. Ainda era cedo, mas j\u00e1 se podia ouvir o riso das crian\u00e7as e o som dos primeiros passos apressados no corredor. A escola do futuro chegara \u2014 sem luzes rob\u00f3ticas, sem telas flutuantes, mas com algo muito mais forte: esperan\u00e7a pulsando no ritmo do [&hellip;]","og_url":"https:\/\/www.notibras.com\/site\/tendencias-pedagogicas-que-estao-mudando-o-nordeste\/","og_site_name":"Notibras","article_publisher":"https:\/\/www.facebook.com\/notibras\/","article_published_time":"2026-01-21T12:33:07+00:00","article_modified_time":"2026-01-21T12:33:51+00:00","og_image":[{"width":1200,"height":630,"url":"https:\/\/www.notibras.com\/site\/wp-content\/uploads\/2026\/01\/8549c1e7-e66d-4ebf-b4c0-44b6afa96f41.jpg","type":"image\/jpeg"}],"author":"Reda\u00e7\u00e3o","twitter_card":"summary_large_image","twitter_creator":"@Notibras","twitter_site":"@Notibras","twitter_misc":{"Escrito por":"Reda\u00e7\u00e3o","Est. tempo de leitura":"4 minutos"},"schema":{"@context":"https:\/\/schema.org","@graph":[{"@type":"Article","@id":"https:\/\/www.notibras.com\/site\/tendencias-pedagogicas-que-estao-mudando-o-nordeste\/#article","isPartOf":{"@id":"https:\/\/www.notibras.com\/site\/tendencias-pedagogicas-que-estao-mudando-o-nordeste\/"},"author":{"name":"Reda\u00e7\u00e3o","@id":"https:\/\/www.notibras.com\/site\/#\/schema\/person\/36ab0979449956132d3e5b517ea76ac8"},"headline":"Tend\u00eancias pedag\u00f3gicas que est\u00e3o mudando o Nordeste","datePublished":"2026-01-21T12:33:07+00:00","dateModified":"2026-01-21T12:33:51+00:00","mainEntityOfPage":{"@id":"https:\/\/www.notibras.com\/site\/tendencias-pedagogicas-que-estao-mudando-o-nordeste\/"},"wordCount":626,"publisher":{"@id":"https:\/\/www.notibras.com\/site\/#organization"},"image":{"@id":"https:\/\/www.notibras.com\/site\/tendencias-pedagogicas-que-estao-mudando-o-nordeste\/#primaryimage"},"thumbnailUrl":"https:\/\/www.notibras.com\/site\/wp-content\/uploads\/2026\/01\/8549c1e7-e66d-4ebf-b4c0-44b6afa96f41.jpg","articleSection":["Nordeste"],"inLanguage":"pt-BR"},{"@type":"WebPage","@id":"https:\/\/www.notibras.com\/site\/tendencias-pedagogicas-que-estao-mudando-o-nordeste\/","url":"https:\/\/www.notibras.com\/site\/tendencias-pedagogicas-que-estao-mudando-o-nordeste\/","name":"Tend\u00eancias pedag\u00f3gicas que est\u00e3o mudando o Nordeste - Notibras","isPartOf":{"@id":"https:\/\/www.notibras.com\/site\/#website"},"primaryImageOfPage":{"@id":"https:\/\/www.notibras.com\/site\/tendencias-pedagogicas-que-estao-mudando-o-nordeste\/#primaryimage"},"image":{"@id":"https:\/\/www.notibras.com\/site\/tendencias-pedagogicas-que-estao-mudando-o-nordeste\/#primaryimage"},"thumbnailUrl":"https:\/\/www.notibras.com\/site\/wp-content\/uploads\/2026\/01\/8549c1e7-e66d-4ebf-b4c0-44b6afa96f41.jpg","datePublished":"2026-01-21T12:33:07+00:00","dateModified":"2026-01-21T12:33:51+00:00","breadcrumb":{"@id":"https:\/\/www.notibras.com\/site\/tendencias-pedagogicas-que-estao-mudando-o-nordeste\/#breadcrumb"},"inLanguage":"pt-BR","potentialAction":[{"@type":"ReadAction","target":["https:\/\/www.notibras.com\/site\/tendencias-pedagogicas-que-estao-mudando-o-nordeste\/"]}]},{"@type":"ImageObject","inLanguage":"pt-BR","@id":"https:\/\/www.notibras.com\/site\/tendencias-pedagogicas-que-estao-mudando-o-nordeste\/#primaryimage","url":"https:\/\/www.notibras.com\/site\/wp-content\/uploads\/2026\/01\/8549c1e7-e66d-4ebf-b4c0-44b6afa96f41.jpg","contentUrl":"https:\/\/www.notibras.com\/site\/wp-content\/uploads\/2026\/01\/8549c1e7-e66d-4ebf-b4c0-44b6afa96f41.jpg","width":1200,"height":630},{"@type":"BreadcrumbList","@id":"https:\/\/www.notibras.com\/site\/tendencias-pedagogicas-que-estao-mudando-o-nordeste\/#breadcrumb","itemListElement":[{"@type":"ListItem","position":1,"name":"In\u00edcio","item":"https:\/\/www.notibras.com\/site\/"},{"@type":"ListItem","position":2,"name":"Tend\u00eancias pedag\u00f3gicas que est\u00e3o mudando o Nordeste"}]},{"@type":"WebSite","@id":"https:\/\/www.notibras.com\/site\/#website","url":"https:\/\/www.notibras.com\/site\/","name":"Notibras","description":"Not\u00edcias de Bras\u00edlia, do Brasil e do Mundo","publisher":{"@id":"https:\/\/www.notibras.com\/site\/#organization"},"potentialAction":[{"@type":"SearchAction","target":{"@type":"EntryPoint","urlTemplate":"https:\/\/www.notibras.com\/site\/?s={search_term_string}"},"query-input":{"@type":"PropertyValueSpecification","valueRequired":true,"valueName":"search_term_string"}}],"inLanguage":"pt-BR"},{"@type":"Organization","@id":"https:\/\/www.notibras.com\/site\/#organization","name":"Grupo Notibras de Comunica\u00e7\u00e3o","url":"https:\/\/www.notibras.com\/site\/","logo":{"@type":"ImageObject","inLanguage":"pt-BR","@id":"https:\/\/www.notibras.com\/site\/#\/schema\/logo\/image\/","url":"https:\/\/www.notibras.com\/site\/wp-content\/uploads\/2023\/01\/notibras23.png","contentUrl":"https:\/\/www.notibras.com\/site\/wp-content\/uploads\/2023\/01\/notibras23.png","width":350,"height":87,"caption":"Grupo Notibras de Comunica\u00e7\u00e3o"},"image":{"@id":"https:\/\/www.notibras.com\/site\/#\/schema\/logo\/image\/"},"sameAs":["https:\/\/www.facebook.com\/notibras\/","https:\/\/x.com\/Notibras","https:\/\/www.instagram.com\/notibras\/"]},{"@type":"Person","@id":"https:\/\/www.notibras.com\/site\/#\/schema\/person\/36ab0979449956132d3e5b517ea76ac8","name":"Reda\u00e7\u00e3o","image":{"@type":"ImageObject","inLanguage":"pt-BR","@id":"https:\/\/secure.gravatar.com\/avatar\/e0a867bdedb85fd243eadf09663511f96fc81e0720a4a42581f334ad4303aa6b?s=96&d=mm&r=g","url":"https:\/\/secure.gravatar.com\/avatar\/e0a867bdedb85fd243eadf09663511f96fc81e0720a4a42581f334ad4303aa6b?s=96&d=mm&r=g","contentUrl":"https:\/\/secure.gravatar.com\/avatar\/e0a867bdedb85fd243eadf09663511f96fc81e0720a4a42581f334ad4303aa6b?s=96&d=mm&r=g","caption":"Reda\u00e7\u00e3o"}}]}},"amp_enabled":true,"_links":{"self":[{"href":"https:\/\/www.notibras.com\/site\/wp-json\/wp\/v2\/posts\/379995","targetHints":{"allow":["GET"]}}],"collection":[{"href":"https:\/\/www.notibras.com\/site\/wp-json\/wp\/v2\/posts"}],"about":[{"href":"https:\/\/www.notibras.com\/site\/wp-json\/wp\/v2\/types\/post"}],"author":[{"embeddable":true,"href":"https:\/\/www.notibras.com\/site\/wp-json\/wp\/v2\/users\/2"}],"replies":[{"embeddable":true,"href":"https:\/\/www.notibras.com\/site\/wp-json\/wp\/v2\/comments?post=379995"}],"version-history":[{"count":2,"href":"https:\/\/www.notibras.com\/site\/wp-json\/wp\/v2\/posts\/379995\/revisions"}],"predecessor-version":[{"id":379998,"href":"https:\/\/www.notibras.com\/site\/wp-json\/wp\/v2\/posts\/379995\/revisions\/379998"}],"wp:featuredmedia":[{"embeddable":true,"href":"https:\/\/www.notibras.com\/site\/wp-json\/wp\/v2\/media\/379996"}],"wp:attachment":[{"href":"https:\/\/www.notibras.com\/site\/wp-json\/wp\/v2\/media?parent=379995"}],"wp:term":[{"taxonomy":"category","embeddable":true,"href":"https:\/\/www.notibras.com\/site\/wp-json\/wp\/v2\/categories?post=379995"},{"taxonomy":"post_tag","embeddable":true,"href":"https:\/\/www.notibras.com\/site\/wp-json\/wp\/v2\/tags?post=379995"}],"curies":[{"name":"wp","href":"https:\/\/api.w.org\/{rel}","templated":true}]}}