{"id":380002,"date":"2026-01-21T00:00:31","date_gmt":"2026-01-21T03:00:31","guid":{"rendered":"https:\/\/www.notibras.com\/site\/?p=380002"},"modified":"2026-01-21T09:47:23","modified_gmt":"2026-01-21T12:47:23","slug":"mp-investiga-irregularidade-no-aumento-da-passagem-de-onibus","status":"publish","type":"post","link":"https:\/\/www.notibras.com\/site\/mp-investiga-irregularidade-no-aumento-da-passagem-de-onibus\/","title":{"rendered":"MP investiga irregularidade no aumento da passagem de \u00f4nibus"},"content":{"rendered":"<p>O Minist\u00e9rio P\u00fablico de Pernambuco (MPPE) abriu um procedimento para apurar poss\u00edveis irregularidades na reuni\u00e3o do Conselho Superior de Transporte Metropolitano (CSTM) que aprovou um reajuste no valor das tarifas de \u00f4nibus no Grande Recife. Na audi\u00eancia foi definido um aumento de 4,46% no pre\u00e7o das passagens, que devem passar a custar R$ 4,50.<\/p>\n<p>A representa\u00e7\u00e3o foi apresentada pelo advogado Pedro Josephi, representante dos estudantes no CSTM. No documento, ele denunciou descumprimento de prazos, aus\u00eancia de relat\u00f3rios de qualidade das empresas e contrata\u00e7\u00e3o de membros do conselho pelo governo de Pernambuco e pela prefeitura de Jaboat\u00e3o dos Guararapes.<\/p>\n<p>Com a decis\u00e3o, o pre\u00e7o do Bilhete \u00danico, que hoje custa R$ 4,30, deve subir em R$ 0,20, mas a nova tarifa ainda seguir\u00e1 para avalia\u00e7\u00e3o da Ag\u00eancia Reguladora de Pernambuco (Arpe), que vai arredondar os valores. A mudan\u00e7a foi definida em vota\u00e7\u00e3o durante a reuni\u00e3o, que foi feita pela internet.<\/p>\n<p>Entre os pontos levantados na representa\u00e7\u00e3o, est\u00e3o o descumprimento de prazos regimentais para apresenta\u00e7\u00e3o das propostas e estudos t\u00e9cnicos, al\u00e9m da aus\u00eancia de documentos considerados essenciais para a delibera\u00e7\u00e3o, como os relat\u00f3rios de qualidade das empresas de \u00f4nibus.<\/p>\n<p>Segundo o advogado Pedro Josephi, a proposta de reajuste n\u00e3o teria sido apresentada com a anteced\u00eancia m\u00ednima exigida, que \u00e9 de dez dias.<\/p>\n<p>A den\u00fancia tamb\u00e9m aponta que os relat\u00f3rios de qualidade das empresas, usados para avaliar se as metas foram cumpridas, n\u00e3o foram disponibilizados aos conselheiros antes da vota\u00e7\u00e3o.<\/p>\n<p>\u201cOs documentos essenciais e necess\u00e1rios tamb\u00e9m n\u00e3o foram apresentados &#8212; relat\u00f3rios de qualidade das empresas para saber se as metas das empresas foram cumpridas para poder discutir aumento ou n\u00e3o de passagem\u201d, disse Josephi.<\/p>\n","protected":false},"excerpt":{"rendered":"<p>O Minist\u00e9rio P\u00fablico de Pernambuco (MPPE) abriu um procedimento para apurar poss\u00edveis irregularidades na reuni\u00e3o do Conselho Superior de Transporte Metropolitano (CSTM) que aprovou um reajuste no valor das tarifas de \u00f4nibus no Grande Recife. Na audi\u00eancia foi definido um aumento de 4,46% no pre\u00e7o das passagens, que devem passar a custar R$ 4,50. A [&hellip;]<\/p>\n","protected":false},"author":2,"featured_media":380003,"comment_status":"closed","ping_status":"closed","sticky":false,"template":"","format":"standard","meta":{"_acf_changed":false,"footnotes":""},"categories":[165],"tags":[],"class_list":["post-380002","post","type-post","status-publish","format-standard","has-post-thumbnail","hentry","category-nordeste"],"acf":[],"yoast_head":"<!-- This site is optimized with the Yoast SEO plugin v27.2 - https:\/\/yoast.com\/product\/yoast-seo-wordpress\/ -->\n<title>MP investiga irregularidade no aumento da passagem de \u00f4nibus - Notibras<\/title>\n<meta name=\"robots\" content=\"index, follow, max-snippet:-1, max-image-preview:large, max-video-preview:-1\" \/>\n<link rel=\"canonical\" href=\"https:\/\/www.notibras.com\/site\/mp-investiga-irregularidade-no-aumento-da-passagem-de-onibus\/\" \/>\n<meta property=\"og:locale\" content=\"pt_BR\" \/>\n<meta property=\"og:type\" content=\"article\" \/>\n<meta property=\"og:title\" content=\"MP investiga irregularidade no aumento da passagem de \u00f4nibus - Notibras\" \/>\n<meta property=\"og:description\" content=\"O Minist\u00e9rio P\u00fablico de Pernambuco (MPPE) abriu um procedimento para apurar poss\u00edveis irregularidades na reuni\u00e3o do Conselho Superior de Transporte Metropolitano (CSTM) que aprovou um reajuste no valor das tarifas de \u00f4nibus no Grande Recife. Na audi\u00eancia foi definido um aumento de 4,46% no pre\u00e7o das passagens, que devem passar a custar R$ 4,50. A [&hellip;]\" \/>\n<meta property=\"og:url\" content=\"https:\/\/www.notibras.com\/site\/mp-investiga-irregularidade-no-aumento-da-passagem-de-onibus\/\" \/>\n<meta property=\"og:site_name\" content=\"Notibras\" \/>\n<meta property=\"article:publisher\" content=\"https:\/\/www.facebook.com\/notibras\/\" \/>\n<meta property=\"article:published_time\" content=\"2026-01-21T03:00:31+00:00\" \/>\n<meta property=\"article:modified_time\" content=\"2026-01-21T12:47:23+00:00\" \/>\n<meta property=\"og:image\" content=\"https:\/\/www.notibras.com\/site\/wp-content\/uploads\/2026\/01\/10a8bbe2-4673-48e5-be52-3c5d369c21e5.jpg\" \/>\n\t<meta property=\"og:image:width\" content=\"984\" \/>\n\t<meta property=\"og:image:height\" content=\"554\" \/>\n\t<meta property=\"og:image:type\" content=\"image\/jpeg\" \/>\n<meta name=\"author\" content=\"Reda\u00e7\u00e3o\" \/>\n<meta name=\"twitter:card\" content=\"summary_large_image\" \/>\n<meta name=\"twitter:creator\" content=\"@Notibras\" \/>\n<meta name=\"twitter:site\" content=\"@Notibras\" \/>\n<meta name=\"twitter:label1\" content=\"Escrito por\" \/>\n\t<meta name=\"twitter:data1\" content=\"Reda\u00e7\u00e3o\" \/>\n\t<meta name=\"twitter:label2\" content=\"Est. tempo de leitura\" \/>\n\t<meta name=\"twitter:data2\" content=\"2 minutos\" \/>\n<script type=\"application\/ld+json\" class=\"yoast-schema-graph\">{\"@context\":\"https:\/\/schema.org\",\"@graph\":[{\"@type\":\"Article\",\"@id\":\"https:\/\/www.notibras.com\/site\/mp-investiga-irregularidade-no-aumento-da-passagem-de-onibus\/#article\",\"isPartOf\":{\"@id\":\"https:\/\/www.notibras.com\/site\/mp-investiga-irregularidade-no-aumento-da-passagem-de-onibus\/\"},\"author\":{\"name\":\"Reda\u00e7\u00e3o\",\"@id\":\"https:\/\/www.notibras.com\/site\/#\/schema\/person\/36ab0979449956132d3e5b517ea76ac8\"},\"headline\":\"MP investiga irregularidade no aumento da passagem de \u00f4nibus\",\"datePublished\":\"2026-01-21T03:00:31+00:00\",\"dateModified\":\"2026-01-21T12:47:23+00:00\",\"mainEntityOfPage\":{\"@id\":\"https:\/\/www.notibras.com\/site\/mp-investiga-irregularidade-no-aumento-da-passagem-de-onibus\/\"},\"wordCount\":314,\"publisher\":{\"@id\":\"https:\/\/www.notibras.com\/site\/#organization\"},\"image\":{\"@id\":\"https:\/\/www.notibras.com\/site\/mp-investiga-irregularidade-no-aumento-da-passagem-de-onibus\/#primaryimage\"},\"thumbnailUrl\":\"https:\/\/www.notibras.com\/site\/wp-content\/uploads\/2026\/01\/10a8bbe2-4673-48e5-be52-3c5d369c21e5.jpg\",\"articleSection\":[\"Nordeste\"],\"inLanguage\":\"pt-BR\"},{\"@type\":\"WebPage\",\"@id\":\"https:\/\/www.notibras.com\/site\/mp-investiga-irregularidade-no-aumento-da-passagem-de-onibus\/\",\"url\":\"https:\/\/www.notibras.com\/site\/mp-investiga-irregularidade-no-aumento-da-passagem-de-onibus\/\",\"name\":\"MP investiga irregularidade no aumento da passagem de \u00f4nibus - Notibras\",\"isPartOf\":{\"@id\":\"https:\/\/www.notibras.com\/site\/#website\"},\"primaryImageOfPage\":{\"@id\":\"https:\/\/www.notibras.com\/site\/mp-investiga-irregularidade-no-aumento-da-passagem-de-onibus\/#primaryimage\"},\"image\":{\"@id\":\"https:\/\/www.notibras.com\/site\/mp-investiga-irregularidade-no-aumento-da-passagem-de-onibus\/#primaryimage\"},\"thumbnailUrl\":\"https:\/\/www.notibras.com\/site\/wp-content\/uploads\/2026\/01\/10a8bbe2-4673-48e5-be52-3c5d369c21e5.jpg\",\"datePublished\":\"2026-01-21T03:00:31+00:00\",\"dateModified\":\"2026-01-21T12:47:23+00:00\",\"breadcrumb\":{\"@id\":\"https:\/\/www.notibras.com\/site\/mp-investiga-irregularidade-no-aumento-da-passagem-de-onibus\/#breadcrumb\"},\"inLanguage\":\"pt-BR\",\"potentialAction\":[{\"@type\":\"ReadAction\",\"target\":[\"https:\/\/www.notibras.com\/site\/mp-investiga-irregularidade-no-aumento-da-passagem-de-onibus\/\"]}]},{\"@type\":\"ImageObject\",\"inLanguage\":\"pt-BR\",\"@id\":\"https:\/\/www.notibras.com\/site\/mp-investiga-irregularidade-no-aumento-da-passagem-de-onibus\/#primaryimage\",\"url\":\"https:\/\/www.notibras.com\/site\/wp-content\/uploads\/2026\/01\/10a8bbe2-4673-48e5-be52-3c5d369c21e5.jpg\",\"contentUrl\":\"https:\/\/www.notibras.com\/site\/wp-content\/uploads\/2026\/01\/10a8bbe2-4673-48e5-be52-3c5d369c21e5.jpg\",\"width\":984,\"height\":554},{\"@type\":\"BreadcrumbList\",\"@id\":\"https:\/\/www.notibras.com\/site\/mp-investiga-irregularidade-no-aumento-da-passagem-de-onibus\/#breadcrumb\",\"itemListElement\":[{\"@type\":\"ListItem\",\"position\":1,\"name\":\"In\u00edcio\",\"item\":\"https:\/\/www.notibras.com\/site\/\"},{\"@type\":\"ListItem\",\"position\":2,\"name\":\"MP investiga irregularidade no aumento da passagem de \u00f4nibus\"}]},{\"@type\":\"WebSite\",\"@id\":\"https:\/\/www.notibras.com\/site\/#website\",\"url\":\"https:\/\/www.notibras.com\/site\/\",\"name\":\"Notibras\",\"description\":\"Not\u00edcias de Bras\u00edlia, do Brasil e do Mundo\",\"publisher\":{\"@id\":\"https:\/\/www.notibras.com\/site\/#organization\"},\"potentialAction\":[{\"@type\":\"SearchAction\",\"target\":{\"@type\":\"EntryPoint\",\"urlTemplate\":\"https:\/\/www.notibras.com\/site\/?s={search_term_string}\"},\"query-input\":{\"@type\":\"PropertyValueSpecification\",\"valueRequired\":true,\"valueName\":\"search_term_string\"}}],\"inLanguage\":\"pt-BR\"},{\"@type\":\"Organization\",\"@id\":\"https:\/\/www.notibras.com\/site\/#organization\",\"name\":\"Grupo Notibras de Comunica\u00e7\u00e3o\",\"url\":\"https:\/\/www.notibras.com\/site\/\",\"logo\":{\"@type\":\"ImageObject\",\"inLanguage\":\"pt-BR\",\"@id\":\"https:\/\/www.notibras.com\/site\/#\/schema\/logo\/image\/\",\"url\":\"https:\/\/www.notibras.com\/site\/wp-content\/uploads\/2023\/01\/notibras23.png\",\"contentUrl\":\"https:\/\/www.notibras.com\/site\/wp-content\/uploads\/2023\/01\/notibras23.png\",\"width\":350,\"height\":87,\"caption\":\"Grupo Notibras de Comunica\u00e7\u00e3o\"},\"image\":{\"@id\":\"https:\/\/www.notibras.com\/site\/#\/schema\/logo\/image\/\"},\"sameAs\":[\"https:\/\/www.facebook.com\/notibras\/\",\"https:\/\/x.com\/Notibras\",\"https:\/\/www.instagram.com\/notibras\/\"]},{\"@type\":\"Person\",\"@id\":\"https:\/\/www.notibras.com\/site\/#\/schema\/person\/36ab0979449956132d3e5b517ea76ac8\",\"name\":\"Reda\u00e7\u00e3o\",\"image\":{\"@type\":\"ImageObject\",\"inLanguage\":\"pt-BR\",\"@id\":\"https:\/\/secure.gravatar.com\/avatar\/e0a867bdedb85fd243eadf09663511f96fc81e0720a4a42581f334ad4303aa6b?s=96&d=mm&r=g\",\"url\":\"https:\/\/secure.gravatar.com\/avatar\/e0a867bdedb85fd243eadf09663511f96fc81e0720a4a42581f334ad4303aa6b?s=96&d=mm&r=g\",\"contentUrl\":\"https:\/\/secure.gravatar.com\/avatar\/e0a867bdedb85fd243eadf09663511f96fc81e0720a4a42581f334ad4303aa6b?s=96&d=mm&r=g\",\"caption\":\"Reda\u00e7\u00e3o\"}}]}<\/script>\n<!-- \/ Yoast SEO plugin. -->","yoast_head_json":{"title":"MP investiga irregularidade no aumento da passagem de \u00f4nibus - Notibras","robots":{"index":"index","follow":"follow","max-snippet":"max-snippet:-1","max-image-preview":"max-image-preview:large","max-video-preview":"max-video-preview:-1"},"canonical":"https:\/\/www.notibras.com\/site\/mp-investiga-irregularidade-no-aumento-da-passagem-de-onibus\/","og_locale":"pt_BR","og_type":"article","og_title":"MP investiga irregularidade no aumento da passagem de \u00f4nibus - Notibras","og_description":"O Minist\u00e9rio P\u00fablico de Pernambuco (MPPE) abriu um procedimento para apurar poss\u00edveis irregularidades na reuni\u00e3o do Conselho Superior de Transporte Metropolitano (CSTM) que aprovou um reajuste no valor das tarifas de \u00f4nibus no Grande Recife. Na audi\u00eancia foi definido um aumento de 4,46% no pre\u00e7o das passagens, que devem passar a custar R$ 4,50. A [&hellip;]","og_url":"https:\/\/www.notibras.com\/site\/mp-investiga-irregularidade-no-aumento-da-passagem-de-onibus\/","og_site_name":"Notibras","article_publisher":"https:\/\/www.facebook.com\/notibras\/","article_published_time":"2026-01-21T03:00:31+00:00","article_modified_time":"2026-01-21T12:47:23+00:00","og_image":[{"width":984,"height":554,"url":"https:\/\/www.notibras.com\/site\/wp-content\/uploads\/2026\/01\/10a8bbe2-4673-48e5-be52-3c5d369c21e5.jpg","type":"image\/jpeg"}],"author":"Reda\u00e7\u00e3o","twitter_card":"summary_large_image","twitter_creator":"@Notibras","twitter_site":"@Notibras","twitter_misc":{"Escrito por":"Reda\u00e7\u00e3o","Est. tempo de leitura":"2 minutos"},"schema":{"@context":"https:\/\/schema.org","@graph":[{"@type":"Article","@id":"https:\/\/www.notibras.com\/site\/mp-investiga-irregularidade-no-aumento-da-passagem-de-onibus\/#article","isPartOf":{"@id":"https:\/\/www.notibras.com\/site\/mp-investiga-irregularidade-no-aumento-da-passagem-de-onibus\/"},"author":{"name":"Reda\u00e7\u00e3o","@id":"https:\/\/www.notibras.com\/site\/#\/schema\/person\/36ab0979449956132d3e5b517ea76ac8"},"headline":"MP investiga irregularidade no aumento da passagem de \u00f4nibus","datePublished":"2026-01-21T03:00:31+00:00","dateModified":"2026-01-21T12:47:23+00:00","mainEntityOfPage":{"@id":"https:\/\/www.notibras.com\/site\/mp-investiga-irregularidade-no-aumento-da-passagem-de-onibus\/"},"wordCount":314,"publisher":{"@id":"https:\/\/www.notibras.com\/site\/#organization"},"image":{"@id":"https:\/\/www.notibras.com\/site\/mp-investiga-irregularidade-no-aumento-da-passagem-de-onibus\/#primaryimage"},"thumbnailUrl":"https:\/\/www.notibras.com\/site\/wp-content\/uploads\/2026\/01\/10a8bbe2-4673-48e5-be52-3c5d369c21e5.jpg","articleSection":["Nordeste"],"inLanguage":"pt-BR"},{"@type":"WebPage","@id":"https:\/\/www.notibras.com\/site\/mp-investiga-irregularidade-no-aumento-da-passagem-de-onibus\/","url":"https:\/\/www.notibras.com\/site\/mp-investiga-irregularidade-no-aumento-da-passagem-de-onibus\/","name":"MP investiga irregularidade no aumento da passagem de \u00f4nibus - Notibras","isPartOf":{"@id":"https:\/\/www.notibras.com\/site\/#website"},"primaryImageOfPage":{"@id":"https:\/\/www.notibras.com\/site\/mp-investiga-irregularidade-no-aumento-da-passagem-de-onibus\/#primaryimage"},"image":{"@id":"https:\/\/www.notibras.com\/site\/mp-investiga-irregularidade-no-aumento-da-passagem-de-onibus\/#primaryimage"},"thumbnailUrl":"https:\/\/www.notibras.com\/site\/wp-content\/uploads\/2026\/01\/10a8bbe2-4673-48e5-be52-3c5d369c21e5.jpg","datePublished":"2026-01-21T03:00:31+00:00","dateModified":"2026-01-21T12:47:23+00:00","breadcrumb":{"@id":"https:\/\/www.notibras.com\/site\/mp-investiga-irregularidade-no-aumento-da-passagem-de-onibus\/#breadcrumb"},"inLanguage":"pt-BR","potentialAction":[{"@type":"ReadAction","target":["https:\/\/www.notibras.com\/site\/mp-investiga-irregularidade-no-aumento-da-passagem-de-onibus\/"]}]},{"@type":"ImageObject","inLanguage":"pt-BR","@id":"https:\/\/www.notibras.com\/site\/mp-investiga-irregularidade-no-aumento-da-passagem-de-onibus\/#primaryimage","url":"https:\/\/www.notibras.com\/site\/wp-content\/uploads\/2026\/01\/10a8bbe2-4673-48e5-be52-3c5d369c21e5.jpg","contentUrl":"https:\/\/www.notibras.com\/site\/wp-content\/uploads\/2026\/01\/10a8bbe2-4673-48e5-be52-3c5d369c21e5.jpg","width":984,"height":554},{"@type":"BreadcrumbList","@id":"https:\/\/www.notibras.com\/site\/mp-investiga-irregularidade-no-aumento-da-passagem-de-onibus\/#breadcrumb","itemListElement":[{"@type":"ListItem","position":1,"name":"In\u00edcio","item":"https:\/\/www.notibras.com\/site\/"},{"@type":"ListItem","position":2,"name":"MP investiga irregularidade no aumento da passagem de \u00f4nibus"}]},{"@type":"WebSite","@id":"https:\/\/www.notibras.com\/site\/#website","url":"https:\/\/www.notibras.com\/site\/","name":"Notibras","description":"Not\u00edcias de Bras\u00edlia, do Brasil e do Mundo","publisher":{"@id":"https:\/\/www.notibras.com\/site\/#organization"},"potentialAction":[{"@type":"SearchAction","target":{"@type":"EntryPoint","urlTemplate":"https:\/\/www.notibras.com\/site\/?s={search_term_string}"},"query-input":{"@type":"PropertyValueSpecification","valueRequired":true,"valueName":"search_term_string"}}],"inLanguage":"pt-BR"},{"@type":"Organization","@id":"https:\/\/www.notibras.com\/site\/#organization","name":"Grupo Notibras de Comunica\u00e7\u00e3o","url":"https:\/\/www.notibras.com\/site\/","logo":{"@type":"ImageObject","inLanguage":"pt-BR","@id":"https:\/\/www.notibras.com\/site\/#\/schema\/logo\/image\/","url":"https:\/\/www.notibras.com\/site\/wp-content\/uploads\/2023\/01\/notibras23.png","contentUrl":"https:\/\/www.notibras.com\/site\/wp-content\/uploads\/2023\/01\/notibras23.png","width":350,"height":87,"caption":"Grupo Notibras de Comunica\u00e7\u00e3o"},"image":{"@id":"https:\/\/www.notibras.com\/site\/#\/schema\/logo\/image\/"},"sameAs":["https:\/\/www.facebook.com\/notibras\/","https:\/\/x.com\/Notibras","https:\/\/www.instagram.com\/notibras\/"]},{"@type":"Person","@id":"https:\/\/www.notibras.com\/site\/#\/schema\/person\/36ab0979449956132d3e5b517ea76ac8","name":"Reda\u00e7\u00e3o","image":{"@type":"ImageObject","inLanguage":"pt-BR","@id":"https:\/\/secure.gravatar.com\/avatar\/e0a867bdedb85fd243eadf09663511f96fc81e0720a4a42581f334ad4303aa6b?s=96&d=mm&r=g","url":"https:\/\/secure.gravatar.com\/avatar\/e0a867bdedb85fd243eadf09663511f96fc81e0720a4a42581f334ad4303aa6b?s=96&d=mm&r=g","contentUrl":"https:\/\/secure.gravatar.com\/avatar\/e0a867bdedb85fd243eadf09663511f96fc81e0720a4a42581f334ad4303aa6b?s=96&d=mm&r=g","caption":"Reda\u00e7\u00e3o"}}]}},"amp_enabled":true,"_links":{"self":[{"href":"https:\/\/www.notibras.com\/site\/wp-json\/wp\/v2\/posts\/380002","targetHints":{"allow":["GET"]}}],"collection":[{"href":"https:\/\/www.notibras.com\/site\/wp-json\/wp\/v2\/posts"}],"about":[{"href":"https:\/\/www.notibras.com\/site\/wp-json\/wp\/v2\/types\/post"}],"author":[{"embeddable":true,"href":"https:\/\/www.notibras.com\/site\/wp-json\/wp\/v2\/users\/2"}],"replies":[{"embeddable":true,"href":"https:\/\/www.notibras.com\/site\/wp-json\/wp\/v2\/comments?post=380002"}],"version-history":[{"count":1,"href":"https:\/\/www.notibras.com\/site\/wp-json\/wp\/v2\/posts\/380002\/revisions"}],"predecessor-version":[{"id":380004,"href":"https:\/\/www.notibras.com\/site\/wp-json\/wp\/v2\/posts\/380002\/revisions\/380004"}],"wp:featuredmedia":[{"embeddable":true,"href":"https:\/\/www.notibras.com\/site\/wp-json\/wp\/v2\/media\/380003"}],"wp:attachment":[{"href":"https:\/\/www.notibras.com\/site\/wp-json\/wp\/v2\/media?parent=380002"}],"wp:term":[{"taxonomy":"category","embeddable":true,"href":"https:\/\/www.notibras.com\/site\/wp-json\/wp\/v2\/categories?post=380002"},{"taxonomy":"post_tag","embeddable":true,"href":"https:\/\/www.notibras.com\/site\/wp-json\/wp\/v2\/tags?post=380002"}],"curies":[{"name":"wp","href":"https:\/\/api.w.org\/{rel}","templated":true}]}}