{"id":380005,"date":"2026-01-21T12:00:35","date_gmt":"2026-01-21T15:00:35","guid":{"rendered":"https:\/\/www.notibras.com\/site\/?p=380005"},"modified":"2026-01-21T12:23:00","modified_gmt":"2026-01-21T15:23:00","slug":"trump-muda-tatica-diz-querer-groenlandia-mas-descarta-usar-forca","status":"publish","type":"post","link":"https:\/\/www.notibras.com\/site\/trump-muda-tatica-diz-querer-groenlandia-mas-descarta-usar-forca\/","title":{"rendered":"Trump muda t\u00e1tica, diz querer Groenl\u00e2ndia, mas descarta usar for\u00e7a"},"content":{"rendered":"<p data-start=\"267\" data-end=\"804\">O presidente dos Estados Unidos, Donald Trump, usou grande parte de seu discurso no F\u00f3rum Econ\u00f4mico Mundial, em Davos, na Su\u00ed\u00e7a, nesta quarta-feira, 21, para tratar da Groenl\u00e2ndia, num tom que combinou recuo t\u00e1tico e forte press\u00e3o pol\u00edtica sobre a Europa e a Otan. O republicano afirmou que n\u00e3o pretende tomar a ilha \u201ca qualquer custo\u201d, afastando publicamente a hip\u00f3tese de uso da for\u00e7a, mas exigiu uma defini\u00e7\u00e3o r\u00e1pida dos aliados europeus sobre a perman\u00eancia do territ\u00f3rio sob controle americano, alegando raz\u00f5es de seguran\u00e7a nacional.<\/p>\n<p data-start=\"806\" data-end=\"1274\">Trump reiterou que, em sua vis\u00e3o, apenas os Estados Unidos t\u00eam capacidade real de garantir a defesa da Groenl\u00e2ndia. \u201cProvavelmente n\u00e3o conseguir\u00edamos nada se eu decidisse usar for\u00e7a excessiva, algo que nos tornaria, francamente, impar\u00e1veis\u201d, disse. Em seguida, tratou de enfatizar o recuo: \u201cMas eu n\u00e3o farei isso. Eu n\u00e3o preciso usar a for\u00e7a. Eu n\u00e3o quero usar a for\u00e7a. Eu n\u00e3o usarei a for\u00e7a. Tudo o que os Estados Unidos est\u00e3o pedindo \u00e9 um lugar chamado Groenl\u00e2ndia.\u201d<\/p>\n<p data-start=\"1276\" data-end=\"1751\">Apesar do tom conciliador na forma, o conte\u00fado manteve-se duro. Trump argumentou que a ilha ocupa uma posi\u00e7\u00e3o estrat\u00e9gica \u201cno meio do caminho\u201d entre Estados Unidos, China e R\u00fassia, sendo essencial tanto para conter amea\u00e7as de Moscou e Pequim quanto para a explora\u00e7\u00e3o de minerais cr\u00edticos. Segundo ele, essa realidade imp\u00f5e \u00e0 Uni\u00e3o Europeia e \u00e0 Otan a necessidade de uma decis\u00e3o clara e imediata sobre quem deve assumir a responsabilidade efetiva pela seguran\u00e7a do territ\u00f3rio.<\/p>\n<p data-start=\"1753\" data-end=\"2137\">\u201cTenho enorme respeito tanto pelo povo da Groenl\u00e2ndia quanto pelo povo da Dinamarca\u201d, afirmou. \u201cMas todo aliado da Otan tem a obriga\u00e7\u00e3o de ser capaz de defender seu pr\u00f3prio territ\u00f3rio. E o fato \u00e9 que nenhuma na\u00e7\u00e3o ou grupo de na\u00e7\u00f5es est\u00e1 em condi\u00e7\u00f5es de garantir a seguran\u00e7a da Groenl\u00e2ndia, a n\u00e3o ser os Estados Unidos.\u201d A declara\u00e7\u00e3o foi interpretada como um ultimato velado \u00e0 Europa.<\/p>\n<p data-start=\"2139\" data-end=\"2496\">Trump voltou a citar a Segunda Guerra Mundial para refor\u00e7ar seu argumento, lembrando que a Alemanha nazista invadiu a Dinamarca e que os Estados Unidos acabaram assumindo a defesa da Groenl\u00e2ndia, devolvendo-a posteriormente. Segundo ele, essa decis\u00e3o teria sido um erro hist\u00f3rico, chegando a classificar os EUA como \u201cest\u00fapidos\u201d e a Dinamarca como \u201cingrata\u201d.<\/p>\n<p data-start=\"2498\" data-end=\"2936\">O presidente americano tamb\u00e9m aproveitou o discurso para criticar duramente as pol\u00edticas econ\u00f4micas e migrat\u00f3rias da Uni\u00e3o Europeia. \u201cEu amo a Europa e quero ver a Europa prosperar, mas ela n\u00e3o est\u00e1 indo na dire\u00e7\u00e3o certa\u201d, disse, citando a recente estrat\u00e9gia de seguran\u00e7a nacional dos EUA, que alerta para um suposto \u201capagamento civilizacional\u201d europeu e defende uma interven\u00e7\u00e3o americana para \u201ccorrigir a trajet\u00f3ria atual\u201d do continente.<\/p>\n<p data-start=\"2938\" data-end=\"3334\">Al\u00e9m da Europa, Trump voltou suas cr\u00edticas ao Canad\u00e1 e ao primeiro-ministro Mark Carney, que havia discursado em Davos no dia anterior. Trump afirmou que o Canad\u00e1 se beneficia excessivamente da rela\u00e7\u00e3o com os Estados Unidos e demonstrou irrita\u00e7\u00e3o com o tom do l\u00edder canadense. \u201cO Canad\u00e1 existe gra\u00e7as aos Estados Unidos\u201d, disse. \u201cLembre-se disso, Mark, da pr\u00f3xima vez que fizer suas declara\u00e7\u00f5es.\u201d<\/p>\n","protected":false},"excerpt":{"rendered":"<p>O presidente dos Estados Unidos, Donald Trump, usou grande parte de seu discurso no F\u00f3rum Econ\u00f4mico Mundial, em Davos, na Su\u00ed\u00e7a, nesta quarta-feira, 21, para tratar da Groenl\u00e2ndia, num tom que combinou recuo t\u00e1tico e forte press\u00e3o pol\u00edtica sobre a Europa e a Otan. O republicano afirmou que n\u00e3o pretende tomar a ilha \u201ca qualquer [&hellip;]<\/p>\n","protected":false},"author":2,"featured_media":380006,"comment_status":"closed","ping_status":"closed","sticky":false,"template":"","format":"standard","meta":{"_acf_changed":false,"footnotes":""},"categories":[159],"tags":[95],"class_list":["post-380005","post","type-post","status-publish","format-standard","has-post-thumbnail","hentry","category-apocalipse","tag-capa"],"acf":[],"yoast_head":"<!-- This site is optimized with the Yoast SEO plugin v27.2 - https:\/\/yoast.com\/product\/yoast-seo-wordpress\/ -->\n<title>Trump muda t\u00e1tica, diz querer Groenl\u00e2ndia, mas descarta usar for\u00e7a - Notibras<\/title>\n<meta name=\"robots\" content=\"index, follow, max-snippet:-1, max-image-preview:large, max-video-preview:-1\" \/>\n<link rel=\"canonical\" href=\"https:\/\/www.notibras.com\/site\/trump-muda-tatica-diz-querer-groenlandia-mas-descarta-usar-forca\/\" \/>\n<meta property=\"og:locale\" content=\"pt_BR\" \/>\n<meta property=\"og:type\" content=\"article\" \/>\n<meta property=\"og:title\" content=\"Trump muda t\u00e1tica, diz querer Groenl\u00e2ndia, mas descarta usar for\u00e7a - Notibras\" \/>\n<meta property=\"og:description\" content=\"O presidente dos Estados Unidos, Donald Trump, usou grande parte de seu discurso no F\u00f3rum Econ\u00f4mico Mundial, em Davos, na Su\u00ed\u00e7a, nesta quarta-feira, 21, para tratar da Groenl\u00e2ndia, num tom que combinou recuo t\u00e1tico e forte press\u00e3o pol\u00edtica sobre a Europa e a Otan. O republicano afirmou que n\u00e3o pretende tomar a ilha \u201ca qualquer [&hellip;]\" \/>\n<meta property=\"og:url\" content=\"https:\/\/www.notibras.com\/site\/trump-muda-tatica-diz-querer-groenlandia-mas-descarta-usar-forca\/\" \/>\n<meta property=\"og:site_name\" content=\"Notibras\" \/>\n<meta property=\"article:publisher\" content=\"https:\/\/www.facebook.com\/notibras\/\" \/>\n<meta property=\"article:published_time\" content=\"2026-01-21T15:00:35+00:00\" \/>\n<meta property=\"article:modified_time\" content=\"2026-01-21T15:23:00+00:00\" \/>\n<meta property=\"og:image\" content=\"https:\/\/www.notibras.com\/site\/wp-content\/uploads\/2026\/01\/AA1UDwST.jpg\" \/>\n\t<meta property=\"og:image:width\" content=\"768\" \/>\n\t<meta property=\"og:image:height\" content=\"432\" \/>\n\t<meta property=\"og:image:type\" content=\"image\/jpeg\" \/>\n<meta name=\"author\" content=\"Reda\u00e7\u00e3o\" \/>\n<meta name=\"twitter:card\" content=\"summary_large_image\" \/>\n<meta name=\"twitter:creator\" content=\"@Notibras\" \/>\n<meta name=\"twitter:site\" content=\"@Notibras\" \/>\n<meta name=\"twitter:label1\" content=\"Escrito por\" \/>\n\t<meta name=\"twitter:data1\" content=\"Reda\u00e7\u00e3o\" \/>\n\t<meta name=\"twitter:label2\" content=\"Est. tempo de leitura\" \/>\n\t<meta name=\"twitter:data2\" content=\"3 minutos\" \/>\n<script type=\"application\/ld+json\" class=\"yoast-schema-graph\">{\"@context\":\"https:\/\/schema.org\",\"@graph\":[{\"@type\":\"Article\",\"@id\":\"https:\/\/www.notibras.com\/site\/trump-muda-tatica-diz-querer-groenlandia-mas-descarta-usar-forca\/#article\",\"isPartOf\":{\"@id\":\"https:\/\/www.notibras.com\/site\/trump-muda-tatica-diz-querer-groenlandia-mas-descarta-usar-forca\/\"},\"author\":{\"name\":\"Reda\u00e7\u00e3o\",\"@id\":\"https:\/\/www.notibras.com\/site\/#\/schema\/person\/36ab0979449956132d3e5b517ea76ac8\"},\"headline\":\"Trump muda t\u00e1tica, diz querer Groenl\u00e2ndia, mas descarta usar for\u00e7a\",\"datePublished\":\"2026-01-21T15:00:35+00:00\",\"dateModified\":\"2026-01-21T15:23:00+00:00\",\"mainEntityOfPage\":{\"@id\":\"https:\/\/www.notibras.com\/site\/trump-muda-tatica-diz-querer-groenlandia-mas-descarta-usar-forca\/\"},\"wordCount\":574,\"publisher\":{\"@id\":\"https:\/\/www.notibras.com\/site\/#organization\"},\"image\":{\"@id\":\"https:\/\/www.notibras.com\/site\/trump-muda-tatica-diz-querer-groenlandia-mas-descarta-usar-forca\/#primaryimage\"},\"thumbnailUrl\":\"https:\/\/www.notibras.com\/site\/wp-content\/uploads\/2026\/01\/AA1UDwST.jpg\",\"keywords\":[\"capa\"],\"articleSection\":[\"Apocalipse\"],\"inLanguage\":\"pt-BR\"},{\"@type\":\"WebPage\",\"@id\":\"https:\/\/www.notibras.com\/site\/trump-muda-tatica-diz-querer-groenlandia-mas-descarta-usar-forca\/\",\"url\":\"https:\/\/www.notibras.com\/site\/trump-muda-tatica-diz-querer-groenlandia-mas-descarta-usar-forca\/\",\"name\":\"Trump muda t\u00e1tica, diz querer Groenl\u00e2ndia, mas descarta usar for\u00e7a - Notibras\",\"isPartOf\":{\"@id\":\"https:\/\/www.notibras.com\/site\/#website\"},\"primaryImageOfPage\":{\"@id\":\"https:\/\/www.notibras.com\/site\/trump-muda-tatica-diz-querer-groenlandia-mas-descarta-usar-forca\/#primaryimage\"},\"image\":{\"@id\":\"https:\/\/www.notibras.com\/site\/trump-muda-tatica-diz-querer-groenlandia-mas-descarta-usar-forca\/#primaryimage\"},\"thumbnailUrl\":\"https:\/\/www.notibras.com\/site\/wp-content\/uploads\/2026\/01\/AA1UDwST.jpg\",\"datePublished\":\"2026-01-21T15:00:35+00:00\",\"dateModified\":\"2026-01-21T15:23:00+00:00\",\"breadcrumb\":{\"@id\":\"https:\/\/www.notibras.com\/site\/trump-muda-tatica-diz-querer-groenlandia-mas-descarta-usar-forca\/#breadcrumb\"},\"inLanguage\":\"pt-BR\",\"potentialAction\":[{\"@type\":\"ReadAction\",\"target\":[\"https:\/\/www.notibras.com\/site\/trump-muda-tatica-diz-querer-groenlandia-mas-descarta-usar-forca\/\"]}]},{\"@type\":\"ImageObject\",\"inLanguage\":\"pt-BR\",\"@id\":\"https:\/\/www.notibras.com\/site\/trump-muda-tatica-diz-querer-groenlandia-mas-descarta-usar-forca\/#primaryimage\",\"url\":\"https:\/\/www.notibras.com\/site\/wp-content\/uploads\/2026\/01\/AA1UDwST.jpg\",\"contentUrl\":\"https:\/\/www.notibras.com\/site\/wp-content\/uploads\/2026\/01\/AA1UDwST.jpg\",\"width\":768,\"height\":432},{\"@type\":\"BreadcrumbList\",\"@id\":\"https:\/\/www.notibras.com\/site\/trump-muda-tatica-diz-querer-groenlandia-mas-descarta-usar-forca\/#breadcrumb\",\"itemListElement\":[{\"@type\":\"ListItem\",\"position\":1,\"name\":\"In\u00edcio\",\"item\":\"https:\/\/www.notibras.com\/site\/\"},{\"@type\":\"ListItem\",\"position\":2,\"name\":\"Trump muda t\u00e1tica, diz querer Groenl\u00e2ndia, mas descarta usar for\u00e7a\"}]},{\"@type\":\"WebSite\",\"@id\":\"https:\/\/www.notibras.com\/site\/#website\",\"url\":\"https:\/\/www.notibras.com\/site\/\",\"name\":\"Notibras\",\"description\":\"Not\u00edcias de Bras\u00edlia, do Brasil e do Mundo\",\"publisher\":{\"@id\":\"https:\/\/www.notibras.com\/site\/#organization\"},\"potentialAction\":[{\"@type\":\"SearchAction\",\"target\":{\"@type\":\"EntryPoint\",\"urlTemplate\":\"https:\/\/www.notibras.com\/site\/?s={search_term_string}\"},\"query-input\":{\"@type\":\"PropertyValueSpecification\",\"valueRequired\":true,\"valueName\":\"search_term_string\"}}],\"inLanguage\":\"pt-BR\"},{\"@type\":\"Organization\",\"@id\":\"https:\/\/www.notibras.com\/site\/#organization\",\"name\":\"Grupo Notibras de Comunica\u00e7\u00e3o\",\"url\":\"https:\/\/www.notibras.com\/site\/\",\"logo\":{\"@type\":\"ImageObject\",\"inLanguage\":\"pt-BR\",\"@id\":\"https:\/\/www.notibras.com\/site\/#\/schema\/logo\/image\/\",\"url\":\"https:\/\/www.notibras.com\/site\/wp-content\/uploads\/2023\/01\/notibras23.png\",\"contentUrl\":\"https:\/\/www.notibras.com\/site\/wp-content\/uploads\/2023\/01\/notibras23.png\",\"width\":350,\"height\":87,\"caption\":\"Grupo Notibras de Comunica\u00e7\u00e3o\"},\"image\":{\"@id\":\"https:\/\/www.notibras.com\/site\/#\/schema\/logo\/image\/\"},\"sameAs\":[\"https:\/\/www.facebook.com\/notibras\/\",\"https:\/\/x.com\/Notibras\",\"https:\/\/www.instagram.com\/notibras\/\"]},{\"@type\":\"Person\",\"@id\":\"https:\/\/www.notibras.com\/site\/#\/schema\/person\/36ab0979449956132d3e5b517ea76ac8\",\"name\":\"Reda\u00e7\u00e3o\",\"image\":{\"@type\":\"ImageObject\",\"inLanguage\":\"pt-BR\",\"@id\":\"https:\/\/secure.gravatar.com\/avatar\/e0a867bdedb85fd243eadf09663511f96fc81e0720a4a42581f334ad4303aa6b?s=96&d=mm&r=g\",\"url\":\"https:\/\/secure.gravatar.com\/avatar\/e0a867bdedb85fd243eadf09663511f96fc81e0720a4a42581f334ad4303aa6b?s=96&d=mm&r=g\",\"contentUrl\":\"https:\/\/secure.gravatar.com\/avatar\/e0a867bdedb85fd243eadf09663511f96fc81e0720a4a42581f334ad4303aa6b?s=96&d=mm&r=g\",\"caption\":\"Reda\u00e7\u00e3o\"}}]}<\/script>\n<!-- \/ Yoast SEO plugin. -->","yoast_head_json":{"title":"Trump muda t\u00e1tica, diz querer Groenl\u00e2ndia, mas descarta usar for\u00e7a - Notibras","robots":{"index":"index","follow":"follow","max-snippet":"max-snippet:-1","max-image-preview":"max-image-preview:large","max-video-preview":"max-video-preview:-1"},"canonical":"https:\/\/www.notibras.com\/site\/trump-muda-tatica-diz-querer-groenlandia-mas-descarta-usar-forca\/","og_locale":"pt_BR","og_type":"article","og_title":"Trump muda t\u00e1tica, diz querer Groenl\u00e2ndia, mas descarta usar for\u00e7a - Notibras","og_description":"O presidente dos Estados Unidos, Donald Trump, usou grande parte de seu discurso no F\u00f3rum Econ\u00f4mico Mundial, em Davos, na Su\u00ed\u00e7a, nesta quarta-feira, 21, para tratar da Groenl\u00e2ndia, num tom que combinou recuo t\u00e1tico e forte press\u00e3o pol\u00edtica sobre a Europa e a Otan. O republicano afirmou que n\u00e3o pretende tomar a ilha \u201ca qualquer [&hellip;]","og_url":"https:\/\/www.notibras.com\/site\/trump-muda-tatica-diz-querer-groenlandia-mas-descarta-usar-forca\/","og_site_name":"Notibras","article_publisher":"https:\/\/www.facebook.com\/notibras\/","article_published_time":"2026-01-21T15:00:35+00:00","article_modified_time":"2026-01-21T15:23:00+00:00","og_image":[{"width":768,"height":432,"url":"https:\/\/www.notibras.com\/site\/wp-content\/uploads\/2026\/01\/AA1UDwST.jpg","type":"image\/jpeg"}],"author":"Reda\u00e7\u00e3o","twitter_card":"summary_large_image","twitter_creator":"@Notibras","twitter_site":"@Notibras","twitter_misc":{"Escrito por":"Reda\u00e7\u00e3o","Est. tempo de leitura":"3 minutos"},"schema":{"@context":"https:\/\/schema.org","@graph":[{"@type":"Article","@id":"https:\/\/www.notibras.com\/site\/trump-muda-tatica-diz-querer-groenlandia-mas-descarta-usar-forca\/#article","isPartOf":{"@id":"https:\/\/www.notibras.com\/site\/trump-muda-tatica-diz-querer-groenlandia-mas-descarta-usar-forca\/"},"author":{"name":"Reda\u00e7\u00e3o","@id":"https:\/\/www.notibras.com\/site\/#\/schema\/person\/36ab0979449956132d3e5b517ea76ac8"},"headline":"Trump muda t\u00e1tica, diz querer Groenl\u00e2ndia, mas descarta usar for\u00e7a","datePublished":"2026-01-21T15:00:35+00:00","dateModified":"2026-01-21T15:23:00+00:00","mainEntityOfPage":{"@id":"https:\/\/www.notibras.com\/site\/trump-muda-tatica-diz-querer-groenlandia-mas-descarta-usar-forca\/"},"wordCount":574,"publisher":{"@id":"https:\/\/www.notibras.com\/site\/#organization"},"image":{"@id":"https:\/\/www.notibras.com\/site\/trump-muda-tatica-diz-querer-groenlandia-mas-descarta-usar-forca\/#primaryimage"},"thumbnailUrl":"https:\/\/www.notibras.com\/site\/wp-content\/uploads\/2026\/01\/AA1UDwST.jpg","keywords":["capa"],"articleSection":["Apocalipse"],"inLanguage":"pt-BR"},{"@type":"WebPage","@id":"https:\/\/www.notibras.com\/site\/trump-muda-tatica-diz-querer-groenlandia-mas-descarta-usar-forca\/","url":"https:\/\/www.notibras.com\/site\/trump-muda-tatica-diz-querer-groenlandia-mas-descarta-usar-forca\/","name":"Trump muda t\u00e1tica, diz querer Groenl\u00e2ndia, mas descarta usar for\u00e7a - Notibras","isPartOf":{"@id":"https:\/\/www.notibras.com\/site\/#website"},"primaryImageOfPage":{"@id":"https:\/\/www.notibras.com\/site\/trump-muda-tatica-diz-querer-groenlandia-mas-descarta-usar-forca\/#primaryimage"},"image":{"@id":"https:\/\/www.notibras.com\/site\/trump-muda-tatica-diz-querer-groenlandia-mas-descarta-usar-forca\/#primaryimage"},"thumbnailUrl":"https:\/\/www.notibras.com\/site\/wp-content\/uploads\/2026\/01\/AA1UDwST.jpg","datePublished":"2026-01-21T15:00:35+00:00","dateModified":"2026-01-21T15:23:00+00:00","breadcrumb":{"@id":"https:\/\/www.notibras.com\/site\/trump-muda-tatica-diz-querer-groenlandia-mas-descarta-usar-forca\/#breadcrumb"},"inLanguage":"pt-BR","potentialAction":[{"@type":"ReadAction","target":["https:\/\/www.notibras.com\/site\/trump-muda-tatica-diz-querer-groenlandia-mas-descarta-usar-forca\/"]}]},{"@type":"ImageObject","inLanguage":"pt-BR","@id":"https:\/\/www.notibras.com\/site\/trump-muda-tatica-diz-querer-groenlandia-mas-descarta-usar-forca\/#primaryimage","url":"https:\/\/www.notibras.com\/site\/wp-content\/uploads\/2026\/01\/AA1UDwST.jpg","contentUrl":"https:\/\/www.notibras.com\/site\/wp-content\/uploads\/2026\/01\/AA1UDwST.jpg","width":768,"height":432},{"@type":"BreadcrumbList","@id":"https:\/\/www.notibras.com\/site\/trump-muda-tatica-diz-querer-groenlandia-mas-descarta-usar-forca\/#breadcrumb","itemListElement":[{"@type":"ListItem","position":1,"name":"In\u00edcio","item":"https:\/\/www.notibras.com\/site\/"},{"@type":"ListItem","position":2,"name":"Trump muda t\u00e1tica, diz querer Groenl\u00e2ndia, mas descarta usar for\u00e7a"}]},{"@type":"WebSite","@id":"https:\/\/www.notibras.com\/site\/#website","url":"https:\/\/www.notibras.com\/site\/","name":"Notibras","description":"Not\u00edcias de Bras\u00edlia, do Brasil e do Mundo","publisher":{"@id":"https:\/\/www.notibras.com\/site\/#organization"},"potentialAction":[{"@type":"SearchAction","target":{"@type":"EntryPoint","urlTemplate":"https:\/\/www.notibras.com\/site\/?s={search_term_string}"},"query-input":{"@type":"PropertyValueSpecification","valueRequired":true,"valueName":"search_term_string"}}],"inLanguage":"pt-BR"},{"@type":"Organization","@id":"https:\/\/www.notibras.com\/site\/#organization","name":"Grupo Notibras de Comunica\u00e7\u00e3o","url":"https:\/\/www.notibras.com\/site\/","logo":{"@type":"ImageObject","inLanguage":"pt-BR","@id":"https:\/\/www.notibras.com\/site\/#\/schema\/logo\/image\/","url":"https:\/\/www.notibras.com\/site\/wp-content\/uploads\/2023\/01\/notibras23.png","contentUrl":"https:\/\/www.notibras.com\/site\/wp-content\/uploads\/2023\/01\/notibras23.png","width":350,"height":87,"caption":"Grupo Notibras de Comunica\u00e7\u00e3o"},"image":{"@id":"https:\/\/www.notibras.com\/site\/#\/schema\/logo\/image\/"},"sameAs":["https:\/\/www.facebook.com\/notibras\/","https:\/\/x.com\/Notibras","https:\/\/www.instagram.com\/notibras\/"]},{"@type":"Person","@id":"https:\/\/www.notibras.com\/site\/#\/schema\/person\/36ab0979449956132d3e5b517ea76ac8","name":"Reda\u00e7\u00e3o","image":{"@type":"ImageObject","inLanguage":"pt-BR","@id":"https:\/\/secure.gravatar.com\/avatar\/e0a867bdedb85fd243eadf09663511f96fc81e0720a4a42581f334ad4303aa6b?s=96&d=mm&r=g","url":"https:\/\/secure.gravatar.com\/avatar\/e0a867bdedb85fd243eadf09663511f96fc81e0720a4a42581f334ad4303aa6b?s=96&d=mm&r=g","contentUrl":"https:\/\/secure.gravatar.com\/avatar\/e0a867bdedb85fd243eadf09663511f96fc81e0720a4a42581f334ad4303aa6b?s=96&d=mm&r=g","caption":"Reda\u00e7\u00e3o"}}]}},"amp_enabled":true,"_links":{"self":[{"href":"https:\/\/www.notibras.com\/site\/wp-json\/wp\/v2\/posts\/380005","targetHints":{"allow":["GET"]}}],"collection":[{"href":"https:\/\/www.notibras.com\/site\/wp-json\/wp\/v2\/posts"}],"about":[{"href":"https:\/\/www.notibras.com\/site\/wp-json\/wp\/v2\/types\/post"}],"author":[{"embeddable":true,"href":"https:\/\/www.notibras.com\/site\/wp-json\/wp\/v2\/users\/2"}],"replies":[{"embeddable":true,"href":"https:\/\/www.notibras.com\/site\/wp-json\/wp\/v2\/comments?post=380005"}],"version-history":[{"count":1,"href":"https:\/\/www.notibras.com\/site\/wp-json\/wp\/v2\/posts\/380005\/revisions"}],"predecessor-version":[{"id":380007,"href":"https:\/\/www.notibras.com\/site\/wp-json\/wp\/v2\/posts\/380005\/revisions\/380007"}],"wp:featuredmedia":[{"embeddable":true,"href":"https:\/\/www.notibras.com\/site\/wp-json\/wp\/v2\/media\/380006"}],"wp:attachment":[{"href":"https:\/\/www.notibras.com\/site\/wp-json\/wp\/v2\/media?parent=380005"}],"wp:term":[{"taxonomy":"category","embeddable":true,"href":"https:\/\/www.notibras.com\/site\/wp-json\/wp\/v2\/categories?post=380005"},{"taxonomy":"post_tag","embeddable":true,"href":"https:\/\/www.notibras.com\/site\/wp-json\/wp\/v2\/tags?post=380005"}],"curies":[{"name":"wp","href":"https:\/\/api.w.org\/{rel}","templated":true}]}}