{"id":380011,"date":"2026-01-22T00:30:58","date_gmt":"2026-01-22T03:30:58","guid":{"rendered":"https:\/\/www.notibras.com\/site\/?p=380011"},"modified":"2026-01-21T23:19:01","modified_gmt":"2026-01-22T02:19:01","slug":"policia-investiga-mais-dois-casos-suspeitos","status":"publish","type":"post","link":"https:\/\/www.notibras.com\/site\/policia-investiga-mais-dois-casos-suspeitos\/","title":{"rendered":"Pol\u00edcia investiga mais dois casos suspeitos"},"content":{"rendered":"<p>A Pol\u00edcia Civil do Distrito Federal (PCDF) est\u00e1 investigando mais dois casos suspeitos de morte no Hospital Anchieta, em Taguatinga. As v\u00edtimas, de 80 e 89 anos, foram atendidas pelo t\u00e9cnico de enfermagem Marcos Vin\u00edcius Silva Barbosa de Ara\u00fajo, de 24 anos, que j\u00e1 est\u00e1 preso por envolvimento nos crimes.<\/p>\n<p>De acordo com a pol\u00edcia, as v\u00edtimas morreram com paradas card\u00edacas s\u00fabitas e os familiares reconheceram o t\u00e9cnico de enfermagem nas reportagens sobre o caso. A PCDF est\u00e1 investigando se os dois casos est\u00e3o relacionados aos outros tr\u00eas \u00f3bitos suspeitos j\u00e1 registrados no hospital.<\/p>\n<p><strong>O caso<\/strong><\/p>\n<p>O Hospital Anchieta instaurou um comit\u00ea interno para investigar os casos e, ap\u00f3s identificar circunst\u00e2ncias at\u00edpicas, pediu a abertura de um inqu\u00e9rito policial. A pol\u00edcia prendeu Marcos Vin\u00edcius e duas t\u00e9cnicas de enfermagem, Amanda Rodrigues de Sousa e Marcela Camilly Alves da Silva, acusadas de acobertar os crimes.<\/p>\n<p><strong>As v\u00edtimas<\/strong><\/p>\n<p>&#8211; Miranilde Pereira da Silva, 75 anos, professora aposentada<br \/>\n&#8211; Jo\u00e3o Clemente Pereira, 63 anos, servidor p\u00fablico<br \/>\n&#8211; Marcos Raymundo Fernandes Moreira, 33 anos, servidor p\u00fablico<\/p>\n<p><strong>O crime<\/strong><\/p>\n<p>A pol\u00edcia acredita que Marcos Vin\u00edcius injetou doses altas de um medicamento nos pacientes, usando-o como um veneno. Em uma das v\u00edtimas, ele tamb\u00e9m injetou desinfetante na veia.<\/p>\n<p><strong>Rea\u00e7\u00f5es<\/strong><\/p>\n<p>O Hospital Anchieta disse que est\u00e1 colaborando com as autoridades e que os protocolos internos de seguran\u00e7a foram seguidos. O Conselho Regional de Enfermagem do Distrito Federal (Coren-DF) est\u00e1 acompanhando o caso e adotando as provid\u00eancias cab\u00edveis.<\/p>\n<p>A fam\u00edlia de Jo\u00e3o Clemente Pereira disse que acreditava que a morte havia ocorrido por causas naturais e que s\u00f3 tomou conhecimento das suspeitas de crime no dia 16 de janeiro.<\/p>\n<p>A investiga\u00e7\u00e3o continua para saber se existem outras v\u00edtimas no Anchieta ou em outros hospitais em que Marcos Vin\u00edcius trabalhou.<\/p>\n","protected":false},"excerpt":{"rendered":"<p>A Pol\u00edcia Civil do Distrito Federal (PCDF) est\u00e1 investigando mais dois casos suspeitos de morte no Hospital Anchieta, em Taguatinga. As v\u00edtimas, de 80 e 89 anos, foram atendidas pelo t\u00e9cnico de enfermagem Marcos Vin\u00edcius Silva Barbosa de Ara\u00fajo, de 24 anos, que j\u00e1 est\u00e1 preso por envolvimento nos crimes. De acordo com a pol\u00edcia, [&hellip;]<\/p>\n","protected":false},"author":21,"featured_media":380012,"comment_status":"closed","ping_status":"closed","sticky":false,"template":"","format":"standard","meta":{"_acf_changed":false,"footnotes":""},"categories":[161],"tags":[],"class_list":["post-380011","post","type-post","status-publish","format-standard","has-post-thumbnail","hentry","category-quadradinho-em-foco"],"acf":[],"yoast_head":"<!-- This site is optimized with the Yoast SEO plugin v27.2 - https:\/\/yoast.com\/product\/yoast-seo-wordpress\/ -->\n<title>Pol\u00edcia investiga mais dois casos suspeitos - Notibras<\/title>\n<meta name=\"robots\" content=\"index, follow, max-snippet:-1, max-image-preview:large, max-video-preview:-1\" \/>\n<link rel=\"canonical\" href=\"https:\/\/www.notibras.com\/site\/policia-investiga-mais-dois-casos-suspeitos\/\" \/>\n<meta property=\"og:locale\" content=\"pt_BR\" \/>\n<meta property=\"og:type\" content=\"article\" \/>\n<meta property=\"og:title\" content=\"Pol\u00edcia investiga mais dois casos suspeitos - Notibras\" \/>\n<meta property=\"og:description\" content=\"A Pol\u00edcia Civil do Distrito Federal (PCDF) est\u00e1 investigando mais dois casos suspeitos de morte no Hospital Anchieta, em Taguatinga. As v\u00edtimas, de 80 e 89 anos, foram atendidas pelo t\u00e9cnico de enfermagem Marcos Vin\u00edcius Silva Barbosa de Ara\u00fajo, de 24 anos, que j\u00e1 est\u00e1 preso por envolvimento nos crimes. De acordo com a pol\u00edcia, [&hellip;]\" \/>\n<meta property=\"og:url\" content=\"https:\/\/www.notibras.com\/site\/policia-investiga-mais-dois-casos-suspeitos\/\" \/>\n<meta property=\"og:site_name\" content=\"Notibras\" \/>\n<meta property=\"article:publisher\" content=\"https:\/\/www.facebook.com\/notibras\/\" \/>\n<meta property=\"article:published_time\" content=\"2026-01-22T03:30:58+00:00\" \/>\n<meta property=\"og:image\" content=\"https:\/\/www.notibras.com\/site\/wp-content\/uploads\/2026\/01\/43f31132-3eb0-48a3-afb8-034cd50b9352.jpg\" \/>\n\t<meta property=\"og:image:width\" content=\"823\" \/>\n\t<meta property=\"og:image:height\" content=\"554\" \/>\n\t<meta property=\"og:image:type\" content=\"image\/jpeg\" \/>\n<meta name=\"author\" content=\"Eduardo Mart\u00ednez\" \/>\n<meta name=\"twitter:card\" content=\"summary_large_image\" \/>\n<meta name=\"twitter:creator\" content=\"@Notibras\" \/>\n<meta name=\"twitter:site\" content=\"@Notibras\" \/>\n<meta name=\"twitter:label1\" content=\"Escrito por\" \/>\n\t<meta name=\"twitter:data1\" content=\"Eduardo Mart\u00ednez\" \/>\n\t<meta name=\"twitter:label2\" content=\"Est. tempo de leitura\" \/>\n\t<meta name=\"twitter:data2\" content=\"2 minutos\" \/>\n<script type=\"application\/ld+json\" class=\"yoast-schema-graph\">{\"@context\":\"https:\/\/schema.org\",\"@graph\":[{\"@type\":\"Article\",\"@id\":\"https:\/\/www.notibras.com\/site\/policia-investiga-mais-dois-casos-suspeitos\/#article\",\"isPartOf\":{\"@id\":\"https:\/\/www.notibras.com\/site\/policia-investiga-mais-dois-casos-suspeitos\/\"},\"author\":{\"name\":\"Eduardo Mart\u00ednez\",\"@id\":\"https:\/\/www.notibras.com\/site\/#\/schema\/person\/5b7fabf2aedc3ada2105f03b22b4d3dd\"},\"headline\":\"Pol\u00edcia investiga mais dois casos suspeitos\",\"datePublished\":\"2026-01-22T03:30:58+00:00\",\"mainEntityOfPage\":{\"@id\":\"https:\/\/www.notibras.com\/site\/policia-investiga-mais-dois-casos-suspeitos\/\"},\"wordCount\":327,\"publisher\":{\"@id\":\"https:\/\/www.notibras.com\/site\/#organization\"},\"image\":{\"@id\":\"https:\/\/www.notibras.com\/site\/policia-investiga-mais-dois-casos-suspeitos\/#primaryimage\"},\"thumbnailUrl\":\"https:\/\/www.notibras.com\/site\/wp-content\/uploads\/2026\/01\/43f31132-3eb0-48a3-afb8-034cd50b9352.jpg\",\"articleSection\":[\"Quadradinho em Foco\"],\"inLanguage\":\"pt-BR\"},{\"@type\":\"WebPage\",\"@id\":\"https:\/\/www.notibras.com\/site\/policia-investiga-mais-dois-casos-suspeitos\/\",\"url\":\"https:\/\/www.notibras.com\/site\/policia-investiga-mais-dois-casos-suspeitos\/\",\"name\":\"Pol\u00edcia investiga mais dois casos suspeitos - Notibras\",\"isPartOf\":{\"@id\":\"https:\/\/www.notibras.com\/site\/#website\"},\"primaryImageOfPage\":{\"@id\":\"https:\/\/www.notibras.com\/site\/policia-investiga-mais-dois-casos-suspeitos\/#primaryimage\"},\"image\":{\"@id\":\"https:\/\/www.notibras.com\/site\/policia-investiga-mais-dois-casos-suspeitos\/#primaryimage\"},\"thumbnailUrl\":\"https:\/\/www.notibras.com\/site\/wp-content\/uploads\/2026\/01\/43f31132-3eb0-48a3-afb8-034cd50b9352.jpg\",\"datePublished\":\"2026-01-22T03:30:58+00:00\",\"breadcrumb\":{\"@id\":\"https:\/\/www.notibras.com\/site\/policia-investiga-mais-dois-casos-suspeitos\/#breadcrumb\"},\"inLanguage\":\"pt-BR\",\"potentialAction\":[{\"@type\":\"ReadAction\",\"target\":[\"https:\/\/www.notibras.com\/site\/policia-investiga-mais-dois-casos-suspeitos\/\"]}]},{\"@type\":\"ImageObject\",\"inLanguage\":\"pt-BR\",\"@id\":\"https:\/\/www.notibras.com\/site\/policia-investiga-mais-dois-casos-suspeitos\/#primaryimage\",\"url\":\"https:\/\/www.notibras.com\/site\/wp-content\/uploads\/2026\/01\/43f31132-3eb0-48a3-afb8-034cd50b9352.jpg\",\"contentUrl\":\"https:\/\/www.notibras.com\/site\/wp-content\/uploads\/2026\/01\/43f31132-3eb0-48a3-afb8-034cd50b9352.jpg\",\"width\":823,\"height\":554},{\"@type\":\"BreadcrumbList\",\"@id\":\"https:\/\/www.notibras.com\/site\/policia-investiga-mais-dois-casos-suspeitos\/#breadcrumb\",\"itemListElement\":[{\"@type\":\"ListItem\",\"position\":1,\"name\":\"In\u00edcio\",\"item\":\"https:\/\/www.notibras.com\/site\/\"},{\"@type\":\"ListItem\",\"position\":2,\"name\":\"Pol\u00edcia investiga mais dois casos suspeitos\"}]},{\"@type\":\"WebSite\",\"@id\":\"https:\/\/www.notibras.com\/site\/#website\",\"url\":\"https:\/\/www.notibras.com\/site\/\",\"name\":\"Notibras\",\"description\":\"Not\u00edcias de Bras\u00edlia, do Brasil e do Mundo\",\"publisher\":{\"@id\":\"https:\/\/www.notibras.com\/site\/#organization\"},\"potentialAction\":[{\"@type\":\"SearchAction\",\"target\":{\"@type\":\"EntryPoint\",\"urlTemplate\":\"https:\/\/www.notibras.com\/site\/?s={search_term_string}\"},\"query-input\":{\"@type\":\"PropertyValueSpecification\",\"valueRequired\":true,\"valueName\":\"search_term_string\"}}],\"inLanguage\":\"pt-BR\"},{\"@type\":\"Organization\",\"@id\":\"https:\/\/www.notibras.com\/site\/#organization\",\"name\":\"Grupo Notibras de Comunica\u00e7\u00e3o\",\"url\":\"https:\/\/www.notibras.com\/site\/\",\"logo\":{\"@type\":\"ImageObject\",\"inLanguage\":\"pt-BR\",\"@id\":\"https:\/\/www.notibras.com\/site\/#\/schema\/logo\/image\/\",\"url\":\"https:\/\/www.notibras.com\/site\/wp-content\/uploads\/2023\/01\/notibras23.png\",\"contentUrl\":\"https:\/\/www.notibras.com\/site\/wp-content\/uploads\/2023\/01\/notibras23.png\",\"width\":350,\"height\":87,\"caption\":\"Grupo Notibras de Comunica\u00e7\u00e3o\"},\"image\":{\"@id\":\"https:\/\/www.notibras.com\/site\/#\/schema\/logo\/image\/\"},\"sameAs\":[\"https:\/\/www.facebook.com\/notibras\/\",\"https:\/\/x.com\/Notibras\",\"https:\/\/www.instagram.com\/notibras\/\"]},{\"@type\":\"Person\",\"@id\":\"https:\/\/www.notibras.com\/site\/#\/schema\/person\/5b7fabf2aedc3ada2105f03b22b4d3dd\",\"name\":\"Eduardo Mart\u00ednez\",\"image\":{\"@type\":\"ImageObject\",\"inLanguage\":\"pt-BR\",\"@id\":\"https:\/\/secure.gravatar.com\/avatar\/7902f906289926289cbcda644b5197c796b893c6ffd7b9a536a42d290f7704a0?s=96&d=mm&r=g\",\"url\":\"https:\/\/secure.gravatar.com\/avatar\/7902f906289926289cbcda644b5197c796b893c6ffd7b9a536a42d290f7704a0?s=96&d=mm&r=g\",\"contentUrl\":\"https:\/\/secure.gravatar.com\/avatar\/7902f906289926289cbcda644b5197c796b893c6ffd7b9a536a42d290f7704a0?s=96&d=mm&r=g\",\"caption\":\"Eduardo Mart\u00ednez\"}}]}<\/script>\n<!-- \/ Yoast SEO plugin. -->","yoast_head_json":{"title":"Pol\u00edcia investiga mais dois casos suspeitos - Notibras","robots":{"index":"index","follow":"follow","max-snippet":"max-snippet:-1","max-image-preview":"max-image-preview:large","max-video-preview":"max-video-preview:-1"},"canonical":"https:\/\/www.notibras.com\/site\/policia-investiga-mais-dois-casos-suspeitos\/","og_locale":"pt_BR","og_type":"article","og_title":"Pol\u00edcia investiga mais dois casos suspeitos - Notibras","og_description":"A Pol\u00edcia Civil do Distrito Federal (PCDF) est\u00e1 investigando mais dois casos suspeitos de morte no Hospital Anchieta, em Taguatinga. As v\u00edtimas, de 80 e 89 anos, foram atendidas pelo t\u00e9cnico de enfermagem Marcos Vin\u00edcius Silva Barbosa de Ara\u00fajo, de 24 anos, que j\u00e1 est\u00e1 preso por envolvimento nos crimes. De acordo com a pol\u00edcia, [&hellip;]","og_url":"https:\/\/www.notibras.com\/site\/policia-investiga-mais-dois-casos-suspeitos\/","og_site_name":"Notibras","article_publisher":"https:\/\/www.facebook.com\/notibras\/","article_published_time":"2026-01-22T03:30:58+00:00","og_image":[{"width":823,"height":554,"url":"https:\/\/www.notibras.com\/site\/wp-content\/uploads\/2026\/01\/43f31132-3eb0-48a3-afb8-034cd50b9352.jpg","type":"image\/jpeg"}],"author":"Eduardo Mart\u00ednez","twitter_card":"summary_large_image","twitter_creator":"@Notibras","twitter_site":"@Notibras","twitter_misc":{"Escrito por":"Eduardo Mart\u00ednez","Est. tempo de leitura":"2 minutos"},"schema":{"@context":"https:\/\/schema.org","@graph":[{"@type":"Article","@id":"https:\/\/www.notibras.com\/site\/policia-investiga-mais-dois-casos-suspeitos\/#article","isPartOf":{"@id":"https:\/\/www.notibras.com\/site\/policia-investiga-mais-dois-casos-suspeitos\/"},"author":{"name":"Eduardo Mart\u00ednez","@id":"https:\/\/www.notibras.com\/site\/#\/schema\/person\/5b7fabf2aedc3ada2105f03b22b4d3dd"},"headline":"Pol\u00edcia investiga mais dois casos suspeitos","datePublished":"2026-01-22T03:30:58+00:00","mainEntityOfPage":{"@id":"https:\/\/www.notibras.com\/site\/policia-investiga-mais-dois-casos-suspeitos\/"},"wordCount":327,"publisher":{"@id":"https:\/\/www.notibras.com\/site\/#organization"},"image":{"@id":"https:\/\/www.notibras.com\/site\/policia-investiga-mais-dois-casos-suspeitos\/#primaryimage"},"thumbnailUrl":"https:\/\/www.notibras.com\/site\/wp-content\/uploads\/2026\/01\/43f31132-3eb0-48a3-afb8-034cd50b9352.jpg","articleSection":["Quadradinho em Foco"],"inLanguage":"pt-BR"},{"@type":"WebPage","@id":"https:\/\/www.notibras.com\/site\/policia-investiga-mais-dois-casos-suspeitos\/","url":"https:\/\/www.notibras.com\/site\/policia-investiga-mais-dois-casos-suspeitos\/","name":"Pol\u00edcia investiga mais dois casos suspeitos - Notibras","isPartOf":{"@id":"https:\/\/www.notibras.com\/site\/#website"},"primaryImageOfPage":{"@id":"https:\/\/www.notibras.com\/site\/policia-investiga-mais-dois-casos-suspeitos\/#primaryimage"},"image":{"@id":"https:\/\/www.notibras.com\/site\/policia-investiga-mais-dois-casos-suspeitos\/#primaryimage"},"thumbnailUrl":"https:\/\/www.notibras.com\/site\/wp-content\/uploads\/2026\/01\/43f31132-3eb0-48a3-afb8-034cd50b9352.jpg","datePublished":"2026-01-22T03:30:58+00:00","breadcrumb":{"@id":"https:\/\/www.notibras.com\/site\/policia-investiga-mais-dois-casos-suspeitos\/#breadcrumb"},"inLanguage":"pt-BR","potentialAction":[{"@type":"ReadAction","target":["https:\/\/www.notibras.com\/site\/policia-investiga-mais-dois-casos-suspeitos\/"]}]},{"@type":"ImageObject","inLanguage":"pt-BR","@id":"https:\/\/www.notibras.com\/site\/policia-investiga-mais-dois-casos-suspeitos\/#primaryimage","url":"https:\/\/www.notibras.com\/site\/wp-content\/uploads\/2026\/01\/43f31132-3eb0-48a3-afb8-034cd50b9352.jpg","contentUrl":"https:\/\/www.notibras.com\/site\/wp-content\/uploads\/2026\/01\/43f31132-3eb0-48a3-afb8-034cd50b9352.jpg","width":823,"height":554},{"@type":"BreadcrumbList","@id":"https:\/\/www.notibras.com\/site\/policia-investiga-mais-dois-casos-suspeitos\/#breadcrumb","itemListElement":[{"@type":"ListItem","position":1,"name":"In\u00edcio","item":"https:\/\/www.notibras.com\/site\/"},{"@type":"ListItem","position":2,"name":"Pol\u00edcia investiga mais dois casos suspeitos"}]},{"@type":"WebSite","@id":"https:\/\/www.notibras.com\/site\/#website","url":"https:\/\/www.notibras.com\/site\/","name":"Notibras","description":"Not\u00edcias de Bras\u00edlia, do Brasil e do Mundo","publisher":{"@id":"https:\/\/www.notibras.com\/site\/#organization"},"potentialAction":[{"@type":"SearchAction","target":{"@type":"EntryPoint","urlTemplate":"https:\/\/www.notibras.com\/site\/?s={search_term_string}"},"query-input":{"@type":"PropertyValueSpecification","valueRequired":true,"valueName":"search_term_string"}}],"inLanguage":"pt-BR"},{"@type":"Organization","@id":"https:\/\/www.notibras.com\/site\/#organization","name":"Grupo Notibras de Comunica\u00e7\u00e3o","url":"https:\/\/www.notibras.com\/site\/","logo":{"@type":"ImageObject","inLanguage":"pt-BR","@id":"https:\/\/www.notibras.com\/site\/#\/schema\/logo\/image\/","url":"https:\/\/www.notibras.com\/site\/wp-content\/uploads\/2023\/01\/notibras23.png","contentUrl":"https:\/\/www.notibras.com\/site\/wp-content\/uploads\/2023\/01\/notibras23.png","width":350,"height":87,"caption":"Grupo Notibras de Comunica\u00e7\u00e3o"},"image":{"@id":"https:\/\/www.notibras.com\/site\/#\/schema\/logo\/image\/"},"sameAs":["https:\/\/www.facebook.com\/notibras\/","https:\/\/x.com\/Notibras","https:\/\/www.instagram.com\/notibras\/"]},{"@type":"Person","@id":"https:\/\/www.notibras.com\/site\/#\/schema\/person\/5b7fabf2aedc3ada2105f03b22b4d3dd","name":"Eduardo Mart\u00ednez","image":{"@type":"ImageObject","inLanguage":"pt-BR","@id":"https:\/\/secure.gravatar.com\/avatar\/7902f906289926289cbcda644b5197c796b893c6ffd7b9a536a42d290f7704a0?s=96&d=mm&r=g","url":"https:\/\/secure.gravatar.com\/avatar\/7902f906289926289cbcda644b5197c796b893c6ffd7b9a536a42d290f7704a0?s=96&d=mm&r=g","contentUrl":"https:\/\/secure.gravatar.com\/avatar\/7902f906289926289cbcda644b5197c796b893c6ffd7b9a536a42d290f7704a0?s=96&d=mm&r=g","caption":"Eduardo Mart\u00ednez"}}]}},"amp_enabled":true,"_links":{"self":[{"href":"https:\/\/www.notibras.com\/site\/wp-json\/wp\/v2\/posts\/380011","targetHints":{"allow":["GET"]}}],"collection":[{"href":"https:\/\/www.notibras.com\/site\/wp-json\/wp\/v2\/posts"}],"about":[{"href":"https:\/\/www.notibras.com\/site\/wp-json\/wp\/v2\/types\/post"}],"author":[{"embeddable":true,"href":"https:\/\/www.notibras.com\/site\/wp-json\/wp\/v2\/users\/21"}],"replies":[{"embeddable":true,"href":"https:\/\/www.notibras.com\/site\/wp-json\/wp\/v2\/comments?post=380011"}],"version-history":[{"count":2,"href":"https:\/\/www.notibras.com\/site\/wp-json\/wp\/v2\/posts\/380011\/revisions"}],"predecessor-version":[{"id":380014,"href":"https:\/\/www.notibras.com\/site\/wp-json\/wp\/v2\/posts\/380011\/revisions\/380014"}],"wp:featuredmedia":[{"embeddable":true,"href":"https:\/\/www.notibras.com\/site\/wp-json\/wp\/v2\/media\/380012"}],"wp:attachment":[{"href":"https:\/\/www.notibras.com\/site\/wp-json\/wp\/v2\/media?parent=380011"}],"wp:term":[{"taxonomy":"category","embeddable":true,"href":"https:\/\/www.notibras.com\/site\/wp-json\/wp\/v2\/categories?post=380011"},{"taxonomy":"post_tag","embeddable":true,"href":"https:\/\/www.notibras.com\/site\/wp-json\/wp\/v2\/tags?post=380011"}],"curies":[{"name":"wp","href":"https:\/\/api.w.org\/{rel}","templated":true}]}}