{"id":380015,"date":"2026-01-22T00:45:55","date_gmt":"2026-01-22T03:45:55","guid":{"rendered":"https:\/\/www.notibras.com\/site\/?p=380015"},"modified":"2026-01-21T23:30:46","modified_gmt":"2026-01-22T02:30:46","slug":"credito-sera-depositado-a-partir-do-dia-2-de-fevereiro","status":"publish","type":"post","link":"https:\/\/www.notibras.com\/site\/credito-sera-depositado-a-partir-do-dia-2-de-fevereiro\/","title":{"rendered":"Cr\u00e9dito ser\u00e1 depositado a partir do dia 2 de fevereiro"},"content":{"rendered":"<p>O cr\u00e9dito do Cart\u00e3o Material Escolar (CME) estar\u00e1 dispon\u00edvel nas contas das fam\u00edlias beneficiadas a partir do dia 2 de fevereiro. O an\u00fancio foi feito pela secret\u00e1ria de Educa\u00e7\u00e3o do Distrito Federal, H\u00e9lvia Paranagu\u00e1, durante a Reuni\u00e3o Cart\u00e3o Material Escolar 2026, realizada na manh\u00e3 desta quarta-feira (21), no audit\u00f3rio da C\u00e2mara Legislativa do Distrito Federal (CLDF), com a presen\u00e7a de representantes das empresas credenciadas no programa.<\/p>\n<p>Durante o encontro, a vice-governadora Celina Le\u00e3o destacou o papel dos programas sociais na promo\u00e7\u00e3o da dignidade das fam\u00edlias e no fortalecimento da economia local. Segundo ela, o modelo adotado pelo Governo do Distrito Federal (GDF) alia inclus\u00e3o social, autonomia dos benefici\u00e1rios e est\u00edmulo ao com\u00e9rcio nas diversas regi\u00f5es administrativas.<\/p>\n<p>\u201cSomos um governo que acredita e defende a\u00e7\u00f5es sociais que promovem dignidade e desenvolvimento. Hoje, o Distrito Federal conta com 16 programas de transfer\u00eancia por meio de cart\u00f5es, que movimentam o com\u00e9rcio, fortalecem os empreendedores locais e geram emprego e renda. Mas, acima de tudo, garantem respeito ao cidad\u00e3o. O modelo dos cart\u00f5es substituiu pr\u00e1ticas antigas e assegura autonomia \u00e0s fam\u00edlias, que podem comprar no com\u00e9rcio da cidade com dignidade e autoestima. S\u00e3o mais de R$ 1,5 bilh\u00e3o investidos nesses programas, executados por secretarias lideradas por mulheres, o que demonstra o compromisso do governo com pol\u00edticas p\u00fablicas eficientes e sens\u00edveis \u00e0s necessidades da popula\u00e7\u00e3o\u201d, afirmou.<\/p>\n<p>Compuseram o dispositivo, al\u00e9m da secret\u00e1ria de Educa\u00e7\u00e3o, a deputada distrital Jaqueline Silva; a secret\u00e1ria-executiva de Desenvolvimento Social Substituta, Luanna Kim Guimar\u00e3es; a diretora da Pol\u00edcia Civil do DF, Ana Carolina Litran Andrade; o presidente do Sistema Fecom\u00e9rcio do DF, Jos\u00e9 Aparecido da Costa Freire; e Michel Vieira Chervinski e Ana Carolina Pereira Stangherlin, respectivamente, coordenador da BRBCARD e superintendente de Governo do Banco de Bras\u00edlia (BRB).<\/p>\n<p>Com o intuito de esclarecer e orientar sobre o edital de chamamento p\u00fablico, o evento tamb\u00e9m apresentou o cronograma oficial e os valores previstos para a libera\u00e7\u00e3o dos cr\u00e9ditos. Foi divulgada, na ocasi\u00e3o, a rela\u00e7\u00e3o das papelarias aptas ao CME 2026, promovendo a entrega e a libera\u00e7\u00e3o das maquinetas BRBPay para as empresas regularizadas, destacando as melhorias e novas funcionalidades do sistema de pagamento.<\/p>\n<p>O Programa Cart\u00e3o Material Escolar foi institu\u00eddo pela <a href=\"https:\/\/www.sinj.df.gov.br\/sinj\/\">Lei n\u00ba 6.273\/2019<\/a> e tem por finalidade a concess\u00e3o de material did\u00e1tico escolar para atender as necessidades dos alunos regularmente matriculados na rede p\u00fablica de ensino do Distrito Federal, cujas unidades familiares sejam benefici\u00e1rias do Programa Bolsa Fam\u00edlia.<\/p>\n<p>Ap\u00f3s a libera\u00e7\u00e3o do cr\u00e9dito, as fam\u00edlias poder\u00e3o adquirir os itens da lista de material nas papelarias cadastradas pelo Governo do Distrito Federal. A rela\u00e7\u00e3o dos estabelecimentos credenciados est\u00e1 dispon\u00edvel no site da Secretaria de Educa\u00e7\u00e3o do Distrito Federal (SEEDF).<\/p>\n<p>T\u00eam direito ao subs\u00eddio os estudantes com idade entre 4 e 17 anos, matriculados regularmente na rede p\u00fablica de ensino do DF. O valor do aux\u00edlio varia de acordo com a etapa de ensino: R$ 320 para alunos da educa\u00e7\u00e3o infantil e ensino fundamental e R$ 240 para os do ensino m\u00e9dio.<\/p>\n<p>Em 2026, o programa deve beneficiar cerca de 172 mil estudantes do Distrito Federal, com um investimento estimado em R$ 52 milh\u00f5es, refor\u00e7ando o compromisso do governo com a educa\u00e7\u00e3o.<\/p>\n<p>Criado em 2019, o Cart\u00e3o Material Escolar surgiu para oferecer mais autonomia \u00e0s fam\u00edlias, que passaram a escolher os itens a serem adquiridos, em substitui\u00e7\u00e3o ao modelo de kit padronizado. No primeiro ano do programa, 64.652 alunos receberam o aux\u00edlio. Em 2025, foram 167.042 beneficiados, n\u00famero j\u00e1 superado em 2026, de acordo com dados preliminares do programa. A secret\u00e1ria H\u00e9lvia Paranagu\u00e1 destacou o aumento do total de crian\u00e7as contempladas e o impacto da iniciativa.<\/p>\n<p>\u201cHouve, este ano, um aumento em rela\u00e7\u00e3o a 2025. At\u00e9 hoje, s\u00e3o aproximadamente 172 mil crian\u00e7as inscritas para receber o Cart\u00e3o Material Escolar. E a gente fica muito feliz porque esse \u00e9 um programa que trouxe dignidade para o estudante, porque ele entra na sala de aula em p\u00e9 de igualdade com os outros, com o material que escolheu, que n\u00e3o foi escolhido pelo Estado\u201d, declarou.<\/p>\n<p>Tamb\u00e9m prestigiaram o evento a subsecret\u00e1ria de Apoio \u00e0s Pol\u00edticas Educacionais da SEEDF, Fernanda Mateus, e a secret\u00e1ria de Desenvolvimento Social do DF, Ana Paula Marra, que comentou sobre a import\u00e2ncia do programa para a economia local: \u201cHoje temos quase 500 papelarias credenciadas no Cart\u00e3o Material Escolar, espalhadas por todo o Distrito Federal, fortalecendo o com\u00e9rcio local e facilitando a vida das fam\u00edlias. E queremos ampliar ainda mais essa rede. O edital continua aberto ao longo do ano para que mais papelarias possam participar.\u201d<\/p>\n","protected":false},"excerpt":{"rendered":"<p>O cr\u00e9dito do Cart\u00e3o Material Escolar (CME) estar\u00e1 dispon\u00edvel nas contas das fam\u00edlias beneficiadas a partir do dia 2 de fevereiro. O an\u00fancio foi feito pela secret\u00e1ria de Educa\u00e7\u00e3o do Distrito Federal, H\u00e9lvia Paranagu\u00e1, durante a Reuni\u00e3o Cart\u00e3o Material Escolar 2026, realizada na manh\u00e3 desta quarta-feira (21), no audit\u00f3rio da C\u00e2mara Legislativa do Distrito Federal [&hellip;]<\/p>\n","protected":false},"author":21,"featured_media":380016,"comment_status":"closed","ping_status":"closed","sticky":false,"template":"","format":"standard","meta":{"_acf_changed":false,"footnotes":""},"categories":[161],"tags":[],"class_list":["post-380015","post","type-post","status-publish","format-standard","has-post-thumbnail","hentry","category-quadradinho-em-foco"],"acf":[],"yoast_head":"<!-- This site is optimized with the Yoast SEO plugin v27.2 - https:\/\/yoast.com\/product\/yoast-seo-wordpress\/ -->\n<title>Cr\u00e9dito ser\u00e1 depositado a partir do dia 2 de fevereiro - Notibras<\/title>\n<meta name=\"robots\" content=\"index, follow, max-snippet:-1, max-image-preview:large, max-video-preview:-1\" \/>\n<link rel=\"canonical\" href=\"https:\/\/www.notibras.com\/site\/credito-sera-depositado-a-partir-do-dia-2-de-fevereiro\/\" \/>\n<meta property=\"og:locale\" content=\"pt_BR\" \/>\n<meta property=\"og:type\" content=\"article\" \/>\n<meta property=\"og:title\" content=\"Cr\u00e9dito ser\u00e1 depositado a partir do dia 2 de fevereiro - Notibras\" \/>\n<meta property=\"og:description\" content=\"O cr\u00e9dito do Cart\u00e3o Material Escolar (CME) estar\u00e1 dispon\u00edvel nas contas das fam\u00edlias beneficiadas a partir do dia 2 de fevereiro. O an\u00fancio foi feito pela secret\u00e1ria de Educa\u00e7\u00e3o do Distrito Federal, H\u00e9lvia Paranagu\u00e1, durante a Reuni\u00e3o Cart\u00e3o Material Escolar 2026, realizada na manh\u00e3 desta quarta-feira (21), no audit\u00f3rio da C\u00e2mara Legislativa do Distrito Federal [&hellip;]\" \/>\n<meta property=\"og:url\" content=\"https:\/\/www.notibras.com\/site\/credito-sera-depositado-a-partir-do-dia-2-de-fevereiro\/\" \/>\n<meta property=\"og:site_name\" content=\"Notibras\" \/>\n<meta property=\"article:publisher\" content=\"https:\/\/www.facebook.com\/notibras\/\" \/>\n<meta property=\"article:published_time\" content=\"2026-01-22T03:45:55+00:00\" \/>\n<meta property=\"og:image\" content=\"https:\/\/www.notibras.com\/site\/wp-content\/uploads\/2026\/01\/Capa_Reuniao_CME-Foto-Mary-Leal-scaled.jpg\" \/>\n\t<meta property=\"og:image:width\" content=\"2560\" \/>\n\t<meta property=\"og:image:height\" content=\"1706\" \/>\n\t<meta property=\"og:image:type\" content=\"image\/jpeg\" \/>\n<meta name=\"author\" content=\"Eduardo Mart\u00ednez\" \/>\n<meta name=\"twitter:card\" content=\"summary_large_image\" \/>\n<meta name=\"twitter:creator\" content=\"@Notibras\" \/>\n<meta name=\"twitter:site\" content=\"@Notibras\" \/>\n<meta name=\"twitter:label1\" content=\"Escrito por\" \/>\n\t<meta name=\"twitter:data1\" content=\"Eduardo Mart\u00ednez\" \/>\n\t<meta name=\"twitter:label2\" content=\"Est. tempo de leitura\" \/>\n\t<meta name=\"twitter:data2\" content=\"5 minutos\" \/>\n<script type=\"application\/ld+json\" class=\"yoast-schema-graph\">{\"@context\":\"https:\/\/schema.org\",\"@graph\":[{\"@type\":\"Article\",\"@id\":\"https:\/\/www.notibras.com\/site\/credito-sera-depositado-a-partir-do-dia-2-de-fevereiro\/#article\",\"isPartOf\":{\"@id\":\"https:\/\/www.notibras.com\/site\/credito-sera-depositado-a-partir-do-dia-2-de-fevereiro\/\"},\"author\":{\"name\":\"Eduardo Mart\u00ednez\",\"@id\":\"https:\/\/www.notibras.com\/site\/#\/schema\/person\/5b7fabf2aedc3ada2105f03b22b4d3dd\"},\"headline\":\"Cr\u00e9dito ser\u00e1 depositado a partir do dia 2 de fevereiro\",\"datePublished\":\"2026-01-22T03:45:55+00:00\",\"mainEntityOfPage\":{\"@id\":\"https:\/\/www.notibras.com\/site\/credito-sera-depositado-a-partir-do-dia-2-de-fevereiro\/\"},\"wordCount\":827,\"publisher\":{\"@id\":\"https:\/\/www.notibras.com\/site\/#organization\"},\"image\":{\"@id\":\"https:\/\/www.notibras.com\/site\/credito-sera-depositado-a-partir-do-dia-2-de-fevereiro\/#primaryimage\"},\"thumbnailUrl\":\"https:\/\/www.notibras.com\/site\/wp-content\/uploads\/2026\/01\/Capa_Reuniao_CME-Foto-Mary-Leal-scaled.jpg\",\"articleSection\":[\"Quadradinho em Foco\"],\"inLanguage\":\"pt-BR\"},{\"@type\":\"WebPage\",\"@id\":\"https:\/\/www.notibras.com\/site\/credito-sera-depositado-a-partir-do-dia-2-de-fevereiro\/\",\"url\":\"https:\/\/www.notibras.com\/site\/credito-sera-depositado-a-partir-do-dia-2-de-fevereiro\/\",\"name\":\"Cr\u00e9dito ser\u00e1 depositado a partir do dia 2 de fevereiro - Notibras\",\"isPartOf\":{\"@id\":\"https:\/\/www.notibras.com\/site\/#website\"},\"primaryImageOfPage\":{\"@id\":\"https:\/\/www.notibras.com\/site\/credito-sera-depositado-a-partir-do-dia-2-de-fevereiro\/#primaryimage\"},\"image\":{\"@id\":\"https:\/\/www.notibras.com\/site\/credito-sera-depositado-a-partir-do-dia-2-de-fevereiro\/#primaryimage\"},\"thumbnailUrl\":\"https:\/\/www.notibras.com\/site\/wp-content\/uploads\/2026\/01\/Capa_Reuniao_CME-Foto-Mary-Leal-scaled.jpg\",\"datePublished\":\"2026-01-22T03:45:55+00:00\",\"breadcrumb\":{\"@id\":\"https:\/\/www.notibras.com\/site\/credito-sera-depositado-a-partir-do-dia-2-de-fevereiro\/#breadcrumb\"},\"inLanguage\":\"pt-BR\",\"potentialAction\":[{\"@type\":\"ReadAction\",\"target\":[\"https:\/\/www.notibras.com\/site\/credito-sera-depositado-a-partir-do-dia-2-de-fevereiro\/\"]}]},{\"@type\":\"ImageObject\",\"inLanguage\":\"pt-BR\",\"@id\":\"https:\/\/www.notibras.com\/site\/credito-sera-depositado-a-partir-do-dia-2-de-fevereiro\/#primaryimage\",\"url\":\"https:\/\/www.notibras.com\/site\/wp-content\/uploads\/2026\/01\/Capa_Reuniao_CME-Foto-Mary-Leal-scaled.jpg\",\"contentUrl\":\"https:\/\/www.notibras.com\/site\/wp-content\/uploads\/2026\/01\/Capa_Reuniao_CME-Foto-Mary-Leal-scaled.jpg\",\"width\":2560,\"height\":1706},{\"@type\":\"BreadcrumbList\",\"@id\":\"https:\/\/www.notibras.com\/site\/credito-sera-depositado-a-partir-do-dia-2-de-fevereiro\/#breadcrumb\",\"itemListElement\":[{\"@type\":\"ListItem\",\"position\":1,\"name\":\"In\u00edcio\",\"item\":\"https:\/\/www.notibras.com\/site\/\"},{\"@type\":\"ListItem\",\"position\":2,\"name\":\"Cr\u00e9dito ser\u00e1 depositado a partir do dia 2 de fevereiro\"}]},{\"@type\":\"WebSite\",\"@id\":\"https:\/\/www.notibras.com\/site\/#website\",\"url\":\"https:\/\/www.notibras.com\/site\/\",\"name\":\"Notibras\",\"description\":\"Not\u00edcias de Bras\u00edlia, do Brasil e do Mundo\",\"publisher\":{\"@id\":\"https:\/\/www.notibras.com\/site\/#organization\"},\"potentialAction\":[{\"@type\":\"SearchAction\",\"target\":{\"@type\":\"EntryPoint\",\"urlTemplate\":\"https:\/\/www.notibras.com\/site\/?s={search_term_string}\"},\"query-input\":{\"@type\":\"PropertyValueSpecification\",\"valueRequired\":true,\"valueName\":\"search_term_string\"}}],\"inLanguage\":\"pt-BR\"},{\"@type\":\"Organization\",\"@id\":\"https:\/\/www.notibras.com\/site\/#organization\",\"name\":\"Grupo Notibras de Comunica\u00e7\u00e3o\",\"url\":\"https:\/\/www.notibras.com\/site\/\",\"logo\":{\"@type\":\"ImageObject\",\"inLanguage\":\"pt-BR\",\"@id\":\"https:\/\/www.notibras.com\/site\/#\/schema\/logo\/image\/\",\"url\":\"https:\/\/www.notibras.com\/site\/wp-content\/uploads\/2023\/01\/notibras23.png\",\"contentUrl\":\"https:\/\/www.notibras.com\/site\/wp-content\/uploads\/2023\/01\/notibras23.png\",\"width\":350,\"height\":87,\"caption\":\"Grupo Notibras de Comunica\u00e7\u00e3o\"},\"image\":{\"@id\":\"https:\/\/www.notibras.com\/site\/#\/schema\/logo\/image\/\"},\"sameAs\":[\"https:\/\/www.facebook.com\/notibras\/\",\"https:\/\/x.com\/Notibras\",\"https:\/\/www.instagram.com\/notibras\/\"]},{\"@type\":\"Person\",\"@id\":\"https:\/\/www.notibras.com\/site\/#\/schema\/person\/5b7fabf2aedc3ada2105f03b22b4d3dd\",\"name\":\"Eduardo Mart\u00ednez\",\"image\":{\"@type\":\"ImageObject\",\"inLanguage\":\"pt-BR\",\"@id\":\"https:\/\/secure.gravatar.com\/avatar\/7902f906289926289cbcda644b5197c796b893c6ffd7b9a536a42d290f7704a0?s=96&d=mm&r=g\",\"url\":\"https:\/\/secure.gravatar.com\/avatar\/7902f906289926289cbcda644b5197c796b893c6ffd7b9a536a42d290f7704a0?s=96&d=mm&r=g\",\"contentUrl\":\"https:\/\/secure.gravatar.com\/avatar\/7902f906289926289cbcda644b5197c796b893c6ffd7b9a536a42d290f7704a0?s=96&d=mm&r=g\",\"caption\":\"Eduardo Mart\u00ednez\"}}]}<\/script>\n<!-- \/ Yoast SEO plugin. -->","yoast_head_json":{"title":"Cr\u00e9dito ser\u00e1 depositado a partir do dia 2 de fevereiro - Notibras","robots":{"index":"index","follow":"follow","max-snippet":"max-snippet:-1","max-image-preview":"max-image-preview:large","max-video-preview":"max-video-preview:-1"},"canonical":"https:\/\/www.notibras.com\/site\/credito-sera-depositado-a-partir-do-dia-2-de-fevereiro\/","og_locale":"pt_BR","og_type":"article","og_title":"Cr\u00e9dito ser\u00e1 depositado a partir do dia 2 de fevereiro - Notibras","og_description":"O cr\u00e9dito do Cart\u00e3o Material Escolar (CME) estar\u00e1 dispon\u00edvel nas contas das fam\u00edlias beneficiadas a partir do dia 2 de fevereiro. O an\u00fancio foi feito pela secret\u00e1ria de Educa\u00e7\u00e3o do Distrito Federal, H\u00e9lvia Paranagu\u00e1, durante a Reuni\u00e3o Cart\u00e3o Material Escolar 2026, realizada na manh\u00e3 desta quarta-feira (21), no audit\u00f3rio da C\u00e2mara Legislativa do Distrito Federal [&hellip;]","og_url":"https:\/\/www.notibras.com\/site\/credito-sera-depositado-a-partir-do-dia-2-de-fevereiro\/","og_site_name":"Notibras","article_publisher":"https:\/\/www.facebook.com\/notibras\/","article_published_time":"2026-01-22T03:45:55+00:00","og_image":[{"width":2560,"height":1706,"url":"https:\/\/www.notibras.com\/site\/wp-content\/uploads\/2026\/01\/Capa_Reuniao_CME-Foto-Mary-Leal-scaled.jpg","type":"image\/jpeg"}],"author":"Eduardo Mart\u00ednez","twitter_card":"summary_large_image","twitter_creator":"@Notibras","twitter_site":"@Notibras","twitter_misc":{"Escrito por":"Eduardo Mart\u00ednez","Est. tempo de leitura":"5 minutos"},"schema":{"@context":"https:\/\/schema.org","@graph":[{"@type":"Article","@id":"https:\/\/www.notibras.com\/site\/credito-sera-depositado-a-partir-do-dia-2-de-fevereiro\/#article","isPartOf":{"@id":"https:\/\/www.notibras.com\/site\/credito-sera-depositado-a-partir-do-dia-2-de-fevereiro\/"},"author":{"name":"Eduardo Mart\u00ednez","@id":"https:\/\/www.notibras.com\/site\/#\/schema\/person\/5b7fabf2aedc3ada2105f03b22b4d3dd"},"headline":"Cr\u00e9dito ser\u00e1 depositado a partir do dia 2 de fevereiro","datePublished":"2026-01-22T03:45:55+00:00","mainEntityOfPage":{"@id":"https:\/\/www.notibras.com\/site\/credito-sera-depositado-a-partir-do-dia-2-de-fevereiro\/"},"wordCount":827,"publisher":{"@id":"https:\/\/www.notibras.com\/site\/#organization"},"image":{"@id":"https:\/\/www.notibras.com\/site\/credito-sera-depositado-a-partir-do-dia-2-de-fevereiro\/#primaryimage"},"thumbnailUrl":"https:\/\/www.notibras.com\/site\/wp-content\/uploads\/2026\/01\/Capa_Reuniao_CME-Foto-Mary-Leal-scaled.jpg","articleSection":["Quadradinho em Foco"],"inLanguage":"pt-BR"},{"@type":"WebPage","@id":"https:\/\/www.notibras.com\/site\/credito-sera-depositado-a-partir-do-dia-2-de-fevereiro\/","url":"https:\/\/www.notibras.com\/site\/credito-sera-depositado-a-partir-do-dia-2-de-fevereiro\/","name":"Cr\u00e9dito ser\u00e1 depositado a partir do dia 2 de fevereiro - Notibras","isPartOf":{"@id":"https:\/\/www.notibras.com\/site\/#website"},"primaryImageOfPage":{"@id":"https:\/\/www.notibras.com\/site\/credito-sera-depositado-a-partir-do-dia-2-de-fevereiro\/#primaryimage"},"image":{"@id":"https:\/\/www.notibras.com\/site\/credito-sera-depositado-a-partir-do-dia-2-de-fevereiro\/#primaryimage"},"thumbnailUrl":"https:\/\/www.notibras.com\/site\/wp-content\/uploads\/2026\/01\/Capa_Reuniao_CME-Foto-Mary-Leal-scaled.jpg","datePublished":"2026-01-22T03:45:55+00:00","breadcrumb":{"@id":"https:\/\/www.notibras.com\/site\/credito-sera-depositado-a-partir-do-dia-2-de-fevereiro\/#breadcrumb"},"inLanguage":"pt-BR","potentialAction":[{"@type":"ReadAction","target":["https:\/\/www.notibras.com\/site\/credito-sera-depositado-a-partir-do-dia-2-de-fevereiro\/"]}]},{"@type":"ImageObject","inLanguage":"pt-BR","@id":"https:\/\/www.notibras.com\/site\/credito-sera-depositado-a-partir-do-dia-2-de-fevereiro\/#primaryimage","url":"https:\/\/www.notibras.com\/site\/wp-content\/uploads\/2026\/01\/Capa_Reuniao_CME-Foto-Mary-Leal-scaled.jpg","contentUrl":"https:\/\/www.notibras.com\/site\/wp-content\/uploads\/2026\/01\/Capa_Reuniao_CME-Foto-Mary-Leal-scaled.jpg","width":2560,"height":1706},{"@type":"BreadcrumbList","@id":"https:\/\/www.notibras.com\/site\/credito-sera-depositado-a-partir-do-dia-2-de-fevereiro\/#breadcrumb","itemListElement":[{"@type":"ListItem","position":1,"name":"In\u00edcio","item":"https:\/\/www.notibras.com\/site\/"},{"@type":"ListItem","position":2,"name":"Cr\u00e9dito ser\u00e1 depositado a partir do dia 2 de fevereiro"}]},{"@type":"WebSite","@id":"https:\/\/www.notibras.com\/site\/#website","url":"https:\/\/www.notibras.com\/site\/","name":"Notibras","description":"Not\u00edcias de Bras\u00edlia, do Brasil e do Mundo","publisher":{"@id":"https:\/\/www.notibras.com\/site\/#organization"},"potentialAction":[{"@type":"SearchAction","target":{"@type":"EntryPoint","urlTemplate":"https:\/\/www.notibras.com\/site\/?s={search_term_string}"},"query-input":{"@type":"PropertyValueSpecification","valueRequired":true,"valueName":"search_term_string"}}],"inLanguage":"pt-BR"},{"@type":"Organization","@id":"https:\/\/www.notibras.com\/site\/#organization","name":"Grupo Notibras de Comunica\u00e7\u00e3o","url":"https:\/\/www.notibras.com\/site\/","logo":{"@type":"ImageObject","inLanguage":"pt-BR","@id":"https:\/\/www.notibras.com\/site\/#\/schema\/logo\/image\/","url":"https:\/\/www.notibras.com\/site\/wp-content\/uploads\/2023\/01\/notibras23.png","contentUrl":"https:\/\/www.notibras.com\/site\/wp-content\/uploads\/2023\/01\/notibras23.png","width":350,"height":87,"caption":"Grupo Notibras de Comunica\u00e7\u00e3o"},"image":{"@id":"https:\/\/www.notibras.com\/site\/#\/schema\/logo\/image\/"},"sameAs":["https:\/\/www.facebook.com\/notibras\/","https:\/\/x.com\/Notibras","https:\/\/www.instagram.com\/notibras\/"]},{"@type":"Person","@id":"https:\/\/www.notibras.com\/site\/#\/schema\/person\/5b7fabf2aedc3ada2105f03b22b4d3dd","name":"Eduardo Mart\u00ednez","image":{"@type":"ImageObject","inLanguage":"pt-BR","@id":"https:\/\/secure.gravatar.com\/avatar\/7902f906289926289cbcda644b5197c796b893c6ffd7b9a536a42d290f7704a0?s=96&d=mm&r=g","url":"https:\/\/secure.gravatar.com\/avatar\/7902f906289926289cbcda644b5197c796b893c6ffd7b9a536a42d290f7704a0?s=96&d=mm&r=g","contentUrl":"https:\/\/secure.gravatar.com\/avatar\/7902f906289926289cbcda644b5197c796b893c6ffd7b9a536a42d290f7704a0?s=96&d=mm&r=g","caption":"Eduardo Mart\u00ednez"}}]}},"amp_enabled":true,"_links":{"self":[{"href":"https:\/\/www.notibras.com\/site\/wp-json\/wp\/v2\/posts\/380015","targetHints":{"allow":["GET"]}}],"collection":[{"href":"https:\/\/www.notibras.com\/site\/wp-json\/wp\/v2\/posts"}],"about":[{"href":"https:\/\/www.notibras.com\/site\/wp-json\/wp\/v2\/types\/post"}],"author":[{"embeddable":true,"href":"https:\/\/www.notibras.com\/site\/wp-json\/wp\/v2\/users\/21"}],"replies":[{"embeddable":true,"href":"https:\/\/www.notibras.com\/site\/wp-json\/wp\/v2\/comments?post=380015"}],"version-history":[{"count":5,"href":"https:\/\/www.notibras.com\/site\/wp-json\/wp\/v2\/posts\/380015\/revisions"}],"predecessor-version":[{"id":380021,"href":"https:\/\/www.notibras.com\/site\/wp-json\/wp\/v2\/posts\/380015\/revisions\/380021"}],"wp:featuredmedia":[{"embeddable":true,"href":"https:\/\/www.notibras.com\/site\/wp-json\/wp\/v2\/media\/380016"}],"wp:attachment":[{"href":"https:\/\/www.notibras.com\/site\/wp-json\/wp\/v2\/media?parent=380015"}],"wp:term":[{"taxonomy":"category","embeddable":true,"href":"https:\/\/www.notibras.com\/site\/wp-json\/wp\/v2\/categories?post=380015"},{"taxonomy":"post_tag","embeddable":true,"href":"https:\/\/www.notibras.com\/site\/wp-json\/wp\/v2\/tags?post=380015"}],"curies":[{"name":"wp","href":"https:\/\/api.w.org\/{rel}","templated":true}]}}