{"id":380022,"date":"2026-01-22T00:37:34","date_gmt":"2026-01-22T03:37:34","guid":{"rendered":"https:\/\/www.notibras.com\/site\/?p=380022"},"modified":"2026-01-21T23:38:36","modified_gmt":"2026-01-22T02:38:36","slug":"menino-maluquinho-vira-pinoquio-e-da-volta-ao-mundo-sem-sair-do-lugar","status":"publish","type":"post","link":"https:\/\/www.notibras.com\/site\/menino-maluquinho-vira-pinoquio-e-da-volta-ao-mundo-sem-sair-do-lugar\/","title":{"rendered":"Menino maluquinho vira Pin\u00f3quio e d\u00e1 volta ao mundo sem sair do lugar"},"content":{"rendered":"<p>Gra\u00e7as \u00e0s voltas que o mundo d\u00e1,\u00a0<i>eu si divirto<\/i>\u00a0(assim mesmo) com as pessoas que se se assemelham a uma moeda de dois lados e est\u00e3o sempre prontas a mostrar a face mais conveniente. S\u00e3o aquelas do tipo iceberg, cuja ponta \u00e9 vis\u00edvel, mas a parte nociva e diab\u00f3lica est\u00e1 escondida. \u00c9 o caso nu e cru do deputado Nikolas Ferreira (PL-MG), menino obediente, obsequioso e bajulador de primeira hora do cl\u00e3 Bolsonaro. Pois bem. Muito antes de descobrir a farsa, eu j\u00e1 estava escrevendo sobre o farsante Nikolas, o mesmo que n\u00e3o sabe mais o que fazer para aparecer.<\/p>\n<p>Tomara que um correligion\u00e1rio lhe sugira com urg\u00eancia pendurar no pesco\u00e7o a cueca usada pelo ex-presidente Jair Messias em sua primeira noite nos novos aposentos da Papudinha. Enquanto isso, a pergunta que n\u00e3o quer calar \u00e9 simples: O que leva um parlamentar bem votado a tratar seu eleitorado dessa forma? Falta do que fazer, vontade de chamar aten\u00e7\u00e3o ou necessidade de crescer? Talvez tudo isso junto e mais uma chamada de um ou dois eleitores para que ele crie coragem e apresente pelo menos um projeto de interesse do seu estado, de sua cidade ou de sua base eleitoral.<\/p>\n<p>Faz tr\u00eas anos que o menino maluquinho foi informado da possibilidade de seu mestre Bolsonaro e os demais golpistas serem presos. Foram. Ap\u00f3s o devido processo legal, Jair, seus asseclas e os terroristas fan\u00e1ticos acabaram condenados e, conforme determina a lei, enjaulados. Por que s\u00f3 agora, Nikolas resolveu protestar publicamente contra o que est\u00e1 posto h\u00e1 meses? Em alguns casos, h\u00e1 anos? N\u00e3o h\u00e1 outra explica\u00e7\u00e3o l\u00f3gica que n\u00e3o seja o exacerbado, entusiasmado e amalucado desejo de mostrar ao distinto, mas ocupado p\u00fablico brasileiro o tamanho de sua servilidade aos interesses dos tiranos. Ali\u00e1s, como vestibulando de d\u00e9spota, ele parece que daria para um \u00f3timo histri\u00e3o.<\/p>\n<p>Craque na arte de criar fatos que o impe\u00e7am de exercer o mandato que o povo mineiro lhe confiou, o deputado que n\u00e3o sabe ou finge n\u00e3o saber o que faz um parlamentar anunciou esta semana mais um daqueles protestos que n\u00e3o servem sequer para projet\u00e1-lo como descart\u00e1vel. Muito mais eleitoreira do que em defesa de seu queridinho, a manifesta\u00e7\u00e3o Nikolaniana deveria ter 740 quil\u00f4metros, que \u00e9 a dist\u00e2ncia entre Bras\u00edlia e Belo Horizonte. No entanto, a caminhada que ele come\u00e7ou pela BR-040 na segunda-feira (19) teria aproximadamente 240 km, conforme divulgado por sua assessoria. A\u00ed come\u00e7ou a engana\u00e7\u00e3o. Ou seja, disse que daria a volta ao mundo, mas n\u00e3o saiu do lugar.<\/p>\n<p>De acordo com filmagens de terceiros e quartos, o percurso inteiro talvez n\u00e3o passe de um metro e meio. Considerando todas as margens de erro, ele pode chegar a 22 cabal\u00edsticos metros. E sabem por qu\u00ea? Porque ele anda dois metros e meio, sobe numa caminhonete pronta para a sacanagem e roda de 80 a 100 km. E assim sucessivamente. Antes de seguir viagem motorizado, produz v\u00eddeos em s\u00e9rie para sua rede social. Desse modo, qualquer perneta chega \u00e0 lua. Imaginem um sujeito como o deputado, que, al\u00e9m de n\u00e3o dispor de seriedade alguma, tamb\u00e9m n\u00e3o tem punho. Ou seja, \u00e9 um Z\u00e9&#8230;<\/p>\n<p>O problema \u00e9 que ainda h\u00e1 quem acredite nas lorotas do papudinho bolsonarista. Como tem bobo para tudo, ele aportar\u00e1 dia 2 de fevereiro na C\u00e2mara munido de fatos inventados. Como a farsa n\u00e3o se sustenta a longo prazo, pelo menos a caminhada que n\u00e3o existiu dever\u00e1 servir para que o Brasil inteiro perceba que o deputado da putada \u00e9 a prova inconteste de que nada melhor do que seres c\u00ednicos para nos mostrar a verdadeira face da hipocrisia. Quando pessoas mentirosas e dissimuladas batem \u00e0 minha porta, n\u00e3o abro para evitar ser contagiado pelo fingimento.<\/p>\n<p>&#8230;&#8230;&#8230;&#8230;.<\/p>\n<p><strong>Sonja Tavares \u00e9 Editora de Pol\u00edtica de Notibras<\/strong><\/p>\n","protected":false},"excerpt":{"rendered":"<p>Gra\u00e7as \u00e0s voltas que o mundo d\u00e1,\u00a0eu si divirto\u00a0(assim mesmo) com as pessoas que se se assemelham a uma moeda de dois lados e est\u00e3o sempre prontas a mostrar a face mais conveniente. S\u00e3o aquelas do tipo iceberg, cuja ponta \u00e9 vis\u00edvel, mas a parte nociva e diab\u00f3lica est\u00e1 escondida. \u00c9 o caso nu e [&hellip;]<\/p>\n","protected":false},"author":2,"featured_media":380027,"comment_status":"closed","ping_status":"closed","sticky":false,"template":"","format":"standard","meta":{"_acf_changed":false,"footnotes":""},"categories":[16],"tags":[],"class_list":["post-380022","post","type-post","status-publish","format-standard","has-post-thumbnail","hentry","category-brasil"],"acf":[],"yoast_head":"<!-- This site is optimized with the Yoast SEO plugin v27.2 - https:\/\/yoast.com\/product\/yoast-seo-wordpress\/ -->\n<title>Menino maluquinho vira Pin\u00f3quio e d\u00e1 volta ao mundo sem sair do lugar - Notibras<\/title>\n<meta name=\"robots\" content=\"index, follow, max-snippet:-1, max-image-preview:large, max-video-preview:-1\" \/>\n<link rel=\"canonical\" href=\"https:\/\/www.notibras.com\/site\/menino-maluquinho-vira-pinoquio-e-da-volta-ao-mundo-sem-sair-do-lugar\/\" \/>\n<meta property=\"og:locale\" content=\"pt_BR\" \/>\n<meta property=\"og:type\" content=\"article\" \/>\n<meta property=\"og:title\" content=\"Menino maluquinho vira Pin\u00f3quio e d\u00e1 volta ao mundo sem sair do lugar - Notibras\" \/>\n<meta property=\"og:description\" content=\"Gra\u00e7as \u00e0s voltas que o mundo d\u00e1,\u00a0eu si divirto\u00a0(assim mesmo) com as pessoas que se se assemelham a uma moeda de dois lados e est\u00e3o sempre prontas a mostrar a face mais conveniente. S\u00e3o aquelas do tipo iceberg, cuja ponta \u00e9 vis\u00edvel, mas a parte nociva e diab\u00f3lica est\u00e1 escondida. \u00c9 o caso nu e [&hellip;]\" \/>\n<meta property=\"og:url\" content=\"https:\/\/www.notibras.com\/site\/menino-maluquinho-vira-pinoquio-e-da-volta-ao-mundo-sem-sair-do-lugar\/\" \/>\n<meta property=\"og:site_name\" content=\"Notibras\" \/>\n<meta property=\"article:publisher\" content=\"https:\/\/www.facebook.com\/notibras\/\" \/>\n<meta property=\"article:published_time\" content=\"2026-01-22T03:37:34+00:00\" \/>\n<meta property=\"og:image\" content=\"https:\/\/www.notibras.com\/site\/wp-content\/uploads\/2026\/01\/38314cc7-nikolas-ferreira.-ft-reproducao-stories-instagram.jpeg\" \/>\n\t<meta property=\"og:image:width\" content=\"1080\" \/>\n\t<meta property=\"og:image:height\" content=\"708\" \/>\n\t<meta property=\"og:image:type\" content=\"image\/jpeg\" \/>\n<meta name=\"author\" content=\"Reda\u00e7\u00e3o\" \/>\n<meta name=\"twitter:card\" content=\"summary_large_image\" \/>\n<meta name=\"twitter:creator\" content=\"@Notibras\" \/>\n<meta name=\"twitter:site\" content=\"@Notibras\" \/>\n<meta name=\"twitter:label1\" content=\"Escrito por\" \/>\n\t<meta name=\"twitter:data1\" content=\"Reda\u00e7\u00e3o\" \/>\n\t<meta name=\"twitter:label2\" content=\"Est. tempo de leitura\" \/>\n\t<meta name=\"twitter:data2\" content=\"4 minutos\" \/>\n<script type=\"application\/ld+json\" class=\"yoast-schema-graph\">{\"@context\":\"https:\/\/schema.org\",\"@graph\":[{\"@type\":\"Article\",\"@id\":\"https:\/\/www.notibras.com\/site\/menino-maluquinho-vira-pinoquio-e-da-volta-ao-mundo-sem-sair-do-lugar\/#article\",\"isPartOf\":{\"@id\":\"https:\/\/www.notibras.com\/site\/menino-maluquinho-vira-pinoquio-e-da-volta-ao-mundo-sem-sair-do-lugar\/\"},\"author\":{\"name\":\"Reda\u00e7\u00e3o\",\"@id\":\"https:\/\/www.notibras.com\/site\/#\/schema\/person\/36ab0979449956132d3e5b517ea76ac8\"},\"headline\":\"Menino maluquinho vira Pin\u00f3quio e d\u00e1 volta ao mundo sem sair do lugar\",\"datePublished\":\"2026-01-22T03:37:34+00:00\",\"mainEntityOfPage\":{\"@id\":\"https:\/\/www.notibras.com\/site\/menino-maluquinho-vira-pinoquio-e-da-volta-ao-mundo-sem-sair-do-lugar\/\"},\"wordCount\":673,\"publisher\":{\"@id\":\"https:\/\/www.notibras.com\/site\/#organization\"},\"image\":{\"@id\":\"https:\/\/www.notibras.com\/site\/menino-maluquinho-vira-pinoquio-e-da-volta-ao-mundo-sem-sair-do-lugar\/#primaryimage\"},\"thumbnailUrl\":\"https:\/\/www.notibras.com\/site\/wp-content\/uploads\/2026\/01\/38314cc7-nikolas-ferreira.-ft-reproducao-stories-instagram.jpeg\",\"articleSection\":[\"Brasil\"],\"inLanguage\":\"pt-BR\"},{\"@type\":\"WebPage\",\"@id\":\"https:\/\/www.notibras.com\/site\/menino-maluquinho-vira-pinoquio-e-da-volta-ao-mundo-sem-sair-do-lugar\/\",\"url\":\"https:\/\/www.notibras.com\/site\/menino-maluquinho-vira-pinoquio-e-da-volta-ao-mundo-sem-sair-do-lugar\/\",\"name\":\"Menino maluquinho vira Pin\u00f3quio e d\u00e1 volta ao mundo sem sair do lugar - Notibras\",\"isPartOf\":{\"@id\":\"https:\/\/www.notibras.com\/site\/#website\"},\"primaryImageOfPage\":{\"@id\":\"https:\/\/www.notibras.com\/site\/menino-maluquinho-vira-pinoquio-e-da-volta-ao-mundo-sem-sair-do-lugar\/#primaryimage\"},\"image\":{\"@id\":\"https:\/\/www.notibras.com\/site\/menino-maluquinho-vira-pinoquio-e-da-volta-ao-mundo-sem-sair-do-lugar\/#primaryimage\"},\"thumbnailUrl\":\"https:\/\/www.notibras.com\/site\/wp-content\/uploads\/2026\/01\/38314cc7-nikolas-ferreira.-ft-reproducao-stories-instagram.jpeg\",\"datePublished\":\"2026-01-22T03:37:34+00:00\",\"breadcrumb\":{\"@id\":\"https:\/\/www.notibras.com\/site\/menino-maluquinho-vira-pinoquio-e-da-volta-ao-mundo-sem-sair-do-lugar\/#breadcrumb\"},\"inLanguage\":\"pt-BR\",\"potentialAction\":[{\"@type\":\"ReadAction\",\"target\":[\"https:\/\/www.notibras.com\/site\/menino-maluquinho-vira-pinoquio-e-da-volta-ao-mundo-sem-sair-do-lugar\/\"]}]},{\"@type\":\"ImageObject\",\"inLanguage\":\"pt-BR\",\"@id\":\"https:\/\/www.notibras.com\/site\/menino-maluquinho-vira-pinoquio-e-da-volta-ao-mundo-sem-sair-do-lugar\/#primaryimage\",\"url\":\"https:\/\/www.notibras.com\/site\/wp-content\/uploads\/2026\/01\/38314cc7-nikolas-ferreira.-ft-reproducao-stories-instagram.jpeg\",\"contentUrl\":\"https:\/\/www.notibras.com\/site\/wp-content\/uploads\/2026\/01\/38314cc7-nikolas-ferreira.-ft-reproducao-stories-instagram.jpeg\",\"width\":1080,\"height\":708},{\"@type\":\"BreadcrumbList\",\"@id\":\"https:\/\/www.notibras.com\/site\/menino-maluquinho-vira-pinoquio-e-da-volta-ao-mundo-sem-sair-do-lugar\/#breadcrumb\",\"itemListElement\":[{\"@type\":\"ListItem\",\"position\":1,\"name\":\"In\u00edcio\",\"item\":\"https:\/\/www.notibras.com\/site\/\"},{\"@type\":\"ListItem\",\"position\":2,\"name\":\"Menino maluquinho vira Pin\u00f3quio e d\u00e1 volta ao mundo sem sair do lugar\"}]},{\"@type\":\"WebSite\",\"@id\":\"https:\/\/www.notibras.com\/site\/#website\",\"url\":\"https:\/\/www.notibras.com\/site\/\",\"name\":\"Notibras\",\"description\":\"Not\u00edcias de Bras\u00edlia, do Brasil e do Mundo\",\"publisher\":{\"@id\":\"https:\/\/www.notibras.com\/site\/#organization\"},\"potentialAction\":[{\"@type\":\"SearchAction\",\"target\":{\"@type\":\"EntryPoint\",\"urlTemplate\":\"https:\/\/www.notibras.com\/site\/?s={search_term_string}\"},\"query-input\":{\"@type\":\"PropertyValueSpecification\",\"valueRequired\":true,\"valueName\":\"search_term_string\"}}],\"inLanguage\":\"pt-BR\"},{\"@type\":\"Organization\",\"@id\":\"https:\/\/www.notibras.com\/site\/#organization\",\"name\":\"Grupo Notibras de Comunica\u00e7\u00e3o\",\"url\":\"https:\/\/www.notibras.com\/site\/\",\"logo\":{\"@type\":\"ImageObject\",\"inLanguage\":\"pt-BR\",\"@id\":\"https:\/\/www.notibras.com\/site\/#\/schema\/logo\/image\/\",\"url\":\"https:\/\/www.notibras.com\/site\/wp-content\/uploads\/2023\/01\/notibras23.png\",\"contentUrl\":\"https:\/\/www.notibras.com\/site\/wp-content\/uploads\/2023\/01\/notibras23.png\",\"width\":350,\"height\":87,\"caption\":\"Grupo Notibras de Comunica\u00e7\u00e3o\"},\"image\":{\"@id\":\"https:\/\/www.notibras.com\/site\/#\/schema\/logo\/image\/\"},\"sameAs\":[\"https:\/\/www.facebook.com\/notibras\/\",\"https:\/\/x.com\/Notibras\",\"https:\/\/www.instagram.com\/notibras\/\"]},{\"@type\":\"Person\",\"@id\":\"https:\/\/www.notibras.com\/site\/#\/schema\/person\/36ab0979449956132d3e5b517ea76ac8\",\"name\":\"Reda\u00e7\u00e3o\",\"image\":{\"@type\":\"ImageObject\",\"inLanguage\":\"pt-BR\",\"@id\":\"https:\/\/secure.gravatar.com\/avatar\/e0a867bdedb85fd243eadf09663511f96fc81e0720a4a42581f334ad4303aa6b?s=96&d=mm&r=g\",\"url\":\"https:\/\/secure.gravatar.com\/avatar\/e0a867bdedb85fd243eadf09663511f96fc81e0720a4a42581f334ad4303aa6b?s=96&d=mm&r=g\",\"contentUrl\":\"https:\/\/secure.gravatar.com\/avatar\/e0a867bdedb85fd243eadf09663511f96fc81e0720a4a42581f334ad4303aa6b?s=96&d=mm&r=g\",\"caption\":\"Reda\u00e7\u00e3o\"}}]}<\/script>\n<!-- \/ Yoast SEO plugin. -->","yoast_head_json":{"title":"Menino maluquinho vira Pin\u00f3quio e d\u00e1 volta ao mundo sem sair do lugar - Notibras","robots":{"index":"index","follow":"follow","max-snippet":"max-snippet:-1","max-image-preview":"max-image-preview:large","max-video-preview":"max-video-preview:-1"},"canonical":"https:\/\/www.notibras.com\/site\/menino-maluquinho-vira-pinoquio-e-da-volta-ao-mundo-sem-sair-do-lugar\/","og_locale":"pt_BR","og_type":"article","og_title":"Menino maluquinho vira Pin\u00f3quio e d\u00e1 volta ao mundo sem sair do lugar - Notibras","og_description":"Gra\u00e7as \u00e0s voltas que o mundo d\u00e1,\u00a0eu si divirto\u00a0(assim mesmo) com as pessoas que se se assemelham a uma moeda de dois lados e est\u00e3o sempre prontas a mostrar a face mais conveniente. S\u00e3o aquelas do tipo iceberg, cuja ponta \u00e9 vis\u00edvel, mas a parte nociva e diab\u00f3lica est\u00e1 escondida. \u00c9 o caso nu e [&hellip;]","og_url":"https:\/\/www.notibras.com\/site\/menino-maluquinho-vira-pinoquio-e-da-volta-ao-mundo-sem-sair-do-lugar\/","og_site_name":"Notibras","article_publisher":"https:\/\/www.facebook.com\/notibras\/","article_published_time":"2026-01-22T03:37:34+00:00","og_image":[{"width":1080,"height":708,"url":"https:\/\/www.notibras.com\/site\/wp-content\/uploads\/2026\/01\/38314cc7-nikolas-ferreira.-ft-reproducao-stories-instagram.jpeg","type":"image\/jpeg"}],"author":"Reda\u00e7\u00e3o","twitter_card":"summary_large_image","twitter_creator":"@Notibras","twitter_site":"@Notibras","twitter_misc":{"Escrito por":"Reda\u00e7\u00e3o","Est. tempo de leitura":"4 minutos"},"schema":{"@context":"https:\/\/schema.org","@graph":[{"@type":"Article","@id":"https:\/\/www.notibras.com\/site\/menino-maluquinho-vira-pinoquio-e-da-volta-ao-mundo-sem-sair-do-lugar\/#article","isPartOf":{"@id":"https:\/\/www.notibras.com\/site\/menino-maluquinho-vira-pinoquio-e-da-volta-ao-mundo-sem-sair-do-lugar\/"},"author":{"name":"Reda\u00e7\u00e3o","@id":"https:\/\/www.notibras.com\/site\/#\/schema\/person\/36ab0979449956132d3e5b517ea76ac8"},"headline":"Menino maluquinho vira Pin\u00f3quio e d\u00e1 volta ao mundo sem sair do lugar","datePublished":"2026-01-22T03:37:34+00:00","mainEntityOfPage":{"@id":"https:\/\/www.notibras.com\/site\/menino-maluquinho-vira-pinoquio-e-da-volta-ao-mundo-sem-sair-do-lugar\/"},"wordCount":673,"publisher":{"@id":"https:\/\/www.notibras.com\/site\/#organization"},"image":{"@id":"https:\/\/www.notibras.com\/site\/menino-maluquinho-vira-pinoquio-e-da-volta-ao-mundo-sem-sair-do-lugar\/#primaryimage"},"thumbnailUrl":"https:\/\/www.notibras.com\/site\/wp-content\/uploads\/2026\/01\/38314cc7-nikolas-ferreira.-ft-reproducao-stories-instagram.jpeg","articleSection":["Brasil"],"inLanguage":"pt-BR"},{"@type":"WebPage","@id":"https:\/\/www.notibras.com\/site\/menino-maluquinho-vira-pinoquio-e-da-volta-ao-mundo-sem-sair-do-lugar\/","url":"https:\/\/www.notibras.com\/site\/menino-maluquinho-vira-pinoquio-e-da-volta-ao-mundo-sem-sair-do-lugar\/","name":"Menino maluquinho vira Pin\u00f3quio e d\u00e1 volta ao mundo sem sair do lugar - Notibras","isPartOf":{"@id":"https:\/\/www.notibras.com\/site\/#website"},"primaryImageOfPage":{"@id":"https:\/\/www.notibras.com\/site\/menino-maluquinho-vira-pinoquio-e-da-volta-ao-mundo-sem-sair-do-lugar\/#primaryimage"},"image":{"@id":"https:\/\/www.notibras.com\/site\/menino-maluquinho-vira-pinoquio-e-da-volta-ao-mundo-sem-sair-do-lugar\/#primaryimage"},"thumbnailUrl":"https:\/\/www.notibras.com\/site\/wp-content\/uploads\/2026\/01\/38314cc7-nikolas-ferreira.-ft-reproducao-stories-instagram.jpeg","datePublished":"2026-01-22T03:37:34+00:00","breadcrumb":{"@id":"https:\/\/www.notibras.com\/site\/menino-maluquinho-vira-pinoquio-e-da-volta-ao-mundo-sem-sair-do-lugar\/#breadcrumb"},"inLanguage":"pt-BR","potentialAction":[{"@type":"ReadAction","target":["https:\/\/www.notibras.com\/site\/menino-maluquinho-vira-pinoquio-e-da-volta-ao-mundo-sem-sair-do-lugar\/"]}]},{"@type":"ImageObject","inLanguage":"pt-BR","@id":"https:\/\/www.notibras.com\/site\/menino-maluquinho-vira-pinoquio-e-da-volta-ao-mundo-sem-sair-do-lugar\/#primaryimage","url":"https:\/\/www.notibras.com\/site\/wp-content\/uploads\/2026\/01\/38314cc7-nikolas-ferreira.-ft-reproducao-stories-instagram.jpeg","contentUrl":"https:\/\/www.notibras.com\/site\/wp-content\/uploads\/2026\/01\/38314cc7-nikolas-ferreira.-ft-reproducao-stories-instagram.jpeg","width":1080,"height":708},{"@type":"BreadcrumbList","@id":"https:\/\/www.notibras.com\/site\/menino-maluquinho-vira-pinoquio-e-da-volta-ao-mundo-sem-sair-do-lugar\/#breadcrumb","itemListElement":[{"@type":"ListItem","position":1,"name":"In\u00edcio","item":"https:\/\/www.notibras.com\/site\/"},{"@type":"ListItem","position":2,"name":"Menino maluquinho vira Pin\u00f3quio e d\u00e1 volta ao mundo sem sair do lugar"}]},{"@type":"WebSite","@id":"https:\/\/www.notibras.com\/site\/#website","url":"https:\/\/www.notibras.com\/site\/","name":"Notibras","description":"Not\u00edcias de Bras\u00edlia, do Brasil e do Mundo","publisher":{"@id":"https:\/\/www.notibras.com\/site\/#organization"},"potentialAction":[{"@type":"SearchAction","target":{"@type":"EntryPoint","urlTemplate":"https:\/\/www.notibras.com\/site\/?s={search_term_string}"},"query-input":{"@type":"PropertyValueSpecification","valueRequired":true,"valueName":"search_term_string"}}],"inLanguage":"pt-BR"},{"@type":"Organization","@id":"https:\/\/www.notibras.com\/site\/#organization","name":"Grupo Notibras de Comunica\u00e7\u00e3o","url":"https:\/\/www.notibras.com\/site\/","logo":{"@type":"ImageObject","inLanguage":"pt-BR","@id":"https:\/\/www.notibras.com\/site\/#\/schema\/logo\/image\/","url":"https:\/\/www.notibras.com\/site\/wp-content\/uploads\/2023\/01\/notibras23.png","contentUrl":"https:\/\/www.notibras.com\/site\/wp-content\/uploads\/2023\/01\/notibras23.png","width":350,"height":87,"caption":"Grupo Notibras de Comunica\u00e7\u00e3o"},"image":{"@id":"https:\/\/www.notibras.com\/site\/#\/schema\/logo\/image\/"},"sameAs":["https:\/\/www.facebook.com\/notibras\/","https:\/\/x.com\/Notibras","https:\/\/www.instagram.com\/notibras\/"]},{"@type":"Person","@id":"https:\/\/www.notibras.com\/site\/#\/schema\/person\/36ab0979449956132d3e5b517ea76ac8","name":"Reda\u00e7\u00e3o","image":{"@type":"ImageObject","inLanguage":"pt-BR","@id":"https:\/\/secure.gravatar.com\/avatar\/e0a867bdedb85fd243eadf09663511f96fc81e0720a4a42581f334ad4303aa6b?s=96&d=mm&r=g","url":"https:\/\/secure.gravatar.com\/avatar\/e0a867bdedb85fd243eadf09663511f96fc81e0720a4a42581f334ad4303aa6b?s=96&d=mm&r=g","contentUrl":"https:\/\/secure.gravatar.com\/avatar\/e0a867bdedb85fd243eadf09663511f96fc81e0720a4a42581f334ad4303aa6b?s=96&d=mm&r=g","caption":"Reda\u00e7\u00e3o"}}]}},"amp_enabled":true,"_links":{"self":[{"href":"https:\/\/www.notibras.com\/site\/wp-json\/wp\/v2\/posts\/380022","targetHints":{"allow":["GET"]}}],"collection":[{"href":"https:\/\/www.notibras.com\/site\/wp-json\/wp\/v2\/posts"}],"about":[{"href":"https:\/\/www.notibras.com\/site\/wp-json\/wp\/v2\/types\/post"}],"author":[{"embeddable":true,"href":"https:\/\/www.notibras.com\/site\/wp-json\/wp\/v2\/users\/2"}],"replies":[{"embeddable":true,"href":"https:\/\/www.notibras.com\/site\/wp-json\/wp\/v2\/comments?post=380022"}],"version-history":[{"count":1,"href":"https:\/\/www.notibras.com\/site\/wp-json\/wp\/v2\/posts\/380022\/revisions"}],"predecessor-version":[{"id":380028,"href":"https:\/\/www.notibras.com\/site\/wp-json\/wp\/v2\/posts\/380022\/revisions\/380028"}],"wp:featuredmedia":[{"embeddable":true,"href":"https:\/\/www.notibras.com\/site\/wp-json\/wp\/v2\/media\/380027"}],"wp:attachment":[{"href":"https:\/\/www.notibras.com\/site\/wp-json\/wp\/v2\/media?parent=380022"}],"wp:term":[{"taxonomy":"category","embeddable":true,"href":"https:\/\/www.notibras.com\/site\/wp-json\/wp\/v2\/categories?post=380022"},{"taxonomy":"post_tag","embeddable":true,"href":"https:\/\/www.notibras.com\/site\/wp-json\/wp\/v2\/tags?post=380022"}],"curies":[{"name":"wp","href":"https:\/\/api.w.org\/{rel}","templated":true}]}}