{"id":380024,"date":"2026-01-22T01:15:30","date_gmt":"2026-01-22T04:15:30","guid":{"rendered":"https:\/\/www.notibras.com\/site\/?p=380024"},"modified":"2026-01-21T23:42:17","modified_gmt":"2026-01-22T02:42:17","slug":"projeto-pet-convivencia-incentiva-adocao-de-animais-por-escolas-publicas","status":"publish","type":"post","link":"https:\/\/www.notibras.com\/site\/projeto-pet-convivencia-incentiva-adocao-de-animais-por-escolas-publicas\/","title":{"rendered":"Projeto Pet ConViv\u00eancia incentiva ado\u00e7\u00e3o de animais por escolas p\u00fablicas"},"content":{"rendered":"<p>Muito al\u00e9m do ensino curricular, a escola \u00e9 espa\u00e7o fundamental para a transforma\u00e7\u00e3o social e a forma\u00e7\u00e3o de valores humanos. Refor\u00e7ando esse compromisso, a assinatura da portaria conjunta, entre a Secretaria de Educa\u00e7\u00e3o do Distrito Federal (SEEDF) e a Secretaria Extraordin\u00e1ria de Prote\u00e7\u00e3o Animal (Sepan-DF), institui o projeto Pet ConViv\u00eancia e estrutura a presen\u00e7a de animais nas unidades escolares como uma pr\u00e1tica pedag\u00f3gica segura e orientada.<\/p>\n<p>O evento realizado nesta ter\u00e7a-feira (20) reuniu diretores de 58 escolas da rede p\u00fablica que j\u00e1 convivem com pets nas respectivas unidades escolares, evidenciando que a presen\u00e7a de animais neste ambiente \u00e9 uma realidade consolidada e, agora, reconhecida institucionalmente como ferramenta pedag\u00f3gica.<\/p>\n<p>O Pet ConViv\u00eancia prop\u00f5e integrar os animais comunit\u00e1rios ao cotidiano escolar, fortalecendo valores essenciais \u00e0 forma\u00e7\u00e3o integral dos estudantes, como empatia, responsabilidade, respeito \u00e0 vida e conviv\u00eancia \u00e9tica. A iniciativa vai al\u00e9m do cuidado animal, utilizando essa conviv\u00eancia como estrat\u00e9gia para o desenvolvimento de compet\u00eancias socioemocionais e para a forma\u00e7\u00e3o cidad\u00e3.<\/p>\n<p>Os estudantes deixam de ser apenas receptores de conte\u00fado e passam a ser cuidadores ativos. Esse papel desenvolve a empatia e o senso de responsabilidade, uma vez que compreendem que aquele ser vivo depende da coletividade para estar bem. O resultado \u00e9 um ambiente escolar mais humanizado, onde o cuidado com a vida torna-se o principal eixo da forma\u00e7\u00e3o cidad\u00e3.<\/p>\n<p><strong>Ganhos percebidos na pr\u00e1tica<\/strong><\/p>\n<p>As experi\u00eancias j\u00e1 vividas pelas escolas demonstram os impactos positivos da iniciativa. Milla, pet adotada pela Escola Classe (EC) 10 do Gama, reverbera o sucesso da ideia, surgida a partir de uma demanda interna da escola e evidenciando a necessidade de orientar e estruturar a conviv\u00eancia com animais no ambiente escolar.<\/p>\n<p>Para a diretora da unidade, Edna Silva, o projeto trouxe ganhos significativos para o cotidiano escolar. \u201c\u00c9 um projeto que deu supercerto. Adotamos a Milla e ela foi um ganho muito grande para a nossa escola. Vimos um lado muito positivo, principalmente com alunos especiais. Os alunos adquiriram essa consci\u00eancia do cuidado\u201d, relatou.<\/p>\n<p>O projeto proporciona, ainda, uma integra\u00e7\u00e3o entre o bem-estar animal e a educa\u00e7\u00e3o inclusiva. No ambiente escolar, os pets atuam como reguladores emocionais, especialmente para estudantes com transtorno do espectro autista (TEA). O contato com o animal funciona como uma \u00e2ncora sensorial, reduzindo n\u00edveis de ansiedade e auxiliando na organiza\u00e7\u00e3o interna do aluno em momentos de sobrecarga.<\/p>\n<p>Essa transforma\u00e7\u00e3o \u00e9 vis\u00edvel no Centro de Ensino Fundamental (CEF) 02 da Estrutural, como relata a diretora Juliana Gomes de Assun\u00e7\u00e3o. \u201cTemos hoje a Melissa, um pet de apoio aos autistas e \u00e0s crian\u00e7as em geral. Quando o estudante se desregula, ele chega pr\u00f3ximo da gata e vai se acalmando, o que nos possibilita retomar o di\u00e1logo e a aprendizagem\u201d, explica. Al\u00e9m do suporte pedag\u00f3gico, a iniciativa foca em animais que enfrentam barreiras para ado\u00e7\u00e3o, como os de pelagem preta ou idosos, utilizando essa conviv\u00eancia para combater preconceitos e promover a empatia desde cedo.<\/p>\n<p><strong>Acolhimento universal<\/strong><\/p>\n<p>O projeto tamb\u00e9m chama a aten\u00e7\u00e3o para uma realidade muitas vezes invisibilizada: o abandono animal e suas causas estruturais. Diante dos desafios do Distrito Federal com a superpopula\u00e7\u00e3o de c\u00e3es e gatos, a escola torna-se um espa\u00e7o estrat\u00e9gico de sensibiliza\u00e7\u00e3o para estudantes, fam\u00edlias e a comunidade local, contribuindo para a ruptura desse ciclo.<\/p>\n<p>Para o secret\u00e1rio de Prote\u00e7\u00e3o Animal, Cristiano Cunha, interromper o abandono exige o envolvimento de todos. \u201cC\u00e3es e gatos foram para as ruas por a\u00e7\u00e3o ou omiss\u00e3o da pr\u00f3pria sociedade. Envolver a escola nesse processo \u00e9 compreender que essa \u00e9 uma responsabilidade coletiva. A escola n\u00e3o \u00e9 apenas uma institui\u00e7\u00e3o da comunidade, mas um de seus principais agentes transformadores\u201d, destacou.<\/p>\n<p>O CEF 02 da Estrutural \u00e9 um dos grandes exemplos de como o Projeto Pet ConViv\u00eancia pode ressignificar realidades. A implanta\u00e7\u00e3o de um gatil estruturado permitiu que a escola liderasse uma mudan\u00e7a de mentalidade na regi\u00e3o, promovendo o acolhimento desses animais e consolidando uma nova cultura de cuidado que envolve estudantes, fam\u00edlias e moradores.<\/p>\n<p>\u201cQuando cheguei \u00e0 escola, me deparei com gatos sendo jogados l\u00e1 dentro. As crian\u00e7as n\u00e3o sabiam lidar com eles. Ent\u00e3o come\u00e7amos a trabalhar que os gatos s\u00e3o seres que merecem cuidado e respeito. Hoje, nossas crian\u00e7as educam suas fam\u00edlias em casa\u201d, afirma Juliana Gomes, gestora da unidade precursora da a\u00e7\u00e3o.<\/p>\n<p>Para ampliar o incentivo \u00e0 ado\u00e7\u00e3o e acolhimento de animais pelas escolas, a SEEDF planeja o aporte de recursos espec\u00edficos. Durante a oficializa\u00e7\u00e3o da parceria, a secret\u00e1ria de Educa\u00e7\u00e3o do DF, H\u00e9lvia Paranagu\u00e1, anunciou medidas para garantir o bem-estar dos animais adotados pelas escolas da rede.<\/p>\n<p>&#8220;Vamos propor uma bonifica\u00e7\u00e3o do PDAF [Programa de Descentraliza\u00e7\u00e3o Administrativa e Financeira] para as escolas que aderirem ao projeto. Esse recurso extra servir\u00e1 para apoiar as escolas no cuidado a esses animais, como a compra de ra\u00e7\u00e3o e a constru\u00e7\u00e3o de estruturas de acolhimento&#8221;, afirmou a secret\u00e1ria. H\u00e9lvia refor\u00e7ou, ainda, que os animais s\u00e3o refer\u00eancia de amor e carinho e que a escola deve ser um reflexo desse cuidado.<\/p>\n","protected":false},"excerpt":{"rendered":"<p>Muito al\u00e9m do ensino curricular, a escola \u00e9 espa\u00e7o fundamental para a transforma\u00e7\u00e3o social e a forma\u00e7\u00e3o de valores humanos. Refor\u00e7ando esse compromisso, a assinatura da portaria conjunta, entre a Secretaria de Educa\u00e7\u00e3o do Distrito Federal (SEEDF) e a Secretaria Extraordin\u00e1ria de Prote\u00e7\u00e3o Animal (Sepan-DF), institui o projeto Pet ConViv\u00eancia e estrutura a presen\u00e7a de [&hellip;]<\/p>\n","protected":false},"author":21,"featured_media":380025,"comment_status":"closed","ping_status":"closed","sticky":false,"template":"","format":"standard","meta":{"_acf_changed":false,"footnotes":""},"categories":[161],"tags":[],"class_list":["post-380024","post","type-post","status-publish","format-standard","has-post-thumbnail","hentry","category-quadradinho-em-foco"],"acf":[],"yoast_head":"<!-- This site is optimized with the Yoast SEO plugin v27.2 - https:\/\/yoast.com\/product\/yoast-seo-wordpress\/ -->\n<title>Projeto Pet ConViv\u00eancia incentiva ado\u00e7\u00e3o de animais por escolas p\u00fablicas - Notibras<\/title>\n<meta name=\"robots\" content=\"index, follow, max-snippet:-1, max-image-preview:large, max-video-preview:-1\" \/>\n<link rel=\"canonical\" href=\"https:\/\/www.notibras.com\/site\/projeto-pet-convivencia-incentiva-adocao-de-animais-por-escolas-publicas\/\" \/>\n<meta property=\"og:locale\" content=\"pt_BR\" \/>\n<meta property=\"og:type\" content=\"article\" \/>\n<meta property=\"og:title\" content=\"Projeto Pet ConViv\u00eancia incentiva ado\u00e7\u00e3o de animais por escolas p\u00fablicas - Notibras\" \/>\n<meta property=\"og:description\" content=\"Muito al\u00e9m do ensino curricular, a escola \u00e9 espa\u00e7o fundamental para a transforma\u00e7\u00e3o social e a forma\u00e7\u00e3o de valores humanos. Refor\u00e7ando esse compromisso, a assinatura da portaria conjunta, entre a Secretaria de Educa\u00e7\u00e3o do Distrito Federal (SEEDF) e a Secretaria Extraordin\u00e1ria de Prote\u00e7\u00e3o Animal (Sepan-DF), institui o projeto Pet ConViv\u00eancia e estrutura a presen\u00e7a de [&hellip;]\" \/>\n<meta property=\"og:url\" content=\"https:\/\/www.notibras.com\/site\/projeto-pet-convivencia-incentiva-adocao-de-animais-por-escolas-publicas\/\" \/>\n<meta property=\"og:site_name\" content=\"Notibras\" \/>\n<meta property=\"article:publisher\" content=\"https:\/\/www.facebook.com\/notibras\/\" \/>\n<meta property=\"article:published_time\" content=\"2026-01-22T04:15:30+00:00\" \/>\n<meta property=\"og:image\" content=\"https:\/\/www.notibras.com\/site\/wp-content\/uploads\/2026\/01\/IMG_7222.jpg\" \/>\n\t<meta property=\"og:image:width\" content=\"1280\" \/>\n\t<meta property=\"og:image:height\" content=\"960\" \/>\n\t<meta property=\"og:image:type\" content=\"image\/jpeg\" \/>\n<meta name=\"author\" content=\"Eduardo Mart\u00ednez\" \/>\n<meta name=\"twitter:card\" content=\"summary_large_image\" \/>\n<meta name=\"twitter:creator\" content=\"@Notibras\" \/>\n<meta name=\"twitter:site\" content=\"@Notibras\" \/>\n<meta name=\"twitter:label1\" content=\"Escrito por\" \/>\n\t<meta name=\"twitter:data1\" content=\"Eduardo Mart\u00ednez\" \/>\n\t<meta name=\"twitter:label2\" content=\"Est. tempo de leitura\" \/>\n\t<meta name=\"twitter:data2\" content=\"5 minutos\" \/>\n<script type=\"application\/ld+json\" class=\"yoast-schema-graph\">{\"@context\":\"https:\/\/schema.org\",\"@graph\":[{\"@type\":\"Article\",\"@id\":\"https:\/\/www.notibras.com\/site\/projeto-pet-convivencia-incentiva-adocao-de-animais-por-escolas-publicas\/#article\",\"isPartOf\":{\"@id\":\"https:\/\/www.notibras.com\/site\/projeto-pet-convivencia-incentiva-adocao-de-animais-por-escolas-publicas\/\"},\"author\":{\"name\":\"Eduardo Mart\u00ednez\",\"@id\":\"https:\/\/www.notibras.com\/site\/#\/schema\/person\/5b7fabf2aedc3ada2105f03b22b4d3dd\"},\"headline\":\"Projeto Pet ConViv\u00eancia incentiva ado\u00e7\u00e3o de animais por escolas p\u00fablicas\",\"datePublished\":\"2026-01-22T04:15:30+00:00\",\"mainEntityOfPage\":{\"@id\":\"https:\/\/www.notibras.com\/site\/projeto-pet-convivencia-incentiva-adocao-de-animais-por-escolas-publicas\/\"},\"wordCount\":897,\"publisher\":{\"@id\":\"https:\/\/www.notibras.com\/site\/#organization\"},\"image\":{\"@id\":\"https:\/\/www.notibras.com\/site\/projeto-pet-convivencia-incentiva-adocao-de-animais-por-escolas-publicas\/#primaryimage\"},\"thumbnailUrl\":\"https:\/\/www.notibras.com\/site\/wp-content\/uploads\/2026\/01\/IMG_7222.jpg\",\"articleSection\":[\"Quadradinho em Foco\"],\"inLanguage\":\"pt-BR\"},{\"@type\":\"WebPage\",\"@id\":\"https:\/\/www.notibras.com\/site\/projeto-pet-convivencia-incentiva-adocao-de-animais-por-escolas-publicas\/\",\"url\":\"https:\/\/www.notibras.com\/site\/projeto-pet-convivencia-incentiva-adocao-de-animais-por-escolas-publicas\/\",\"name\":\"Projeto Pet ConViv\u00eancia incentiva ado\u00e7\u00e3o de animais por escolas p\u00fablicas - Notibras\",\"isPartOf\":{\"@id\":\"https:\/\/www.notibras.com\/site\/#website\"},\"primaryImageOfPage\":{\"@id\":\"https:\/\/www.notibras.com\/site\/projeto-pet-convivencia-incentiva-adocao-de-animais-por-escolas-publicas\/#primaryimage\"},\"image\":{\"@id\":\"https:\/\/www.notibras.com\/site\/projeto-pet-convivencia-incentiva-adocao-de-animais-por-escolas-publicas\/#primaryimage\"},\"thumbnailUrl\":\"https:\/\/www.notibras.com\/site\/wp-content\/uploads\/2026\/01\/IMG_7222.jpg\",\"datePublished\":\"2026-01-22T04:15:30+00:00\",\"breadcrumb\":{\"@id\":\"https:\/\/www.notibras.com\/site\/projeto-pet-convivencia-incentiva-adocao-de-animais-por-escolas-publicas\/#breadcrumb\"},\"inLanguage\":\"pt-BR\",\"potentialAction\":[{\"@type\":\"ReadAction\",\"target\":[\"https:\/\/www.notibras.com\/site\/projeto-pet-convivencia-incentiva-adocao-de-animais-por-escolas-publicas\/\"]}]},{\"@type\":\"ImageObject\",\"inLanguage\":\"pt-BR\",\"@id\":\"https:\/\/www.notibras.com\/site\/projeto-pet-convivencia-incentiva-adocao-de-animais-por-escolas-publicas\/#primaryimage\",\"url\":\"https:\/\/www.notibras.com\/site\/wp-content\/uploads\/2026\/01\/IMG_7222.jpg\",\"contentUrl\":\"https:\/\/www.notibras.com\/site\/wp-content\/uploads\/2026\/01\/IMG_7222.jpg\",\"width\":1280,\"height\":960},{\"@type\":\"BreadcrumbList\",\"@id\":\"https:\/\/www.notibras.com\/site\/projeto-pet-convivencia-incentiva-adocao-de-animais-por-escolas-publicas\/#breadcrumb\",\"itemListElement\":[{\"@type\":\"ListItem\",\"position\":1,\"name\":\"In\u00edcio\",\"item\":\"https:\/\/www.notibras.com\/site\/\"},{\"@type\":\"ListItem\",\"position\":2,\"name\":\"Projeto Pet ConViv\u00eancia incentiva ado\u00e7\u00e3o de animais por escolas p\u00fablicas\"}]},{\"@type\":\"WebSite\",\"@id\":\"https:\/\/www.notibras.com\/site\/#website\",\"url\":\"https:\/\/www.notibras.com\/site\/\",\"name\":\"Notibras\",\"description\":\"Not\u00edcias de Bras\u00edlia, do Brasil e do Mundo\",\"publisher\":{\"@id\":\"https:\/\/www.notibras.com\/site\/#organization\"},\"potentialAction\":[{\"@type\":\"SearchAction\",\"target\":{\"@type\":\"EntryPoint\",\"urlTemplate\":\"https:\/\/www.notibras.com\/site\/?s={search_term_string}\"},\"query-input\":{\"@type\":\"PropertyValueSpecification\",\"valueRequired\":true,\"valueName\":\"search_term_string\"}}],\"inLanguage\":\"pt-BR\"},{\"@type\":\"Organization\",\"@id\":\"https:\/\/www.notibras.com\/site\/#organization\",\"name\":\"Grupo Notibras de Comunica\u00e7\u00e3o\",\"url\":\"https:\/\/www.notibras.com\/site\/\",\"logo\":{\"@type\":\"ImageObject\",\"inLanguage\":\"pt-BR\",\"@id\":\"https:\/\/www.notibras.com\/site\/#\/schema\/logo\/image\/\",\"url\":\"https:\/\/www.notibras.com\/site\/wp-content\/uploads\/2023\/01\/notibras23.png\",\"contentUrl\":\"https:\/\/www.notibras.com\/site\/wp-content\/uploads\/2023\/01\/notibras23.png\",\"width\":350,\"height\":87,\"caption\":\"Grupo Notibras de Comunica\u00e7\u00e3o\"},\"image\":{\"@id\":\"https:\/\/www.notibras.com\/site\/#\/schema\/logo\/image\/\"},\"sameAs\":[\"https:\/\/www.facebook.com\/notibras\/\",\"https:\/\/x.com\/Notibras\",\"https:\/\/www.instagram.com\/notibras\/\"]},{\"@type\":\"Person\",\"@id\":\"https:\/\/www.notibras.com\/site\/#\/schema\/person\/5b7fabf2aedc3ada2105f03b22b4d3dd\",\"name\":\"Eduardo Mart\u00ednez\",\"image\":{\"@type\":\"ImageObject\",\"inLanguage\":\"pt-BR\",\"@id\":\"https:\/\/secure.gravatar.com\/avatar\/7902f906289926289cbcda644b5197c796b893c6ffd7b9a536a42d290f7704a0?s=96&d=mm&r=g\",\"url\":\"https:\/\/secure.gravatar.com\/avatar\/7902f906289926289cbcda644b5197c796b893c6ffd7b9a536a42d290f7704a0?s=96&d=mm&r=g\",\"contentUrl\":\"https:\/\/secure.gravatar.com\/avatar\/7902f906289926289cbcda644b5197c796b893c6ffd7b9a536a42d290f7704a0?s=96&d=mm&r=g\",\"caption\":\"Eduardo Mart\u00ednez\"}}]}<\/script>\n<!-- \/ Yoast SEO plugin. -->","yoast_head_json":{"title":"Projeto Pet ConViv\u00eancia incentiva ado\u00e7\u00e3o de animais por escolas p\u00fablicas - Notibras","robots":{"index":"index","follow":"follow","max-snippet":"max-snippet:-1","max-image-preview":"max-image-preview:large","max-video-preview":"max-video-preview:-1"},"canonical":"https:\/\/www.notibras.com\/site\/projeto-pet-convivencia-incentiva-adocao-de-animais-por-escolas-publicas\/","og_locale":"pt_BR","og_type":"article","og_title":"Projeto Pet ConViv\u00eancia incentiva ado\u00e7\u00e3o de animais por escolas p\u00fablicas - Notibras","og_description":"Muito al\u00e9m do ensino curricular, a escola \u00e9 espa\u00e7o fundamental para a transforma\u00e7\u00e3o social e a forma\u00e7\u00e3o de valores humanos. Refor\u00e7ando esse compromisso, a assinatura da portaria conjunta, entre a Secretaria de Educa\u00e7\u00e3o do Distrito Federal (SEEDF) e a Secretaria Extraordin\u00e1ria de Prote\u00e7\u00e3o Animal (Sepan-DF), institui o projeto Pet ConViv\u00eancia e estrutura a presen\u00e7a de [&hellip;]","og_url":"https:\/\/www.notibras.com\/site\/projeto-pet-convivencia-incentiva-adocao-de-animais-por-escolas-publicas\/","og_site_name":"Notibras","article_publisher":"https:\/\/www.facebook.com\/notibras\/","article_published_time":"2026-01-22T04:15:30+00:00","og_image":[{"width":1280,"height":960,"url":"https:\/\/www.notibras.com\/site\/wp-content\/uploads\/2026\/01\/IMG_7222.jpg","type":"image\/jpeg"}],"author":"Eduardo Mart\u00ednez","twitter_card":"summary_large_image","twitter_creator":"@Notibras","twitter_site":"@Notibras","twitter_misc":{"Escrito por":"Eduardo Mart\u00ednez","Est. tempo de leitura":"5 minutos"},"schema":{"@context":"https:\/\/schema.org","@graph":[{"@type":"Article","@id":"https:\/\/www.notibras.com\/site\/projeto-pet-convivencia-incentiva-adocao-de-animais-por-escolas-publicas\/#article","isPartOf":{"@id":"https:\/\/www.notibras.com\/site\/projeto-pet-convivencia-incentiva-adocao-de-animais-por-escolas-publicas\/"},"author":{"name":"Eduardo Mart\u00ednez","@id":"https:\/\/www.notibras.com\/site\/#\/schema\/person\/5b7fabf2aedc3ada2105f03b22b4d3dd"},"headline":"Projeto Pet ConViv\u00eancia incentiva ado\u00e7\u00e3o de animais por escolas p\u00fablicas","datePublished":"2026-01-22T04:15:30+00:00","mainEntityOfPage":{"@id":"https:\/\/www.notibras.com\/site\/projeto-pet-convivencia-incentiva-adocao-de-animais-por-escolas-publicas\/"},"wordCount":897,"publisher":{"@id":"https:\/\/www.notibras.com\/site\/#organization"},"image":{"@id":"https:\/\/www.notibras.com\/site\/projeto-pet-convivencia-incentiva-adocao-de-animais-por-escolas-publicas\/#primaryimage"},"thumbnailUrl":"https:\/\/www.notibras.com\/site\/wp-content\/uploads\/2026\/01\/IMG_7222.jpg","articleSection":["Quadradinho em Foco"],"inLanguage":"pt-BR"},{"@type":"WebPage","@id":"https:\/\/www.notibras.com\/site\/projeto-pet-convivencia-incentiva-adocao-de-animais-por-escolas-publicas\/","url":"https:\/\/www.notibras.com\/site\/projeto-pet-convivencia-incentiva-adocao-de-animais-por-escolas-publicas\/","name":"Projeto Pet ConViv\u00eancia incentiva ado\u00e7\u00e3o de animais por escolas p\u00fablicas - Notibras","isPartOf":{"@id":"https:\/\/www.notibras.com\/site\/#website"},"primaryImageOfPage":{"@id":"https:\/\/www.notibras.com\/site\/projeto-pet-convivencia-incentiva-adocao-de-animais-por-escolas-publicas\/#primaryimage"},"image":{"@id":"https:\/\/www.notibras.com\/site\/projeto-pet-convivencia-incentiva-adocao-de-animais-por-escolas-publicas\/#primaryimage"},"thumbnailUrl":"https:\/\/www.notibras.com\/site\/wp-content\/uploads\/2026\/01\/IMG_7222.jpg","datePublished":"2026-01-22T04:15:30+00:00","breadcrumb":{"@id":"https:\/\/www.notibras.com\/site\/projeto-pet-convivencia-incentiva-adocao-de-animais-por-escolas-publicas\/#breadcrumb"},"inLanguage":"pt-BR","potentialAction":[{"@type":"ReadAction","target":["https:\/\/www.notibras.com\/site\/projeto-pet-convivencia-incentiva-adocao-de-animais-por-escolas-publicas\/"]}]},{"@type":"ImageObject","inLanguage":"pt-BR","@id":"https:\/\/www.notibras.com\/site\/projeto-pet-convivencia-incentiva-adocao-de-animais-por-escolas-publicas\/#primaryimage","url":"https:\/\/www.notibras.com\/site\/wp-content\/uploads\/2026\/01\/IMG_7222.jpg","contentUrl":"https:\/\/www.notibras.com\/site\/wp-content\/uploads\/2026\/01\/IMG_7222.jpg","width":1280,"height":960},{"@type":"BreadcrumbList","@id":"https:\/\/www.notibras.com\/site\/projeto-pet-convivencia-incentiva-adocao-de-animais-por-escolas-publicas\/#breadcrumb","itemListElement":[{"@type":"ListItem","position":1,"name":"In\u00edcio","item":"https:\/\/www.notibras.com\/site\/"},{"@type":"ListItem","position":2,"name":"Projeto Pet ConViv\u00eancia incentiva ado\u00e7\u00e3o de animais por escolas p\u00fablicas"}]},{"@type":"WebSite","@id":"https:\/\/www.notibras.com\/site\/#website","url":"https:\/\/www.notibras.com\/site\/","name":"Notibras","description":"Not\u00edcias de Bras\u00edlia, do Brasil e do Mundo","publisher":{"@id":"https:\/\/www.notibras.com\/site\/#organization"},"potentialAction":[{"@type":"SearchAction","target":{"@type":"EntryPoint","urlTemplate":"https:\/\/www.notibras.com\/site\/?s={search_term_string}"},"query-input":{"@type":"PropertyValueSpecification","valueRequired":true,"valueName":"search_term_string"}}],"inLanguage":"pt-BR"},{"@type":"Organization","@id":"https:\/\/www.notibras.com\/site\/#organization","name":"Grupo Notibras de Comunica\u00e7\u00e3o","url":"https:\/\/www.notibras.com\/site\/","logo":{"@type":"ImageObject","inLanguage":"pt-BR","@id":"https:\/\/www.notibras.com\/site\/#\/schema\/logo\/image\/","url":"https:\/\/www.notibras.com\/site\/wp-content\/uploads\/2023\/01\/notibras23.png","contentUrl":"https:\/\/www.notibras.com\/site\/wp-content\/uploads\/2023\/01\/notibras23.png","width":350,"height":87,"caption":"Grupo Notibras de Comunica\u00e7\u00e3o"},"image":{"@id":"https:\/\/www.notibras.com\/site\/#\/schema\/logo\/image\/"},"sameAs":["https:\/\/www.facebook.com\/notibras\/","https:\/\/x.com\/Notibras","https:\/\/www.instagram.com\/notibras\/"]},{"@type":"Person","@id":"https:\/\/www.notibras.com\/site\/#\/schema\/person\/5b7fabf2aedc3ada2105f03b22b4d3dd","name":"Eduardo Mart\u00ednez","image":{"@type":"ImageObject","inLanguage":"pt-BR","@id":"https:\/\/secure.gravatar.com\/avatar\/7902f906289926289cbcda644b5197c796b893c6ffd7b9a536a42d290f7704a0?s=96&d=mm&r=g","url":"https:\/\/secure.gravatar.com\/avatar\/7902f906289926289cbcda644b5197c796b893c6ffd7b9a536a42d290f7704a0?s=96&d=mm&r=g","contentUrl":"https:\/\/secure.gravatar.com\/avatar\/7902f906289926289cbcda644b5197c796b893c6ffd7b9a536a42d290f7704a0?s=96&d=mm&r=g","caption":"Eduardo Mart\u00ednez"}}]}},"amp_enabled":true,"_links":{"self":[{"href":"https:\/\/www.notibras.com\/site\/wp-json\/wp\/v2\/posts\/380024","targetHints":{"allow":["GET"]}}],"collection":[{"href":"https:\/\/www.notibras.com\/site\/wp-json\/wp\/v2\/posts"}],"about":[{"href":"https:\/\/www.notibras.com\/site\/wp-json\/wp\/v2\/types\/post"}],"author":[{"embeddable":true,"href":"https:\/\/www.notibras.com\/site\/wp-json\/wp\/v2\/users\/21"}],"replies":[{"embeddable":true,"href":"https:\/\/www.notibras.com\/site\/wp-json\/wp\/v2\/comments?post=380024"}],"version-history":[{"count":3,"href":"https:\/\/www.notibras.com\/site\/wp-json\/wp\/v2\/posts\/380024\/revisions"}],"predecessor-version":[{"id":380030,"href":"https:\/\/www.notibras.com\/site\/wp-json\/wp\/v2\/posts\/380024\/revisions\/380030"}],"wp:featuredmedia":[{"embeddable":true,"href":"https:\/\/www.notibras.com\/site\/wp-json\/wp\/v2\/media\/380025"}],"wp:attachment":[{"href":"https:\/\/www.notibras.com\/site\/wp-json\/wp\/v2\/media?parent=380024"}],"wp:term":[{"taxonomy":"category","embeddable":true,"href":"https:\/\/www.notibras.com\/site\/wp-json\/wp\/v2\/categories?post=380024"},{"taxonomy":"post_tag","embeddable":true,"href":"https:\/\/www.notibras.com\/site\/wp-json\/wp\/v2\/tags?post=380024"}],"curies":[{"name":"wp","href":"https:\/\/api.w.org\/{rel}","templated":true}]}}