{"id":380040,"date":"2026-01-22T00:45:57","date_gmt":"2026-01-22T03:45:57","guid":{"rendered":"https:\/\/www.notibras.com\/site\/?p=380040"},"modified":"2026-01-22T00:06:13","modified_gmt":"2026-01-22T03:06:13","slug":"funil-engasga-lula-e-abre-espaco-para-flavio-no-primeiro-turno","status":"publish","type":"post","link":"https:\/\/www.notibras.com\/site\/funil-engasga-lula-e-abre-espaco-para-flavio-no-primeiro-turno\/","title":{"rendered":"Funil engasga Lula e abre espa\u00e7o para Fl\u00e1vio no primeiro turno"},"content":{"rendered":"<p>\u00c0 primeira vista, os n\u00fameros das pesquisas Genial\/Quaest e AtlasIntel divulgadas nesta semana parecem reafirmar o favoritismo do presidente Luiz In\u00e1cio Lula da Silva (PT). Em todos os cen\u00e1rios testados, Lula aparece \u00e0 frente. Mas uma leitura mais atenta dos dados, e sobretudo, das tend\u00eancias, revela um quadro menos confort\u00e1vel para o Pal\u00e1cio do Planalto: o presidente empacou num patamar da casa dos 48%, insuficiente para liquidar a fatura no primeiro turno.<\/p>\n<p>\u00c9 nesse espa\u00e7o estreito, entre a lideran\u00e7a consolidada e a impossibilidade matem\u00e1tica da vit\u00f3ria imediata, que surge o chamado funil eleitoral. E, segundo analistas pol\u00edticos e estrategistas de campanha, \u00e9 justamente a\u00ed que o projeto de um \u201cLula 4\u201d come\u00e7a a engasgar.<\/p>\n<p>Enquanto o petista parece encontrar um teto dif\u00edcil de romper, o senador Fl\u00e1vio Bolsonaro (PL) avan\u00e7a com velocidade desde que teve seu nome confirmado como herdeiro do esp\u00f3lio bolsonarista. Na pesquisa Genial\/Quaest, Fl\u00e1vio aparece com 35% das inten\u00e7\u00f5es de voto, contra 48,8% de Lula. Em dezembro, o senador marcava 29,3%. O salto de quase seis pontos percentuais em poucas semanas acendeu o sinal verde no campo conservador.<\/p>\n<p>O dado central, por\u00e9m, n\u00e3o est\u00e1 apenas na dist\u00e2ncia entre os dois, mas na din\u00e2mica. V\u00ea-se que Lula cresce pouco ou nada; Fl\u00e1vio cresce r\u00e1pido. Para aliados do senador, isso indica que o funil do petista est\u00e1 estreito demais para permitir a passagem no primeiro turno, enquanto o de Fl\u00e1vio, ainda largo, comporta a converg\u00eancia da direita e do Centr\u00e3o.<\/p>\n<p>Os cen\u00e1rios alternativos ajudam a ilustrar o ponto. Sem Fl\u00e1vio Bolsonaro na disputa, Lula teria 48,5%, contra 28,4% de Tarc\u00edsio de Freitas. Em ambos os casos, o governador de Goi\u00e1s, Ronaldo Caiado (Uni\u00e3o Brasil), surge em terceiro, com cerca de 5%. Ou seja, a soma do campo n\u00e3o petista \u00e9 robusta, mas depende de um polo claro de aglutina\u00e7\u00e3o.<\/p>\n<p>\u00c9 exatamente essa a miss\u00e3o atribu\u00edda a Fl\u00e1vio Bolsonaro. Ele soldar a direita, reduzir a dispers\u00e3o e transformar rejei\u00e7\u00e3o ao PT em voto \u00fatil. N\u00e3o por acaso, embora Lula ainda lidere, ambos aparecem com \u00edndices elevados de rejei\u00e7\u00e3o, com 49,7% para o presidente e 47,4% para o senador. Trata-se de um indicativo de polariza\u00e7\u00e3o dura e de baixa margem para crescimento espont\u00e2neo.<\/p>\n<p>\u00c9 nesse contexto que entram as ressalvas levantadas pelos marqueteiros de Fl\u00e1vio Bolsonaro em rela\u00e7\u00e3o \u00e0 pesquisa Genial\/Quaest. Segundo eles, n\u00e3o se trata de fraude, mas de vi\u00e9s de desenho do question\u00e1rio, algo amplamente discutido na literatura de survey research.<\/p>\n<p>A principal cr\u00edtica diz respeito \u00e0 ordem e \u00e0 arquitetura cognitiva das perguntas. O question\u00e1rio, afirmam, inicia com um bloco extenso de avalia\u00e7\u00e3o do governo Lula \u2014 aprova\u00e7\u00e3o, compara\u00e7\u00e3o com mandatos anteriores, percep\u00e7\u00e3o de not\u00edcias positivas e indicadores econ\u00f4micos \u2014 antes de chegar \u00e0 inten\u00e7\u00e3o de voto. Esse encadeamento produziria um priming positivo pr\u00f3-incumbente, contaminando as respostas eleitorais subsequentes.<\/p>\n<p>Outro ponto sens\u00edvel \u00e9 o uso de linguagem valorativa assim\u00e9trica. Perguntas como \u201cLula merece continuar mais quatro anos como presidente?\u201d pressup\u00f5em m\u00e9rito e ativam julgamento moral positivo. Para os assessores do PL, a formula\u00e7\u00e3o correta deveria ser neutra: \u201cVoc\u00ea acha que Lula deveria ou n\u00e3o ser reeleito?\u201d. A palavra \u201cmerece\u201d, argumentam, funciona como gatilho normativo.<\/p>\n<p>A an\u00e1lise dos bolsonaristas tamb\u00e9m aponta uma assimetria clara de enquadramento entre Lula e o campo Bolsonaro. Enquanto o presidente \u00e9 associado a estabilidade, continuidade e normalidade institucional, o advers\u00e1rio aparece vinculado a erro, medo, conflito e d\u00favida. Perguntas como \u201cO que te d\u00e1 mais medo hoje: Lula continuar ou a fam\u00edlia Bolsonaro voltar?\u201d s\u00e3o citadas como exemplo de vi\u00e9s emocional expl\u00edcito, que n\u00e3o mede prefer\u00eancia, mas avers\u00e3o induzida.<\/p>\n<p>H\u00e1 ainda cr\u00edticas ao vi\u00e9s pr\u00f3-status quo nas perguntas econ\u00f4micas, formuladas de modo gradualista e sem contrapontos hist\u00f3ricos ou responsabiliza\u00e7\u00e3o alternativa, refor\u00e7ando a vantagem estat\u00edstica de quem governa. Soma-se a isso a satura\u00e7\u00e3o do nome de Lula ao longo do question\u00e1rio, fen\u00f4meno conhecido como mere exposure effect, que aumenta sali\u00eancia cognitiva.<\/p>\n<p>Mesmo com todas as ressalvas, principalmente as que institutos costumam rebater com argumentos t\u00e9cnicos, o fato pol\u00edtico permanece com Lula liderando, mas sem disparar. E, em elei\u00e7\u00f5es presidenciais brasileiras, quando o l\u00edder n\u00e3o rompe a barreira simb\u00f3lica dos 50% v\u00e1lidos, o segundo turno deixa de ser hip\u00f3tese e passa a ser cen\u00e1rio plaus\u00edvel.<\/p>\n<p>Se o funil eleitoral continuar estreito para o presidente e largo para o senador, a elei\u00e7\u00e3o de outubro tende a se transformar menos numa consagra\u00e7\u00e3o antecipada e mais numa disputa prolongada. As elei\u00e7\u00f5es, ao que tudo indica, seguem abertas. E o primeiro turno, consequentemente, pode n\u00e3o ser o cap\u00edtulo final dessa hist\u00f3ria.<\/p>\n<p>&#8230;&#8230;&#8230;&#8230;&#8230;.<\/p>\n<p><strong>Jos\u00e9 Seabra \u00e9 CEO fundador de Notibras<\/strong><\/p>\n","protected":false},"excerpt":{"rendered":"<p>\u00c0 primeira vista, os n\u00fameros das pesquisas Genial\/Quaest e AtlasIntel divulgadas nesta semana parecem reafirmar o favoritismo do presidente Luiz In\u00e1cio Lula da Silva (PT). Em todos os cen\u00e1rios testados, Lula aparece \u00e0 frente. Mas uma leitura mais atenta dos dados, e sobretudo, das tend\u00eancias, revela um quadro menos confort\u00e1vel para o Pal\u00e1cio do Planalto: [&hellip;]<\/p>\n","protected":false},"author":2,"featured_media":380042,"comment_status":"closed","ping_status":"closed","sticky":false,"template":"","format":"standard","meta":{"_acf_changed":false,"footnotes":""},"categories":[16],"tags":[95],"class_list":["post-380040","post","type-post","status-publish","format-standard","has-post-thumbnail","hentry","category-brasil","tag-capa"],"acf":[],"yoast_head":"<!-- This site is optimized with the Yoast SEO plugin v27.2 - https:\/\/yoast.com\/product\/yoast-seo-wordpress\/ -->\n<title>Funil engasga Lula e abre espa\u00e7o para Fl\u00e1vio no primeiro turno - Notibras<\/title>\n<meta name=\"robots\" content=\"index, follow, max-snippet:-1, max-image-preview:large, max-video-preview:-1\" \/>\n<link rel=\"canonical\" href=\"https:\/\/www.notibras.com\/site\/funil-engasga-lula-e-abre-espaco-para-flavio-no-primeiro-turno\/\" \/>\n<meta property=\"og:locale\" content=\"pt_BR\" \/>\n<meta property=\"og:type\" content=\"article\" \/>\n<meta property=\"og:title\" content=\"Funil engasga Lula e abre espa\u00e7o para Fl\u00e1vio no primeiro turno - Notibras\" \/>\n<meta property=\"og:description\" content=\"\u00c0 primeira vista, os n\u00fameros das pesquisas Genial\/Quaest e AtlasIntel divulgadas nesta semana parecem reafirmar o favoritismo do presidente Luiz In\u00e1cio Lula da Silva (PT). Em todos os cen\u00e1rios testados, Lula aparece \u00e0 frente. Mas uma leitura mais atenta dos dados, e sobretudo, das tend\u00eancias, revela um quadro menos confort\u00e1vel para o Pal\u00e1cio do Planalto: [&hellip;]\" \/>\n<meta property=\"og:url\" content=\"https:\/\/www.notibras.com\/site\/funil-engasga-lula-e-abre-espaco-para-flavio-no-primeiro-turno\/\" \/>\n<meta property=\"og:site_name\" content=\"Notibras\" \/>\n<meta property=\"article:publisher\" content=\"https:\/\/www.facebook.com\/notibras\/\" \/>\n<meta property=\"article:published_time\" content=\"2026-01-22T03:45:57+00:00\" \/>\n<meta property=\"og:image\" content=\"https:\/\/www.notibras.com\/site\/wp-content\/uploads\/2026\/01\/e9d31458-5994-48ed-aca4-341446fa80d8-1024x683.png\" \/>\n\t<meta property=\"og:image:width\" content=\"1024\" \/>\n\t<meta property=\"og:image:height\" content=\"683\" \/>\n\t<meta property=\"og:image:type\" content=\"image\/png\" \/>\n<meta name=\"author\" content=\"Reda\u00e7\u00e3o\" \/>\n<meta name=\"twitter:card\" content=\"summary_large_image\" \/>\n<meta name=\"twitter:creator\" content=\"@Notibras\" \/>\n<meta name=\"twitter:site\" content=\"@Notibras\" \/>\n<meta name=\"twitter:label1\" content=\"Escrito por\" \/>\n\t<meta name=\"twitter:data1\" content=\"Reda\u00e7\u00e3o\" \/>\n\t<meta name=\"twitter:label2\" content=\"Est. tempo de leitura\" \/>\n\t<meta name=\"twitter:data2\" content=\"5 minutos\" \/>\n<script type=\"application\/ld+json\" class=\"yoast-schema-graph\">{\"@context\":\"https:\/\/schema.org\",\"@graph\":[{\"@type\":\"Article\",\"@id\":\"https:\/\/www.notibras.com\/site\/funil-engasga-lula-e-abre-espaco-para-flavio-no-primeiro-turno\/#article\",\"isPartOf\":{\"@id\":\"https:\/\/www.notibras.com\/site\/funil-engasga-lula-e-abre-espaco-para-flavio-no-primeiro-turno\/\"},\"author\":{\"name\":\"Reda\u00e7\u00e3o\",\"@id\":\"https:\/\/www.notibras.com\/site\/#\/schema\/person\/36ab0979449956132d3e5b517ea76ac8\"},\"headline\":\"Funil engasga Lula e abre espa\u00e7o para Fl\u00e1vio no primeiro turno\",\"datePublished\":\"2026-01-22T03:45:57+00:00\",\"mainEntityOfPage\":{\"@id\":\"https:\/\/www.notibras.com\/site\/funil-engasga-lula-e-abre-espaco-para-flavio-no-primeiro-turno\/\"},\"wordCount\":841,\"publisher\":{\"@id\":\"https:\/\/www.notibras.com\/site\/#organization\"},\"image\":{\"@id\":\"https:\/\/www.notibras.com\/site\/funil-engasga-lula-e-abre-espaco-para-flavio-no-primeiro-turno\/#primaryimage\"},\"thumbnailUrl\":\"https:\/\/www.notibras.com\/site\/wp-content\/uploads\/2026\/01\/e9d31458-5994-48ed-aca4-341446fa80d8.png\",\"keywords\":[\"capa\"],\"articleSection\":[\"Brasil\"],\"inLanguage\":\"pt-BR\"},{\"@type\":\"WebPage\",\"@id\":\"https:\/\/www.notibras.com\/site\/funil-engasga-lula-e-abre-espaco-para-flavio-no-primeiro-turno\/\",\"url\":\"https:\/\/www.notibras.com\/site\/funil-engasga-lula-e-abre-espaco-para-flavio-no-primeiro-turno\/\",\"name\":\"Funil engasga Lula e abre espa\u00e7o para Fl\u00e1vio no primeiro turno - Notibras\",\"isPartOf\":{\"@id\":\"https:\/\/www.notibras.com\/site\/#website\"},\"primaryImageOfPage\":{\"@id\":\"https:\/\/www.notibras.com\/site\/funil-engasga-lula-e-abre-espaco-para-flavio-no-primeiro-turno\/#primaryimage\"},\"image\":{\"@id\":\"https:\/\/www.notibras.com\/site\/funil-engasga-lula-e-abre-espaco-para-flavio-no-primeiro-turno\/#primaryimage\"},\"thumbnailUrl\":\"https:\/\/www.notibras.com\/site\/wp-content\/uploads\/2026\/01\/e9d31458-5994-48ed-aca4-341446fa80d8.png\",\"datePublished\":\"2026-01-22T03:45:57+00:00\",\"breadcrumb\":{\"@id\":\"https:\/\/www.notibras.com\/site\/funil-engasga-lula-e-abre-espaco-para-flavio-no-primeiro-turno\/#breadcrumb\"},\"inLanguage\":\"pt-BR\",\"potentialAction\":[{\"@type\":\"ReadAction\",\"target\":[\"https:\/\/www.notibras.com\/site\/funil-engasga-lula-e-abre-espaco-para-flavio-no-primeiro-turno\/\"]}]},{\"@type\":\"ImageObject\",\"inLanguage\":\"pt-BR\",\"@id\":\"https:\/\/www.notibras.com\/site\/funil-engasga-lula-e-abre-espaco-para-flavio-no-primeiro-turno\/#primaryimage\",\"url\":\"https:\/\/www.notibras.com\/site\/wp-content\/uploads\/2026\/01\/e9d31458-5994-48ed-aca4-341446fa80d8.png\",\"contentUrl\":\"https:\/\/www.notibras.com\/site\/wp-content\/uploads\/2026\/01\/e9d31458-5994-48ed-aca4-341446fa80d8.png\",\"width\":1536,\"height\":1024},{\"@type\":\"BreadcrumbList\",\"@id\":\"https:\/\/www.notibras.com\/site\/funil-engasga-lula-e-abre-espaco-para-flavio-no-primeiro-turno\/#breadcrumb\",\"itemListElement\":[{\"@type\":\"ListItem\",\"position\":1,\"name\":\"In\u00edcio\",\"item\":\"https:\/\/www.notibras.com\/site\/\"},{\"@type\":\"ListItem\",\"position\":2,\"name\":\"Funil engasga Lula e abre espa\u00e7o para Fl\u00e1vio no primeiro turno\"}]},{\"@type\":\"WebSite\",\"@id\":\"https:\/\/www.notibras.com\/site\/#website\",\"url\":\"https:\/\/www.notibras.com\/site\/\",\"name\":\"Notibras\",\"description\":\"Not\u00edcias de Bras\u00edlia, do Brasil e do Mundo\",\"publisher\":{\"@id\":\"https:\/\/www.notibras.com\/site\/#organization\"},\"potentialAction\":[{\"@type\":\"SearchAction\",\"target\":{\"@type\":\"EntryPoint\",\"urlTemplate\":\"https:\/\/www.notibras.com\/site\/?s={search_term_string}\"},\"query-input\":{\"@type\":\"PropertyValueSpecification\",\"valueRequired\":true,\"valueName\":\"search_term_string\"}}],\"inLanguage\":\"pt-BR\"},{\"@type\":\"Organization\",\"@id\":\"https:\/\/www.notibras.com\/site\/#organization\",\"name\":\"Grupo Notibras de Comunica\u00e7\u00e3o\",\"url\":\"https:\/\/www.notibras.com\/site\/\",\"logo\":{\"@type\":\"ImageObject\",\"inLanguage\":\"pt-BR\",\"@id\":\"https:\/\/www.notibras.com\/site\/#\/schema\/logo\/image\/\",\"url\":\"https:\/\/www.notibras.com\/site\/wp-content\/uploads\/2023\/01\/notibras23.png\",\"contentUrl\":\"https:\/\/www.notibras.com\/site\/wp-content\/uploads\/2023\/01\/notibras23.png\",\"width\":350,\"height\":87,\"caption\":\"Grupo Notibras de Comunica\u00e7\u00e3o\"},\"image\":{\"@id\":\"https:\/\/www.notibras.com\/site\/#\/schema\/logo\/image\/\"},\"sameAs\":[\"https:\/\/www.facebook.com\/notibras\/\",\"https:\/\/x.com\/Notibras\",\"https:\/\/www.instagram.com\/notibras\/\"]},{\"@type\":\"Person\",\"@id\":\"https:\/\/www.notibras.com\/site\/#\/schema\/person\/36ab0979449956132d3e5b517ea76ac8\",\"name\":\"Reda\u00e7\u00e3o\",\"image\":{\"@type\":\"ImageObject\",\"inLanguage\":\"pt-BR\",\"@id\":\"https:\/\/secure.gravatar.com\/avatar\/e0a867bdedb85fd243eadf09663511f96fc81e0720a4a42581f334ad4303aa6b?s=96&d=mm&r=g\",\"url\":\"https:\/\/secure.gravatar.com\/avatar\/e0a867bdedb85fd243eadf09663511f96fc81e0720a4a42581f334ad4303aa6b?s=96&d=mm&r=g\",\"contentUrl\":\"https:\/\/secure.gravatar.com\/avatar\/e0a867bdedb85fd243eadf09663511f96fc81e0720a4a42581f334ad4303aa6b?s=96&d=mm&r=g\",\"caption\":\"Reda\u00e7\u00e3o\"}}]}<\/script>\n<!-- \/ Yoast SEO plugin. -->","yoast_head_json":{"title":"Funil engasga Lula e abre espa\u00e7o para Fl\u00e1vio no primeiro turno - Notibras","robots":{"index":"index","follow":"follow","max-snippet":"max-snippet:-1","max-image-preview":"max-image-preview:large","max-video-preview":"max-video-preview:-1"},"canonical":"https:\/\/www.notibras.com\/site\/funil-engasga-lula-e-abre-espaco-para-flavio-no-primeiro-turno\/","og_locale":"pt_BR","og_type":"article","og_title":"Funil engasga Lula e abre espa\u00e7o para Fl\u00e1vio no primeiro turno - Notibras","og_description":"\u00c0 primeira vista, os n\u00fameros das pesquisas Genial\/Quaest e AtlasIntel divulgadas nesta semana parecem reafirmar o favoritismo do presidente Luiz In\u00e1cio Lula da Silva (PT). Em todos os cen\u00e1rios testados, Lula aparece \u00e0 frente. Mas uma leitura mais atenta dos dados, e sobretudo, das tend\u00eancias, revela um quadro menos confort\u00e1vel para o Pal\u00e1cio do Planalto: [&hellip;]","og_url":"https:\/\/www.notibras.com\/site\/funil-engasga-lula-e-abre-espaco-para-flavio-no-primeiro-turno\/","og_site_name":"Notibras","article_publisher":"https:\/\/www.facebook.com\/notibras\/","article_published_time":"2026-01-22T03:45:57+00:00","og_image":[{"width":1024,"height":683,"url":"https:\/\/www.notibras.com\/site\/wp-content\/uploads\/2026\/01\/e9d31458-5994-48ed-aca4-341446fa80d8-1024x683.png","type":"image\/png"}],"author":"Reda\u00e7\u00e3o","twitter_card":"summary_large_image","twitter_creator":"@Notibras","twitter_site":"@Notibras","twitter_misc":{"Escrito por":"Reda\u00e7\u00e3o","Est. tempo de leitura":"5 minutos"},"schema":{"@context":"https:\/\/schema.org","@graph":[{"@type":"Article","@id":"https:\/\/www.notibras.com\/site\/funil-engasga-lula-e-abre-espaco-para-flavio-no-primeiro-turno\/#article","isPartOf":{"@id":"https:\/\/www.notibras.com\/site\/funil-engasga-lula-e-abre-espaco-para-flavio-no-primeiro-turno\/"},"author":{"name":"Reda\u00e7\u00e3o","@id":"https:\/\/www.notibras.com\/site\/#\/schema\/person\/36ab0979449956132d3e5b517ea76ac8"},"headline":"Funil engasga Lula e abre espa\u00e7o para Fl\u00e1vio no primeiro turno","datePublished":"2026-01-22T03:45:57+00:00","mainEntityOfPage":{"@id":"https:\/\/www.notibras.com\/site\/funil-engasga-lula-e-abre-espaco-para-flavio-no-primeiro-turno\/"},"wordCount":841,"publisher":{"@id":"https:\/\/www.notibras.com\/site\/#organization"},"image":{"@id":"https:\/\/www.notibras.com\/site\/funil-engasga-lula-e-abre-espaco-para-flavio-no-primeiro-turno\/#primaryimage"},"thumbnailUrl":"https:\/\/www.notibras.com\/site\/wp-content\/uploads\/2026\/01\/e9d31458-5994-48ed-aca4-341446fa80d8.png","keywords":["capa"],"articleSection":["Brasil"],"inLanguage":"pt-BR"},{"@type":"WebPage","@id":"https:\/\/www.notibras.com\/site\/funil-engasga-lula-e-abre-espaco-para-flavio-no-primeiro-turno\/","url":"https:\/\/www.notibras.com\/site\/funil-engasga-lula-e-abre-espaco-para-flavio-no-primeiro-turno\/","name":"Funil engasga Lula e abre espa\u00e7o para Fl\u00e1vio no primeiro turno - Notibras","isPartOf":{"@id":"https:\/\/www.notibras.com\/site\/#website"},"primaryImageOfPage":{"@id":"https:\/\/www.notibras.com\/site\/funil-engasga-lula-e-abre-espaco-para-flavio-no-primeiro-turno\/#primaryimage"},"image":{"@id":"https:\/\/www.notibras.com\/site\/funil-engasga-lula-e-abre-espaco-para-flavio-no-primeiro-turno\/#primaryimage"},"thumbnailUrl":"https:\/\/www.notibras.com\/site\/wp-content\/uploads\/2026\/01\/e9d31458-5994-48ed-aca4-341446fa80d8.png","datePublished":"2026-01-22T03:45:57+00:00","breadcrumb":{"@id":"https:\/\/www.notibras.com\/site\/funil-engasga-lula-e-abre-espaco-para-flavio-no-primeiro-turno\/#breadcrumb"},"inLanguage":"pt-BR","potentialAction":[{"@type":"ReadAction","target":["https:\/\/www.notibras.com\/site\/funil-engasga-lula-e-abre-espaco-para-flavio-no-primeiro-turno\/"]}]},{"@type":"ImageObject","inLanguage":"pt-BR","@id":"https:\/\/www.notibras.com\/site\/funil-engasga-lula-e-abre-espaco-para-flavio-no-primeiro-turno\/#primaryimage","url":"https:\/\/www.notibras.com\/site\/wp-content\/uploads\/2026\/01\/e9d31458-5994-48ed-aca4-341446fa80d8.png","contentUrl":"https:\/\/www.notibras.com\/site\/wp-content\/uploads\/2026\/01\/e9d31458-5994-48ed-aca4-341446fa80d8.png","width":1536,"height":1024},{"@type":"BreadcrumbList","@id":"https:\/\/www.notibras.com\/site\/funil-engasga-lula-e-abre-espaco-para-flavio-no-primeiro-turno\/#breadcrumb","itemListElement":[{"@type":"ListItem","position":1,"name":"In\u00edcio","item":"https:\/\/www.notibras.com\/site\/"},{"@type":"ListItem","position":2,"name":"Funil engasga Lula e abre espa\u00e7o para Fl\u00e1vio no primeiro turno"}]},{"@type":"WebSite","@id":"https:\/\/www.notibras.com\/site\/#website","url":"https:\/\/www.notibras.com\/site\/","name":"Notibras","description":"Not\u00edcias de Bras\u00edlia, do Brasil e do Mundo","publisher":{"@id":"https:\/\/www.notibras.com\/site\/#organization"},"potentialAction":[{"@type":"SearchAction","target":{"@type":"EntryPoint","urlTemplate":"https:\/\/www.notibras.com\/site\/?s={search_term_string}"},"query-input":{"@type":"PropertyValueSpecification","valueRequired":true,"valueName":"search_term_string"}}],"inLanguage":"pt-BR"},{"@type":"Organization","@id":"https:\/\/www.notibras.com\/site\/#organization","name":"Grupo Notibras de Comunica\u00e7\u00e3o","url":"https:\/\/www.notibras.com\/site\/","logo":{"@type":"ImageObject","inLanguage":"pt-BR","@id":"https:\/\/www.notibras.com\/site\/#\/schema\/logo\/image\/","url":"https:\/\/www.notibras.com\/site\/wp-content\/uploads\/2023\/01\/notibras23.png","contentUrl":"https:\/\/www.notibras.com\/site\/wp-content\/uploads\/2023\/01\/notibras23.png","width":350,"height":87,"caption":"Grupo Notibras de Comunica\u00e7\u00e3o"},"image":{"@id":"https:\/\/www.notibras.com\/site\/#\/schema\/logo\/image\/"},"sameAs":["https:\/\/www.facebook.com\/notibras\/","https:\/\/x.com\/Notibras","https:\/\/www.instagram.com\/notibras\/"]},{"@type":"Person","@id":"https:\/\/www.notibras.com\/site\/#\/schema\/person\/36ab0979449956132d3e5b517ea76ac8","name":"Reda\u00e7\u00e3o","image":{"@type":"ImageObject","inLanguage":"pt-BR","@id":"https:\/\/secure.gravatar.com\/avatar\/e0a867bdedb85fd243eadf09663511f96fc81e0720a4a42581f334ad4303aa6b?s=96&d=mm&r=g","url":"https:\/\/secure.gravatar.com\/avatar\/e0a867bdedb85fd243eadf09663511f96fc81e0720a4a42581f334ad4303aa6b?s=96&d=mm&r=g","contentUrl":"https:\/\/secure.gravatar.com\/avatar\/e0a867bdedb85fd243eadf09663511f96fc81e0720a4a42581f334ad4303aa6b?s=96&d=mm&r=g","caption":"Reda\u00e7\u00e3o"}}]}},"amp_enabled":true,"_links":{"self":[{"href":"https:\/\/www.notibras.com\/site\/wp-json\/wp\/v2\/posts\/380040","targetHints":{"allow":["GET"]}}],"collection":[{"href":"https:\/\/www.notibras.com\/site\/wp-json\/wp\/v2\/posts"}],"about":[{"href":"https:\/\/www.notibras.com\/site\/wp-json\/wp\/v2\/types\/post"}],"author":[{"embeddable":true,"href":"https:\/\/www.notibras.com\/site\/wp-json\/wp\/v2\/users\/2"}],"replies":[{"embeddable":true,"href":"https:\/\/www.notibras.com\/site\/wp-json\/wp\/v2\/comments?post=380040"}],"version-history":[{"count":1,"href":"https:\/\/www.notibras.com\/site\/wp-json\/wp\/v2\/posts\/380040\/revisions"}],"predecessor-version":[{"id":380043,"href":"https:\/\/www.notibras.com\/site\/wp-json\/wp\/v2\/posts\/380040\/revisions\/380043"}],"wp:featuredmedia":[{"embeddable":true,"href":"https:\/\/www.notibras.com\/site\/wp-json\/wp\/v2\/media\/380042"}],"wp:attachment":[{"href":"https:\/\/www.notibras.com\/site\/wp-json\/wp\/v2\/media?parent=380040"}],"wp:term":[{"taxonomy":"category","embeddable":true,"href":"https:\/\/www.notibras.com\/site\/wp-json\/wp\/v2\/categories?post=380040"},{"taxonomy":"post_tag","embeddable":true,"href":"https:\/\/www.notibras.com\/site\/wp-json\/wp\/v2\/tags?post=380040"}],"curies":[{"name":"wp","href":"https:\/\/api.w.org\/{rel}","templated":true}]}}