{"id":380044,"date":"2026-01-22T02:00:43","date_gmt":"2026-01-22T05:00:43","guid":{"rendered":"https:\/\/www.notibras.com\/site\/?p=380044"},"modified":"2026-01-22T02:06:48","modified_gmt":"2026-01-22T05:06:48","slug":"lei-de-vale-avanca-na-protecao-dos-animais","status":"publish","type":"post","link":"https:\/\/www.notibras.com\/site\/lei-de-vale-avanca-na-protecao-dos-animais\/","title":{"rendered":"Lei de Vale avan\u00e7a na prote\u00e7\u00e3o dos animais"},"content":{"rendered":"<p>A forma como uma sociedade trata os animais diz muito sobre o seu n\u00edvel de civiliza\u00e7\u00e3o. No Distrito Federal, a Lei n\u00ba 7.791\/2025, que disp\u00f5e sobre os direitos de c\u00e3es e gatos, bem como sobre os direitos e deveres de tutores e cuidadores, representa um passo importante nessa dire\u00e7\u00e3o. De autoria do deputado Ricardo Vale, do PT, considero essa legisla\u00e7\u00e3o um avan\u00e7o concreto e necess\u00e1rio.<\/p>\n<p>Em vigor desde dezembro de 2025, a lei tem o m\u00e9rito de reconhecer formalmente os chamados animais comunit\u00e1rios, aqueles que vivem nas ruas, mas que, na pr\u00e1tica, s\u00e3o alimentados, cuidados e protegidos por volunt\u00e1rios, protetores independentes ou pela pr\u00f3pria popula\u00e7\u00e3o. Ao fazer isso, o Estado finalmente enxerga uma realidade que sempre existiu e que, por muito tempo, foi ignorada. Mais do que reconhecer, a legisla\u00e7\u00e3o protege esse cuidado ao prever multa para condom\u00ednios que dificultem ou impe\u00e7am o trabalho de quem cuida desses animais. \u00c9 uma mensagem clara: solidariedade n\u00e3o pode ser punida.<\/p>\n<p>Outro ponto fundamental \u00e9 o reconhecimento do trabalho incans\u00e1vel dos protetores de animais. A previs\u00e3o de isen\u00e7\u00e3o de impostos na compra de ra\u00e7\u00e3o e em servi\u00e7os veterin\u00e1rios n\u00e3o \u00e9 um privil\u00e9gio, mas uma forma justa de apoiar quem, muitas vezes, assume sozinho uma responsabilidade que deveria ser compartilhada por toda a sociedade. Proteger quem protege \u00e9 uma escolha pol\u00edtica que revela sensibilidade social.<\/p>\n<p>A lei tamb\u00e9m avan\u00e7a ao garantir direitos \u00e0s pessoas em situa\u00e7\u00e3o de rua, permitindo que elas permane\u00e7am com seus animais quando acolhidas em abrigos. Essa medida respeita v\u00ednculos afetivos profundos e reconhece que, para muitas dessas pessoas, seus c\u00e3es e gatos s\u00e3o a \u00fanica fonte de afeto, companhia e prote\u00e7\u00e3o. Separ\u00e1-los seria mais uma viol\u00eancia.<\/p>\n<p>Sem d\u00favida, estamos diante de um enorme avan\u00e7o no reconhecimento dos direitos dos animais e, ao mesmo tempo, na afirma\u00e7\u00e3o de valores como empatia, cuidado e responsabilidade coletiva. Respeito aos c\u00e3es e gatos n\u00e3o \u00e9 um detalhe: \u00e9 um compromisso \u00e9tico com a vida.<\/p>\n","protected":false},"excerpt":{"rendered":"<p>A forma como uma sociedade trata os animais diz muito sobre o seu n\u00edvel de civiliza\u00e7\u00e3o. No Distrito Federal, a Lei n\u00ba 7.791\/2025, que disp\u00f5e sobre os direitos de c\u00e3es e gatos, bem como sobre os direitos e deveres de tutores e cuidadores, representa um passo importante nessa dire\u00e7\u00e3o. De autoria do deputado Ricardo Vale, [&hellip;]<\/p>\n","protected":false},"author":21,"featured_media":380045,"comment_status":"closed","ping_status":"closed","sticky":false,"template":"","format":"standard","meta":{"_acf_changed":false,"footnotes":""},"categories":[235],"tags":[],"class_list":["post-380044","post","type-post","status-publish","format-standard","has-post-thumbnail","hentry","category-dona-irene"],"acf":[],"yoast_head":"<!-- This site is optimized with the Yoast SEO plugin v27.2 - https:\/\/yoast.com\/product\/yoast-seo-wordpress\/ -->\n<title>Lei de Vale avan\u00e7a na prote\u00e7\u00e3o dos animais - Notibras<\/title>\n<meta name=\"robots\" content=\"index, follow, max-snippet:-1, max-image-preview:large, max-video-preview:-1\" \/>\n<link rel=\"canonical\" href=\"https:\/\/www.notibras.com\/site\/lei-de-vale-avanca-na-protecao-dos-animais\/\" \/>\n<meta property=\"og:locale\" content=\"pt_BR\" \/>\n<meta property=\"og:type\" content=\"article\" \/>\n<meta property=\"og:title\" content=\"Lei de Vale avan\u00e7a na prote\u00e7\u00e3o dos animais - Notibras\" \/>\n<meta property=\"og:description\" content=\"A forma como uma sociedade trata os animais diz muito sobre o seu n\u00edvel de civiliza\u00e7\u00e3o. No Distrito Federal, a Lei n\u00ba 7.791\/2025, que disp\u00f5e sobre os direitos de c\u00e3es e gatos, bem como sobre os direitos e deveres de tutores e cuidadores, representa um passo importante nessa dire\u00e7\u00e3o. De autoria do deputado Ricardo Vale, [&hellip;]\" \/>\n<meta property=\"og:url\" content=\"https:\/\/www.notibras.com\/site\/lei-de-vale-avanca-na-protecao-dos-animais\/\" \/>\n<meta property=\"og:site_name\" content=\"Notibras\" \/>\n<meta property=\"article:publisher\" content=\"https:\/\/www.facebook.com\/notibras\/\" \/>\n<meta property=\"article:published_time\" content=\"2026-01-22T05:00:43+00:00\" \/>\n<meta property=\"article:modified_time\" content=\"2026-01-22T05:06:48+00:00\" \/>\n<meta property=\"og:image\" content=\"https:\/\/www.notibras.com\/site\/wp-content\/uploads\/2026\/01\/WhatsApp-Image-2026-01-21-at-23.38.36.jpeg\" \/>\n\t<meta property=\"og:image:width\" content=\"1600\" \/>\n\t<meta property=\"og:image:height\" content=\"1066\" \/>\n\t<meta property=\"og:image:type\" content=\"image\/jpeg\" \/>\n<meta name=\"author\" content=\"Eduardo Mart\u00ednez\" \/>\n<meta name=\"twitter:card\" content=\"summary_large_image\" \/>\n<meta name=\"twitter:creator\" content=\"@Notibras\" \/>\n<meta name=\"twitter:site\" content=\"@Notibras\" \/>\n<meta name=\"twitter:label1\" content=\"Escrito por\" \/>\n\t<meta name=\"twitter:data1\" content=\"Eduardo Mart\u00ednez\" \/>\n\t<meta name=\"twitter:label2\" content=\"Est. tempo de leitura\" \/>\n\t<meta name=\"twitter:data2\" content=\"3 minutos\" \/>\n<script type=\"application\/ld+json\" class=\"yoast-schema-graph\">{\"@context\":\"https:\/\/schema.org\",\"@graph\":[{\"@type\":\"Article\",\"@id\":\"https:\/\/www.notibras.com\/site\/lei-de-vale-avanca-na-protecao-dos-animais\/#article\",\"isPartOf\":{\"@id\":\"https:\/\/www.notibras.com\/site\/lei-de-vale-avanca-na-protecao-dos-animais\/\"},\"author\":{\"name\":\"Eduardo Mart\u00ednez\",\"@id\":\"https:\/\/www.notibras.com\/site\/#\/schema\/person\/5b7fabf2aedc3ada2105f03b22b4d3dd\"},\"headline\":\"Lei de Vale avan\u00e7a na prote\u00e7\u00e3o dos animais\",\"datePublished\":\"2026-01-22T05:00:43+00:00\",\"dateModified\":\"2026-01-22T05:06:48+00:00\",\"mainEntityOfPage\":{\"@id\":\"https:\/\/www.notibras.com\/site\/lei-de-vale-avanca-na-protecao-dos-animais\/\"},\"wordCount\":365,\"publisher\":{\"@id\":\"https:\/\/www.notibras.com\/site\/#organization\"},\"image\":{\"@id\":\"https:\/\/www.notibras.com\/site\/lei-de-vale-avanca-na-protecao-dos-animais\/#primaryimage\"},\"thumbnailUrl\":\"https:\/\/www.notibras.com\/site\/wp-content\/uploads\/2026\/01\/WhatsApp-Image-2026-01-21-at-23.38.36.jpeg\",\"articleSection\":[\"Dona Irene\"],\"inLanguage\":\"pt-BR\"},{\"@type\":\"WebPage\",\"@id\":\"https:\/\/www.notibras.com\/site\/lei-de-vale-avanca-na-protecao-dos-animais\/\",\"url\":\"https:\/\/www.notibras.com\/site\/lei-de-vale-avanca-na-protecao-dos-animais\/\",\"name\":\"Lei de Vale avan\u00e7a na prote\u00e7\u00e3o dos animais - Notibras\",\"isPartOf\":{\"@id\":\"https:\/\/www.notibras.com\/site\/#website\"},\"primaryImageOfPage\":{\"@id\":\"https:\/\/www.notibras.com\/site\/lei-de-vale-avanca-na-protecao-dos-animais\/#primaryimage\"},\"image\":{\"@id\":\"https:\/\/www.notibras.com\/site\/lei-de-vale-avanca-na-protecao-dos-animais\/#primaryimage\"},\"thumbnailUrl\":\"https:\/\/www.notibras.com\/site\/wp-content\/uploads\/2026\/01\/WhatsApp-Image-2026-01-21-at-23.38.36.jpeg\",\"datePublished\":\"2026-01-22T05:00:43+00:00\",\"dateModified\":\"2026-01-22T05:06:48+00:00\",\"breadcrumb\":{\"@id\":\"https:\/\/www.notibras.com\/site\/lei-de-vale-avanca-na-protecao-dos-animais\/#breadcrumb\"},\"inLanguage\":\"pt-BR\",\"potentialAction\":[{\"@type\":\"ReadAction\",\"target\":[\"https:\/\/www.notibras.com\/site\/lei-de-vale-avanca-na-protecao-dos-animais\/\"]}]},{\"@type\":\"ImageObject\",\"inLanguage\":\"pt-BR\",\"@id\":\"https:\/\/www.notibras.com\/site\/lei-de-vale-avanca-na-protecao-dos-animais\/#primaryimage\",\"url\":\"https:\/\/www.notibras.com\/site\/wp-content\/uploads\/2026\/01\/WhatsApp-Image-2026-01-21-at-23.38.36.jpeg\",\"contentUrl\":\"https:\/\/www.notibras.com\/site\/wp-content\/uploads\/2026\/01\/WhatsApp-Image-2026-01-21-at-23.38.36.jpeg\",\"width\":1600,\"height\":1066},{\"@type\":\"BreadcrumbList\",\"@id\":\"https:\/\/www.notibras.com\/site\/lei-de-vale-avanca-na-protecao-dos-animais\/#breadcrumb\",\"itemListElement\":[{\"@type\":\"ListItem\",\"position\":1,\"name\":\"In\u00edcio\",\"item\":\"https:\/\/www.notibras.com\/site\/\"},{\"@type\":\"ListItem\",\"position\":2,\"name\":\"Lei de Vale avan\u00e7a na prote\u00e7\u00e3o dos animais\"}]},{\"@type\":\"WebSite\",\"@id\":\"https:\/\/www.notibras.com\/site\/#website\",\"url\":\"https:\/\/www.notibras.com\/site\/\",\"name\":\"Notibras\",\"description\":\"Not\u00edcias de Bras\u00edlia, do Brasil e do Mundo\",\"publisher\":{\"@id\":\"https:\/\/www.notibras.com\/site\/#organization\"},\"potentialAction\":[{\"@type\":\"SearchAction\",\"target\":{\"@type\":\"EntryPoint\",\"urlTemplate\":\"https:\/\/www.notibras.com\/site\/?s={search_term_string}\"},\"query-input\":{\"@type\":\"PropertyValueSpecification\",\"valueRequired\":true,\"valueName\":\"search_term_string\"}}],\"inLanguage\":\"pt-BR\"},{\"@type\":\"Organization\",\"@id\":\"https:\/\/www.notibras.com\/site\/#organization\",\"name\":\"Grupo Notibras de Comunica\u00e7\u00e3o\",\"url\":\"https:\/\/www.notibras.com\/site\/\",\"logo\":{\"@type\":\"ImageObject\",\"inLanguage\":\"pt-BR\",\"@id\":\"https:\/\/www.notibras.com\/site\/#\/schema\/logo\/image\/\",\"url\":\"https:\/\/www.notibras.com\/site\/wp-content\/uploads\/2023\/01\/notibras23.png\",\"contentUrl\":\"https:\/\/www.notibras.com\/site\/wp-content\/uploads\/2023\/01\/notibras23.png\",\"width\":350,\"height\":87,\"caption\":\"Grupo Notibras de Comunica\u00e7\u00e3o\"},\"image\":{\"@id\":\"https:\/\/www.notibras.com\/site\/#\/schema\/logo\/image\/\"},\"sameAs\":[\"https:\/\/www.facebook.com\/notibras\/\",\"https:\/\/x.com\/Notibras\",\"https:\/\/www.instagram.com\/notibras\/\"]},{\"@type\":\"Person\",\"@id\":\"https:\/\/www.notibras.com\/site\/#\/schema\/person\/5b7fabf2aedc3ada2105f03b22b4d3dd\",\"name\":\"Eduardo Mart\u00ednez\",\"image\":{\"@type\":\"ImageObject\",\"inLanguage\":\"pt-BR\",\"@id\":\"https:\/\/secure.gravatar.com\/avatar\/7902f906289926289cbcda644b5197c796b893c6ffd7b9a536a42d290f7704a0?s=96&d=mm&r=g\",\"url\":\"https:\/\/secure.gravatar.com\/avatar\/7902f906289926289cbcda644b5197c796b893c6ffd7b9a536a42d290f7704a0?s=96&d=mm&r=g\",\"contentUrl\":\"https:\/\/secure.gravatar.com\/avatar\/7902f906289926289cbcda644b5197c796b893c6ffd7b9a536a42d290f7704a0?s=96&d=mm&r=g\",\"caption\":\"Eduardo Mart\u00ednez\"}}]}<\/script>\n<!-- \/ Yoast SEO plugin. -->","yoast_head_json":{"title":"Lei de Vale avan\u00e7a na prote\u00e7\u00e3o dos animais - Notibras","robots":{"index":"index","follow":"follow","max-snippet":"max-snippet:-1","max-image-preview":"max-image-preview:large","max-video-preview":"max-video-preview:-1"},"canonical":"https:\/\/www.notibras.com\/site\/lei-de-vale-avanca-na-protecao-dos-animais\/","og_locale":"pt_BR","og_type":"article","og_title":"Lei de Vale avan\u00e7a na prote\u00e7\u00e3o dos animais - Notibras","og_description":"A forma como uma sociedade trata os animais diz muito sobre o seu n\u00edvel de civiliza\u00e7\u00e3o. No Distrito Federal, a Lei n\u00ba 7.791\/2025, que disp\u00f5e sobre os direitos de c\u00e3es e gatos, bem como sobre os direitos e deveres de tutores e cuidadores, representa um passo importante nessa dire\u00e7\u00e3o. De autoria do deputado Ricardo Vale, [&hellip;]","og_url":"https:\/\/www.notibras.com\/site\/lei-de-vale-avanca-na-protecao-dos-animais\/","og_site_name":"Notibras","article_publisher":"https:\/\/www.facebook.com\/notibras\/","article_published_time":"2026-01-22T05:00:43+00:00","article_modified_time":"2026-01-22T05:06:48+00:00","og_image":[{"width":1600,"height":1066,"url":"https:\/\/www.notibras.com\/site\/wp-content\/uploads\/2026\/01\/WhatsApp-Image-2026-01-21-at-23.38.36.jpeg","type":"image\/jpeg"}],"author":"Eduardo Mart\u00ednez","twitter_card":"summary_large_image","twitter_creator":"@Notibras","twitter_site":"@Notibras","twitter_misc":{"Escrito por":"Eduardo Mart\u00ednez","Est. tempo de leitura":"3 minutos"},"schema":{"@context":"https:\/\/schema.org","@graph":[{"@type":"Article","@id":"https:\/\/www.notibras.com\/site\/lei-de-vale-avanca-na-protecao-dos-animais\/#article","isPartOf":{"@id":"https:\/\/www.notibras.com\/site\/lei-de-vale-avanca-na-protecao-dos-animais\/"},"author":{"name":"Eduardo Mart\u00ednez","@id":"https:\/\/www.notibras.com\/site\/#\/schema\/person\/5b7fabf2aedc3ada2105f03b22b4d3dd"},"headline":"Lei de Vale avan\u00e7a na prote\u00e7\u00e3o dos animais","datePublished":"2026-01-22T05:00:43+00:00","dateModified":"2026-01-22T05:06:48+00:00","mainEntityOfPage":{"@id":"https:\/\/www.notibras.com\/site\/lei-de-vale-avanca-na-protecao-dos-animais\/"},"wordCount":365,"publisher":{"@id":"https:\/\/www.notibras.com\/site\/#organization"},"image":{"@id":"https:\/\/www.notibras.com\/site\/lei-de-vale-avanca-na-protecao-dos-animais\/#primaryimage"},"thumbnailUrl":"https:\/\/www.notibras.com\/site\/wp-content\/uploads\/2026\/01\/WhatsApp-Image-2026-01-21-at-23.38.36.jpeg","articleSection":["Dona Irene"],"inLanguage":"pt-BR"},{"@type":"WebPage","@id":"https:\/\/www.notibras.com\/site\/lei-de-vale-avanca-na-protecao-dos-animais\/","url":"https:\/\/www.notibras.com\/site\/lei-de-vale-avanca-na-protecao-dos-animais\/","name":"Lei de Vale avan\u00e7a na prote\u00e7\u00e3o dos animais - Notibras","isPartOf":{"@id":"https:\/\/www.notibras.com\/site\/#website"},"primaryImageOfPage":{"@id":"https:\/\/www.notibras.com\/site\/lei-de-vale-avanca-na-protecao-dos-animais\/#primaryimage"},"image":{"@id":"https:\/\/www.notibras.com\/site\/lei-de-vale-avanca-na-protecao-dos-animais\/#primaryimage"},"thumbnailUrl":"https:\/\/www.notibras.com\/site\/wp-content\/uploads\/2026\/01\/WhatsApp-Image-2026-01-21-at-23.38.36.jpeg","datePublished":"2026-01-22T05:00:43+00:00","dateModified":"2026-01-22T05:06:48+00:00","breadcrumb":{"@id":"https:\/\/www.notibras.com\/site\/lei-de-vale-avanca-na-protecao-dos-animais\/#breadcrumb"},"inLanguage":"pt-BR","potentialAction":[{"@type":"ReadAction","target":["https:\/\/www.notibras.com\/site\/lei-de-vale-avanca-na-protecao-dos-animais\/"]}]},{"@type":"ImageObject","inLanguage":"pt-BR","@id":"https:\/\/www.notibras.com\/site\/lei-de-vale-avanca-na-protecao-dos-animais\/#primaryimage","url":"https:\/\/www.notibras.com\/site\/wp-content\/uploads\/2026\/01\/WhatsApp-Image-2026-01-21-at-23.38.36.jpeg","contentUrl":"https:\/\/www.notibras.com\/site\/wp-content\/uploads\/2026\/01\/WhatsApp-Image-2026-01-21-at-23.38.36.jpeg","width":1600,"height":1066},{"@type":"BreadcrumbList","@id":"https:\/\/www.notibras.com\/site\/lei-de-vale-avanca-na-protecao-dos-animais\/#breadcrumb","itemListElement":[{"@type":"ListItem","position":1,"name":"In\u00edcio","item":"https:\/\/www.notibras.com\/site\/"},{"@type":"ListItem","position":2,"name":"Lei de Vale avan\u00e7a na prote\u00e7\u00e3o dos animais"}]},{"@type":"WebSite","@id":"https:\/\/www.notibras.com\/site\/#website","url":"https:\/\/www.notibras.com\/site\/","name":"Notibras","description":"Not\u00edcias de Bras\u00edlia, do Brasil e do Mundo","publisher":{"@id":"https:\/\/www.notibras.com\/site\/#organization"},"potentialAction":[{"@type":"SearchAction","target":{"@type":"EntryPoint","urlTemplate":"https:\/\/www.notibras.com\/site\/?s={search_term_string}"},"query-input":{"@type":"PropertyValueSpecification","valueRequired":true,"valueName":"search_term_string"}}],"inLanguage":"pt-BR"},{"@type":"Organization","@id":"https:\/\/www.notibras.com\/site\/#organization","name":"Grupo Notibras de Comunica\u00e7\u00e3o","url":"https:\/\/www.notibras.com\/site\/","logo":{"@type":"ImageObject","inLanguage":"pt-BR","@id":"https:\/\/www.notibras.com\/site\/#\/schema\/logo\/image\/","url":"https:\/\/www.notibras.com\/site\/wp-content\/uploads\/2023\/01\/notibras23.png","contentUrl":"https:\/\/www.notibras.com\/site\/wp-content\/uploads\/2023\/01\/notibras23.png","width":350,"height":87,"caption":"Grupo Notibras de Comunica\u00e7\u00e3o"},"image":{"@id":"https:\/\/www.notibras.com\/site\/#\/schema\/logo\/image\/"},"sameAs":["https:\/\/www.facebook.com\/notibras\/","https:\/\/x.com\/Notibras","https:\/\/www.instagram.com\/notibras\/"]},{"@type":"Person","@id":"https:\/\/www.notibras.com\/site\/#\/schema\/person\/5b7fabf2aedc3ada2105f03b22b4d3dd","name":"Eduardo Mart\u00ednez","image":{"@type":"ImageObject","inLanguage":"pt-BR","@id":"https:\/\/secure.gravatar.com\/avatar\/7902f906289926289cbcda644b5197c796b893c6ffd7b9a536a42d290f7704a0?s=96&d=mm&r=g","url":"https:\/\/secure.gravatar.com\/avatar\/7902f906289926289cbcda644b5197c796b893c6ffd7b9a536a42d290f7704a0?s=96&d=mm&r=g","contentUrl":"https:\/\/secure.gravatar.com\/avatar\/7902f906289926289cbcda644b5197c796b893c6ffd7b9a536a42d290f7704a0?s=96&d=mm&r=g","caption":"Eduardo Mart\u00ednez"}}]}},"amp_enabled":true,"_links":{"self":[{"href":"https:\/\/www.notibras.com\/site\/wp-json\/wp\/v2\/posts\/380044","targetHints":{"allow":["GET"]}}],"collection":[{"href":"https:\/\/www.notibras.com\/site\/wp-json\/wp\/v2\/posts"}],"about":[{"href":"https:\/\/www.notibras.com\/site\/wp-json\/wp\/v2\/types\/post"}],"author":[{"embeddable":true,"href":"https:\/\/www.notibras.com\/site\/wp-json\/wp\/v2\/users\/21"}],"replies":[{"embeddable":true,"href":"https:\/\/www.notibras.com\/site\/wp-json\/wp\/v2\/comments?post=380044"}],"version-history":[{"count":4,"href":"https:\/\/www.notibras.com\/site\/wp-json\/wp\/v2\/posts\/380044\/revisions"}],"predecessor-version":[{"id":380076,"href":"https:\/\/www.notibras.com\/site\/wp-json\/wp\/v2\/posts\/380044\/revisions\/380076"}],"wp:featuredmedia":[{"embeddable":true,"href":"https:\/\/www.notibras.com\/site\/wp-json\/wp\/v2\/media\/380045"}],"wp:attachment":[{"href":"https:\/\/www.notibras.com\/site\/wp-json\/wp\/v2\/media?parent=380044"}],"wp:term":[{"taxonomy":"category","embeddable":true,"href":"https:\/\/www.notibras.com\/site\/wp-json\/wp\/v2\/categories?post=380044"},{"taxonomy":"post_tag","embeddable":true,"href":"https:\/\/www.notibras.com\/site\/wp-json\/wp\/v2\/tags?post=380044"}],"curies":[{"name":"wp","href":"https:\/\/api.w.org\/{rel}","templated":true}]}}