{"id":380049,"date":"2026-01-22T02:00:10","date_gmt":"2026-01-22T05:00:10","guid":{"rendered":"https:\/\/www.notibras.com\/site\/?p=380049"},"modified":"2026-01-22T00:54:55","modified_gmt":"2026-01-22T03:54:55","slug":"tarcisio-foi-preterido-porque-nao-pertence-a-familia","status":"publish","type":"post","link":"https:\/\/www.notibras.com\/site\/tarcisio-foi-preterido-porque-nao-pertence-a-familia\/","title":{"rendered":"Tarc\u00edsio foi preterido porque n\u00e3o pertence \u00e0 fam\u00edlia"},"content":{"rendered":"<p>Me recuso a aceitar a vers\u00e3o conveniente apresentada pelo l\u00edder do PL na C\u00e2mara, S\u00f3stenes Cavalcante, sobre a n\u00e3o candidatura de Tarc\u00edsio de Freitas \u00e0 Presid\u00eancia da Rep\u00fablica. Segundo ele, Tarc\u00edsio teria cometido \u201cerros pol\u00edticos\u201d ao n\u00e3o atender, nos momentos certos, aos pedidos de Jair Bolsonaro, e por isso teria perdido a chance de ser o escolhido para 2026. Para mim, essa narrativa n\u00e3o se sustenta.<\/p>\n<p>N\u00e3o \u00e9 verdade que Tarc\u00edsio n\u00e3o foi candidato porque \u201cerrou o timing\u201d ou porque deixou de obedecer a ordens. A raz\u00e3o \u00e9 muito mais simples e muito mais inc\u00f4moda para quem insiste em dourar a p\u00edlula: Tarc\u00edsio n\u00e3o foi escolhido porque n\u00e3o \u00e9 da fam\u00edlia. N\u00e3o tem o sobrenome Bolsonaro. E, dentro da l\u00f3gica que rege o bolsonarismo, isso pesa mais do que qualquer desempenho em pesquisas ou capacidade eleitoral.<\/p>\n<p>A fam\u00edlia Bolsonaro \u00e9 autocentrada, fechada em si mesma, e jamais admitiria abrir m\u00e3o do protagonismo para algu\u00e9m de fora do cl\u00e3. Mesmo diante de n\u00fameros melhores e de maior viabilidade eleitoral, a confian\u00e7a nunca esteve em jogo de forma real. Nem mesmo Michelle Bolsonaro, que carrega o sobrenome e foi al\u00e7ada a figura pol\u00edtica por conveni\u00eancia, pareceu digna de confian\u00e7a plena. Quem dir\u00e1 Tarc\u00edsio, que sempre foi um aliado funcional, mas nunca um \u201cdos seus\u201d.<\/p>\n<p>H\u00e1 ainda um tra\u00e7o que n\u00e3o pode ser ignorado: Bolsonaro tem uma personalidade claramente persecut\u00f3ria. Desconfia de todos, v\u00ea amea\u00e7as onde elas n\u00e3o existem e interpreta qualquer autonomia como trai\u00e7\u00e3o em potencial. Nesse ambiente, ningu\u00e9m cresce demais sem despertar suspeita. E ningu\u00e9m, absolutamente ningu\u00e9m, pode brilhar mais do que o patriarca.<\/p>\n<p>Portanto, quando dizem que \u201cagora \u00e9 tarde\u201d para Tarc\u00edsio, eu diria que nunca houve, de fato, um momento certo. A escolha nunca foi t\u00e9cnica, estrat\u00e9gica ou eleitoral. Foi, e continua sendo, familiar, personalista e marcada por uma l\u00f3gica de poder que n\u00e3o admite substitutos, apenas herdeiros.<\/p>\n","protected":false},"excerpt":{"rendered":"<p>Me recuso a aceitar a vers\u00e3o conveniente apresentada pelo l\u00edder do PL na C\u00e2mara, S\u00f3stenes Cavalcante, sobre a n\u00e3o candidatura de Tarc\u00edsio de Freitas \u00e0 Presid\u00eancia da Rep\u00fablica. Segundo ele, Tarc\u00edsio teria cometido \u201cerros pol\u00edticos\u201d ao n\u00e3o atender, nos momentos certos, aos pedidos de Jair Bolsonaro, e por isso teria perdido a chance de ser [&hellip;]<\/p>\n","protected":false},"author":21,"featured_media":380050,"comment_status":"closed","ping_status":"closed","sticky":false,"template":"","format":"standard","meta":{"_acf_changed":false,"footnotes":""},"categories":[235],"tags":[],"class_list":["post-380049","post","type-post","status-publish","format-standard","has-post-thumbnail","hentry","category-dona-irene"],"acf":[],"yoast_head":"<!-- This site is optimized with the Yoast SEO plugin v27.2 - https:\/\/yoast.com\/product\/yoast-seo-wordpress\/ -->\n<title>Tarc\u00edsio foi preterido porque n\u00e3o pertence \u00e0 fam\u00edlia - Notibras<\/title>\n<meta name=\"robots\" content=\"index, follow, max-snippet:-1, max-image-preview:large, max-video-preview:-1\" \/>\n<link rel=\"canonical\" href=\"https:\/\/www.notibras.com\/site\/tarcisio-foi-preterido-porque-nao-pertence-a-familia\/\" \/>\n<meta property=\"og:locale\" content=\"pt_BR\" \/>\n<meta property=\"og:type\" content=\"article\" \/>\n<meta property=\"og:title\" content=\"Tarc\u00edsio foi preterido porque n\u00e3o pertence \u00e0 fam\u00edlia - Notibras\" \/>\n<meta property=\"og:description\" content=\"Me recuso a aceitar a vers\u00e3o conveniente apresentada pelo l\u00edder do PL na C\u00e2mara, S\u00f3stenes Cavalcante, sobre a n\u00e3o candidatura de Tarc\u00edsio de Freitas \u00e0 Presid\u00eancia da Rep\u00fablica. Segundo ele, Tarc\u00edsio teria cometido \u201cerros pol\u00edticos\u201d ao n\u00e3o atender, nos momentos certos, aos pedidos de Jair Bolsonaro, e por isso teria perdido a chance de ser [&hellip;]\" \/>\n<meta property=\"og:url\" content=\"https:\/\/www.notibras.com\/site\/tarcisio-foi-preterido-porque-nao-pertence-a-familia\/\" \/>\n<meta property=\"og:site_name\" content=\"Notibras\" \/>\n<meta property=\"article:publisher\" content=\"https:\/\/www.facebook.com\/notibras\/\" \/>\n<meta property=\"article:published_time\" content=\"2026-01-22T05:00:10+00:00\" \/>\n<meta property=\"og:image\" content=\"https:\/\/www.notibras.com\/site\/wp-content\/uploads\/2026\/01\/tarcisio-eua.webp\" \/>\n\t<meta property=\"og:image:width\" content=\"1280\" \/>\n\t<meta property=\"og:image:height\" content=\"720\" \/>\n\t<meta property=\"og:image:type\" content=\"image\/webp\" \/>\n<meta name=\"author\" content=\"Eduardo Mart\u00ednez\" \/>\n<meta name=\"twitter:card\" content=\"summary_large_image\" \/>\n<meta name=\"twitter:creator\" content=\"@Notibras\" \/>\n<meta name=\"twitter:site\" content=\"@Notibras\" \/>\n<meta name=\"twitter:label1\" content=\"Escrito por\" \/>\n\t<meta name=\"twitter:data1\" content=\"Eduardo Mart\u00ednez\" \/>\n\t<meta name=\"twitter:label2\" content=\"Est. tempo de leitura\" \/>\n\t<meta name=\"twitter:data2\" content=\"2 minutos\" \/>\n<script type=\"application\/ld+json\" class=\"yoast-schema-graph\">{\"@context\":\"https:\/\/schema.org\",\"@graph\":[{\"@type\":\"Article\",\"@id\":\"https:\/\/www.notibras.com\/site\/tarcisio-foi-preterido-porque-nao-pertence-a-familia\/#article\",\"isPartOf\":{\"@id\":\"https:\/\/www.notibras.com\/site\/tarcisio-foi-preterido-porque-nao-pertence-a-familia\/\"},\"author\":{\"name\":\"Eduardo Mart\u00ednez\",\"@id\":\"https:\/\/www.notibras.com\/site\/#\/schema\/person\/5b7fabf2aedc3ada2105f03b22b4d3dd\"},\"headline\":\"Tarc\u00edsio foi preterido porque n\u00e3o pertence \u00e0 fam\u00edlia\",\"datePublished\":\"2026-01-22T05:00:10+00:00\",\"mainEntityOfPage\":{\"@id\":\"https:\/\/www.notibras.com\/site\/tarcisio-foi-preterido-porque-nao-pertence-a-familia\/\"},\"wordCount\":360,\"publisher\":{\"@id\":\"https:\/\/www.notibras.com\/site\/#organization\"},\"image\":{\"@id\":\"https:\/\/www.notibras.com\/site\/tarcisio-foi-preterido-porque-nao-pertence-a-familia\/#primaryimage\"},\"thumbnailUrl\":\"https:\/\/www.notibras.com\/site\/wp-content\/uploads\/2026\/01\/tarcisio-eua.webp\",\"articleSection\":[\"Dona Irene\"],\"inLanguage\":\"pt-BR\"},{\"@type\":\"WebPage\",\"@id\":\"https:\/\/www.notibras.com\/site\/tarcisio-foi-preterido-porque-nao-pertence-a-familia\/\",\"url\":\"https:\/\/www.notibras.com\/site\/tarcisio-foi-preterido-porque-nao-pertence-a-familia\/\",\"name\":\"Tarc\u00edsio foi preterido porque n\u00e3o pertence \u00e0 fam\u00edlia - Notibras\",\"isPartOf\":{\"@id\":\"https:\/\/www.notibras.com\/site\/#website\"},\"primaryImageOfPage\":{\"@id\":\"https:\/\/www.notibras.com\/site\/tarcisio-foi-preterido-porque-nao-pertence-a-familia\/#primaryimage\"},\"image\":{\"@id\":\"https:\/\/www.notibras.com\/site\/tarcisio-foi-preterido-porque-nao-pertence-a-familia\/#primaryimage\"},\"thumbnailUrl\":\"https:\/\/www.notibras.com\/site\/wp-content\/uploads\/2026\/01\/tarcisio-eua.webp\",\"datePublished\":\"2026-01-22T05:00:10+00:00\",\"breadcrumb\":{\"@id\":\"https:\/\/www.notibras.com\/site\/tarcisio-foi-preterido-porque-nao-pertence-a-familia\/#breadcrumb\"},\"inLanguage\":\"pt-BR\",\"potentialAction\":[{\"@type\":\"ReadAction\",\"target\":[\"https:\/\/www.notibras.com\/site\/tarcisio-foi-preterido-porque-nao-pertence-a-familia\/\"]}]},{\"@type\":\"ImageObject\",\"inLanguage\":\"pt-BR\",\"@id\":\"https:\/\/www.notibras.com\/site\/tarcisio-foi-preterido-porque-nao-pertence-a-familia\/#primaryimage\",\"url\":\"https:\/\/www.notibras.com\/site\/wp-content\/uploads\/2026\/01\/tarcisio-eua.webp\",\"contentUrl\":\"https:\/\/www.notibras.com\/site\/wp-content\/uploads\/2026\/01\/tarcisio-eua.webp\",\"width\":1280,\"height\":720},{\"@type\":\"BreadcrumbList\",\"@id\":\"https:\/\/www.notibras.com\/site\/tarcisio-foi-preterido-porque-nao-pertence-a-familia\/#breadcrumb\",\"itemListElement\":[{\"@type\":\"ListItem\",\"position\":1,\"name\":\"In\u00edcio\",\"item\":\"https:\/\/www.notibras.com\/site\/\"},{\"@type\":\"ListItem\",\"position\":2,\"name\":\"Tarc\u00edsio foi preterido porque n\u00e3o pertence \u00e0 fam\u00edlia\"}]},{\"@type\":\"WebSite\",\"@id\":\"https:\/\/www.notibras.com\/site\/#website\",\"url\":\"https:\/\/www.notibras.com\/site\/\",\"name\":\"Notibras\",\"description\":\"Not\u00edcias de Bras\u00edlia, do Brasil e do Mundo\",\"publisher\":{\"@id\":\"https:\/\/www.notibras.com\/site\/#organization\"},\"potentialAction\":[{\"@type\":\"SearchAction\",\"target\":{\"@type\":\"EntryPoint\",\"urlTemplate\":\"https:\/\/www.notibras.com\/site\/?s={search_term_string}\"},\"query-input\":{\"@type\":\"PropertyValueSpecification\",\"valueRequired\":true,\"valueName\":\"search_term_string\"}}],\"inLanguage\":\"pt-BR\"},{\"@type\":\"Organization\",\"@id\":\"https:\/\/www.notibras.com\/site\/#organization\",\"name\":\"Grupo Notibras de Comunica\u00e7\u00e3o\",\"url\":\"https:\/\/www.notibras.com\/site\/\",\"logo\":{\"@type\":\"ImageObject\",\"inLanguage\":\"pt-BR\",\"@id\":\"https:\/\/www.notibras.com\/site\/#\/schema\/logo\/image\/\",\"url\":\"https:\/\/www.notibras.com\/site\/wp-content\/uploads\/2023\/01\/notibras23.png\",\"contentUrl\":\"https:\/\/www.notibras.com\/site\/wp-content\/uploads\/2023\/01\/notibras23.png\",\"width\":350,\"height\":87,\"caption\":\"Grupo Notibras de Comunica\u00e7\u00e3o\"},\"image\":{\"@id\":\"https:\/\/www.notibras.com\/site\/#\/schema\/logo\/image\/\"},\"sameAs\":[\"https:\/\/www.facebook.com\/notibras\/\",\"https:\/\/x.com\/Notibras\",\"https:\/\/www.instagram.com\/notibras\/\"]},{\"@type\":\"Person\",\"@id\":\"https:\/\/www.notibras.com\/site\/#\/schema\/person\/5b7fabf2aedc3ada2105f03b22b4d3dd\",\"name\":\"Eduardo Mart\u00ednez\",\"image\":{\"@type\":\"ImageObject\",\"inLanguage\":\"pt-BR\",\"@id\":\"https:\/\/secure.gravatar.com\/avatar\/7902f906289926289cbcda644b5197c796b893c6ffd7b9a536a42d290f7704a0?s=96&d=mm&r=g\",\"url\":\"https:\/\/secure.gravatar.com\/avatar\/7902f906289926289cbcda644b5197c796b893c6ffd7b9a536a42d290f7704a0?s=96&d=mm&r=g\",\"contentUrl\":\"https:\/\/secure.gravatar.com\/avatar\/7902f906289926289cbcda644b5197c796b893c6ffd7b9a536a42d290f7704a0?s=96&d=mm&r=g\",\"caption\":\"Eduardo Mart\u00ednez\"}}]}<\/script>\n<!-- \/ Yoast SEO plugin. -->","yoast_head_json":{"title":"Tarc\u00edsio foi preterido porque n\u00e3o pertence \u00e0 fam\u00edlia - Notibras","robots":{"index":"index","follow":"follow","max-snippet":"max-snippet:-1","max-image-preview":"max-image-preview:large","max-video-preview":"max-video-preview:-1"},"canonical":"https:\/\/www.notibras.com\/site\/tarcisio-foi-preterido-porque-nao-pertence-a-familia\/","og_locale":"pt_BR","og_type":"article","og_title":"Tarc\u00edsio foi preterido porque n\u00e3o pertence \u00e0 fam\u00edlia - Notibras","og_description":"Me recuso a aceitar a vers\u00e3o conveniente apresentada pelo l\u00edder do PL na C\u00e2mara, S\u00f3stenes Cavalcante, sobre a n\u00e3o candidatura de Tarc\u00edsio de Freitas \u00e0 Presid\u00eancia da Rep\u00fablica. Segundo ele, Tarc\u00edsio teria cometido \u201cerros pol\u00edticos\u201d ao n\u00e3o atender, nos momentos certos, aos pedidos de Jair Bolsonaro, e por isso teria perdido a chance de ser [&hellip;]","og_url":"https:\/\/www.notibras.com\/site\/tarcisio-foi-preterido-porque-nao-pertence-a-familia\/","og_site_name":"Notibras","article_publisher":"https:\/\/www.facebook.com\/notibras\/","article_published_time":"2026-01-22T05:00:10+00:00","og_image":[{"width":1280,"height":720,"url":"https:\/\/www.notibras.com\/site\/wp-content\/uploads\/2026\/01\/tarcisio-eua.webp","type":"image\/webp"}],"author":"Eduardo Mart\u00ednez","twitter_card":"summary_large_image","twitter_creator":"@Notibras","twitter_site":"@Notibras","twitter_misc":{"Escrito por":"Eduardo Mart\u00ednez","Est. tempo de leitura":"2 minutos"},"schema":{"@context":"https:\/\/schema.org","@graph":[{"@type":"Article","@id":"https:\/\/www.notibras.com\/site\/tarcisio-foi-preterido-porque-nao-pertence-a-familia\/#article","isPartOf":{"@id":"https:\/\/www.notibras.com\/site\/tarcisio-foi-preterido-porque-nao-pertence-a-familia\/"},"author":{"name":"Eduardo Mart\u00ednez","@id":"https:\/\/www.notibras.com\/site\/#\/schema\/person\/5b7fabf2aedc3ada2105f03b22b4d3dd"},"headline":"Tarc\u00edsio foi preterido porque n\u00e3o pertence \u00e0 fam\u00edlia","datePublished":"2026-01-22T05:00:10+00:00","mainEntityOfPage":{"@id":"https:\/\/www.notibras.com\/site\/tarcisio-foi-preterido-porque-nao-pertence-a-familia\/"},"wordCount":360,"publisher":{"@id":"https:\/\/www.notibras.com\/site\/#organization"},"image":{"@id":"https:\/\/www.notibras.com\/site\/tarcisio-foi-preterido-porque-nao-pertence-a-familia\/#primaryimage"},"thumbnailUrl":"https:\/\/www.notibras.com\/site\/wp-content\/uploads\/2026\/01\/tarcisio-eua.webp","articleSection":["Dona Irene"],"inLanguage":"pt-BR"},{"@type":"WebPage","@id":"https:\/\/www.notibras.com\/site\/tarcisio-foi-preterido-porque-nao-pertence-a-familia\/","url":"https:\/\/www.notibras.com\/site\/tarcisio-foi-preterido-porque-nao-pertence-a-familia\/","name":"Tarc\u00edsio foi preterido porque n\u00e3o pertence \u00e0 fam\u00edlia - Notibras","isPartOf":{"@id":"https:\/\/www.notibras.com\/site\/#website"},"primaryImageOfPage":{"@id":"https:\/\/www.notibras.com\/site\/tarcisio-foi-preterido-porque-nao-pertence-a-familia\/#primaryimage"},"image":{"@id":"https:\/\/www.notibras.com\/site\/tarcisio-foi-preterido-porque-nao-pertence-a-familia\/#primaryimage"},"thumbnailUrl":"https:\/\/www.notibras.com\/site\/wp-content\/uploads\/2026\/01\/tarcisio-eua.webp","datePublished":"2026-01-22T05:00:10+00:00","breadcrumb":{"@id":"https:\/\/www.notibras.com\/site\/tarcisio-foi-preterido-porque-nao-pertence-a-familia\/#breadcrumb"},"inLanguage":"pt-BR","potentialAction":[{"@type":"ReadAction","target":["https:\/\/www.notibras.com\/site\/tarcisio-foi-preterido-porque-nao-pertence-a-familia\/"]}]},{"@type":"ImageObject","inLanguage":"pt-BR","@id":"https:\/\/www.notibras.com\/site\/tarcisio-foi-preterido-porque-nao-pertence-a-familia\/#primaryimage","url":"https:\/\/www.notibras.com\/site\/wp-content\/uploads\/2026\/01\/tarcisio-eua.webp","contentUrl":"https:\/\/www.notibras.com\/site\/wp-content\/uploads\/2026\/01\/tarcisio-eua.webp","width":1280,"height":720},{"@type":"BreadcrumbList","@id":"https:\/\/www.notibras.com\/site\/tarcisio-foi-preterido-porque-nao-pertence-a-familia\/#breadcrumb","itemListElement":[{"@type":"ListItem","position":1,"name":"In\u00edcio","item":"https:\/\/www.notibras.com\/site\/"},{"@type":"ListItem","position":2,"name":"Tarc\u00edsio foi preterido porque n\u00e3o pertence \u00e0 fam\u00edlia"}]},{"@type":"WebSite","@id":"https:\/\/www.notibras.com\/site\/#website","url":"https:\/\/www.notibras.com\/site\/","name":"Notibras","description":"Not\u00edcias de Bras\u00edlia, do Brasil e do Mundo","publisher":{"@id":"https:\/\/www.notibras.com\/site\/#organization"},"potentialAction":[{"@type":"SearchAction","target":{"@type":"EntryPoint","urlTemplate":"https:\/\/www.notibras.com\/site\/?s={search_term_string}"},"query-input":{"@type":"PropertyValueSpecification","valueRequired":true,"valueName":"search_term_string"}}],"inLanguage":"pt-BR"},{"@type":"Organization","@id":"https:\/\/www.notibras.com\/site\/#organization","name":"Grupo Notibras de Comunica\u00e7\u00e3o","url":"https:\/\/www.notibras.com\/site\/","logo":{"@type":"ImageObject","inLanguage":"pt-BR","@id":"https:\/\/www.notibras.com\/site\/#\/schema\/logo\/image\/","url":"https:\/\/www.notibras.com\/site\/wp-content\/uploads\/2023\/01\/notibras23.png","contentUrl":"https:\/\/www.notibras.com\/site\/wp-content\/uploads\/2023\/01\/notibras23.png","width":350,"height":87,"caption":"Grupo Notibras de Comunica\u00e7\u00e3o"},"image":{"@id":"https:\/\/www.notibras.com\/site\/#\/schema\/logo\/image\/"},"sameAs":["https:\/\/www.facebook.com\/notibras\/","https:\/\/x.com\/Notibras","https:\/\/www.instagram.com\/notibras\/"]},{"@type":"Person","@id":"https:\/\/www.notibras.com\/site\/#\/schema\/person\/5b7fabf2aedc3ada2105f03b22b4d3dd","name":"Eduardo Mart\u00ednez","image":{"@type":"ImageObject","inLanguage":"pt-BR","@id":"https:\/\/secure.gravatar.com\/avatar\/7902f906289926289cbcda644b5197c796b893c6ffd7b9a536a42d290f7704a0?s=96&d=mm&r=g","url":"https:\/\/secure.gravatar.com\/avatar\/7902f906289926289cbcda644b5197c796b893c6ffd7b9a536a42d290f7704a0?s=96&d=mm&r=g","contentUrl":"https:\/\/secure.gravatar.com\/avatar\/7902f906289926289cbcda644b5197c796b893c6ffd7b9a536a42d290f7704a0?s=96&d=mm&r=g","caption":"Eduardo Mart\u00ednez"}}]}},"amp_enabled":true,"_links":{"self":[{"href":"https:\/\/www.notibras.com\/site\/wp-json\/wp\/v2\/posts\/380049","targetHints":{"allow":["GET"]}}],"collection":[{"href":"https:\/\/www.notibras.com\/site\/wp-json\/wp\/v2\/posts"}],"about":[{"href":"https:\/\/www.notibras.com\/site\/wp-json\/wp\/v2\/types\/post"}],"author":[{"embeddable":true,"href":"https:\/\/www.notibras.com\/site\/wp-json\/wp\/v2\/users\/21"}],"replies":[{"embeddable":true,"href":"https:\/\/www.notibras.com\/site\/wp-json\/wp\/v2\/comments?post=380049"}],"version-history":[{"count":4,"href":"https:\/\/www.notibras.com\/site\/wp-json\/wp\/v2\/posts\/380049\/revisions"}],"predecessor-version":[{"id":380054,"href":"https:\/\/www.notibras.com\/site\/wp-json\/wp\/v2\/posts\/380049\/revisions\/380054"}],"wp:featuredmedia":[{"embeddable":true,"href":"https:\/\/www.notibras.com\/site\/wp-json\/wp\/v2\/media\/380050"}],"wp:attachment":[{"href":"https:\/\/www.notibras.com\/site\/wp-json\/wp\/v2\/media?parent=380049"}],"wp:term":[{"taxonomy":"category","embeddable":true,"href":"https:\/\/www.notibras.com\/site\/wp-json\/wp\/v2\/categories?post=380049"},{"taxonomy":"post_tag","embeddable":true,"href":"https:\/\/www.notibras.com\/site\/wp-json\/wp\/v2\/tags?post=380049"}],"curies":[{"name":"wp","href":"https:\/\/api.w.org\/{rel}","templated":true}]}}