{"id":380064,"date":"2026-01-23T00:00:39","date_gmt":"2026-01-23T03:00:39","guid":{"rendered":"https:\/\/www.notibras.com\/site\/?p=380064"},"modified":"2026-01-22T02:01:45","modified_gmt":"2026-01-22T05:01:45","slug":"morte-e-vida-severina-um-poema-sobre-a-miseria-brasileira","status":"publish","type":"post","link":"https:\/\/www.notibras.com\/site\/morte-e-vida-severina-um-poema-sobre-a-miseria-brasileira\/","title":{"rendered":"Morte e Vida Severina: um poema sobre a mis\u00e9ria brasileira\u00a0"},"content":{"rendered":"<p>DIPLOMACIA E ESTILO CORTANTE DE JO\u00c3O CABRAL DE MELO NETO<\/p>\n<p>Como diplomata brasileiro, serve em Londres, Fran\u00e7a, Paraguai, Senegal, Portugal e Espanha.<\/p>\n<p>Das experi\u00eancias nesse pa\u00eds dominado pelo franquismo, das reflex\u00f5es sobre a mis\u00e9ria brasileira e das leituras marxistas surgem as cores sociais de obras como O c\u00e3o sem plumas (1950) e O rio (1954).<\/p>\n<p>\u00c9 tamb\u00e9m a consci\u00eancia social que o coloca em problemas quando \u00e9 perseguido, acusado de integrar uma c\u00e9lula comunista no Itamaraty, e passa quase tr\u00eas anos afastado de suas fun\u00e7\u00f5es, ainda no in\u00edcio dos anos 1950.<\/p>\n<p>Tens\u00e3o que n\u00e3o impede, entretanto, a confec\u00e7\u00e3o de seu trabalho mais famoso, em 1955.<\/p>\n<p>MORTE E VIDA SEVERINA<\/p>\n<p>1955, uma encomenda de Maria Clara Machado, ent\u00e3o diretora da companhia teatral O Tablado que n\u00e3o levou a montagem adiante. Em 1965, no entanto, o sucesso da pe\u00e7a foi estratosf\u00e9rico com a encena\u00e7\u00e3o no Tuca, em S\u00e3o Paulo. Com m\u00fasicas de Chico Buarque, consagrou Jo\u00e3o Cabral para o grande p\u00fablico e serviu de carimbo definitivo para sua entrada na Academia Brasileira de Letras, em 1968.<\/p>\n<p>Ocultar texto das mensagens anteriores<br \/>\n(Gilberto Motta)<\/p>\n<p>Adaptado para diversas m\u00eddias (teatro, m\u00fasica, cinema), o auto de Natal pernambucano conserva a tradi\u00e7\u00e3o dos autos medievais. Mant\u00e9m a precis\u00e3o e a constru\u00e7\u00e3o po\u00e9tica caracter\u00edstica de Jo\u00e3o Cabral, apesar da linguagem menos herm\u00e9tica, sendo um marco em sua carreira.<\/p>\n<p>Do poema dram\u00e1tico que consolida a poesia social de Jo\u00e3o Cabral de Melo Neto destacamos a cena em que Severino conversa com a mulher da janela:<\/p>\n<p>DIRIGE-SE \u00c0 MULHER NA JANELA QUE<br \/>\nDEPOIS, DESCOBRE TRATAR-SE DE<br \/>\nQUEM SE SABER\u00c1<br \/>\n\u2014 Muito bom dia, senhora,<br \/>\nque nessa janela est\u00e1;<br \/>\nsabe dizer se \u00e9 poss\u00edvel<br \/>\nalgum trabalho encontrar?<br \/>\n\u2014 Trabalho aqui nunca falta<br \/>\na quem sabe trabalhar;<br \/>\no que fazia o compadre<br \/>\nna sua terra de l\u00e1?<br \/>\n\u2014 Pois fui sempre lavrador,<br \/>\nlavrador de terra m\u00e1;<br \/>\nn\u00e3o h\u00e1 esp\u00e9cie de terra<br \/>\nque eu n\u00e3o possa cultivar.<br \/>\n\u2014 Isso aqui de nada adianta,<br \/>\npouco existe o que lavrar;<br \/>\nmas diga-me, retirante,<br \/>\no que mais fazia por l\u00e1?<br \/>\n[&#8230;]<br \/>\n\u2014 Conhe\u00e7o todas as ro\u00e7as<br \/>\nque nesta ch\u00e3 podem dar;<br \/>\no algod\u00e3o, a mamona,<br \/>\na pita, o milho, o caro\u00e1.<br \/>\n\u2014 Esses ro\u00e7ados o banco<br \/>\nj\u00e1 n\u00e3o quer financiar;<br \/>\nmas diga-me, retirante,<br \/>\no que mais fazia l\u00e1?<br \/>\n[&#8230;]<br \/>\n\u2014 Deseja mesmo saber<br \/>\no que eu fazia por l\u00e1?<br \/>\ncomer quando havia o qu\u00ea<br \/>\ne, havendo ou n\u00e3o, trabalhar.<br \/>\n\u2014 Essa vida por aqui<br \/>\n\u00e9 coisa familiar;<br \/>\nmas diga-me retirante,<br \/>\nsabe benditos rezar?<br \/>\nsabe cantar excel\u00eancias,<br \/>\ndefuntos encomendar?<br \/>\nsabe tirar ladainhas,<br \/>\nsabe mortos enterrar?<br \/>\n\u2014 J\u00e1 velei muitos defuntos,<br \/>\nna serra \u00e9 coisa vulgar;<br \/>\nmas nunca aprendi as rezas,<br \/>\nsei somente acompanhar.<br \/>\n\u2014 Pois se o compadre soubesse<br \/>\nrezar ou mesmo cantar,<br \/>\ntrabalh\u00e1vamos a meias,<br \/>\nque a freguesia bem d\u00e1.<br \/>\n\u2014 Agora se me permite<br \/>\nminha vez de perguntar:<br \/>\ncomo senhora, comadre,<br \/>\npode manter o seu lar?<br \/>\n\u2014 Vou explicar rapidamente,<br \/>\nlogo compreender\u00e1:<br \/>\ncomo aqui a morte \u00e9 tanta,<br \/>\nvivo de a morte ajudar.<br \/>\n\u2014 E ainda se me permite<br \/>\nque volte a perguntar:<br \/>\n\u00e9 aqui uma profiss\u00e3o<br \/>\ntrabalho t\u00e3o singular?<br \/>\n\u2014 \u00c9, sim, uma profiss\u00e3o,<br \/>\ne a melhor de quantas h\u00e1:<br \/>\nsou de toda a regi\u00e3o<br \/>\nrezadora titular.<br \/>\n\u2014 E ainda se me permite<br \/>\nmais outra vez indagar:<br \/>\n\u00e9 boa essa profiss\u00e3o<br \/>\nem que a comadre ora est\u00e1?<br \/>\n\u2014 De um raio de muitas l\u00e9guas<br \/>\nvem gente aqui me chamar;<br \/>\na verdade \u00e9 que n\u00e3o pude<br \/>\nqueixar-me ainda de azar.<br \/>\n\u2014 E se pela \u00faltima vez<br \/>\nme permite perguntar:<br \/>\nn\u00e3o existe outro trabalho<br \/>\npara mim nesse lugar?<br \/>\n\u2014 Como aqui a morte \u00e9 tanta,<br \/>\ns\u00f3 \u00e9 poss\u00edvel trabalhar<br \/>\nnessas profiss\u00f5es que fazem<br \/>\nda morte of\u00edcio ou bazar.<br \/>\nImagine que outra gente<br \/>\nde profiss\u00e3o similar,<br \/>\nfarmac\u00eauticos, coveiros,<br \/>\ndoutor de anel no anular,<br \/>\nremando contra a corrente<br \/>\nda gente que baixa ao mar,<br \/>\nretirantes \u00e0s avessas,<br \/>\nsobem do mar para c\u00e1.<br \/>\nS\u00f3 os ro\u00e7ados da morte<br \/>\ncompensam aqui cultivar,<br \/>\ne cultiv\u00e1-los \u00e9 f\u00e1cil:<br \/>\nsimples quest\u00e3o de plantar;<br \/>\nn\u00e3o se precisa de limpa,<br \/>\nde adubar nem de regar;<br \/>\nas estiagens e as pragas<br \/>\nfazemos mais prosperar;<br \/>\ne d\u00e3o lucro imediato;<br \/>\nnem \u00e9 preciso esperar<br \/>\npela colheita: recebe-se<br \/>\nna hora mesma de semear.<\/p>\n<p>(Morte e Vida Severina, Jo\u00e3o Cabral de Mello Neto, NEAD \u2013 N\u00daCLEO DE EDUCA\u00c7\u00c3O A DIST\u00c2NCIA, Bel\u00e9m \u2013 Par\u00e1, www.nead.unama.br<br \/>\nPp 8-11).<\/p>\n<p>A narrativa da trajet\u00f3ria do sertanejo Severino em busca de dignidade por meio de uma vida melhor no litoral \u00e9 uma cr\u00edtica acirrada sobre a mis\u00e9ria e a inger\u00eancia dos poderes p\u00fablicos no que fiz respeito \u00e0 seca.<\/p>\n<p>Nessa cena, Severino pergunta por emprego a uma rezadeira e fica sabendo que &#8220;s\u00f3 \u00e9 poss\u00edvel trabalhar nessas profiss\u00f5es que fazem da morte of\u00edcio ou bazar&#8221; , ou seja, o of\u00edcio de celebrar funerais \u00e9 a profiss\u00e3o mais rent\u00e1vel. Frente ao cen\u00e1rio da seca, &#8221; a morte \u00e9 tanta&#8221; que &#8221; s\u00f3 os ro\u00e7ados da morte compensam&#8221; , pois &#8221; d\u00e3o lucro imediato&#8221;, &#8221; recebe-se na hora mesma de semear&#8221;.<br \/>\n(Edna Domenica).<\/p>\n<p><strong>&#8230;&#8230;&#8230;&#8230;&#8230;&#8230;&#8230;&#8230;&#8230;&#8230;..<\/strong><\/p>\n<p><strong>Refer\u00eancias bibliogr\u00e1ficas:<\/strong><br \/>\n<strong>&#8211; Jo\u00e3o Cabral de Melo Neto \u2013 Uma biografia, livro escrito por Ivan Marques, professor da Faculdade de Filosofia, Letras e Ci\u00eancias Humanas (FFLCH) da USP, 2016.<\/strong><br \/>\n<strong>&#8211; Morte e Vida Severina, Jo\u00e3o Cabral de Mello Neto, NEAD \u2013 N\u00daCLEO DE EDUCA\u00c7\u00c3O A DIST\u00c2NCIA, Bel\u00e9m \u2013 Par\u00e1, www.nead.unama.br<\/strong><br \/>\n<strong>Pp 8-11).<\/strong><\/p>\n<p><strong>Edna Domenica \u00e9 cronista, poeta. Dedica-se ao PRCDC \u2013 &#8220;Programa de Recupera\u00e7\u00e3o Cognitiva e Dessensibiliza\u00e7\u00e3o de Cromofobia&#8221; por meio de leituras dos autores: Jo\u00e3o Cabral de Melo Neto, Chico Buarque de Holanda e outros.<\/strong><\/p>\n<p><strong>Gilberto Motta \u00e9 escritor, jornalista, professor, pesquisador nas \u00e1reas de cinema e literatura com foco em Jo\u00e3o Cabral de Melo Neto e nos aspectos diferenciados da obra da grande Hilda Hilst.<\/strong><\/p>\n","protected":false},"excerpt":{"rendered":"<p>DIPLOMACIA E ESTILO CORTANTE DE JO\u00c3O CABRAL DE MELO NETO Como diplomata brasileiro, serve em Londres, Fran\u00e7a, Paraguai, Senegal, Portugal e Espanha. Das experi\u00eancias nesse pa\u00eds dominado pelo franquismo, das reflex\u00f5es sobre a mis\u00e9ria brasileira e das leituras marxistas surgem as cores sociais de obras como O c\u00e3o sem plumas (1950) e O rio (1954). [&hellip;]<\/p>\n","protected":false},"author":21,"featured_media":380068,"comment_status":"closed","ping_status":"closed","sticky":false,"template":"","format":"standard","meta":{"_acf_changed":false,"footnotes":""},"categories":[234],"tags":[],"class_list":["post-380064","post","type-post","status-publish","format-standard","has-post-thumbnail","hentry","category-cafe-literario"],"acf":[],"yoast_head":"<!-- This site is optimized with the Yoast SEO plugin v27.2 - https:\/\/yoast.com\/product\/yoast-seo-wordpress\/ -->\n<title>Morte e Vida Severina: um poema sobre a mis\u00e9ria brasileira\u00a0 - Notibras<\/title>\n<meta name=\"robots\" content=\"index, follow, max-snippet:-1, max-image-preview:large, max-video-preview:-1\" \/>\n<link rel=\"canonical\" href=\"https:\/\/www.notibras.com\/site\/morte-e-vida-severina-um-poema-sobre-a-miseria-brasileira\/\" \/>\n<meta property=\"og:locale\" content=\"pt_BR\" \/>\n<meta property=\"og:type\" content=\"article\" \/>\n<meta property=\"og:title\" content=\"Morte e Vida Severina: um poema sobre a mis\u00e9ria brasileira\u00a0 - Notibras\" \/>\n<meta property=\"og:description\" content=\"DIPLOMACIA E ESTILO CORTANTE DE JO\u00c3O CABRAL DE MELO NETO Como diplomata brasileiro, serve em Londres, Fran\u00e7a, Paraguai, Senegal, Portugal e Espanha. Das experi\u00eancias nesse pa\u00eds dominado pelo franquismo, das reflex\u00f5es sobre a mis\u00e9ria brasileira e das leituras marxistas surgem as cores sociais de obras como O c\u00e3o sem plumas (1950) e O rio (1954). [&hellip;]\" \/>\n<meta property=\"og:url\" content=\"https:\/\/www.notibras.com\/site\/morte-e-vida-severina-um-poema-sobre-a-miseria-brasileira\/\" \/>\n<meta property=\"og:site_name\" content=\"Notibras\" \/>\n<meta property=\"article:publisher\" content=\"https:\/\/www.facebook.com\/notibras\/\" \/>\n<meta property=\"article:published_time\" content=\"2026-01-23T03:00:39+00:00\" \/>\n<meta property=\"og:image\" content=\"https:\/\/www.notibras.com\/site\/wp-content\/uploads\/2026\/01\/22758777-p6jsf30ggifladror63ndohta2vrnt8eltaf6tvvba.jpg\" \/>\n\t<meta property=\"og:image:width\" content=\"800\" \/>\n\t<meta property=\"og:image:height\" content=\"1159\" \/>\n\t<meta property=\"og:image:type\" content=\"image\/jpeg\" \/>\n<meta name=\"author\" content=\"Eduardo Mart\u00ednez\" \/>\n<meta name=\"twitter:card\" content=\"summary_large_image\" \/>\n<meta name=\"twitter:creator\" content=\"@Notibras\" \/>\n<meta name=\"twitter:site\" content=\"@Notibras\" \/>\n<meta name=\"twitter:label1\" content=\"Escrito por\" \/>\n\t<meta name=\"twitter:data1\" content=\"Eduardo Mart\u00ednez\" \/>\n\t<meta name=\"twitter:label2\" content=\"Est. tempo de leitura\" \/>\n\t<meta name=\"twitter:data2\" content=\"6 minutos\" \/>\n<script type=\"application\/ld+json\" class=\"yoast-schema-graph\">{\"@context\":\"https:\/\/schema.org\",\"@graph\":[{\"@type\":\"Article\",\"@id\":\"https:\/\/www.notibras.com\/site\/morte-e-vida-severina-um-poema-sobre-a-miseria-brasileira\/#article\",\"isPartOf\":{\"@id\":\"https:\/\/www.notibras.com\/site\/morte-e-vida-severina-um-poema-sobre-a-miseria-brasileira\/\"},\"author\":{\"name\":\"Eduardo Mart\u00ednez\",\"@id\":\"https:\/\/www.notibras.com\/site\/#\/schema\/person\/5b7fabf2aedc3ada2105f03b22b4d3dd\"},\"headline\":\"Morte e Vida Severina: um poema sobre a mis\u00e9ria brasileira\u00a0\",\"datePublished\":\"2026-01-23T03:00:39+00:00\",\"mainEntityOfPage\":{\"@id\":\"https:\/\/www.notibras.com\/site\/morte-e-vida-severina-um-poema-sobre-a-miseria-brasileira\/\"},\"wordCount\":989,\"publisher\":{\"@id\":\"https:\/\/www.notibras.com\/site\/#organization\"},\"image\":{\"@id\":\"https:\/\/www.notibras.com\/site\/morte-e-vida-severina-um-poema-sobre-a-miseria-brasileira\/#primaryimage\"},\"thumbnailUrl\":\"https:\/\/www.notibras.com\/site\/wp-content\/uploads\/2026\/01\/22758777-p6jsf30ggifladror63ndohta2vrnt8eltaf6tvvba.jpg\",\"articleSection\":[\"Caf\u00e9 Liter\u00e1rio\"],\"inLanguage\":\"pt-BR\"},{\"@type\":\"WebPage\",\"@id\":\"https:\/\/www.notibras.com\/site\/morte-e-vida-severina-um-poema-sobre-a-miseria-brasileira\/\",\"url\":\"https:\/\/www.notibras.com\/site\/morte-e-vida-severina-um-poema-sobre-a-miseria-brasileira\/\",\"name\":\"Morte e Vida Severina: um poema sobre a mis\u00e9ria brasileira\u00a0 - Notibras\",\"isPartOf\":{\"@id\":\"https:\/\/www.notibras.com\/site\/#website\"},\"primaryImageOfPage\":{\"@id\":\"https:\/\/www.notibras.com\/site\/morte-e-vida-severina-um-poema-sobre-a-miseria-brasileira\/#primaryimage\"},\"image\":{\"@id\":\"https:\/\/www.notibras.com\/site\/morte-e-vida-severina-um-poema-sobre-a-miseria-brasileira\/#primaryimage\"},\"thumbnailUrl\":\"https:\/\/www.notibras.com\/site\/wp-content\/uploads\/2026\/01\/22758777-p6jsf30ggifladror63ndohta2vrnt8eltaf6tvvba.jpg\",\"datePublished\":\"2026-01-23T03:00:39+00:00\",\"breadcrumb\":{\"@id\":\"https:\/\/www.notibras.com\/site\/morte-e-vida-severina-um-poema-sobre-a-miseria-brasileira\/#breadcrumb\"},\"inLanguage\":\"pt-BR\",\"potentialAction\":[{\"@type\":\"ReadAction\",\"target\":[\"https:\/\/www.notibras.com\/site\/morte-e-vida-severina-um-poema-sobre-a-miseria-brasileira\/\"]}]},{\"@type\":\"ImageObject\",\"inLanguage\":\"pt-BR\",\"@id\":\"https:\/\/www.notibras.com\/site\/morte-e-vida-severina-um-poema-sobre-a-miseria-brasileira\/#primaryimage\",\"url\":\"https:\/\/www.notibras.com\/site\/wp-content\/uploads\/2026\/01\/22758777-p6jsf30ggifladror63ndohta2vrnt8eltaf6tvvba.jpg\",\"contentUrl\":\"https:\/\/www.notibras.com\/site\/wp-content\/uploads\/2026\/01\/22758777-p6jsf30ggifladror63ndohta2vrnt8eltaf6tvvba.jpg\",\"width\":800,\"height\":1159},{\"@type\":\"BreadcrumbList\",\"@id\":\"https:\/\/www.notibras.com\/site\/morte-e-vida-severina-um-poema-sobre-a-miseria-brasileira\/#breadcrumb\",\"itemListElement\":[{\"@type\":\"ListItem\",\"position\":1,\"name\":\"In\u00edcio\",\"item\":\"https:\/\/www.notibras.com\/site\/\"},{\"@type\":\"ListItem\",\"position\":2,\"name\":\"Morte e Vida Severina: um poema sobre a mis\u00e9ria brasileira\u00a0\"}]},{\"@type\":\"WebSite\",\"@id\":\"https:\/\/www.notibras.com\/site\/#website\",\"url\":\"https:\/\/www.notibras.com\/site\/\",\"name\":\"Notibras\",\"description\":\"Not\u00edcias de Bras\u00edlia, do Brasil e do Mundo\",\"publisher\":{\"@id\":\"https:\/\/www.notibras.com\/site\/#organization\"},\"potentialAction\":[{\"@type\":\"SearchAction\",\"target\":{\"@type\":\"EntryPoint\",\"urlTemplate\":\"https:\/\/www.notibras.com\/site\/?s={search_term_string}\"},\"query-input\":{\"@type\":\"PropertyValueSpecification\",\"valueRequired\":true,\"valueName\":\"search_term_string\"}}],\"inLanguage\":\"pt-BR\"},{\"@type\":\"Organization\",\"@id\":\"https:\/\/www.notibras.com\/site\/#organization\",\"name\":\"Grupo Notibras de Comunica\u00e7\u00e3o\",\"url\":\"https:\/\/www.notibras.com\/site\/\",\"logo\":{\"@type\":\"ImageObject\",\"inLanguage\":\"pt-BR\",\"@id\":\"https:\/\/www.notibras.com\/site\/#\/schema\/logo\/image\/\",\"url\":\"https:\/\/www.notibras.com\/site\/wp-content\/uploads\/2023\/01\/notibras23.png\",\"contentUrl\":\"https:\/\/www.notibras.com\/site\/wp-content\/uploads\/2023\/01\/notibras23.png\",\"width\":350,\"height\":87,\"caption\":\"Grupo Notibras de Comunica\u00e7\u00e3o\"},\"image\":{\"@id\":\"https:\/\/www.notibras.com\/site\/#\/schema\/logo\/image\/\"},\"sameAs\":[\"https:\/\/www.facebook.com\/notibras\/\",\"https:\/\/x.com\/Notibras\",\"https:\/\/www.instagram.com\/notibras\/\"]},{\"@type\":\"Person\",\"@id\":\"https:\/\/www.notibras.com\/site\/#\/schema\/person\/5b7fabf2aedc3ada2105f03b22b4d3dd\",\"name\":\"Eduardo Mart\u00ednez\",\"image\":{\"@type\":\"ImageObject\",\"inLanguage\":\"pt-BR\",\"@id\":\"https:\/\/secure.gravatar.com\/avatar\/7902f906289926289cbcda644b5197c796b893c6ffd7b9a536a42d290f7704a0?s=96&d=mm&r=g\",\"url\":\"https:\/\/secure.gravatar.com\/avatar\/7902f906289926289cbcda644b5197c796b893c6ffd7b9a536a42d290f7704a0?s=96&d=mm&r=g\",\"contentUrl\":\"https:\/\/secure.gravatar.com\/avatar\/7902f906289926289cbcda644b5197c796b893c6ffd7b9a536a42d290f7704a0?s=96&d=mm&r=g\",\"caption\":\"Eduardo Mart\u00ednez\"}}]}<\/script>\n<!-- \/ Yoast SEO plugin. -->","yoast_head_json":{"title":"Morte e Vida Severina: um poema sobre a mis\u00e9ria brasileira\u00a0 - Notibras","robots":{"index":"index","follow":"follow","max-snippet":"max-snippet:-1","max-image-preview":"max-image-preview:large","max-video-preview":"max-video-preview:-1"},"canonical":"https:\/\/www.notibras.com\/site\/morte-e-vida-severina-um-poema-sobre-a-miseria-brasileira\/","og_locale":"pt_BR","og_type":"article","og_title":"Morte e Vida Severina: um poema sobre a mis\u00e9ria brasileira\u00a0 - Notibras","og_description":"DIPLOMACIA E ESTILO CORTANTE DE JO\u00c3O CABRAL DE MELO NETO Como diplomata brasileiro, serve em Londres, Fran\u00e7a, Paraguai, Senegal, Portugal e Espanha. Das experi\u00eancias nesse pa\u00eds dominado pelo franquismo, das reflex\u00f5es sobre a mis\u00e9ria brasileira e das leituras marxistas surgem as cores sociais de obras como O c\u00e3o sem plumas (1950) e O rio (1954). [&hellip;]","og_url":"https:\/\/www.notibras.com\/site\/morte-e-vida-severina-um-poema-sobre-a-miseria-brasileira\/","og_site_name":"Notibras","article_publisher":"https:\/\/www.facebook.com\/notibras\/","article_published_time":"2026-01-23T03:00:39+00:00","og_image":[{"width":800,"height":1159,"url":"https:\/\/www.notibras.com\/site\/wp-content\/uploads\/2026\/01\/22758777-p6jsf30ggifladror63ndohta2vrnt8eltaf6tvvba.jpg","type":"image\/jpeg"}],"author":"Eduardo Mart\u00ednez","twitter_card":"summary_large_image","twitter_creator":"@Notibras","twitter_site":"@Notibras","twitter_misc":{"Escrito por":"Eduardo Mart\u00ednez","Est. tempo de leitura":"6 minutos"},"schema":{"@context":"https:\/\/schema.org","@graph":[{"@type":"Article","@id":"https:\/\/www.notibras.com\/site\/morte-e-vida-severina-um-poema-sobre-a-miseria-brasileira\/#article","isPartOf":{"@id":"https:\/\/www.notibras.com\/site\/morte-e-vida-severina-um-poema-sobre-a-miseria-brasileira\/"},"author":{"name":"Eduardo Mart\u00ednez","@id":"https:\/\/www.notibras.com\/site\/#\/schema\/person\/5b7fabf2aedc3ada2105f03b22b4d3dd"},"headline":"Morte e Vida Severina: um poema sobre a mis\u00e9ria brasileira\u00a0","datePublished":"2026-01-23T03:00:39+00:00","mainEntityOfPage":{"@id":"https:\/\/www.notibras.com\/site\/morte-e-vida-severina-um-poema-sobre-a-miseria-brasileira\/"},"wordCount":989,"publisher":{"@id":"https:\/\/www.notibras.com\/site\/#organization"},"image":{"@id":"https:\/\/www.notibras.com\/site\/morte-e-vida-severina-um-poema-sobre-a-miseria-brasileira\/#primaryimage"},"thumbnailUrl":"https:\/\/www.notibras.com\/site\/wp-content\/uploads\/2026\/01\/22758777-p6jsf30ggifladror63ndohta2vrnt8eltaf6tvvba.jpg","articleSection":["Caf\u00e9 Liter\u00e1rio"],"inLanguage":"pt-BR"},{"@type":"WebPage","@id":"https:\/\/www.notibras.com\/site\/morte-e-vida-severina-um-poema-sobre-a-miseria-brasileira\/","url":"https:\/\/www.notibras.com\/site\/morte-e-vida-severina-um-poema-sobre-a-miseria-brasileira\/","name":"Morte e Vida Severina: um poema sobre a mis\u00e9ria brasileira\u00a0 - Notibras","isPartOf":{"@id":"https:\/\/www.notibras.com\/site\/#website"},"primaryImageOfPage":{"@id":"https:\/\/www.notibras.com\/site\/morte-e-vida-severina-um-poema-sobre-a-miseria-brasileira\/#primaryimage"},"image":{"@id":"https:\/\/www.notibras.com\/site\/morte-e-vida-severina-um-poema-sobre-a-miseria-brasileira\/#primaryimage"},"thumbnailUrl":"https:\/\/www.notibras.com\/site\/wp-content\/uploads\/2026\/01\/22758777-p6jsf30ggifladror63ndohta2vrnt8eltaf6tvvba.jpg","datePublished":"2026-01-23T03:00:39+00:00","breadcrumb":{"@id":"https:\/\/www.notibras.com\/site\/morte-e-vida-severina-um-poema-sobre-a-miseria-brasileira\/#breadcrumb"},"inLanguage":"pt-BR","potentialAction":[{"@type":"ReadAction","target":["https:\/\/www.notibras.com\/site\/morte-e-vida-severina-um-poema-sobre-a-miseria-brasileira\/"]}]},{"@type":"ImageObject","inLanguage":"pt-BR","@id":"https:\/\/www.notibras.com\/site\/morte-e-vida-severina-um-poema-sobre-a-miseria-brasileira\/#primaryimage","url":"https:\/\/www.notibras.com\/site\/wp-content\/uploads\/2026\/01\/22758777-p6jsf30ggifladror63ndohta2vrnt8eltaf6tvvba.jpg","contentUrl":"https:\/\/www.notibras.com\/site\/wp-content\/uploads\/2026\/01\/22758777-p6jsf30ggifladror63ndohta2vrnt8eltaf6tvvba.jpg","width":800,"height":1159},{"@type":"BreadcrumbList","@id":"https:\/\/www.notibras.com\/site\/morte-e-vida-severina-um-poema-sobre-a-miseria-brasileira\/#breadcrumb","itemListElement":[{"@type":"ListItem","position":1,"name":"In\u00edcio","item":"https:\/\/www.notibras.com\/site\/"},{"@type":"ListItem","position":2,"name":"Morte e Vida Severina: um poema sobre a mis\u00e9ria brasileira\u00a0"}]},{"@type":"WebSite","@id":"https:\/\/www.notibras.com\/site\/#website","url":"https:\/\/www.notibras.com\/site\/","name":"Notibras","description":"Not\u00edcias de Bras\u00edlia, do Brasil e do Mundo","publisher":{"@id":"https:\/\/www.notibras.com\/site\/#organization"},"potentialAction":[{"@type":"SearchAction","target":{"@type":"EntryPoint","urlTemplate":"https:\/\/www.notibras.com\/site\/?s={search_term_string}"},"query-input":{"@type":"PropertyValueSpecification","valueRequired":true,"valueName":"search_term_string"}}],"inLanguage":"pt-BR"},{"@type":"Organization","@id":"https:\/\/www.notibras.com\/site\/#organization","name":"Grupo Notibras de Comunica\u00e7\u00e3o","url":"https:\/\/www.notibras.com\/site\/","logo":{"@type":"ImageObject","inLanguage":"pt-BR","@id":"https:\/\/www.notibras.com\/site\/#\/schema\/logo\/image\/","url":"https:\/\/www.notibras.com\/site\/wp-content\/uploads\/2023\/01\/notibras23.png","contentUrl":"https:\/\/www.notibras.com\/site\/wp-content\/uploads\/2023\/01\/notibras23.png","width":350,"height":87,"caption":"Grupo Notibras de Comunica\u00e7\u00e3o"},"image":{"@id":"https:\/\/www.notibras.com\/site\/#\/schema\/logo\/image\/"},"sameAs":["https:\/\/www.facebook.com\/notibras\/","https:\/\/x.com\/Notibras","https:\/\/www.instagram.com\/notibras\/"]},{"@type":"Person","@id":"https:\/\/www.notibras.com\/site\/#\/schema\/person\/5b7fabf2aedc3ada2105f03b22b4d3dd","name":"Eduardo Mart\u00ednez","image":{"@type":"ImageObject","inLanguage":"pt-BR","@id":"https:\/\/secure.gravatar.com\/avatar\/7902f906289926289cbcda644b5197c796b893c6ffd7b9a536a42d290f7704a0?s=96&d=mm&r=g","url":"https:\/\/secure.gravatar.com\/avatar\/7902f906289926289cbcda644b5197c796b893c6ffd7b9a536a42d290f7704a0?s=96&d=mm&r=g","contentUrl":"https:\/\/secure.gravatar.com\/avatar\/7902f906289926289cbcda644b5197c796b893c6ffd7b9a536a42d290f7704a0?s=96&d=mm&r=g","caption":"Eduardo Mart\u00ednez"}}]}},"amp_enabled":true,"_links":{"self":[{"href":"https:\/\/www.notibras.com\/site\/wp-json\/wp\/v2\/posts\/380064","targetHints":{"allow":["GET"]}}],"collection":[{"href":"https:\/\/www.notibras.com\/site\/wp-json\/wp\/v2\/posts"}],"about":[{"href":"https:\/\/www.notibras.com\/site\/wp-json\/wp\/v2\/types\/post"}],"author":[{"embeddable":true,"href":"https:\/\/www.notibras.com\/site\/wp-json\/wp\/v2\/users\/21"}],"replies":[{"embeddable":true,"href":"https:\/\/www.notibras.com\/site\/wp-json\/wp\/v2\/comments?post=380064"}],"version-history":[{"count":3,"href":"https:\/\/www.notibras.com\/site\/wp-json\/wp\/v2\/posts\/380064\/revisions"}],"predecessor-version":[{"id":380070,"href":"https:\/\/www.notibras.com\/site\/wp-json\/wp\/v2\/posts\/380064\/revisions\/380070"}],"wp:featuredmedia":[{"embeddable":true,"href":"https:\/\/www.notibras.com\/site\/wp-json\/wp\/v2\/media\/380068"}],"wp:attachment":[{"href":"https:\/\/www.notibras.com\/site\/wp-json\/wp\/v2\/media?parent=380064"}],"wp:term":[{"taxonomy":"category","embeddable":true,"href":"https:\/\/www.notibras.com\/site\/wp-json\/wp\/v2\/categories?post=380064"},{"taxonomy":"post_tag","embeddable":true,"href":"https:\/\/www.notibras.com\/site\/wp-json\/wp\/v2\/tags?post=380064"}],"curies":[{"name":"wp","href":"https:\/\/api.w.org\/{rel}","templated":true}]}}