{"id":380065,"date":"2026-01-22T00:00:47","date_gmt":"2026-01-22T03:00:47","guid":{"rendered":"https:\/\/www.notibras.com\/site\/?p=380065"},"modified":"2026-01-22T01:55:57","modified_gmt":"2026-01-22T04:55:57","slug":"professores-comemoram-e-prefeitos-criticam-piso-salarial","status":"publish","type":"post","link":"https:\/\/www.notibras.com\/site\/professores-comemoram-e-prefeitos-criticam-piso-salarial\/","title":{"rendered":"Professores comemoram e prefeitos criticam piso salarial"},"content":{"rendered":"<p>A Confedera\u00e7\u00e3o Nacional dos Trabalhadores em Educa\u00e7\u00e3o (CNTE) classificou como vit\u00f3ria da mobiliza\u00e7\u00e3o da categoria o an\u00fancio do reajuste do piso salarial nacional do magist\u00e9rio para 2026, definido em medida provis\u00f3ria (MP) assinada pelo presidente Luiz In\u00e1cio Lula da Silva.<\/p>\n<p>Para este ano, o valor ser\u00e1 elevado em 5,4%, passando de R$ 4.867,77 para R$ 5.130,63, v\u00e1lido para profissionais da rede p\u00fablica de educa\u00e7\u00e3o b\u00e1sica de todo o pa\u00eds, com jornada de 40 horas semanais. O percentual representa um ganho real de 1,5% acima da infla\u00e7\u00e3o medida pelo \u00cdndice Nacional de Pre\u00e7os ao Consumidor (INPC) de 2025, que foi de 3,9%.<\/p>\n<p>Para a presidente da CNTE, F\u00e1tima Silva, a conquista precisa ser celebrada, mas ela apontou dados da Organiza\u00e7\u00e3o para a Coopera\u00e7\u00e3o e Desenvolvimento Econ\u00f4mico (OCDE), que p\u00f5e o Brasil entre os pa\u00edses que pior remuneram os professores, o que mostra o problema estrutural da categoria.<\/p>\n<p>&#8220;Mesmo assim, a conquista de um piso com ganho real representa um avan\u00e7o importante, fruto da mobiliza\u00e7\u00e3o da categoria e da luta permanente pela valoriza\u00e7\u00e3o da educa\u00e7\u00e3o p\u00fablica&#8221;, afirmou, em nota publicada pela entidade.<\/p>\n<p>De acordo com a CNTE, o crit\u00e9rio de reajuste foi amplamente debatido no \u00e2mbito do F\u00f3rum Permanente do Piso, com base nos princ\u00edpios da previsibilidade e da sustentabilidade or\u00e7ament\u00e1ria. Ainda segundo a entidade, as organiza\u00e7\u00f5es representativas dos secret\u00e1rios estaduais e municipais de educa\u00e7\u00e3o concordaram com a proposta, &#8220;refor\u00e7ando o car\u00e1ter pactuado, respons\u00e1vel e federativo da decis\u00e3o&#8221;.<\/p>\n<p>O piso salarial \u00e9 o valor m\u00ednimo que professores devem ganhar no Brasil. A legisla\u00e7\u00e3o determina a recomposi\u00e7\u00e3o anual do valor. A norma define que o piso ser\u00e1 atualizado a partir da soma do INPC do ano anterior e de 50% da m\u00e9dia da varia\u00e7\u00e3o percentual da receita real, com base no INPC, relativa \u00e0 contribui\u00e7\u00e3o de estados, Distrito Federal e munic\u00edpios ao Fundo de Manuten\u00e7\u00e3o e Desenvolvimento da Educa\u00e7\u00e3o B\u00e1sica e de Valoriza\u00e7\u00e3o dos Profissionais da Educa\u00e7\u00e3o (Fundeb), realizada nos cinco anos anteriores ao ano da atualiza\u00e7\u00e3o. A lei tamb\u00e9m fixa que o percentual estabelecido nunca poder\u00e1 ser inferior \u00e0 infla\u00e7\u00e3o do ano anterior, medida pelo INPC.<\/p>\n<p><strong>Prefeitos reagem<\/strong><br \/>\nRespons\u00e1veis pelos pagamentos dos sal\u00e1rios em \u00e2mbito municipal, os prefeitos reclamaram do valor do reajuste. Em nota, o presidente da Confedera\u00e7\u00e3o Nacional de Munic\u00edpios (CNM), Paulo Ziulkoski, manifestou inconformidade com a decis\u00e3o. Segundo ele, o impacto estimado ser\u00e1 de at\u00e9 R$ 8 bilh\u00f5es aos cofres municipais.<\/p>\n<p>&#8220;\u00c9 inaceit\u00e1vel que, ap\u00f3s anos de sil\u00eancio diante de reajustes elevados e ilegais \u2014 como os de 33,24% em 2022, e de 14,95% em 2023 \u2014, agora, quando o \u00edndice sinaliza 0,37%, o governo federal se mobilize para editar uma MP sob o argumento de &#8216;injusti\u00e7a&#8217; no c\u00e1lculo. Essa incoer\u00eancia fere a l\u00f3gica da gest\u00e3o p\u00fablica respons\u00e1vel e evidencia o uso pol\u00edtico de um instrumento que deveria ser t\u00e9cnico e est\u00e1vel&#8221;, apontou.<\/p>\n<p>Para a CNM, entidade que representa os munic\u00edpios de pequeno porte, aumentos reais nos vencimentos devem ser negociados entre o governo de cada munic\u00edpio e o respectivo quadro do magist\u00e9rio, &#8220;pois dependem das condi\u00e7\u00f5es fiscais e or\u00e7ament\u00e1rias dos entes locais e dos limites de despesas com pessoal pela Lei de Responsabilidade Fiscal (LRF)&#8221;.<\/p>\n<p>Na semana passada, a Frente Nacional dos Prefeitos (FNP), que representa cerca de 400 munic\u00edpios com mais de 80 mil habitantes, j\u00e1 havia apontado preocupa\u00e7\u00e3o com o reajuste. A entidade se manifestou ap\u00f3s reuni\u00e3o entre os ministro da Educa\u00e7\u00e3o, Camilo Santana, e das Rela\u00e7\u00f5es Institucionais, Gleisi Hoffmann, com prefeito do Rio de Janeiro, Eduardo Paes, que presidente a FNP.<\/p>\n<p>&#8220;Antes do encontro, a FNP encaminhou of\u00edcio ao ministro manifestando preocupa\u00e7\u00e3o com o an\u00fancio da edi\u00e7\u00e3o da Medida Provis\u00f3ria. No documento, assinado pelo prefeito Pedro Almeida (Passo Fundo\/RS), presidente da Comiss\u00e3o Permanente de Educa\u00e7\u00e3o da entidade, a FNP reafirma seu compromisso com a valoriza\u00e7\u00e3o dos profissionais da educa\u00e7\u00e3o, mas destaca que qualquer altera\u00e7\u00e3o no piso deve considerar a capacidade fiscal dos munic\u00edpios e vir acompanhada de responsabilidade or\u00e7ament\u00e1ria&#8221;, disse, em nota.<\/p>\n<p>A federa\u00e7\u00e3o tamb\u00e9m refor\u00e7ou a necessidade de previs\u00e3o de aporte de recursos da Uni\u00e3o para custear eventuais aumentos que extrapolem os par\u00e2metros atualmente previstos em lei, e pontuou que o reajuste do piso poderia comprometer o equil\u00edbrio fiscal dos entes locais.<\/p>\n<p>As remunera\u00e7\u00f5es dos profissionais da educa\u00e7\u00e3o b\u00e1sica s\u00e3o pagas por prefeituras e estados a partir de recursos do Fundeb, bem como de complementa\u00e7\u00f5es da Uni\u00e3o. Por ser uma MP, a medida tem validade imediata, mas precisar\u00e1 ser confirmada pelo Congresso Nacional.<\/p>\n","protected":false},"excerpt":{"rendered":"<p>A Confedera\u00e7\u00e3o Nacional dos Trabalhadores em Educa\u00e7\u00e3o (CNTE) classificou como vit\u00f3ria da mobiliza\u00e7\u00e3o da categoria o an\u00fancio do reajuste do piso salarial nacional do magist\u00e9rio para 2026, definido em medida provis\u00f3ria (MP) assinada pelo presidente Luiz In\u00e1cio Lula da Silva. Para este ano, o valor ser\u00e1 elevado em 5,4%, passando de R$ 4.867,77 para R$ [&hellip;]<\/p>\n","protected":false},"author":2,"featured_media":380066,"comment_status":"closed","ping_status":"closed","sticky":false,"template":"","format":"standard","meta":{"_acf_changed":false,"footnotes":""},"categories":[16],"tags":[],"class_list":["post-380065","post","type-post","status-publish","format-standard","has-post-thumbnail","hentry","category-brasil"],"acf":[],"yoast_head":"<!-- This site is optimized with the Yoast SEO plugin v27.2 - https:\/\/yoast.com\/product\/yoast-seo-wordpress\/ -->\n<title>Professores comemoram e prefeitos criticam piso salarial - Notibras<\/title>\n<meta name=\"robots\" content=\"index, follow, max-snippet:-1, max-image-preview:large, max-video-preview:-1\" \/>\n<link rel=\"canonical\" href=\"https:\/\/www.notibras.com\/site\/professores-comemoram-e-prefeitos-criticam-piso-salarial\/\" \/>\n<meta property=\"og:locale\" content=\"pt_BR\" \/>\n<meta property=\"og:type\" content=\"article\" \/>\n<meta property=\"og:title\" content=\"Professores comemoram e prefeitos criticam piso salarial - Notibras\" \/>\n<meta property=\"og:description\" content=\"A Confedera\u00e7\u00e3o Nacional dos Trabalhadores em Educa\u00e7\u00e3o (CNTE) classificou como vit\u00f3ria da mobiliza\u00e7\u00e3o da categoria o an\u00fancio do reajuste do piso salarial nacional do magist\u00e9rio para 2026, definido em medida provis\u00f3ria (MP) assinada pelo presidente Luiz In\u00e1cio Lula da Silva. Para este ano, o valor ser\u00e1 elevado em 5,4%, passando de R$ 4.867,77 para R$ [&hellip;]\" \/>\n<meta property=\"og:url\" content=\"https:\/\/www.notibras.com\/site\/professores-comemoram-e-prefeitos-criticam-piso-salarial\/\" \/>\n<meta property=\"og:site_name\" content=\"Notibras\" \/>\n<meta property=\"article:publisher\" content=\"https:\/\/www.facebook.com\/notibras\/\" \/>\n<meta property=\"article:published_time\" content=\"2026-01-22T03:00:47+00:00\" \/>\n<meta property=\"article:modified_time\" content=\"2026-01-22T04:55:57+00:00\" \/>\n<meta property=\"og:image\" content=\"https:\/\/www.notibras.com\/site\/wp-content\/uploads\/2026\/01\/mg_3684.webp\" \/>\n\t<meta property=\"og:image:width\" content=\"1170\" \/>\n\t<meta property=\"og:image:height\" content=\"700\" \/>\n\t<meta property=\"og:image:type\" content=\"image\/webp\" \/>\n<meta name=\"author\" content=\"Reda\u00e7\u00e3o\" \/>\n<meta name=\"twitter:card\" content=\"summary_large_image\" \/>\n<meta name=\"twitter:creator\" content=\"@Notibras\" \/>\n<meta name=\"twitter:site\" content=\"@Notibras\" \/>\n<meta name=\"twitter:label1\" content=\"Escrito por\" \/>\n\t<meta name=\"twitter:data1\" content=\"Reda\u00e7\u00e3o\" \/>\n\t<meta name=\"twitter:label2\" content=\"Est. tempo de leitura\" \/>\n\t<meta name=\"twitter:data2\" content=\"5 minutos\" \/>\n<script type=\"application\/ld+json\" class=\"yoast-schema-graph\">{\"@context\":\"https:\/\/schema.org\",\"@graph\":[{\"@type\":\"Article\",\"@id\":\"https:\/\/www.notibras.com\/site\/professores-comemoram-e-prefeitos-criticam-piso-salarial\/#article\",\"isPartOf\":{\"@id\":\"https:\/\/www.notibras.com\/site\/professores-comemoram-e-prefeitos-criticam-piso-salarial\/\"},\"author\":{\"name\":\"Reda\u00e7\u00e3o\",\"@id\":\"https:\/\/www.notibras.com\/site\/#\/schema\/person\/36ab0979449956132d3e5b517ea76ac8\"},\"headline\":\"Professores comemoram e prefeitos criticam piso salarial\",\"datePublished\":\"2026-01-22T03:00:47+00:00\",\"dateModified\":\"2026-01-22T04:55:57+00:00\",\"mainEntityOfPage\":{\"@id\":\"https:\/\/www.notibras.com\/site\/professores-comemoram-e-prefeitos-criticam-piso-salarial\/\"},\"wordCount\":824,\"publisher\":{\"@id\":\"https:\/\/www.notibras.com\/site\/#organization\"},\"image\":{\"@id\":\"https:\/\/www.notibras.com\/site\/professores-comemoram-e-prefeitos-criticam-piso-salarial\/#primaryimage\"},\"thumbnailUrl\":\"https:\/\/www.notibras.com\/site\/wp-content\/uploads\/2026\/01\/mg_3684.webp\",\"articleSection\":[\"Brasil\"],\"inLanguage\":\"pt-BR\"},{\"@type\":\"WebPage\",\"@id\":\"https:\/\/www.notibras.com\/site\/professores-comemoram-e-prefeitos-criticam-piso-salarial\/\",\"url\":\"https:\/\/www.notibras.com\/site\/professores-comemoram-e-prefeitos-criticam-piso-salarial\/\",\"name\":\"Professores comemoram e prefeitos criticam piso salarial - Notibras\",\"isPartOf\":{\"@id\":\"https:\/\/www.notibras.com\/site\/#website\"},\"primaryImageOfPage\":{\"@id\":\"https:\/\/www.notibras.com\/site\/professores-comemoram-e-prefeitos-criticam-piso-salarial\/#primaryimage\"},\"image\":{\"@id\":\"https:\/\/www.notibras.com\/site\/professores-comemoram-e-prefeitos-criticam-piso-salarial\/#primaryimage\"},\"thumbnailUrl\":\"https:\/\/www.notibras.com\/site\/wp-content\/uploads\/2026\/01\/mg_3684.webp\",\"datePublished\":\"2026-01-22T03:00:47+00:00\",\"dateModified\":\"2026-01-22T04:55:57+00:00\",\"breadcrumb\":{\"@id\":\"https:\/\/www.notibras.com\/site\/professores-comemoram-e-prefeitos-criticam-piso-salarial\/#breadcrumb\"},\"inLanguage\":\"pt-BR\",\"potentialAction\":[{\"@type\":\"ReadAction\",\"target\":[\"https:\/\/www.notibras.com\/site\/professores-comemoram-e-prefeitos-criticam-piso-salarial\/\"]}]},{\"@type\":\"ImageObject\",\"inLanguage\":\"pt-BR\",\"@id\":\"https:\/\/www.notibras.com\/site\/professores-comemoram-e-prefeitos-criticam-piso-salarial\/#primaryimage\",\"url\":\"https:\/\/www.notibras.com\/site\/wp-content\/uploads\/2026\/01\/mg_3684.webp\",\"contentUrl\":\"https:\/\/www.notibras.com\/site\/wp-content\/uploads\/2026\/01\/mg_3684.webp\",\"width\":1170,\"height\":700},{\"@type\":\"BreadcrumbList\",\"@id\":\"https:\/\/www.notibras.com\/site\/professores-comemoram-e-prefeitos-criticam-piso-salarial\/#breadcrumb\",\"itemListElement\":[{\"@type\":\"ListItem\",\"position\":1,\"name\":\"In\u00edcio\",\"item\":\"https:\/\/www.notibras.com\/site\/\"},{\"@type\":\"ListItem\",\"position\":2,\"name\":\"Professores comemoram e prefeitos criticam piso salarial\"}]},{\"@type\":\"WebSite\",\"@id\":\"https:\/\/www.notibras.com\/site\/#website\",\"url\":\"https:\/\/www.notibras.com\/site\/\",\"name\":\"Notibras\",\"description\":\"Not\u00edcias de Bras\u00edlia, do Brasil e do Mundo\",\"publisher\":{\"@id\":\"https:\/\/www.notibras.com\/site\/#organization\"},\"potentialAction\":[{\"@type\":\"SearchAction\",\"target\":{\"@type\":\"EntryPoint\",\"urlTemplate\":\"https:\/\/www.notibras.com\/site\/?s={search_term_string}\"},\"query-input\":{\"@type\":\"PropertyValueSpecification\",\"valueRequired\":true,\"valueName\":\"search_term_string\"}}],\"inLanguage\":\"pt-BR\"},{\"@type\":\"Organization\",\"@id\":\"https:\/\/www.notibras.com\/site\/#organization\",\"name\":\"Grupo Notibras de Comunica\u00e7\u00e3o\",\"url\":\"https:\/\/www.notibras.com\/site\/\",\"logo\":{\"@type\":\"ImageObject\",\"inLanguage\":\"pt-BR\",\"@id\":\"https:\/\/www.notibras.com\/site\/#\/schema\/logo\/image\/\",\"url\":\"https:\/\/www.notibras.com\/site\/wp-content\/uploads\/2023\/01\/notibras23.png\",\"contentUrl\":\"https:\/\/www.notibras.com\/site\/wp-content\/uploads\/2023\/01\/notibras23.png\",\"width\":350,\"height\":87,\"caption\":\"Grupo Notibras de Comunica\u00e7\u00e3o\"},\"image\":{\"@id\":\"https:\/\/www.notibras.com\/site\/#\/schema\/logo\/image\/\"},\"sameAs\":[\"https:\/\/www.facebook.com\/notibras\/\",\"https:\/\/x.com\/Notibras\",\"https:\/\/www.instagram.com\/notibras\/\"]},{\"@type\":\"Person\",\"@id\":\"https:\/\/www.notibras.com\/site\/#\/schema\/person\/36ab0979449956132d3e5b517ea76ac8\",\"name\":\"Reda\u00e7\u00e3o\",\"image\":{\"@type\":\"ImageObject\",\"inLanguage\":\"pt-BR\",\"@id\":\"https:\/\/secure.gravatar.com\/avatar\/e0a867bdedb85fd243eadf09663511f96fc81e0720a4a42581f334ad4303aa6b?s=96&d=mm&r=g\",\"url\":\"https:\/\/secure.gravatar.com\/avatar\/e0a867bdedb85fd243eadf09663511f96fc81e0720a4a42581f334ad4303aa6b?s=96&d=mm&r=g\",\"contentUrl\":\"https:\/\/secure.gravatar.com\/avatar\/e0a867bdedb85fd243eadf09663511f96fc81e0720a4a42581f334ad4303aa6b?s=96&d=mm&r=g\",\"caption\":\"Reda\u00e7\u00e3o\"}}]}<\/script>\n<!-- \/ Yoast SEO plugin. -->","yoast_head_json":{"title":"Professores comemoram e prefeitos criticam piso salarial - Notibras","robots":{"index":"index","follow":"follow","max-snippet":"max-snippet:-1","max-image-preview":"max-image-preview:large","max-video-preview":"max-video-preview:-1"},"canonical":"https:\/\/www.notibras.com\/site\/professores-comemoram-e-prefeitos-criticam-piso-salarial\/","og_locale":"pt_BR","og_type":"article","og_title":"Professores comemoram e prefeitos criticam piso salarial - Notibras","og_description":"A Confedera\u00e7\u00e3o Nacional dos Trabalhadores em Educa\u00e7\u00e3o (CNTE) classificou como vit\u00f3ria da mobiliza\u00e7\u00e3o da categoria o an\u00fancio do reajuste do piso salarial nacional do magist\u00e9rio para 2026, definido em medida provis\u00f3ria (MP) assinada pelo presidente Luiz In\u00e1cio Lula da Silva. Para este ano, o valor ser\u00e1 elevado em 5,4%, passando de R$ 4.867,77 para R$ [&hellip;]","og_url":"https:\/\/www.notibras.com\/site\/professores-comemoram-e-prefeitos-criticam-piso-salarial\/","og_site_name":"Notibras","article_publisher":"https:\/\/www.facebook.com\/notibras\/","article_published_time":"2026-01-22T03:00:47+00:00","article_modified_time":"2026-01-22T04:55:57+00:00","og_image":[{"width":1170,"height":700,"url":"https:\/\/www.notibras.com\/site\/wp-content\/uploads\/2026\/01\/mg_3684.webp","type":"image\/webp"}],"author":"Reda\u00e7\u00e3o","twitter_card":"summary_large_image","twitter_creator":"@Notibras","twitter_site":"@Notibras","twitter_misc":{"Escrito por":"Reda\u00e7\u00e3o","Est. tempo de leitura":"5 minutos"},"schema":{"@context":"https:\/\/schema.org","@graph":[{"@type":"Article","@id":"https:\/\/www.notibras.com\/site\/professores-comemoram-e-prefeitos-criticam-piso-salarial\/#article","isPartOf":{"@id":"https:\/\/www.notibras.com\/site\/professores-comemoram-e-prefeitos-criticam-piso-salarial\/"},"author":{"name":"Reda\u00e7\u00e3o","@id":"https:\/\/www.notibras.com\/site\/#\/schema\/person\/36ab0979449956132d3e5b517ea76ac8"},"headline":"Professores comemoram e prefeitos criticam piso salarial","datePublished":"2026-01-22T03:00:47+00:00","dateModified":"2026-01-22T04:55:57+00:00","mainEntityOfPage":{"@id":"https:\/\/www.notibras.com\/site\/professores-comemoram-e-prefeitos-criticam-piso-salarial\/"},"wordCount":824,"publisher":{"@id":"https:\/\/www.notibras.com\/site\/#organization"},"image":{"@id":"https:\/\/www.notibras.com\/site\/professores-comemoram-e-prefeitos-criticam-piso-salarial\/#primaryimage"},"thumbnailUrl":"https:\/\/www.notibras.com\/site\/wp-content\/uploads\/2026\/01\/mg_3684.webp","articleSection":["Brasil"],"inLanguage":"pt-BR"},{"@type":"WebPage","@id":"https:\/\/www.notibras.com\/site\/professores-comemoram-e-prefeitos-criticam-piso-salarial\/","url":"https:\/\/www.notibras.com\/site\/professores-comemoram-e-prefeitos-criticam-piso-salarial\/","name":"Professores comemoram e prefeitos criticam piso salarial - Notibras","isPartOf":{"@id":"https:\/\/www.notibras.com\/site\/#website"},"primaryImageOfPage":{"@id":"https:\/\/www.notibras.com\/site\/professores-comemoram-e-prefeitos-criticam-piso-salarial\/#primaryimage"},"image":{"@id":"https:\/\/www.notibras.com\/site\/professores-comemoram-e-prefeitos-criticam-piso-salarial\/#primaryimage"},"thumbnailUrl":"https:\/\/www.notibras.com\/site\/wp-content\/uploads\/2026\/01\/mg_3684.webp","datePublished":"2026-01-22T03:00:47+00:00","dateModified":"2026-01-22T04:55:57+00:00","breadcrumb":{"@id":"https:\/\/www.notibras.com\/site\/professores-comemoram-e-prefeitos-criticam-piso-salarial\/#breadcrumb"},"inLanguage":"pt-BR","potentialAction":[{"@type":"ReadAction","target":["https:\/\/www.notibras.com\/site\/professores-comemoram-e-prefeitos-criticam-piso-salarial\/"]}]},{"@type":"ImageObject","inLanguage":"pt-BR","@id":"https:\/\/www.notibras.com\/site\/professores-comemoram-e-prefeitos-criticam-piso-salarial\/#primaryimage","url":"https:\/\/www.notibras.com\/site\/wp-content\/uploads\/2026\/01\/mg_3684.webp","contentUrl":"https:\/\/www.notibras.com\/site\/wp-content\/uploads\/2026\/01\/mg_3684.webp","width":1170,"height":700},{"@type":"BreadcrumbList","@id":"https:\/\/www.notibras.com\/site\/professores-comemoram-e-prefeitos-criticam-piso-salarial\/#breadcrumb","itemListElement":[{"@type":"ListItem","position":1,"name":"In\u00edcio","item":"https:\/\/www.notibras.com\/site\/"},{"@type":"ListItem","position":2,"name":"Professores comemoram e prefeitos criticam piso salarial"}]},{"@type":"WebSite","@id":"https:\/\/www.notibras.com\/site\/#website","url":"https:\/\/www.notibras.com\/site\/","name":"Notibras","description":"Not\u00edcias de Bras\u00edlia, do Brasil e do Mundo","publisher":{"@id":"https:\/\/www.notibras.com\/site\/#organization"},"potentialAction":[{"@type":"SearchAction","target":{"@type":"EntryPoint","urlTemplate":"https:\/\/www.notibras.com\/site\/?s={search_term_string}"},"query-input":{"@type":"PropertyValueSpecification","valueRequired":true,"valueName":"search_term_string"}}],"inLanguage":"pt-BR"},{"@type":"Organization","@id":"https:\/\/www.notibras.com\/site\/#organization","name":"Grupo Notibras de Comunica\u00e7\u00e3o","url":"https:\/\/www.notibras.com\/site\/","logo":{"@type":"ImageObject","inLanguage":"pt-BR","@id":"https:\/\/www.notibras.com\/site\/#\/schema\/logo\/image\/","url":"https:\/\/www.notibras.com\/site\/wp-content\/uploads\/2023\/01\/notibras23.png","contentUrl":"https:\/\/www.notibras.com\/site\/wp-content\/uploads\/2023\/01\/notibras23.png","width":350,"height":87,"caption":"Grupo Notibras de Comunica\u00e7\u00e3o"},"image":{"@id":"https:\/\/www.notibras.com\/site\/#\/schema\/logo\/image\/"},"sameAs":["https:\/\/www.facebook.com\/notibras\/","https:\/\/x.com\/Notibras","https:\/\/www.instagram.com\/notibras\/"]},{"@type":"Person","@id":"https:\/\/www.notibras.com\/site\/#\/schema\/person\/36ab0979449956132d3e5b517ea76ac8","name":"Reda\u00e7\u00e3o","image":{"@type":"ImageObject","inLanguage":"pt-BR","@id":"https:\/\/secure.gravatar.com\/avatar\/e0a867bdedb85fd243eadf09663511f96fc81e0720a4a42581f334ad4303aa6b?s=96&d=mm&r=g","url":"https:\/\/secure.gravatar.com\/avatar\/e0a867bdedb85fd243eadf09663511f96fc81e0720a4a42581f334ad4303aa6b?s=96&d=mm&r=g","contentUrl":"https:\/\/secure.gravatar.com\/avatar\/e0a867bdedb85fd243eadf09663511f96fc81e0720a4a42581f334ad4303aa6b?s=96&d=mm&r=g","caption":"Reda\u00e7\u00e3o"}}]}},"amp_enabled":true,"_links":{"self":[{"href":"https:\/\/www.notibras.com\/site\/wp-json\/wp\/v2\/posts\/380065","targetHints":{"allow":["GET"]}}],"collection":[{"href":"https:\/\/www.notibras.com\/site\/wp-json\/wp\/v2\/posts"}],"about":[{"href":"https:\/\/www.notibras.com\/site\/wp-json\/wp\/v2\/types\/post"}],"author":[{"embeddable":true,"href":"https:\/\/www.notibras.com\/site\/wp-json\/wp\/v2\/users\/2"}],"replies":[{"embeddable":true,"href":"https:\/\/www.notibras.com\/site\/wp-json\/wp\/v2\/comments?post=380065"}],"version-history":[{"count":1,"href":"https:\/\/www.notibras.com\/site\/wp-json\/wp\/v2\/posts\/380065\/revisions"}],"predecessor-version":[{"id":380067,"href":"https:\/\/www.notibras.com\/site\/wp-json\/wp\/v2\/posts\/380065\/revisions\/380067"}],"wp:featuredmedia":[{"embeddable":true,"href":"https:\/\/www.notibras.com\/site\/wp-json\/wp\/v2\/media\/380066"}],"wp:attachment":[{"href":"https:\/\/www.notibras.com\/site\/wp-json\/wp\/v2\/media?parent=380065"}],"wp:term":[{"taxonomy":"category","embeddable":true,"href":"https:\/\/www.notibras.com\/site\/wp-json\/wp\/v2\/categories?post=380065"},{"taxonomy":"post_tag","embeddable":true,"href":"https:\/\/www.notibras.com\/site\/wp-json\/wp\/v2\/tags?post=380065"}],"curies":[{"name":"wp","href":"https:\/\/api.w.org\/{rel}","templated":true}]}}