{"id":380083,"date":"2026-01-22T00:01:14","date_gmt":"2026-01-22T03:01:14","guid":{"rendered":"https:\/\/www.notibras.com\/site\/?p=380083"},"modified":"2026-01-22T02:32:36","modified_gmt":"2026-01-22T05:32:36","slug":"brasil-monitora-decisao-que-joga-agua-no-acordo-do-mercosul","status":"publish","type":"post","link":"https:\/\/www.notibras.com\/site\/brasil-monitora-decisao-que-joga-agua-no-acordo-do-mercosul\/","title":{"rendered":"Brasil monitora decis\u00e3o que joga \u00e1gua no acordo do Mercosul"},"content":{"rendered":"<p>O Minist\u00e9rio das Rela\u00e7\u00f5es Exteriores (MRE) informou nesta quarta-feira (21) que tomou conhecimento e agora acompanha os pr\u00f3ximos passos da decis\u00e3o do Parlamento Europeu, que, por uma margem apertada de votos, decidiu pedir ao Tribunal de Justi\u00e7a da Uni\u00e3o Europeia (TJUE) uma avalia\u00e7\u00e3o jur\u00eddica sobre o acordo de parceria comercial do bloco com o Mercosul (Argentina, Bol\u00edvia, Brasil, Paraguai e Uruguai).<\/p>\n<p>O tratado, que prev\u00ea a cria\u00e7\u00e3o da maior zona de livre com\u00e9rcio do mundo, com mais de 720 milh\u00f5es de habitantes, foi assinado por representantes dos dois lados no \u00faltimo s\u00e1bado (17), em Assun\u00e7\u00e3o, no Paraguai.<\/p>\n<p>&#8220;O governo brasileiro confere toda a prioridade \u00e0 ratifica\u00e7\u00e3o do Acordo Mercosul-Uni\u00e3o Europeia e seguir\u00e1 trabalhando para acelerar seus tr\u00e2mites internos de aprova\u00e7\u00e3o com vistas a garantir que todas as condi\u00e7\u00f5es para sua plena entrada em vigor estejam satisfeitas com a m\u00e1xima celeridade poss\u00edvel&#8221;, disse o minist\u00e9rio, em manifesta\u00e7\u00e3o enviada \u00e0 reportagem.<\/p>\n<p>O pedido por um parecer jur\u00eddico sobre a legalidade dos termos do tratado, bem como sobre os procedimentos adotados para obter sua celebra\u00e7\u00e3o, foi aprovado nesta quarta-feira pelos eurodeputados. Na pr\u00e1tica, a medida paralisa o processo de implementa\u00e7\u00e3o do acordo, que ainda precisa ser aprovado pelos legisladores dos 32 pa\u00edses envolvidos (27 europeus e cinco sul-americanos).<\/p>\n<p>Foram 334 membros do Parlamento Europeu a votarem favor\u00e1veis ao pedido de avalia\u00e7\u00e3o jur\u00eddica do Tribunal de Justi\u00e7a. A proposta recebeu 324 votos contr\u00e1rios e 11 absten\u00e7\u00f5es.<\/p>\n<p>Em nota, o Parlamento Europeu informou que seguir\u00e1 analisando os termos do acordo, mas que s\u00f3 decidir\u00e1 se leva ou n\u00e3o o assunto a Plen\u00e1rio ap\u00f3s receber o parecer jur\u00eddico do tribunal.<\/p>\n<p>Segundo a ag\u00eancia de not\u00edcias Reuters, o tribunal costuma demorar cerca de dois anos para emitir um parecer. Ainda de acordo com a ag\u00eancia, a Uni\u00e3o Europeia poder\u00e1 implementar o pacto provisoriamente enquanto aguarda a decis\u00e3o e a decis\u00e3o final do Parlamento Europeu, \u201cmas isso pode ser politicamente dif\u00edcil, dada a prov\u00e1vel rea\u00e7\u00e3o negativa\u201d e a possibilidade do parlamento o anul\u00e1-lo posteriormente.<\/p>\n<p>No Brasil, a expectativa do governo \u00e9 que a internaliza\u00e7\u00e3o do acordo esteja aprovada at\u00e9 o segundo semestre pelo Congresso Nacional.<\/p>\n<p>Pelos termos do que foi aprovado, o tratado comercial, prev\u00ea a elimina\u00e7\u00e3o de tarifas alfandeg\u00e1rias sobre a maior parte dos bens e servi\u00e7os produzidos entre os dois blocos. O Mercosul zerar\u00e1 tarifas sobre 91% dos bens europeus em at\u00e9 15 anos. J\u00e1 Uni\u00e3o Europeia eliminar\u00e1 tarifas sobre 95% dos bens do Mercosul em at\u00e9 12 anos.<\/p>\n","protected":false},"excerpt":{"rendered":"<p>O Minist\u00e9rio das Rela\u00e7\u00f5es Exteriores (MRE) informou nesta quarta-feira (21) que tomou conhecimento e agora acompanha os pr\u00f3ximos passos da decis\u00e3o do Parlamento Europeu, que, por uma margem apertada de votos, decidiu pedir ao Tribunal de Justi\u00e7a da Uni\u00e3o Europeia (TJUE) uma avalia\u00e7\u00e3o jur\u00eddica sobre o acordo de parceria comercial do bloco com o Mercosul [&hellip;]<\/p>\n","protected":false},"author":2,"featured_media":194319,"comment_status":"closed","ping_status":"closed","sticky":false,"template":"","format":"standard","meta":{"_acf_changed":false,"footnotes":""},"categories":[16],"tags":[],"class_list":["post-380083","post","type-post","status-publish","format-standard","has-post-thumbnail","hentry","category-brasil"],"acf":[],"yoast_head":"<!-- This site is optimized with the Yoast SEO plugin v27.2 - https:\/\/yoast.com\/product\/yoast-seo-wordpress\/ -->\n<title>Brasil monitora decis\u00e3o que joga \u00e1gua no acordo do Mercosul - Notibras<\/title>\n<meta name=\"robots\" content=\"index, follow, max-snippet:-1, max-image-preview:large, max-video-preview:-1\" \/>\n<link rel=\"canonical\" href=\"https:\/\/www.notibras.com\/site\/brasil-monitora-decisao-que-joga-agua-no-acordo-do-mercosul\/\" \/>\n<meta property=\"og:locale\" content=\"pt_BR\" \/>\n<meta property=\"og:type\" content=\"article\" \/>\n<meta property=\"og:title\" content=\"Brasil monitora decis\u00e3o que joga \u00e1gua no acordo do Mercosul - Notibras\" \/>\n<meta property=\"og:description\" content=\"O Minist\u00e9rio das Rela\u00e7\u00f5es Exteriores (MRE) informou nesta quarta-feira (21) que tomou conhecimento e agora acompanha os pr\u00f3ximos passos da decis\u00e3o do Parlamento Europeu, que, por uma margem apertada de votos, decidiu pedir ao Tribunal de Justi\u00e7a da Uni\u00e3o Europeia (TJUE) uma avalia\u00e7\u00e3o jur\u00eddica sobre o acordo de parceria comercial do bloco com o Mercosul [&hellip;]\" \/>\n<meta property=\"og:url\" content=\"https:\/\/www.notibras.com\/site\/brasil-monitora-decisao-que-joga-agua-no-acordo-do-mercosul\/\" \/>\n<meta property=\"og:site_name\" content=\"Notibras\" \/>\n<meta property=\"article:publisher\" content=\"https:\/\/www.facebook.com\/notibras\/\" \/>\n<meta property=\"article:published_time\" content=\"2026-01-22T03:01:14+00:00\" \/>\n<meta property=\"article:modified_time\" content=\"2026-01-22T05:32:36+00:00\" \/>\n<meta property=\"og:image\" content=\"https:\/\/www.notibras.com\/site\/wp-content\/uploads\/2018\/10\/exporta\u00e7\u00e3o.jpg\" \/>\n\t<meta property=\"og:image:width\" content=\"1100\" \/>\n\t<meta property=\"og:image:height\" content=\"665\" \/>\n\t<meta property=\"og:image:type\" content=\"image\/jpeg\" \/>\n<meta name=\"author\" content=\"Reda\u00e7\u00e3o\" \/>\n<meta name=\"twitter:card\" content=\"summary_large_image\" \/>\n<meta name=\"twitter:creator\" content=\"@Notibras\" \/>\n<meta name=\"twitter:site\" content=\"@Notibras\" \/>\n<meta name=\"twitter:label1\" content=\"Escrito por\" \/>\n\t<meta name=\"twitter:data1\" content=\"Reda\u00e7\u00e3o\" \/>\n\t<meta name=\"twitter:label2\" content=\"Est. tempo de leitura\" \/>\n\t<meta name=\"twitter:data2\" content=\"3 minutos\" \/>\n<script type=\"application\/ld+json\" class=\"yoast-schema-graph\">{\"@context\":\"https:\/\/schema.org\",\"@graph\":[{\"@type\":\"Article\",\"@id\":\"https:\/\/www.notibras.com\/site\/brasil-monitora-decisao-que-joga-agua-no-acordo-do-mercosul\/#article\",\"isPartOf\":{\"@id\":\"https:\/\/www.notibras.com\/site\/brasil-monitora-decisao-que-joga-agua-no-acordo-do-mercosul\/\"},\"author\":{\"name\":\"Reda\u00e7\u00e3o\",\"@id\":\"https:\/\/www.notibras.com\/site\/#\/schema\/person\/36ab0979449956132d3e5b517ea76ac8\"},\"headline\":\"Brasil monitora decis\u00e3o que joga \u00e1gua no acordo do Mercosul\",\"datePublished\":\"2026-01-22T03:01:14+00:00\",\"dateModified\":\"2026-01-22T05:32:36+00:00\",\"mainEntityOfPage\":{\"@id\":\"https:\/\/www.notibras.com\/site\/brasil-monitora-decisao-que-joga-agua-no-acordo-do-mercosul\/\"},\"wordCount\":452,\"publisher\":{\"@id\":\"https:\/\/www.notibras.com\/site\/#organization\"},\"image\":{\"@id\":\"https:\/\/www.notibras.com\/site\/brasil-monitora-decisao-que-joga-agua-no-acordo-do-mercosul\/#primaryimage\"},\"thumbnailUrl\":\"https:\/\/www.notibras.com\/site\/wp-content\/uploads\/2018\/10\/exporta\u00e7\u00e3o.jpg\",\"articleSection\":[\"Brasil\"],\"inLanguage\":\"pt-BR\"},{\"@type\":\"WebPage\",\"@id\":\"https:\/\/www.notibras.com\/site\/brasil-monitora-decisao-que-joga-agua-no-acordo-do-mercosul\/\",\"url\":\"https:\/\/www.notibras.com\/site\/brasil-monitora-decisao-que-joga-agua-no-acordo-do-mercosul\/\",\"name\":\"Brasil monitora decis\u00e3o que joga \u00e1gua no acordo do Mercosul - Notibras\",\"isPartOf\":{\"@id\":\"https:\/\/www.notibras.com\/site\/#website\"},\"primaryImageOfPage\":{\"@id\":\"https:\/\/www.notibras.com\/site\/brasil-monitora-decisao-que-joga-agua-no-acordo-do-mercosul\/#primaryimage\"},\"image\":{\"@id\":\"https:\/\/www.notibras.com\/site\/brasil-monitora-decisao-que-joga-agua-no-acordo-do-mercosul\/#primaryimage\"},\"thumbnailUrl\":\"https:\/\/www.notibras.com\/site\/wp-content\/uploads\/2018\/10\/exporta\u00e7\u00e3o.jpg\",\"datePublished\":\"2026-01-22T03:01:14+00:00\",\"dateModified\":\"2026-01-22T05:32:36+00:00\",\"breadcrumb\":{\"@id\":\"https:\/\/www.notibras.com\/site\/brasil-monitora-decisao-que-joga-agua-no-acordo-do-mercosul\/#breadcrumb\"},\"inLanguage\":\"pt-BR\",\"potentialAction\":[{\"@type\":\"ReadAction\",\"target\":[\"https:\/\/www.notibras.com\/site\/brasil-monitora-decisao-que-joga-agua-no-acordo-do-mercosul\/\"]}]},{\"@type\":\"ImageObject\",\"inLanguage\":\"pt-BR\",\"@id\":\"https:\/\/www.notibras.com\/site\/brasil-monitora-decisao-que-joga-agua-no-acordo-do-mercosul\/#primaryimage\",\"url\":\"https:\/\/www.notibras.com\/site\/wp-content\/uploads\/2018\/10\/exporta\u00e7\u00e3o.jpg\",\"contentUrl\":\"https:\/\/www.notibras.com\/site\/wp-content\/uploads\/2018\/10\/exporta\u00e7\u00e3o.jpg\",\"width\":1100,\"height\":665,\"caption\":\"Foto\/Arquivo Notibras\"},{\"@type\":\"BreadcrumbList\",\"@id\":\"https:\/\/www.notibras.com\/site\/brasil-monitora-decisao-que-joga-agua-no-acordo-do-mercosul\/#breadcrumb\",\"itemListElement\":[{\"@type\":\"ListItem\",\"position\":1,\"name\":\"In\u00edcio\",\"item\":\"https:\/\/www.notibras.com\/site\/\"},{\"@type\":\"ListItem\",\"position\":2,\"name\":\"Brasil monitora decis\u00e3o que joga \u00e1gua no acordo do Mercosul\"}]},{\"@type\":\"WebSite\",\"@id\":\"https:\/\/www.notibras.com\/site\/#website\",\"url\":\"https:\/\/www.notibras.com\/site\/\",\"name\":\"Notibras\",\"description\":\"Not\u00edcias de Bras\u00edlia, do Brasil e do Mundo\",\"publisher\":{\"@id\":\"https:\/\/www.notibras.com\/site\/#organization\"},\"potentialAction\":[{\"@type\":\"SearchAction\",\"target\":{\"@type\":\"EntryPoint\",\"urlTemplate\":\"https:\/\/www.notibras.com\/site\/?s={search_term_string}\"},\"query-input\":{\"@type\":\"PropertyValueSpecification\",\"valueRequired\":true,\"valueName\":\"search_term_string\"}}],\"inLanguage\":\"pt-BR\"},{\"@type\":\"Organization\",\"@id\":\"https:\/\/www.notibras.com\/site\/#organization\",\"name\":\"Grupo Notibras de Comunica\u00e7\u00e3o\",\"url\":\"https:\/\/www.notibras.com\/site\/\",\"logo\":{\"@type\":\"ImageObject\",\"inLanguage\":\"pt-BR\",\"@id\":\"https:\/\/www.notibras.com\/site\/#\/schema\/logo\/image\/\",\"url\":\"https:\/\/www.notibras.com\/site\/wp-content\/uploads\/2023\/01\/notibras23.png\",\"contentUrl\":\"https:\/\/www.notibras.com\/site\/wp-content\/uploads\/2023\/01\/notibras23.png\",\"width\":350,\"height\":87,\"caption\":\"Grupo Notibras de Comunica\u00e7\u00e3o\"},\"image\":{\"@id\":\"https:\/\/www.notibras.com\/site\/#\/schema\/logo\/image\/\"},\"sameAs\":[\"https:\/\/www.facebook.com\/notibras\/\",\"https:\/\/x.com\/Notibras\",\"https:\/\/www.instagram.com\/notibras\/\"]},{\"@type\":\"Person\",\"@id\":\"https:\/\/www.notibras.com\/site\/#\/schema\/person\/36ab0979449956132d3e5b517ea76ac8\",\"name\":\"Reda\u00e7\u00e3o\",\"image\":{\"@type\":\"ImageObject\",\"inLanguage\":\"pt-BR\",\"@id\":\"https:\/\/secure.gravatar.com\/avatar\/e0a867bdedb85fd243eadf09663511f96fc81e0720a4a42581f334ad4303aa6b?s=96&d=mm&r=g\",\"url\":\"https:\/\/secure.gravatar.com\/avatar\/e0a867bdedb85fd243eadf09663511f96fc81e0720a4a42581f334ad4303aa6b?s=96&d=mm&r=g\",\"contentUrl\":\"https:\/\/secure.gravatar.com\/avatar\/e0a867bdedb85fd243eadf09663511f96fc81e0720a4a42581f334ad4303aa6b?s=96&d=mm&r=g\",\"caption\":\"Reda\u00e7\u00e3o\"}}]}<\/script>\n<!-- \/ Yoast SEO plugin. -->","yoast_head_json":{"title":"Brasil monitora decis\u00e3o que joga \u00e1gua no acordo do Mercosul - Notibras","robots":{"index":"index","follow":"follow","max-snippet":"max-snippet:-1","max-image-preview":"max-image-preview:large","max-video-preview":"max-video-preview:-1"},"canonical":"https:\/\/www.notibras.com\/site\/brasil-monitora-decisao-que-joga-agua-no-acordo-do-mercosul\/","og_locale":"pt_BR","og_type":"article","og_title":"Brasil monitora decis\u00e3o que joga \u00e1gua no acordo do Mercosul - Notibras","og_description":"O Minist\u00e9rio das Rela\u00e7\u00f5es Exteriores (MRE) informou nesta quarta-feira (21) que tomou conhecimento e agora acompanha os pr\u00f3ximos passos da decis\u00e3o do Parlamento Europeu, que, por uma margem apertada de votos, decidiu pedir ao Tribunal de Justi\u00e7a da Uni\u00e3o Europeia (TJUE) uma avalia\u00e7\u00e3o jur\u00eddica sobre o acordo de parceria comercial do bloco com o Mercosul [&hellip;]","og_url":"https:\/\/www.notibras.com\/site\/brasil-monitora-decisao-que-joga-agua-no-acordo-do-mercosul\/","og_site_name":"Notibras","article_publisher":"https:\/\/www.facebook.com\/notibras\/","article_published_time":"2026-01-22T03:01:14+00:00","article_modified_time":"2026-01-22T05:32:36+00:00","og_image":[{"width":1100,"height":665,"url":"https:\/\/www.notibras.com\/site\/wp-content\/uploads\/2018\/10\/exporta\u00e7\u00e3o.jpg","type":"image\/jpeg"}],"author":"Reda\u00e7\u00e3o","twitter_card":"summary_large_image","twitter_creator":"@Notibras","twitter_site":"@Notibras","twitter_misc":{"Escrito por":"Reda\u00e7\u00e3o","Est. tempo de leitura":"3 minutos"},"schema":{"@context":"https:\/\/schema.org","@graph":[{"@type":"Article","@id":"https:\/\/www.notibras.com\/site\/brasil-monitora-decisao-que-joga-agua-no-acordo-do-mercosul\/#article","isPartOf":{"@id":"https:\/\/www.notibras.com\/site\/brasil-monitora-decisao-que-joga-agua-no-acordo-do-mercosul\/"},"author":{"name":"Reda\u00e7\u00e3o","@id":"https:\/\/www.notibras.com\/site\/#\/schema\/person\/36ab0979449956132d3e5b517ea76ac8"},"headline":"Brasil monitora decis\u00e3o que joga \u00e1gua no acordo do Mercosul","datePublished":"2026-01-22T03:01:14+00:00","dateModified":"2026-01-22T05:32:36+00:00","mainEntityOfPage":{"@id":"https:\/\/www.notibras.com\/site\/brasil-monitora-decisao-que-joga-agua-no-acordo-do-mercosul\/"},"wordCount":452,"publisher":{"@id":"https:\/\/www.notibras.com\/site\/#organization"},"image":{"@id":"https:\/\/www.notibras.com\/site\/brasil-monitora-decisao-que-joga-agua-no-acordo-do-mercosul\/#primaryimage"},"thumbnailUrl":"https:\/\/www.notibras.com\/site\/wp-content\/uploads\/2018\/10\/exporta\u00e7\u00e3o.jpg","articleSection":["Brasil"],"inLanguage":"pt-BR"},{"@type":"WebPage","@id":"https:\/\/www.notibras.com\/site\/brasil-monitora-decisao-que-joga-agua-no-acordo-do-mercosul\/","url":"https:\/\/www.notibras.com\/site\/brasil-monitora-decisao-que-joga-agua-no-acordo-do-mercosul\/","name":"Brasil monitora decis\u00e3o que joga \u00e1gua no acordo do Mercosul - Notibras","isPartOf":{"@id":"https:\/\/www.notibras.com\/site\/#website"},"primaryImageOfPage":{"@id":"https:\/\/www.notibras.com\/site\/brasil-monitora-decisao-que-joga-agua-no-acordo-do-mercosul\/#primaryimage"},"image":{"@id":"https:\/\/www.notibras.com\/site\/brasil-monitora-decisao-que-joga-agua-no-acordo-do-mercosul\/#primaryimage"},"thumbnailUrl":"https:\/\/www.notibras.com\/site\/wp-content\/uploads\/2018\/10\/exporta\u00e7\u00e3o.jpg","datePublished":"2026-01-22T03:01:14+00:00","dateModified":"2026-01-22T05:32:36+00:00","breadcrumb":{"@id":"https:\/\/www.notibras.com\/site\/brasil-monitora-decisao-que-joga-agua-no-acordo-do-mercosul\/#breadcrumb"},"inLanguage":"pt-BR","potentialAction":[{"@type":"ReadAction","target":["https:\/\/www.notibras.com\/site\/brasil-monitora-decisao-que-joga-agua-no-acordo-do-mercosul\/"]}]},{"@type":"ImageObject","inLanguage":"pt-BR","@id":"https:\/\/www.notibras.com\/site\/brasil-monitora-decisao-que-joga-agua-no-acordo-do-mercosul\/#primaryimage","url":"https:\/\/www.notibras.com\/site\/wp-content\/uploads\/2018\/10\/exporta\u00e7\u00e3o.jpg","contentUrl":"https:\/\/www.notibras.com\/site\/wp-content\/uploads\/2018\/10\/exporta\u00e7\u00e3o.jpg","width":1100,"height":665,"caption":"Foto\/Arquivo Notibras"},{"@type":"BreadcrumbList","@id":"https:\/\/www.notibras.com\/site\/brasil-monitora-decisao-que-joga-agua-no-acordo-do-mercosul\/#breadcrumb","itemListElement":[{"@type":"ListItem","position":1,"name":"In\u00edcio","item":"https:\/\/www.notibras.com\/site\/"},{"@type":"ListItem","position":2,"name":"Brasil monitora decis\u00e3o que joga \u00e1gua no acordo do Mercosul"}]},{"@type":"WebSite","@id":"https:\/\/www.notibras.com\/site\/#website","url":"https:\/\/www.notibras.com\/site\/","name":"Notibras","description":"Not\u00edcias de Bras\u00edlia, do Brasil e do Mundo","publisher":{"@id":"https:\/\/www.notibras.com\/site\/#organization"},"potentialAction":[{"@type":"SearchAction","target":{"@type":"EntryPoint","urlTemplate":"https:\/\/www.notibras.com\/site\/?s={search_term_string}"},"query-input":{"@type":"PropertyValueSpecification","valueRequired":true,"valueName":"search_term_string"}}],"inLanguage":"pt-BR"},{"@type":"Organization","@id":"https:\/\/www.notibras.com\/site\/#organization","name":"Grupo Notibras de Comunica\u00e7\u00e3o","url":"https:\/\/www.notibras.com\/site\/","logo":{"@type":"ImageObject","inLanguage":"pt-BR","@id":"https:\/\/www.notibras.com\/site\/#\/schema\/logo\/image\/","url":"https:\/\/www.notibras.com\/site\/wp-content\/uploads\/2023\/01\/notibras23.png","contentUrl":"https:\/\/www.notibras.com\/site\/wp-content\/uploads\/2023\/01\/notibras23.png","width":350,"height":87,"caption":"Grupo Notibras de Comunica\u00e7\u00e3o"},"image":{"@id":"https:\/\/www.notibras.com\/site\/#\/schema\/logo\/image\/"},"sameAs":["https:\/\/www.facebook.com\/notibras\/","https:\/\/x.com\/Notibras","https:\/\/www.instagram.com\/notibras\/"]},{"@type":"Person","@id":"https:\/\/www.notibras.com\/site\/#\/schema\/person\/36ab0979449956132d3e5b517ea76ac8","name":"Reda\u00e7\u00e3o","image":{"@type":"ImageObject","inLanguage":"pt-BR","@id":"https:\/\/secure.gravatar.com\/avatar\/e0a867bdedb85fd243eadf09663511f96fc81e0720a4a42581f334ad4303aa6b?s=96&d=mm&r=g","url":"https:\/\/secure.gravatar.com\/avatar\/e0a867bdedb85fd243eadf09663511f96fc81e0720a4a42581f334ad4303aa6b?s=96&d=mm&r=g","contentUrl":"https:\/\/secure.gravatar.com\/avatar\/e0a867bdedb85fd243eadf09663511f96fc81e0720a4a42581f334ad4303aa6b?s=96&d=mm&r=g","caption":"Reda\u00e7\u00e3o"}}]}},"amp_enabled":true,"_links":{"self":[{"href":"https:\/\/www.notibras.com\/site\/wp-json\/wp\/v2\/posts\/380083","targetHints":{"allow":["GET"]}}],"collection":[{"href":"https:\/\/www.notibras.com\/site\/wp-json\/wp\/v2\/posts"}],"about":[{"href":"https:\/\/www.notibras.com\/site\/wp-json\/wp\/v2\/types\/post"}],"author":[{"embeddable":true,"href":"https:\/\/www.notibras.com\/site\/wp-json\/wp\/v2\/users\/2"}],"replies":[{"embeddable":true,"href":"https:\/\/www.notibras.com\/site\/wp-json\/wp\/v2\/comments?post=380083"}],"version-history":[{"count":1,"href":"https:\/\/www.notibras.com\/site\/wp-json\/wp\/v2\/posts\/380083\/revisions"}],"predecessor-version":[{"id":380084,"href":"https:\/\/www.notibras.com\/site\/wp-json\/wp\/v2\/posts\/380083\/revisions\/380084"}],"wp:featuredmedia":[{"embeddable":true,"href":"https:\/\/www.notibras.com\/site\/wp-json\/wp\/v2\/media\/194319"}],"wp:attachment":[{"href":"https:\/\/www.notibras.com\/site\/wp-json\/wp\/v2\/media?parent=380083"}],"wp:term":[{"taxonomy":"category","embeddable":true,"href":"https:\/\/www.notibras.com\/site\/wp-json\/wp\/v2\/categories?post=380083"},{"taxonomy":"post_tag","embeddable":true,"href":"https:\/\/www.notibras.com\/site\/wp-json\/wp\/v2\/tags?post=380083"}],"curies":[{"name":"wp","href":"https:\/\/api.w.org\/{rel}","templated":true}]}}