{"id":380088,"date":"2026-01-22T08:34:49","date_gmt":"2026-01-22T11:34:49","guid":{"rendered":"https:\/\/www.notibras.com\/site\/?p=380088"},"modified":"2026-01-22T08:34:49","modified_gmt":"2026-01-22T11:34:49","slug":"kami-o-sagrado-discreto-do-povo-japones","status":"publish","type":"post","link":"https:\/\/www.notibras.com\/site\/kami-o-sagrado-discreto-do-povo-japones\/","title":{"rendered":"Kami, o sagrado discreto do povo japon\u00eas"},"content":{"rendered":"<p data-start=\"192\" data-end=\"389\">N\u00e3o foi no templo que encontrei o kami. Foi no instante em que o vento atravessou o bambuzal e fez um som que n\u00e3o pedia tradu\u00e7\u00e3o. Um sussurro antigo, desses que n\u00e3o explicam nada, apenas lembram.<\/p>\n<p data-start=\"391\" data-end=\"557\">O kami n\u00e3o desce do c\u00e9u. Ele j\u00e1 est\u00e1 aqui. Mora na dobra do dia, no intervalo entre o passo e o ch\u00e3o, na \u00e1gua que corre sem saber para onde vai \u2014 e ainda assim chega.<\/p>\n<p data-start=\"559\" data-end=\"775\">Aprendi cedo que o mundo n\u00e3o \u00e9 vazio. As pedras escutam. As \u00e1rvores guardam mem\u00f3rias que n\u00e3o cabem em livros. H\u00e1 algo na montanha que n\u00e3o se move porque sustenta. H\u00e1 algo no rio que nunca para porque precisa ensinar.<\/p>\n<p data-start=\"777\" data-end=\"812\">O kami n\u00e3o exige f\u00e9. Exige aten\u00e7\u00e3o.<\/p>\n<p data-start=\"814\" data-end=\"1012\">Quando inclino o corpo diante do sil\u00eancio, n\u00e3o estou rezando. Estou pedindo licen\u00e7a. Cada gesto pequeno \u2014 lavar as m\u00e3os, bater palmas, respirar fundo \u2014 \u00e9 uma forma de dizer ao mundo: <em data-start=\"997\" data-end=\"1011\">eu vejo voc\u00ea<\/em>.<\/p>\n<p data-start=\"1014\" data-end=\"1253\">Dizem que existem milh\u00f5es de kami. Talvez seja exagero. Talvez n\u00e3o. Cada rosto amado que se foi e ainda permanece. Cada casa antiga que resiste ao tempo. Cada sombra projetada no fim da tarde, quando o sol j\u00e1 n\u00e3o queima, apenas se despede.<\/p>\n<p data-start=\"1255\" data-end=\"1454\">O kami tamb\u00e9m se esconde na imperfei\u00e7\u00e3o. No telhado quebrado, no copo trincado, na cicatriz que n\u00e3o fecha completamente. Nada precisa ser eterno para ser sagrado. Basta estar inteiro naquele segundo.<\/p>\n<p data-start=\"1456\" data-end=\"1644\">N\u00e3o h\u00e1 pecado aqui, apenas desequil\u00edbrio. O erro n\u00e3o \u00e9 cair, \u00e9 esquecer o ch\u00e3o. O ritual n\u00e3o apaga a dor, mas devolve o eixo. Como quem arruma a sala antes de receber uma visita invis\u00edvel.<\/p>\n<p data-start=\"1646\" data-end=\"1846\">\u00c0s vezes penso que o kami \u00e9 s\u00f3 isso: a consci\u00eancia de que n\u00e3o estamos s\u00f3s no mundo, mesmo quando ningu\u00e9m responde. Que a vida observa enquanto passamos, e espera \u2014 paciente \u2014 que passemos com cuidado.<\/p>\n<p data-start=\"1848\" data-end=\"1995\">Ao fim do dia, quando a cidade silencia por um instante improv\u00e1vel, sinto que algo permanece acordado. N\u00e3o me julga. N\u00e3o promete nada. Apenas est\u00e1.<\/p>\n<p data-start=\"1997\" data-end=\"2025\">E isso, curiosamente, basta.<\/p>\n","protected":false},"excerpt":{"rendered":"<p>N\u00e3o foi no templo que encontrei o kami. Foi no instante em que o vento atravessou o bambuzal e fez um som que n\u00e3o pedia tradu\u00e7\u00e3o. Um sussurro antigo, desses que n\u00e3o explicam nada, apenas lembram. O kami n\u00e3o desce do c\u00e9u. Ele j\u00e1 est\u00e1 aqui. Mora na dobra do dia, no intervalo entre o [&hellip;]<\/p>\n","protected":false},"author":2,"featured_media":380089,"comment_status":"closed","ping_status":"closed","sticky":false,"template":"","format":"standard","meta":{"_acf_changed":false,"footnotes":""},"categories":[237],"tags":[],"class_list":["post-380088","post","type-post","status-publish","format-standard","has-post-thumbnail","hentry","category-oraculos"],"acf":[],"yoast_head":"<!-- This site is optimized with the Yoast SEO plugin v27.2 - https:\/\/yoast.com\/product\/yoast-seo-wordpress\/ -->\n<title>Kami, o sagrado discreto do povo japon\u00eas - Notibras<\/title>\n<meta name=\"robots\" content=\"index, follow, max-snippet:-1, max-image-preview:large, max-video-preview:-1\" \/>\n<link rel=\"canonical\" href=\"https:\/\/www.notibras.com\/site\/kami-o-sagrado-discreto-do-povo-japones\/\" \/>\n<meta property=\"og:locale\" content=\"pt_BR\" \/>\n<meta property=\"og:type\" content=\"article\" \/>\n<meta property=\"og:title\" content=\"Kami, o sagrado discreto do povo japon\u00eas - Notibras\" \/>\n<meta property=\"og:description\" content=\"N\u00e3o foi no templo que encontrei o kami. Foi no instante em que o vento atravessou o bambuzal e fez um som que n\u00e3o pedia tradu\u00e7\u00e3o. Um sussurro antigo, desses que n\u00e3o explicam nada, apenas lembram. O kami n\u00e3o desce do c\u00e9u. Ele j\u00e1 est\u00e1 aqui. Mora na dobra do dia, no intervalo entre o [&hellip;]\" \/>\n<meta property=\"og:url\" content=\"https:\/\/www.notibras.com\/site\/kami-o-sagrado-discreto-do-povo-japones\/\" \/>\n<meta property=\"og:site_name\" content=\"Notibras\" \/>\n<meta property=\"article:publisher\" content=\"https:\/\/www.facebook.com\/notibras\/\" \/>\n<meta property=\"article:published_time\" content=\"2026-01-22T11:34:49+00:00\" \/>\n<meta property=\"og:image\" content=\"https:\/\/www.notibras.com\/site\/wp-content\/uploads\/2026\/01\/f2506b9e-55f3-4410-a772-534f05f0b2f3.jpg\" \/>\n\t<meta property=\"og:image:width\" content=\"1024\" \/>\n\t<meta property=\"og:image:height\" content=\"768\" \/>\n\t<meta property=\"og:image:type\" content=\"image\/jpeg\" \/>\n<meta name=\"author\" content=\"Reda\u00e7\u00e3o\" \/>\n<meta name=\"twitter:card\" content=\"summary_large_image\" \/>\n<meta name=\"twitter:creator\" content=\"@Notibras\" \/>\n<meta name=\"twitter:site\" content=\"@Notibras\" \/>\n<meta name=\"twitter:label1\" content=\"Escrito por\" \/>\n\t<meta name=\"twitter:data1\" content=\"Reda\u00e7\u00e3o\" \/>\n\t<meta name=\"twitter:label2\" content=\"Est. tempo de leitura\" \/>\n\t<meta name=\"twitter:data2\" content=\"3 minutos\" \/>\n<script type=\"application\/ld+json\" class=\"yoast-schema-graph\">{\"@context\":\"https:\/\/schema.org\",\"@graph\":[{\"@type\":\"Article\",\"@id\":\"https:\/\/www.notibras.com\/site\/kami-o-sagrado-discreto-do-povo-japones\/#article\",\"isPartOf\":{\"@id\":\"https:\/\/www.notibras.com\/site\/kami-o-sagrado-discreto-do-povo-japones\/\"},\"author\":{\"name\":\"Reda\u00e7\u00e3o\",\"@id\":\"https:\/\/www.notibras.com\/site\/#\/schema\/person\/36ab0979449956132d3e5b517ea76ac8\"},\"headline\":\"Kami, o sagrado discreto do povo japon\u00eas\",\"datePublished\":\"2026-01-22T11:34:49+00:00\",\"mainEntityOfPage\":{\"@id\":\"https:\/\/www.notibras.com\/site\/kami-o-sagrado-discreto-do-povo-japones\/\"},\"wordCount\":365,\"publisher\":{\"@id\":\"https:\/\/www.notibras.com\/site\/#organization\"},\"image\":{\"@id\":\"https:\/\/www.notibras.com\/site\/kami-o-sagrado-discreto-do-povo-japones\/#primaryimage\"},\"thumbnailUrl\":\"https:\/\/www.notibras.com\/site\/wp-content\/uploads\/2026\/01\/f2506b9e-55f3-4410-a772-534f05f0b2f3.jpg\",\"articleSection\":[\"Or\u00e1culos\"],\"inLanguage\":\"pt-BR\"},{\"@type\":\"WebPage\",\"@id\":\"https:\/\/www.notibras.com\/site\/kami-o-sagrado-discreto-do-povo-japones\/\",\"url\":\"https:\/\/www.notibras.com\/site\/kami-o-sagrado-discreto-do-povo-japones\/\",\"name\":\"Kami, o sagrado discreto do povo japon\u00eas - Notibras\",\"isPartOf\":{\"@id\":\"https:\/\/www.notibras.com\/site\/#website\"},\"primaryImageOfPage\":{\"@id\":\"https:\/\/www.notibras.com\/site\/kami-o-sagrado-discreto-do-povo-japones\/#primaryimage\"},\"image\":{\"@id\":\"https:\/\/www.notibras.com\/site\/kami-o-sagrado-discreto-do-povo-japones\/#primaryimage\"},\"thumbnailUrl\":\"https:\/\/www.notibras.com\/site\/wp-content\/uploads\/2026\/01\/f2506b9e-55f3-4410-a772-534f05f0b2f3.jpg\",\"datePublished\":\"2026-01-22T11:34:49+00:00\",\"breadcrumb\":{\"@id\":\"https:\/\/www.notibras.com\/site\/kami-o-sagrado-discreto-do-povo-japones\/#breadcrumb\"},\"inLanguage\":\"pt-BR\",\"potentialAction\":[{\"@type\":\"ReadAction\",\"target\":[\"https:\/\/www.notibras.com\/site\/kami-o-sagrado-discreto-do-povo-japones\/\"]}]},{\"@type\":\"ImageObject\",\"inLanguage\":\"pt-BR\",\"@id\":\"https:\/\/www.notibras.com\/site\/kami-o-sagrado-discreto-do-povo-japones\/#primaryimage\",\"url\":\"https:\/\/www.notibras.com\/site\/wp-content\/uploads\/2026\/01\/f2506b9e-55f3-4410-a772-534f05f0b2f3.jpg\",\"contentUrl\":\"https:\/\/www.notibras.com\/site\/wp-content\/uploads\/2026\/01\/f2506b9e-55f3-4410-a772-534f05f0b2f3.jpg\",\"width\":1024,\"height\":768},{\"@type\":\"BreadcrumbList\",\"@id\":\"https:\/\/www.notibras.com\/site\/kami-o-sagrado-discreto-do-povo-japones\/#breadcrumb\",\"itemListElement\":[{\"@type\":\"ListItem\",\"position\":1,\"name\":\"In\u00edcio\",\"item\":\"https:\/\/www.notibras.com\/site\/\"},{\"@type\":\"ListItem\",\"position\":2,\"name\":\"Kami, o sagrado discreto do povo japon\u00eas\"}]},{\"@type\":\"WebSite\",\"@id\":\"https:\/\/www.notibras.com\/site\/#website\",\"url\":\"https:\/\/www.notibras.com\/site\/\",\"name\":\"Notibras\",\"description\":\"Not\u00edcias de Bras\u00edlia, do Brasil e do Mundo\",\"publisher\":{\"@id\":\"https:\/\/www.notibras.com\/site\/#organization\"},\"potentialAction\":[{\"@type\":\"SearchAction\",\"target\":{\"@type\":\"EntryPoint\",\"urlTemplate\":\"https:\/\/www.notibras.com\/site\/?s={search_term_string}\"},\"query-input\":{\"@type\":\"PropertyValueSpecification\",\"valueRequired\":true,\"valueName\":\"search_term_string\"}}],\"inLanguage\":\"pt-BR\"},{\"@type\":\"Organization\",\"@id\":\"https:\/\/www.notibras.com\/site\/#organization\",\"name\":\"Grupo Notibras de Comunica\u00e7\u00e3o\",\"url\":\"https:\/\/www.notibras.com\/site\/\",\"logo\":{\"@type\":\"ImageObject\",\"inLanguage\":\"pt-BR\",\"@id\":\"https:\/\/www.notibras.com\/site\/#\/schema\/logo\/image\/\",\"url\":\"https:\/\/www.notibras.com\/site\/wp-content\/uploads\/2023\/01\/notibras23.png\",\"contentUrl\":\"https:\/\/www.notibras.com\/site\/wp-content\/uploads\/2023\/01\/notibras23.png\",\"width\":350,\"height\":87,\"caption\":\"Grupo Notibras de Comunica\u00e7\u00e3o\"},\"image\":{\"@id\":\"https:\/\/www.notibras.com\/site\/#\/schema\/logo\/image\/\"},\"sameAs\":[\"https:\/\/www.facebook.com\/notibras\/\",\"https:\/\/x.com\/Notibras\",\"https:\/\/www.instagram.com\/notibras\/\"]},{\"@type\":\"Person\",\"@id\":\"https:\/\/www.notibras.com\/site\/#\/schema\/person\/36ab0979449956132d3e5b517ea76ac8\",\"name\":\"Reda\u00e7\u00e3o\",\"image\":{\"@type\":\"ImageObject\",\"inLanguage\":\"pt-BR\",\"@id\":\"https:\/\/secure.gravatar.com\/avatar\/e0a867bdedb85fd243eadf09663511f96fc81e0720a4a42581f334ad4303aa6b?s=96&d=mm&r=g\",\"url\":\"https:\/\/secure.gravatar.com\/avatar\/e0a867bdedb85fd243eadf09663511f96fc81e0720a4a42581f334ad4303aa6b?s=96&d=mm&r=g\",\"contentUrl\":\"https:\/\/secure.gravatar.com\/avatar\/e0a867bdedb85fd243eadf09663511f96fc81e0720a4a42581f334ad4303aa6b?s=96&d=mm&r=g\",\"caption\":\"Reda\u00e7\u00e3o\"}}]}<\/script>\n<!-- \/ Yoast SEO plugin. -->","yoast_head_json":{"title":"Kami, o sagrado discreto do povo japon\u00eas - Notibras","robots":{"index":"index","follow":"follow","max-snippet":"max-snippet:-1","max-image-preview":"max-image-preview:large","max-video-preview":"max-video-preview:-1"},"canonical":"https:\/\/www.notibras.com\/site\/kami-o-sagrado-discreto-do-povo-japones\/","og_locale":"pt_BR","og_type":"article","og_title":"Kami, o sagrado discreto do povo japon\u00eas - Notibras","og_description":"N\u00e3o foi no templo que encontrei o kami. Foi no instante em que o vento atravessou o bambuzal e fez um som que n\u00e3o pedia tradu\u00e7\u00e3o. Um sussurro antigo, desses que n\u00e3o explicam nada, apenas lembram. O kami n\u00e3o desce do c\u00e9u. Ele j\u00e1 est\u00e1 aqui. Mora na dobra do dia, no intervalo entre o [&hellip;]","og_url":"https:\/\/www.notibras.com\/site\/kami-o-sagrado-discreto-do-povo-japones\/","og_site_name":"Notibras","article_publisher":"https:\/\/www.facebook.com\/notibras\/","article_published_time":"2026-01-22T11:34:49+00:00","og_image":[{"width":1024,"height":768,"url":"https:\/\/www.notibras.com\/site\/wp-content\/uploads\/2026\/01\/f2506b9e-55f3-4410-a772-534f05f0b2f3.jpg","type":"image\/jpeg"}],"author":"Reda\u00e7\u00e3o","twitter_card":"summary_large_image","twitter_creator":"@Notibras","twitter_site":"@Notibras","twitter_misc":{"Escrito por":"Reda\u00e7\u00e3o","Est. tempo de leitura":"3 minutos"},"schema":{"@context":"https:\/\/schema.org","@graph":[{"@type":"Article","@id":"https:\/\/www.notibras.com\/site\/kami-o-sagrado-discreto-do-povo-japones\/#article","isPartOf":{"@id":"https:\/\/www.notibras.com\/site\/kami-o-sagrado-discreto-do-povo-japones\/"},"author":{"name":"Reda\u00e7\u00e3o","@id":"https:\/\/www.notibras.com\/site\/#\/schema\/person\/36ab0979449956132d3e5b517ea76ac8"},"headline":"Kami, o sagrado discreto do povo japon\u00eas","datePublished":"2026-01-22T11:34:49+00:00","mainEntityOfPage":{"@id":"https:\/\/www.notibras.com\/site\/kami-o-sagrado-discreto-do-povo-japones\/"},"wordCount":365,"publisher":{"@id":"https:\/\/www.notibras.com\/site\/#organization"},"image":{"@id":"https:\/\/www.notibras.com\/site\/kami-o-sagrado-discreto-do-povo-japones\/#primaryimage"},"thumbnailUrl":"https:\/\/www.notibras.com\/site\/wp-content\/uploads\/2026\/01\/f2506b9e-55f3-4410-a772-534f05f0b2f3.jpg","articleSection":["Or\u00e1culos"],"inLanguage":"pt-BR"},{"@type":"WebPage","@id":"https:\/\/www.notibras.com\/site\/kami-o-sagrado-discreto-do-povo-japones\/","url":"https:\/\/www.notibras.com\/site\/kami-o-sagrado-discreto-do-povo-japones\/","name":"Kami, o sagrado discreto do povo japon\u00eas - Notibras","isPartOf":{"@id":"https:\/\/www.notibras.com\/site\/#website"},"primaryImageOfPage":{"@id":"https:\/\/www.notibras.com\/site\/kami-o-sagrado-discreto-do-povo-japones\/#primaryimage"},"image":{"@id":"https:\/\/www.notibras.com\/site\/kami-o-sagrado-discreto-do-povo-japones\/#primaryimage"},"thumbnailUrl":"https:\/\/www.notibras.com\/site\/wp-content\/uploads\/2026\/01\/f2506b9e-55f3-4410-a772-534f05f0b2f3.jpg","datePublished":"2026-01-22T11:34:49+00:00","breadcrumb":{"@id":"https:\/\/www.notibras.com\/site\/kami-o-sagrado-discreto-do-povo-japones\/#breadcrumb"},"inLanguage":"pt-BR","potentialAction":[{"@type":"ReadAction","target":["https:\/\/www.notibras.com\/site\/kami-o-sagrado-discreto-do-povo-japones\/"]}]},{"@type":"ImageObject","inLanguage":"pt-BR","@id":"https:\/\/www.notibras.com\/site\/kami-o-sagrado-discreto-do-povo-japones\/#primaryimage","url":"https:\/\/www.notibras.com\/site\/wp-content\/uploads\/2026\/01\/f2506b9e-55f3-4410-a772-534f05f0b2f3.jpg","contentUrl":"https:\/\/www.notibras.com\/site\/wp-content\/uploads\/2026\/01\/f2506b9e-55f3-4410-a772-534f05f0b2f3.jpg","width":1024,"height":768},{"@type":"BreadcrumbList","@id":"https:\/\/www.notibras.com\/site\/kami-o-sagrado-discreto-do-povo-japones\/#breadcrumb","itemListElement":[{"@type":"ListItem","position":1,"name":"In\u00edcio","item":"https:\/\/www.notibras.com\/site\/"},{"@type":"ListItem","position":2,"name":"Kami, o sagrado discreto do povo japon\u00eas"}]},{"@type":"WebSite","@id":"https:\/\/www.notibras.com\/site\/#website","url":"https:\/\/www.notibras.com\/site\/","name":"Notibras","description":"Not\u00edcias de Bras\u00edlia, do Brasil e do Mundo","publisher":{"@id":"https:\/\/www.notibras.com\/site\/#organization"},"potentialAction":[{"@type":"SearchAction","target":{"@type":"EntryPoint","urlTemplate":"https:\/\/www.notibras.com\/site\/?s={search_term_string}"},"query-input":{"@type":"PropertyValueSpecification","valueRequired":true,"valueName":"search_term_string"}}],"inLanguage":"pt-BR"},{"@type":"Organization","@id":"https:\/\/www.notibras.com\/site\/#organization","name":"Grupo Notibras de Comunica\u00e7\u00e3o","url":"https:\/\/www.notibras.com\/site\/","logo":{"@type":"ImageObject","inLanguage":"pt-BR","@id":"https:\/\/www.notibras.com\/site\/#\/schema\/logo\/image\/","url":"https:\/\/www.notibras.com\/site\/wp-content\/uploads\/2023\/01\/notibras23.png","contentUrl":"https:\/\/www.notibras.com\/site\/wp-content\/uploads\/2023\/01\/notibras23.png","width":350,"height":87,"caption":"Grupo Notibras de Comunica\u00e7\u00e3o"},"image":{"@id":"https:\/\/www.notibras.com\/site\/#\/schema\/logo\/image\/"},"sameAs":["https:\/\/www.facebook.com\/notibras\/","https:\/\/x.com\/Notibras","https:\/\/www.instagram.com\/notibras\/"]},{"@type":"Person","@id":"https:\/\/www.notibras.com\/site\/#\/schema\/person\/36ab0979449956132d3e5b517ea76ac8","name":"Reda\u00e7\u00e3o","image":{"@type":"ImageObject","inLanguage":"pt-BR","@id":"https:\/\/secure.gravatar.com\/avatar\/e0a867bdedb85fd243eadf09663511f96fc81e0720a4a42581f334ad4303aa6b?s=96&d=mm&r=g","url":"https:\/\/secure.gravatar.com\/avatar\/e0a867bdedb85fd243eadf09663511f96fc81e0720a4a42581f334ad4303aa6b?s=96&d=mm&r=g","contentUrl":"https:\/\/secure.gravatar.com\/avatar\/e0a867bdedb85fd243eadf09663511f96fc81e0720a4a42581f334ad4303aa6b?s=96&d=mm&r=g","caption":"Reda\u00e7\u00e3o"}}]}},"amp_enabled":true,"_links":{"self":[{"href":"https:\/\/www.notibras.com\/site\/wp-json\/wp\/v2\/posts\/380088","targetHints":{"allow":["GET"]}}],"collection":[{"href":"https:\/\/www.notibras.com\/site\/wp-json\/wp\/v2\/posts"}],"about":[{"href":"https:\/\/www.notibras.com\/site\/wp-json\/wp\/v2\/types\/post"}],"author":[{"embeddable":true,"href":"https:\/\/www.notibras.com\/site\/wp-json\/wp\/v2\/users\/2"}],"replies":[{"embeddable":true,"href":"https:\/\/www.notibras.com\/site\/wp-json\/wp\/v2\/comments?post=380088"}],"version-history":[{"count":1,"href":"https:\/\/www.notibras.com\/site\/wp-json\/wp\/v2\/posts\/380088\/revisions"}],"predecessor-version":[{"id":380090,"href":"https:\/\/www.notibras.com\/site\/wp-json\/wp\/v2\/posts\/380088\/revisions\/380090"}],"wp:featuredmedia":[{"embeddable":true,"href":"https:\/\/www.notibras.com\/site\/wp-json\/wp\/v2\/media\/380089"}],"wp:attachment":[{"href":"https:\/\/www.notibras.com\/site\/wp-json\/wp\/v2\/media?parent=380088"}],"wp:term":[{"taxonomy":"category","embeddable":true,"href":"https:\/\/www.notibras.com\/site\/wp-json\/wp\/v2\/categories?post=380088"},{"taxonomy":"post_tag","embeddable":true,"href":"https:\/\/www.notibras.com\/site\/wp-json\/wp\/v2\/tags?post=380088"}],"curies":[{"name":"wp","href":"https:\/\/api.w.org\/{rel}","templated":true}]}}