{"id":380094,"date":"2026-01-22T10:04:21","date_gmt":"2026-01-22T13:04:21","guid":{"rendered":"https:\/\/www.notibras.com\/site\/?p=380094"},"modified":"2026-01-22T10:04:21","modified_gmt":"2026-01-22T13:04:21","slug":"ava-a-mangueira-e-o-corpo-lavado-na-chuva","status":"publish","type":"post","link":"https:\/\/www.notibras.com\/site\/ava-a-mangueira-e-o-corpo-lavado-na-chuva\/","title":{"rendered":"Ava, a mangueira e o corpo lavado na chuva"},"content":{"rendered":"<p style=\"font-weight: 400;\">O tronco da mangueira parecia excessivamente grosso, visto de longe, na agonia da tarde; era algu\u00e9m que estava abra\u00e7ado nele. Trajava-se com um vestido de seda, longo, estampado com rosas colombianas vermelhas, em pinceladas que eram puro Paul Gauguin. Seus l\u00e1bios, pintados tamb\u00e9m de vermelho, poderia ser uma daquelas rosas que algu\u00e9m, de tanto beijar, sangrou. O que mais chamava aten\u00e7\u00e3o na jovem que se abra\u00e7ava \u00e0 mangueira eram seus olhos, negros, grandes e misteriosos como mulher nua.<\/p>\n<p style=\"font-weight: 400;\">As partes \u00e0 mostra da sua pele \u2013 no estertor da tarde, quando \u00e9 poss\u00edvel ouvir-se a tarde morrer, seguindo-se o riso feminino da noite \u2013 flutuavam, como escultura de marfim ao anoitecer. Seus cabelos cobriam-na como um v\u00e9u, com vida pr\u00f3pria, esvoa\u00e7ando levemente \u00e0 aragem, que prenunciava chuva. Ela meneou a cabe\u00e7a; seu nariz era gracioso, quase teimoso. Desgrudou-se um pouco da \u00e1rvore e virou-se para a frente, e os seios, pequenos e rijos, quase escapuliram da pris\u00e3o.<\/p>\n<p style=\"font-weight: 400;\">Voltou-se novamente e ficou na posi\u00e7\u00e3o anterior. Seus quadris abaulavam-se, a partir da fina cintura, e mergulhavam no mist\u00e9rio. Ela estava ali j\u00e1 fazia algum tempo, recarregando o que chamava de Qi (pronuncia-se \u201cti\u201d), que quer dizer, em mandarim, for\u00e7a vital. Ela era jovem. Tinha vinte e poucos anos, mas continha toda a experi\u00eancia do mar, por isso seu olhar era t\u00e3o intenso, e inacess\u00edvel, e os poetas, ao se sentirem atra\u00eddos por aquele olhar, sentiam a vertigem dos primeiros beijos, sabedores de que se tratava apenas de del\u00edrio. Fora casada com um cadete da Academia Militar das Agulhas Negras, mas aquele tipo de mulher, completamente linda, por dentro e por fora, como rosa nua, s\u00f3 pode ser feliz com um mago poderoso, que a leve ao cume do Pico da Neblina.<\/p>\n<p style=\"font-weight: 400;\">\u2013 Ava! \u2013 ouviu-se. Algu\u00e9m, uma mulher, a chamava. Ela n\u00e3o se moveu. A mangueira era grande, como as que povoam o centro de Bel\u00e9m do Par\u00e1. \u2013 Ava! \u2013 gritaram de novo, e a voz perdeu-se no anoitecer.<\/p>\n<p style=\"font-weight: 400;\">Fora um duro dia de trabalho, e no fim do dia atendera um vampiro. Ava n\u00e3o sabia que se tratava de um vampiro, pois na sua mente s\u00f3 havia jardins, muitos jardins, in\u00fameros jardins. Quando ela ampliou os olhos do velho, sob a lente \u2013 um velho acabado, murcho como maracuj\u00e1 seco \u2013, identificou uma ventosa chupando luz e sentiu-se tonta. Os vampiros, na verdade, n\u00e3o s\u00e3o como o de Bram Stocker; s\u00e3o chupadores de Qi, de luz, e quando encontram uma jovem lind\u00edssima, procuram sugar desesperadamente sua energia, tanto que v\u00e3o embora lentos, como carapan\u00e3s ap\u00f3s a bacanal. Por isso, Ava estava ali, abra\u00e7ada \u00e0 mangueira. Abra\u00e7ava-se sempre a uma \u00e1rvore quando se sentia exaurida.<\/p>\n<p style=\"font-weight: 400;\">\u2013 Ava Nogueira! \u2013 gritaram de novo, agora com sobrenome.<\/p>\n<p style=\"font-weight: 400;\">J\u00e1 era noite quando a chuva engrossou; ent\u00e3o, Ava desgrudou-se do tronco da mangueira e correu para a chuva. Logo seu vestido ficou totalmente molhado, e suas curvas, curvas que somente a m\u00fasica pode fazer, revelaram-se em toda a sua oce\u00e2nica beleza. Rel\u00e2mpagos estalaram. Ouviu-se trovejar, mas Ava j\u00e1 estava na varanda da casa, abrigada em uma felpuda toalha, alva como sua pele, que sua m\u00e3e lhe levara. E o Lago Sul se encolheu sob o dil\u00favio.<\/p>\n","protected":false},"excerpt":{"rendered":"<p>O tronco da mangueira parecia excessivamente grosso, visto de longe, na agonia da tarde; era algu\u00e9m que estava abra\u00e7ado nele. Trajava-se com um vestido de seda, longo, estampado com rosas colombianas vermelhas, em pinceladas que eram puro Paul Gauguin. Seus l\u00e1bios, pintados tamb\u00e9m de vermelho, poderia ser uma daquelas rosas que algu\u00e9m, de tanto beijar, [&hellip;]<\/p>\n","protected":false},"author":2,"featured_media":380095,"comment_status":"closed","ping_status":"closed","sticky":false,"template":"","format":"standard","meta":{"_acf_changed":false,"footnotes":""},"categories":[155],"tags":[],"class_list":["post-380094","post","type-post","status-publish","format-standard","has-post-thumbnail","hentry","category-leitura-vip"],"acf":[],"yoast_head":"<!-- This site is optimized with the Yoast SEO plugin v27.2 - https:\/\/yoast.com\/product\/yoast-seo-wordpress\/ -->\n<title>Ava, a mangueira e o corpo lavado na chuva - Notibras<\/title>\n<meta name=\"robots\" content=\"index, follow, max-snippet:-1, max-image-preview:large, max-video-preview:-1\" \/>\n<link rel=\"canonical\" href=\"https:\/\/www.notibras.com\/site\/ava-a-mangueira-e-o-corpo-lavado-na-chuva\/\" \/>\n<meta property=\"og:locale\" content=\"pt_BR\" \/>\n<meta property=\"og:type\" content=\"article\" \/>\n<meta property=\"og:title\" content=\"Ava, a mangueira e o corpo lavado na chuva - Notibras\" \/>\n<meta property=\"og:description\" content=\"O tronco da mangueira parecia excessivamente grosso, visto de longe, na agonia da tarde; era algu\u00e9m que estava abra\u00e7ado nele. Trajava-se com um vestido de seda, longo, estampado com rosas colombianas vermelhas, em pinceladas que eram puro Paul Gauguin. Seus l\u00e1bios, pintados tamb\u00e9m de vermelho, poderia ser uma daquelas rosas que algu\u00e9m, de tanto beijar, [&hellip;]\" \/>\n<meta property=\"og:url\" content=\"https:\/\/www.notibras.com\/site\/ava-a-mangueira-e-o-corpo-lavado-na-chuva\/\" \/>\n<meta property=\"og:site_name\" content=\"Notibras\" \/>\n<meta property=\"article:publisher\" content=\"https:\/\/www.facebook.com\/notibras\/\" \/>\n<meta property=\"article:published_time\" content=\"2026-01-22T13:04:21+00:00\" \/>\n<meta property=\"og:image\" content=\"https:\/\/www.notibras.com\/site\/wp-content\/uploads\/2026\/01\/47fb6c61-8ca3-4fa5-9d75-def32b983268-683x1024.png\" \/>\n\t<meta property=\"og:image:width\" content=\"683\" \/>\n\t<meta property=\"og:image:height\" content=\"1024\" \/>\n\t<meta property=\"og:image:type\" content=\"image\/png\" \/>\n<meta name=\"author\" content=\"Reda\u00e7\u00e3o\" \/>\n<meta name=\"twitter:card\" content=\"summary_large_image\" \/>\n<meta name=\"twitter:creator\" content=\"@Notibras\" \/>\n<meta name=\"twitter:site\" content=\"@Notibras\" \/>\n<meta name=\"twitter:label1\" content=\"Escrito por\" \/>\n\t<meta name=\"twitter:data1\" content=\"Reda\u00e7\u00e3o\" \/>\n\t<meta name=\"twitter:label2\" content=\"Est. tempo de leitura\" \/>\n\t<meta name=\"twitter:data2\" content=\"4 minutos\" \/>\n<script type=\"application\/ld+json\" class=\"yoast-schema-graph\">{\"@context\":\"https:\/\/schema.org\",\"@graph\":[{\"@type\":\"Article\",\"@id\":\"https:\/\/www.notibras.com\/site\/ava-a-mangueira-e-o-corpo-lavado-na-chuva\/#article\",\"isPartOf\":{\"@id\":\"https:\/\/www.notibras.com\/site\/ava-a-mangueira-e-o-corpo-lavado-na-chuva\/\"},\"author\":{\"name\":\"Reda\u00e7\u00e3o\",\"@id\":\"https:\/\/www.notibras.com\/site\/#\/schema\/person\/36ab0979449956132d3e5b517ea76ac8\"},\"headline\":\"Ava, a mangueira e o corpo lavado na chuva\",\"datePublished\":\"2026-01-22T13:04:21+00:00\",\"mainEntityOfPage\":{\"@id\":\"https:\/\/www.notibras.com\/site\/ava-a-mangueira-e-o-corpo-lavado-na-chuva\/\"},\"wordCount\":566,\"publisher\":{\"@id\":\"https:\/\/www.notibras.com\/site\/#organization\"},\"image\":{\"@id\":\"https:\/\/www.notibras.com\/site\/ava-a-mangueira-e-o-corpo-lavado-na-chuva\/#primaryimage\"},\"thumbnailUrl\":\"https:\/\/www.notibras.com\/site\/wp-content\/uploads\/2026\/01\/47fb6c61-8ca3-4fa5-9d75-def32b983268.png\",\"articleSection\":[\"Leitura Vip\"],\"inLanguage\":\"pt-BR\"},{\"@type\":\"WebPage\",\"@id\":\"https:\/\/www.notibras.com\/site\/ava-a-mangueira-e-o-corpo-lavado-na-chuva\/\",\"url\":\"https:\/\/www.notibras.com\/site\/ava-a-mangueira-e-o-corpo-lavado-na-chuva\/\",\"name\":\"Ava, a mangueira e o corpo lavado na chuva - Notibras\",\"isPartOf\":{\"@id\":\"https:\/\/www.notibras.com\/site\/#website\"},\"primaryImageOfPage\":{\"@id\":\"https:\/\/www.notibras.com\/site\/ava-a-mangueira-e-o-corpo-lavado-na-chuva\/#primaryimage\"},\"image\":{\"@id\":\"https:\/\/www.notibras.com\/site\/ava-a-mangueira-e-o-corpo-lavado-na-chuva\/#primaryimage\"},\"thumbnailUrl\":\"https:\/\/www.notibras.com\/site\/wp-content\/uploads\/2026\/01\/47fb6c61-8ca3-4fa5-9d75-def32b983268.png\",\"datePublished\":\"2026-01-22T13:04:21+00:00\",\"breadcrumb\":{\"@id\":\"https:\/\/www.notibras.com\/site\/ava-a-mangueira-e-o-corpo-lavado-na-chuva\/#breadcrumb\"},\"inLanguage\":\"pt-BR\",\"potentialAction\":[{\"@type\":\"ReadAction\",\"target\":[\"https:\/\/www.notibras.com\/site\/ava-a-mangueira-e-o-corpo-lavado-na-chuva\/\"]}]},{\"@type\":\"ImageObject\",\"inLanguage\":\"pt-BR\",\"@id\":\"https:\/\/www.notibras.com\/site\/ava-a-mangueira-e-o-corpo-lavado-na-chuva\/#primaryimage\",\"url\":\"https:\/\/www.notibras.com\/site\/wp-content\/uploads\/2026\/01\/47fb6c61-8ca3-4fa5-9d75-def32b983268.png\",\"contentUrl\":\"https:\/\/www.notibras.com\/site\/wp-content\/uploads\/2026\/01\/47fb6c61-8ca3-4fa5-9d75-def32b983268.png\",\"width\":1024,\"height\":1536},{\"@type\":\"BreadcrumbList\",\"@id\":\"https:\/\/www.notibras.com\/site\/ava-a-mangueira-e-o-corpo-lavado-na-chuva\/#breadcrumb\",\"itemListElement\":[{\"@type\":\"ListItem\",\"position\":1,\"name\":\"In\u00edcio\",\"item\":\"https:\/\/www.notibras.com\/site\/\"},{\"@type\":\"ListItem\",\"position\":2,\"name\":\"Ava, a mangueira e o corpo lavado na chuva\"}]},{\"@type\":\"WebSite\",\"@id\":\"https:\/\/www.notibras.com\/site\/#website\",\"url\":\"https:\/\/www.notibras.com\/site\/\",\"name\":\"Notibras\",\"description\":\"Not\u00edcias de Bras\u00edlia, do Brasil e do Mundo\",\"publisher\":{\"@id\":\"https:\/\/www.notibras.com\/site\/#organization\"},\"potentialAction\":[{\"@type\":\"SearchAction\",\"target\":{\"@type\":\"EntryPoint\",\"urlTemplate\":\"https:\/\/www.notibras.com\/site\/?s={search_term_string}\"},\"query-input\":{\"@type\":\"PropertyValueSpecification\",\"valueRequired\":true,\"valueName\":\"search_term_string\"}}],\"inLanguage\":\"pt-BR\"},{\"@type\":\"Organization\",\"@id\":\"https:\/\/www.notibras.com\/site\/#organization\",\"name\":\"Grupo Notibras de Comunica\u00e7\u00e3o\",\"url\":\"https:\/\/www.notibras.com\/site\/\",\"logo\":{\"@type\":\"ImageObject\",\"inLanguage\":\"pt-BR\",\"@id\":\"https:\/\/www.notibras.com\/site\/#\/schema\/logo\/image\/\",\"url\":\"https:\/\/www.notibras.com\/site\/wp-content\/uploads\/2023\/01\/notibras23.png\",\"contentUrl\":\"https:\/\/www.notibras.com\/site\/wp-content\/uploads\/2023\/01\/notibras23.png\",\"width\":350,\"height\":87,\"caption\":\"Grupo Notibras de Comunica\u00e7\u00e3o\"},\"image\":{\"@id\":\"https:\/\/www.notibras.com\/site\/#\/schema\/logo\/image\/\"},\"sameAs\":[\"https:\/\/www.facebook.com\/notibras\/\",\"https:\/\/x.com\/Notibras\",\"https:\/\/www.instagram.com\/notibras\/\"]},{\"@type\":\"Person\",\"@id\":\"https:\/\/www.notibras.com\/site\/#\/schema\/person\/36ab0979449956132d3e5b517ea76ac8\",\"name\":\"Reda\u00e7\u00e3o\",\"image\":{\"@type\":\"ImageObject\",\"inLanguage\":\"pt-BR\",\"@id\":\"https:\/\/secure.gravatar.com\/avatar\/e0a867bdedb85fd243eadf09663511f96fc81e0720a4a42581f334ad4303aa6b?s=96&d=mm&r=g\",\"url\":\"https:\/\/secure.gravatar.com\/avatar\/e0a867bdedb85fd243eadf09663511f96fc81e0720a4a42581f334ad4303aa6b?s=96&d=mm&r=g\",\"contentUrl\":\"https:\/\/secure.gravatar.com\/avatar\/e0a867bdedb85fd243eadf09663511f96fc81e0720a4a42581f334ad4303aa6b?s=96&d=mm&r=g\",\"caption\":\"Reda\u00e7\u00e3o\"}}]}<\/script>\n<!-- \/ Yoast SEO plugin. -->","yoast_head_json":{"title":"Ava, a mangueira e o corpo lavado na chuva - Notibras","robots":{"index":"index","follow":"follow","max-snippet":"max-snippet:-1","max-image-preview":"max-image-preview:large","max-video-preview":"max-video-preview:-1"},"canonical":"https:\/\/www.notibras.com\/site\/ava-a-mangueira-e-o-corpo-lavado-na-chuva\/","og_locale":"pt_BR","og_type":"article","og_title":"Ava, a mangueira e o corpo lavado na chuva - Notibras","og_description":"O tronco da mangueira parecia excessivamente grosso, visto de longe, na agonia da tarde; era algu\u00e9m que estava abra\u00e7ado nele. Trajava-se com um vestido de seda, longo, estampado com rosas colombianas vermelhas, em pinceladas que eram puro Paul Gauguin. Seus l\u00e1bios, pintados tamb\u00e9m de vermelho, poderia ser uma daquelas rosas que algu\u00e9m, de tanto beijar, [&hellip;]","og_url":"https:\/\/www.notibras.com\/site\/ava-a-mangueira-e-o-corpo-lavado-na-chuva\/","og_site_name":"Notibras","article_publisher":"https:\/\/www.facebook.com\/notibras\/","article_published_time":"2026-01-22T13:04:21+00:00","og_image":[{"width":683,"height":1024,"url":"https:\/\/www.notibras.com\/site\/wp-content\/uploads\/2026\/01\/47fb6c61-8ca3-4fa5-9d75-def32b983268-683x1024.png","type":"image\/png"}],"author":"Reda\u00e7\u00e3o","twitter_card":"summary_large_image","twitter_creator":"@Notibras","twitter_site":"@Notibras","twitter_misc":{"Escrito por":"Reda\u00e7\u00e3o","Est. tempo de leitura":"4 minutos"},"schema":{"@context":"https:\/\/schema.org","@graph":[{"@type":"Article","@id":"https:\/\/www.notibras.com\/site\/ava-a-mangueira-e-o-corpo-lavado-na-chuva\/#article","isPartOf":{"@id":"https:\/\/www.notibras.com\/site\/ava-a-mangueira-e-o-corpo-lavado-na-chuva\/"},"author":{"name":"Reda\u00e7\u00e3o","@id":"https:\/\/www.notibras.com\/site\/#\/schema\/person\/36ab0979449956132d3e5b517ea76ac8"},"headline":"Ava, a mangueira e o corpo lavado na chuva","datePublished":"2026-01-22T13:04:21+00:00","mainEntityOfPage":{"@id":"https:\/\/www.notibras.com\/site\/ava-a-mangueira-e-o-corpo-lavado-na-chuva\/"},"wordCount":566,"publisher":{"@id":"https:\/\/www.notibras.com\/site\/#organization"},"image":{"@id":"https:\/\/www.notibras.com\/site\/ava-a-mangueira-e-o-corpo-lavado-na-chuva\/#primaryimage"},"thumbnailUrl":"https:\/\/www.notibras.com\/site\/wp-content\/uploads\/2026\/01\/47fb6c61-8ca3-4fa5-9d75-def32b983268.png","articleSection":["Leitura Vip"],"inLanguage":"pt-BR"},{"@type":"WebPage","@id":"https:\/\/www.notibras.com\/site\/ava-a-mangueira-e-o-corpo-lavado-na-chuva\/","url":"https:\/\/www.notibras.com\/site\/ava-a-mangueira-e-o-corpo-lavado-na-chuva\/","name":"Ava, a mangueira e o corpo lavado na chuva - Notibras","isPartOf":{"@id":"https:\/\/www.notibras.com\/site\/#website"},"primaryImageOfPage":{"@id":"https:\/\/www.notibras.com\/site\/ava-a-mangueira-e-o-corpo-lavado-na-chuva\/#primaryimage"},"image":{"@id":"https:\/\/www.notibras.com\/site\/ava-a-mangueira-e-o-corpo-lavado-na-chuva\/#primaryimage"},"thumbnailUrl":"https:\/\/www.notibras.com\/site\/wp-content\/uploads\/2026\/01\/47fb6c61-8ca3-4fa5-9d75-def32b983268.png","datePublished":"2026-01-22T13:04:21+00:00","breadcrumb":{"@id":"https:\/\/www.notibras.com\/site\/ava-a-mangueira-e-o-corpo-lavado-na-chuva\/#breadcrumb"},"inLanguage":"pt-BR","potentialAction":[{"@type":"ReadAction","target":["https:\/\/www.notibras.com\/site\/ava-a-mangueira-e-o-corpo-lavado-na-chuva\/"]}]},{"@type":"ImageObject","inLanguage":"pt-BR","@id":"https:\/\/www.notibras.com\/site\/ava-a-mangueira-e-o-corpo-lavado-na-chuva\/#primaryimage","url":"https:\/\/www.notibras.com\/site\/wp-content\/uploads\/2026\/01\/47fb6c61-8ca3-4fa5-9d75-def32b983268.png","contentUrl":"https:\/\/www.notibras.com\/site\/wp-content\/uploads\/2026\/01\/47fb6c61-8ca3-4fa5-9d75-def32b983268.png","width":1024,"height":1536},{"@type":"BreadcrumbList","@id":"https:\/\/www.notibras.com\/site\/ava-a-mangueira-e-o-corpo-lavado-na-chuva\/#breadcrumb","itemListElement":[{"@type":"ListItem","position":1,"name":"In\u00edcio","item":"https:\/\/www.notibras.com\/site\/"},{"@type":"ListItem","position":2,"name":"Ava, a mangueira e o corpo lavado na chuva"}]},{"@type":"WebSite","@id":"https:\/\/www.notibras.com\/site\/#website","url":"https:\/\/www.notibras.com\/site\/","name":"Notibras","description":"Not\u00edcias de Bras\u00edlia, do Brasil e do Mundo","publisher":{"@id":"https:\/\/www.notibras.com\/site\/#organization"},"potentialAction":[{"@type":"SearchAction","target":{"@type":"EntryPoint","urlTemplate":"https:\/\/www.notibras.com\/site\/?s={search_term_string}"},"query-input":{"@type":"PropertyValueSpecification","valueRequired":true,"valueName":"search_term_string"}}],"inLanguage":"pt-BR"},{"@type":"Organization","@id":"https:\/\/www.notibras.com\/site\/#organization","name":"Grupo Notibras de Comunica\u00e7\u00e3o","url":"https:\/\/www.notibras.com\/site\/","logo":{"@type":"ImageObject","inLanguage":"pt-BR","@id":"https:\/\/www.notibras.com\/site\/#\/schema\/logo\/image\/","url":"https:\/\/www.notibras.com\/site\/wp-content\/uploads\/2023\/01\/notibras23.png","contentUrl":"https:\/\/www.notibras.com\/site\/wp-content\/uploads\/2023\/01\/notibras23.png","width":350,"height":87,"caption":"Grupo Notibras de Comunica\u00e7\u00e3o"},"image":{"@id":"https:\/\/www.notibras.com\/site\/#\/schema\/logo\/image\/"},"sameAs":["https:\/\/www.facebook.com\/notibras\/","https:\/\/x.com\/Notibras","https:\/\/www.instagram.com\/notibras\/"]},{"@type":"Person","@id":"https:\/\/www.notibras.com\/site\/#\/schema\/person\/36ab0979449956132d3e5b517ea76ac8","name":"Reda\u00e7\u00e3o","image":{"@type":"ImageObject","inLanguage":"pt-BR","@id":"https:\/\/secure.gravatar.com\/avatar\/e0a867bdedb85fd243eadf09663511f96fc81e0720a4a42581f334ad4303aa6b?s=96&d=mm&r=g","url":"https:\/\/secure.gravatar.com\/avatar\/e0a867bdedb85fd243eadf09663511f96fc81e0720a4a42581f334ad4303aa6b?s=96&d=mm&r=g","contentUrl":"https:\/\/secure.gravatar.com\/avatar\/e0a867bdedb85fd243eadf09663511f96fc81e0720a4a42581f334ad4303aa6b?s=96&d=mm&r=g","caption":"Reda\u00e7\u00e3o"}}]}},"amp_enabled":true,"_links":{"self":[{"href":"https:\/\/www.notibras.com\/site\/wp-json\/wp\/v2\/posts\/380094","targetHints":{"allow":["GET"]}}],"collection":[{"href":"https:\/\/www.notibras.com\/site\/wp-json\/wp\/v2\/posts"}],"about":[{"href":"https:\/\/www.notibras.com\/site\/wp-json\/wp\/v2\/types\/post"}],"author":[{"embeddable":true,"href":"https:\/\/www.notibras.com\/site\/wp-json\/wp\/v2\/users\/2"}],"replies":[{"embeddable":true,"href":"https:\/\/www.notibras.com\/site\/wp-json\/wp\/v2\/comments?post=380094"}],"version-history":[{"count":1,"href":"https:\/\/www.notibras.com\/site\/wp-json\/wp\/v2\/posts\/380094\/revisions"}],"predecessor-version":[{"id":380096,"href":"https:\/\/www.notibras.com\/site\/wp-json\/wp\/v2\/posts\/380094\/revisions\/380096"}],"wp:featuredmedia":[{"embeddable":true,"href":"https:\/\/www.notibras.com\/site\/wp-json\/wp\/v2\/media\/380095"}],"wp:attachment":[{"href":"https:\/\/www.notibras.com\/site\/wp-json\/wp\/v2\/media?parent=380094"}],"wp:term":[{"taxonomy":"category","embeddable":true,"href":"https:\/\/www.notibras.com\/site\/wp-json\/wp\/v2\/categories?post=380094"},{"taxonomy":"post_tag","embeddable":true,"href":"https:\/\/www.notibras.com\/site\/wp-json\/wp\/v2\/tags?post=380094"}],"curies":[{"name":"wp","href":"https:\/\/api.w.org\/{rel}","templated":true}]}}