{"id":380104,"date":"2026-01-22T10:28:52","date_gmt":"2026-01-22T13:28:52","guid":{"rendered":"https:\/\/www.notibras.com\/site\/?p=380104"},"modified":"2026-01-23T10:23:20","modified_gmt":"2026-01-23T13:23:20","slug":"supremo-arquiva-inquerito-contra-delegados-da-prf-por-blitz-no-pleito-de-22","status":"publish","type":"post","link":"https:\/\/www.notibras.com\/site\/supremo-arquiva-inquerito-contra-delegados-da-prf-por-blitz-no-pleito-de-22\/","title":{"rendered":"Supremo arquiva inqu\u00e9rito contra delegados da PRF por blitz em 2022"},"content":{"rendered":"<p>O ministro Alexandre de Moraes, do Supremo Tribunal Federal (STF), arquivou as investiga\u00e7\u00f5es contra dois delegados da Pol\u00edcia Rodovi\u00e1ria Federal (PRF) que eram suspeitos de realizar blitze para prejudicar a circula\u00e7\u00e3o de eleitores no segundo turno da corrida presidencial de 2022. As informa\u00e7\u00f5es foram divulgadas nesta quinta-feira (22) pelo STF.<\/p>\n<p>Moraes seguiu parecer da Procuradoria-Geral da Rep\u00fablica (PGR), que alegou falta de provas m\u00ednimas de que Alfredo de Souza Lima Coelho Carrijo e Leo Garrido de Salles Meira tenham praticado qualquer tipo de crime.<\/p>\n<p>Os dois haviam sido indiciados pela Pol\u00edcia Federal (PF) e eram investigados pelos crimes de prevarica\u00e7\u00e3o e viol\u00eancia pol\u00edtica.<\/p>\n<p>\u201cNa presente hip\u00f3tese, n\u00e3o se verifica nos autos ind\u00edcios m\u00ednimos da ocorr\u00eancia de il\u00edcito criminal em rela\u00e7\u00e3o aos investigados ALFREDO DE SOUZA LIMA COELHO CARRIJO e LEO GARRIDO DE SALLES MEIRA, n\u00e3o existindo, portanto, na presente peti\u00e7\u00e3o, nenhum ind\u00edcio real de fato t\u00edpico [crime] praticado pelos requeridos\u201d, escreveu Moraes.<\/p>\n<p>O epis\u00f3dio est\u00e1 ligado \u00e0s investiga\u00e7\u00f5es sobre a trama golpista que tentou manter o ex-presidente Jair Bolsonaro no poder mesmo ap\u00f3s a derrota eleitoral em 2022.<\/p>\n<p>O caso serviu, por exemplo, como um dos fundamentos para a Primeira Turma do Supremo condenar o ministro da Justi\u00e7a e o diretor-geral da PRF \u00e0 \u00e9poca, Anderson Torres e Silvinei Vasques, respectivamente, por tentativa de golpe de Estado, entre outros crimes.<\/p>\n<p>Mar\u00edlia Alencar, ex-diretora de Intelig\u00eancia do Minist\u00e9rio da Justi\u00e7a, tamb\u00e9m foi condenada com base na obstru\u00e7\u00e3o da circula\u00e7\u00e3o de eleitores.<\/p>\n<p>Segundo dados da PRF, mais de 2,1 mil \u00f4nibus foram fiscalizados somente na Regi\u00e3o Nordeste no fim de semana do segundo turno de vota\u00e7\u00e3o, em 2022.<\/p>\n<p>A corpora\u00e7\u00e3o nega vi\u00e9s pol\u00edtico, mas a Primeira Turma do Supremo viu nas blitze uma tentativa de favorecer a reelei\u00e7\u00e3o de Bolsonaro de modo a mant\u00ea-lo no poder de modo ilegal, uma vez que as opera\u00e7\u00f5es se concentraram em regi\u00f5es com preval\u00eancia de eleitoras do ent\u00e3o candidato advers\u00e1rio, Luiz In\u00e1cio Lula da Silva.<\/p>\n<p><strong>Trancamento<\/strong><br \/>\nNa decis\u00e3o divulgada nesta quinta-feira, Moraes determinou ainda o trancamento da a\u00e7\u00e3o em rela\u00e7\u00e3o a Mar\u00edlia Alencar, Anderson Torres e Silvinei Vasques, afirmando que j\u00e1 foram condenados pelos fatos investigados no \u00e2mbito da trama golpista. Pela legisla\u00e7\u00e3o brasileira, ningu\u00e9m pode ser processado mais de uma vez pelos mesmos fatos, o chamado bis in idem.<\/p>\n<p>J\u00e1 Fernando de Souza Oliveira, ex-diretor de Opera\u00e7\u00f5es da MJ, foi absolvido durante o julgamento do n\u00facleo 2 da trama golpista, incluindo das acusa\u00e7\u00f5es que o envolviam com as blitze da PRF. Por esse motivo, ele tamb\u00e9m teve trancada a investiga\u00e7\u00e3o contra ele.<\/p>\n<p>O ministro ressalvou, contudo, que o inqu\u00e9rito pode ser reaberto em rela\u00e7\u00e3o ao quatro \u201cna hip\u00f3tese de surgimento de novos elementos\u201d.<\/p>\n","protected":false},"excerpt":{"rendered":"<p>O ministro Alexandre de Moraes, do Supremo Tribunal Federal (STF), arquivou as investiga\u00e7\u00f5es contra dois delegados da Pol\u00edcia Rodovi\u00e1ria Federal (PRF) que eram suspeitos de realizar blitze para prejudicar a circula\u00e7\u00e3o de eleitores no segundo turno da corrida presidencial de 2022. As informa\u00e7\u00f5es foram divulgadas nesta quinta-feira (22) pelo STF. Moraes seguiu parecer da Procuradoria-Geral [&hellip;]<\/p>\n","protected":false},"author":2,"featured_media":347353,"comment_status":"closed","ping_status":"closed","sticky":false,"template":"","format":"standard","meta":{"_acf_changed":false,"footnotes":""},"categories":[16],"tags":[],"class_list":["post-380104","post","type-post","status-publish","format-standard","has-post-thumbnail","hentry","category-brasil"],"acf":[],"yoast_head":"<!-- This site is optimized with the Yoast SEO plugin v27.2 - https:\/\/yoast.com\/product\/yoast-seo-wordpress\/ -->\n<title>Supremo arquiva inqu\u00e9rito contra delegados da PRF por blitz em 2022 - Notibras<\/title>\n<meta name=\"robots\" content=\"index, follow, max-snippet:-1, max-image-preview:large, max-video-preview:-1\" \/>\n<link rel=\"canonical\" href=\"https:\/\/www.notibras.com\/site\/supremo-arquiva-inquerito-contra-delegados-da-prf-por-blitz-no-pleito-de-22\/\" \/>\n<meta property=\"og:locale\" content=\"pt_BR\" \/>\n<meta property=\"og:type\" content=\"article\" \/>\n<meta property=\"og:title\" content=\"Supremo arquiva inqu\u00e9rito contra delegados da PRF por blitz em 2022 - Notibras\" \/>\n<meta property=\"og:description\" content=\"O ministro Alexandre de Moraes, do Supremo Tribunal Federal (STF), arquivou as investiga\u00e7\u00f5es contra dois delegados da Pol\u00edcia Rodovi\u00e1ria Federal (PRF) que eram suspeitos de realizar blitze para prejudicar a circula\u00e7\u00e3o de eleitores no segundo turno da corrida presidencial de 2022. As informa\u00e7\u00f5es foram divulgadas nesta quinta-feira (22) pelo STF. Moraes seguiu parecer da Procuradoria-Geral [&hellip;]\" \/>\n<meta property=\"og:url\" content=\"https:\/\/www.notibras.com\/site\/supremo-arquiva-inquerito-contra-delegados-da-prf-por-blitz-no-pleito-de-22\/\" \/>\n<meta property=\"og:site_name\" content=\"Notibras\" \/>\n<meta property=\"article:publisher\" content=\"https:\/\/www.facebook.com\/notibras\/\" \/>\n<meta property=\"article:published_time\" content=\"2026-01-22T13:28:52+00:00\" \/>\n<meta property=\"article:modified_time\" content=\"2026-01-23T13:23:20+00:00\" \/>\n<meta property=\"og:image\" content=\"https:\/\/www.notibras.com\/site\/wp-content\/uploads\/2025\/02\/prf.tiro_._policia_rodoviaria_federal_operacao_finados_2021031120214322.webp\" \/>\n\t<meta property=\"og:image:width\" content=\"1170\" \/>\n\t<meta property=\"og:image:height\" content=\"700\" \/>\n\t<meta property=\"og:image:type\" content=\"image\/webp\" \/>\n<meta name=\"author\" content=\"Reda\u00e7\u00e3o\" \/>\n<meta name=\"twitter:card\" content=\"summary_large_image\" \/>\n<meta name=\"twitter:creator\" content=\"@Notibras\" \/>\n<meta name=\"twitter:site\" content=\"@Notibras\" \/>\n<meta name=\"twitter:label1\" content=\"Escrito por\" \/>\n\t<meta name=\"twitter:data1\" content=\"Reda\u00e7\u00e3o\" \/>\n\t<meta name=\"twitter:label2\" content=\"Est. tempo de leitura\" \/>\n\t<meta name=\"twitter:data2\" content=\"3 minutos\" \/>\n<script type=\"application\/ld+json\" class=\"yoast-schema-graph\">{\"@context\":\"https:\/\/schema.org\",\"@graph\":[{\"@type\":\"Article\",\"@id\":\"https:\/\/www.notibras.com\/site\/supremo-arquiva-inquerito-contra-delegados-da-prf-por-blitz-no-pleito-de-22\/#article\",\"isPartOf\":{\"@id\":\"https:\/\/www.notibras.com\/site\/supremo-arquiva-inquerito-contra-delegados-da-prf-por-blitz-no-pleito-de-22\/\"},\"author\":{\"name\":\"Reda\u00e7\u00e3o\",\"@id\":\"https:\/\/www.notibras.com\/site\/#\/schema\/person\/36ab0979449956132d3e5b517ea76ac8\"},\"headline\":\"Supremo arquiva inqu\u00e9rito contra delegados da PRF por blitz em 2022\",\"datePublished\":\"2026-01-22T13:28:52+00:00\",\"dateModified\":\"2026-01-23T13:23:20+00:00\",\"mainEntityOfPage\":{\"@id\":\"https:\/\/www.notibras.com\/site\/supremo-arquiva-inquerito-contra-delegados-da-prf-por-blitz-no-pleito-de-22\/\"},\"wordCount\":502,\"publisher\":{\"@id\":\"https:\/\/www.notibras.com\/site\/#organization\"},\"image\":{\"@id\":\"https:\/\/www.notibras.com\/site\/supremo-arquiva-inquerito-contra-delegados-da-prf-por-blitz-no-pleito-de-22\/#primaryimage\"},\"thumbnailUrl\":\"https:\/\/www.notibras.com\/site\/wp-content\/uploads\/2025\/02\/prf.tiro_._policia_rodoviaria_federal_operacao_finados_2021031120214322.webp\",\"articleSection\":[\"Brasil\"],\"inLanguage\":\"pt-BR\"},{\"@type\":\"WebPage\",\"@id\":\"https:\/\/www.notibras.com\/site\/supremo-arquiva-inquerito-contra-delegados-da-prf-por-blitz-no-pleito-de-22\/\",\"url\":\"https:\/\/www.notibras.com\/site\/supremo-arquiva-inquerito-contra-delegados-da-prf-por-blitz-no-pleito-de-22\/\",\"name\":\"Supremo arquiva inqu\u00e9rito contra delegados da PRF por blitz em 2022 - Notibras\",\"isPartOf\":{\"@id\":\"https:\/\/www.notibras.com\/site\/#website\"},\"primaryImageOfPage\":{\"@id\":\"https:\/\/www.notibras.com\/site\/supremo-arquiva-inquerito-contra-delegados-da-prf-por-blitz-no-pleito-de-22\/#primaryimage\"},\"image\":{\"@id\":\"https:\/\/www.notibras.com\/site\/supremo-arquiva-inquerito-contra-delegados-da-prf-por-blitz-no-pleito-de-22\/#primaryimage\"},\"thumbnailUrl\":\"https:\/\/www.notibras.com\/site\/wp-content\/uploads\/2025\/02\/prf.tiro_._policia_rodoviaria_federal_operacao_finados_2021031120214322.webp\",\"datePublished\":\"2026-01-22T13:28:52+00:00\",\"dateModified\":\"2026-01-23T13:23:20+00:00\",\"breadcrumb\":{\"@id\":\"https:\/\/www.notibras.com\/site\/supremo-arquiva-inquerito-contra-delegados-da-prf-por-blitz-no-pleito-de-22\/#breadcrumb\"},\"inLanguage\":\"pt-BR\",\"potentialAction\":[{\"@type\":\"ReadAction\",\"target\":[\"https:\/\/www.notibras.com\/site\/supremo-arquiva-inquerito-contra-delegados-da-prf-por-blitz-no-pleito-de-22\/\"]}]},{\"@type\":\"ImageObject\",\"inLanguage\":\"pt-BR\",\"@id\":\"https:\/\/www.notibras.com\/site\/supremo-arquiva-inquerito-contra-delegados-da-prf-por-blitz-no-pleito-de-22\/#primaryimage\",\"url\":\"https:\/\/www.notibras.com\/site\/wp-content\/uploads\/2025\/02\/prf.tiro_._policia_rodoviaria_federal_operacao_finados_2021031120214322.webp\",\"contentUrl\":\"https:\/\/www.notibras.com\/site\/wp-content\/uploads\/2025\/02\/prf.tiro_._policia_rodoviaria_federal_operacao_finados_2021031120214322.webp\",\"width\":1170,\"height\":700},{\"@type\":\"BreadcrumbList\",\"@id\":\"https:\/\/www.notibras.com\/site\/supremo-arquiva-inquerito-contra-delegados-da-prf-por-blitz-no-pleito-de-22\/#breadcrumb\",\"itemListElement\":[{\"@type\":\"ListItem\",\"position\":1,\"name\":\"In\u00edcio\",\"item\":\"https:\/\/www.notibras.com\/site\/\"},{\"@type\":\"ListItem\",\"position\":2,\"name\":\"Supremo arquiva inqu\u00e9rito contra delegados da PRF por blitz em 2022\"}]},{\"@type\":\"WebSite\",\"@id\":\"https:\/\/www.notibras.com\/site\/#website\",\"url\":\"https:\/\/www.notibras.com\/site\/\",\"name\":\"Notibras\",\"description\":\"Not\u00edcias de Bras\u00edlia, do Brasil e do Mundo\",\"publisher\":{\"@id\":\"https:\/\/www.notibras.com\/site\/#organization\"},\"potentialAction\":[{\"@type\":\"SearchAction\",\"target\":{\"@type\":\"EntryPoint\",\"urlTemplate\":\"https:\/\/www.notibras.com\/site\/?s={search_term_string}\"},\"query-input\":{\"@type\":\"PropertyValueSpecification\",\"valueRequired\":true,\"valueName\":\"search_term_string\"}}],\"inLanguage\":\"pt-BR\"},{\"@type\":\"Organization\",\"@id\":\"https:\/\/www.notibras.com\/site\/#organization\",\"name\":\"Grupo Notibras de Comunica\u00e7\u00e3o\",\"url\":\"https:\/\/www.notibras.com\/site\/\",\"logo\":{\"@type\":\"ImageObject\",\"inLanguage\":\"pt-BR\",\"@id\":\"https:\/\/www.notibras.com\/site\/#\/schema\/logo\/image\/\",\"url\":\"https:\/\/www.notibras.com\/site\/wp-content\/uploads\/2023\/01\/notibras23.png\",\"contentUrl\":\"https:\/\/www.notibras.com\/site\/wp-content\/uploads\/2023\/01\/notibras23.png\",\"width\":350,\"height\":87,\"caption\":\"Grupo Notibras de Comunica\u00e7\u00e3o\"},\"image\":{\"@id\":\"https:\/\/www.notibras.com\/site\/#\/schema\/logo\/image\/\"},\"sameAs\":[\"https:\/\/www.facebook.com\/notibras\/\",\"https:\/\/x.com\/Notibras\",\"https:\/\/www.instagram.com\/notibras\/\"]},{\"@type\":\"Person\",\"@id\":\"https:\/\/www.notibras.com\/site\/#\/schema\/person\/36ab0979449956132d3e5b517ea76ac8\",\"name\":\"Reda\u00e7\u00e3o\",\"image\":{\"@type\":\"ImageObject\",\"inLanguage\":\"pt-BR\",\"@id\":\"https:\/\/secure.gravatar.com\/avatar\/e0a867bdedb85fd243eadf09663511f96fc81e0720a4a42581f334ad4303aa6b?s=96&d=mm&r=g\",\"url\":\"https:\/\/secure.gravatar.com\/avatar\/e0a867bdedb85fd243eadf09663511f96fc81e0720a4a42581f334ad4303aa6b?s=96&d=mm&r=g\",\"contentUrl\":\"https:\/\/secure.gravatar.com\/avatar\/e0a867bdedb85fd243eadf09663511f96fc81e0720a4a42581f334ad4303aa6b?s=96&d=mm&r=g\",\"caption\":\"Reda\u00e7\u00e3o\"}}]}<\/script>\n<!-- \/ Yoast SEO plugin. -->","yoast_head_json":{"title":"Supremo arquiva inqu\u00e9rito contra delegados da PRF por blitz em 2022 - Notibras","robots":{"index":"index","follow":"follow","max-snippet":"max-snippet:-1","max-image-preview":"max-image-preview:large","max-video-preview":"max-video-preview:-1"},"canonical":"https:\/\/www.notibras.com\/site\/supremo-arquiva-inquerito-contra-delegados-da-prf-por-blitz-no-pleito-de-22\/","og_locale":"pt_BR","og_type":"article","og_title":"Supremo arquiva inqu\u00e9rito contra delegados da PRF por blitz em 2022 - Notibras","og_description":"O ministro Alexandre de Moraes, do Supremo Tribunal Federal (STF), arquivou as investiga\u00e7\u00f5es contra dois delegados da Pol\u00edcia Rodovi\u00e1ria Federal (PRF) que eram suspeitos de realizar blitze para prejudicar a circula\u00e7\u00e3o de eleitores no segundo turno da corrida presidencial de 2022. As informa\u00e7\u00f5es foram divulgadas nesta quinta-feira (22) pelo STF. Moraes seguiu parecer da Procuradoria-Geral [&hellip;]","og_url":"https:\/\/www.notibras.com\/site\/supremo-arquiva-inquerito-contra-delegados-da-prf-por-blitz-no-pleito-de-22\/","og_site_name":"Notibras","article_publisher":"https:\/\/www.facebook.com\/notibras\/","article_published_time":"2026-01-22T13:28:52+00:00","article_modified_time":"2026-01-23T13:23:20+00:00","og_image":[{"width":1170,"height":700,"url":"https:\/\/www.notibras.com\/site\/wp-content\/uploads\/2025\/02\/prf.tiro_._policia_rodoviaria_federal_operacao_finados_2021031120214322.webp","type":"image\/webp"}],"author":"Reda\u00e7\u00e3o","twitter_card":"summary_large_image","twitter_creator":"@Notibras","twitter_site":"@Notibras","twitter_misc":{"Escrito por":"Reda\u00e7\u00e3o","Est. tempo de leitura":"3 minutos"},"schema":{"@context":"https:\/\/schema.org","@graph":[{"@type":"Article","@id":"https:\/\/www.notibras.com\/site\/supremo-arquiva-inquerito-contra-delegados-da-prf-por-blitz-no-pleito-de-22\/#article","isPartOf":{"@id":"https:\/\/www.notibras.com\/site\/supremo-arquiva-inquerito-contra-delegados-da-prf-por-blitz-no-pleito-de-22\/"},"author":{"name":"Reda\u00e7\u00e3o","@id":"https:\/\/www.notibras.com\/site\/#\/schema\/person\/36ab0979449956132d3e5b517ea76ac8"},"headline":"Supremo arquiva inqu\u00e9rito contra delegados da PRF por blitz em 2022","datePublished":"2026-01-22T13:28:52+00:00","dateModified":"2026-01-23T13:23:20+00:00","mainEntityOfPage":{"@id":"https:\/\/www.notibras.com\/site\/supremo-arquiva-inquerito-contra-delegados-da-prf-por-blitz-no-pleito-de-22\/"},"wordCount":502,"publisher":{"@id":"https:\/\/www.notibras.com\/site\/#organization"},"image":{"@id":"https:\/\/www.notibras.com\/site\/supremo-arquiva-inquerito-contra-delegados-da-prf-por-blitz-no-pleito-de-22\/#primaryimage"},"thumbnailUrl":"https:\/\/www.notibras.com\/site\/wp-content\/uploads\/2025\/02\/prf.tiro_._policia_rodoviaria_federal_operacao_finados_2021031120214322.webp","articleSection":["Brasil"],"inLanguage":"pt-BR"},{"@type":"WebPage","@id":"https:\/\/www.notibras.com\/site\/supremo-arquiva-inquerito-contra-delegados-da-prf-por-blitz-no-pleito-de-22\/","url":"https:\/\/www.notibras.com\/site\/supremo-arquiva-inquerito-contra-delegados-da-prf-por-blitz-no-pleito-de-22\/","name":"Supremo arquiva inqu\u00e9rito contra delegados da PRF por blitz em 2022 - Notibras","isPartOf":{"@id":"https:\/\/www.notibras.com\/site\/#website"},"primaryImageOfPage":{"@id":"https:\/\/www.notibras.com\/site\/supremo-arquiva-inquerito-contra-delegados-da-prf-por-blitz-no-pleito-de-22\/#primaryimage"},"image":{"@id":"https:\/\/www.notibras.com\/site\/supremo-arquiva-inquerito-contra-delegados-da-prf-por-blitz-no-pleito-de-22\/#primaryimage"},"thumbnailUrl":"https:\/\/www.notibras.com\/site\/wp-content\/uploads\/2025\/02\/prf.tiro_._policia_rodoviaria_federal_operacao_finados_2021031120214322.webp","datePublished":"2026-01-22T13:28:52+00:00","dateModified":"2026-01-23T13:23:20+00:00","breadcrumb":{"@id":"https:\/\/www.notibras.com\/site\/supremo-arquiva-inquerito-contra-delegados-da-prf-por-blitz-no-pleito-de-22\/#breadcrumb"},"inLanguage":"pt-BR","potentialAction":[{"@type":"ReadAction","target":["https:\/\/www.notibras.com\/site\/supremo-arquiva-inquerito-contra-delegados-da-prf-por-blitz-no-pleito-de-22\/"]}]},{"@type":"ImageObject","inLanguage":"pt-BR","@id":"https:\/\/www.notibras.com\/site\/supremo-arquiva-inquerito-contra-delegados-da-prf-por-blitz-no-pleito-de-22\/#primaryimage","url":"https:\/\/www.notibras.com\/site\/wp-content\/uploads\/2025\/02\/prf.tiro_._policia_rodoviaria_federal_operacao_finados_2021031120214322.webp","contentUrl":"https:\/\/www.notibras.com\/site\/wp-content\/uploads\/2025\/02\/prf.tiro_._policia_rodoviaria_federal_operacao_finados_2021031120214322.webp","width":1170,"height":700},{"@type":"BreadcrumbList","@id":"https:\/\/www.notibras.com\/site\/supremo-arquiva-inquerito-contra-delegados-da-prf-por-blitz-no-pleito-de-22\/#breadcrumb","itemListElement":[{"@type":"ListItem","position":1,"name":"In\u00edcio","item":"https:\/\/www.notibras.com\/site\/"},{"@type":"ListItem","position":2,"name":"Supremo arquiva inqu\u00e9rito contra delegados da PRF por blitz em 2022"}]},{"@type":"WebSite","@id":"https:\/\/www.notibras.com\/site\/#website","url":"https:\/\/www.notibras.com\/site\/","name":"Notibras","description":"Not\u00edcias de Bras\u00edlia, do Brasil e do Mundo","publisher":{"@id":"https:\/\/www.notibras.com\/site\/#organization"},"potentialAction":[{"@type":"SearchAction","target":{"@type":"EntryPoint","urlTemplate":"https:\/\/www.notibras.com\/site\/?s={search_term_string}"},"query-input":{"@type":"PropertyValueSpecification","valueRequired":true,"valueName":"search_term_string"}}],"inLanguage":"pt-BR"},{"@type":"Organization","@id":"https:\/\/www.notibras.com\/site\/#organization","name":"Grupo Notibras de Comunica\u00e7\u00e3o","url":"https:\/\/www.notibras.com\/site\/","logo":{"@type":"ImageObject","inLanguage":"pt-BR","@id":"https:\/\/www.notibras.com\/site\/#\/schema\/logo\/image\/","url":"https:\/\/www.notibras.com\/site\/wp-content\/uploads\/2023\/01\/notibras23.png","contentUrl":"https:\/\/www.notibras.com\/site\/wp-content\/uploads\/2023\/01\/notibras23.png","width":350,"height":87,"caption":"Grupo Notibras de Comunica\u00e7\u00e3o"},"image":{"@id":"https:\/\/www.notibras.com\/site\/#\/schema\/logo\/image\/"},"sameAs":["https:\/\/www.facebook.com\/notibras\/","https:\/\/x.com\/Notibras","https:\/\/www.instagram.com\/notibras\/"]},{"@type":"Person","@id":"https:\/\/www.notibras.com\/site\/#\/schema\/person\/36ab0979449956132d3e5b517ea76ac8","name":"Reda\u00e7\u00e3o","image":{"@type":"ImageObject","inLanguage":"pt-BR","@id":"https:\/\/secure.gravatar.com\/avatar\/e0a867bdedb85fd243eadf09663511f96fc81e0720a4a42581f334ad4303aa6b?s=96&d=mm&r=g","url":"https:\/\/secure.gravatar.com\/avatar\/e0a867bdedb85fd243eadf09663511f96fc81e0720a4a42581f334ad4303aa6b?s=96&d=mm&r=g","contentUrl":"https:\/\/secure.gravatar.com\/avatar\/e0a867bdedb85fd243eadf09663511f96fc81e0720a4a42581f334ad4303aa6b?s=96&d=mm&r=g","caption":"Reda\u00e7\u00e3o"}}]}},"amp_enabled":true,"_links":{"self":[{"href":"https:\/\/www.notibras.com\/site\/wp-json\/wp\/v2\/posts\/380104","targetHints":{"allow":["GET"]}}],"collection":[{"href":"https:\/\/www.notibras.com\/site\/wp-json\/wp\/v2\/posts"}],"about":[{"href":"https:\/\/www.notibras.com\/site\/wp-json\/wp\/v2\/types\/post"}],"author":[{"embeddable":true,"href":"https:\/\/www.notibras.com\/site\/wp-json\/wp\/v2\/users\/2"}],"replies":[{"embeddable":true,"href":"https:\/\/www.notibras.com\/site\/wp-json\/wp\/v2\/comments?post=380104"}],"version-history":[{"count":3,"href":"https:\/\/www.notibras.com\/site\/wp-json\/wp\/v2\/posts\/380104\/revisions"}],"predecessor-version":[{"id":380191,"href":"https:\/\/www.notibras.com\/site\/wp-json\/wp\/v2\/posts\/380104\/revisions\/380191"}],"wp:featuredmedia":[{"embeddable":true,"href":"https:\/\/www.notibras.com\/site\/wp-json\/wp\/v2\/media\/347353"}],"wp:attachment":[{"href":"https:\/\/www.notibras.com\/site\/wp-json\/wp\/v2\/media?parent=380104"}],"wp:term":[{"taxonomy":"category","embeddable":true,"href":"https:\/\/www.notibras.com\/site\/wp-json\/wp\/v2\/categories?post=380104"},{"taxonomy":"post_tag","embeddable":true,"href":"https:\/\/www.notibras.com\/site\/wp-json\/wp\/v2\/tags?post=380104"}],"curies":[{"name":"wp","href":"https:\/\/api.w.org\/{rel}","templated":true}]}}