{"id":380107,"date":"2026-01-22T17:53:53","date_gmt":"2026-01-22T20:53:53","guid":{"rendered":"https:\/\/www.notibras.com\/site\/?p=380107"},"modified":"2026-01-22T18:55:00","modified_gmt":"2026-01-22T21:55:00","slug":"policiais-da-15a-dp-prendem-traficantes","status":"publish","type":"post","link":"https:\/\/www.notibras.com\/site\/policiais-da-15a-dp-prendem-traficantes\/","title":{"rendered":"Policiais da 15\u00aa DP prendem traficantes"},"content":{"rendered":"<p>A PCDF, atrav\u00e9s da 15\u00aa Delegacia de Pol\u00edcia, deflagrou a Opera\u00e7\u00e3o Zombie, que resultou na pris\u00e3o em flagrante de dois homens, ambos com 26 anos, pelos crimes de tr\u00e1fico de drogas e associa\u00e7\u00e3o para o tr\u00e1fico, em Samambaia\/DF.<\/p>\n<p>As investiga\u00e7\u00f5es revelaram que um dos presos havia montado uma loja virtual na rede social Instagram, utilizada para anunciar a venda de entorpecentes, bem como utens\u00edlios destinados ao uso e armazenamento de drogas, como piteiras e potes. O esquema de comercializa\u00e7\u00e3o inclu\u00eda a entrega das drogas em sacolas personalizadas, estampadas com a marca da loja, estrat\u00e9gia empregada para refor\u00e7ar a divulga\u00e7\u00e3o do com\u00e9rcio il\u00edcito. Durante a a\u00e7\u00e3o policial, foram apreendidos cart\u00f5es e materiais de divulga\u00e7\u00e3o da loja virtual.<\/p>\n<p>Durante a abordagem, um dos suspeitos, morador do pr\u00e9dio, foi surpreendido saindo do edif\u00edcio com as drogas, no momento em que se preparava para realizar uma entrega. O comparsa foi localizado em seu apartamento, onde tamb\u00e9m foram encontrados outros objetos para o uso de drogas anunciados para a venda.<\/p>\n<p>Ao todo, foram apreendidas quatro por\u00e7\u00f5es de haxixe, avaliadas em aproximadamente R$ 6 mil. Constatou-se ainda o comparsa do morador do pr\u00e9dio j\u00e1 possu\u00eda passagem anterior por tr\u00e1fico de drogas, enquanto seu colega n\u00e3o possu\u00eda antecedentes criminais.<\/p>\n<p>Os autores foram autuados em flagrante pelos crimes de tr\u00e1fico de drogas, cuja pena varia de 5 a 15 anos de reclus\u00e3o, e associa\u00e7\u00e3o para o tr\u00e1fico, cuja pena \u00e9 de 3 a 10 anos de reclus\u00e3o, sendo posteriormente recolhidos \u00e0 carceragem da DCCP, onde permanecem \u00e0 disposi\u00e7\u00e3o do Poder Judici\u00e1rio.<\/p>\n","protected":false},"excerpt":{"rendered":"<p>A PCDF, atrav\u00e9s da 15\u00aa Delegacia de Pol\u00edcia, deflagrou a Opera\u00e7\u00e3o Zombie, que resultou na pris\u00e3o em flagrante de dois homens, ambos com 26 anos, pelos crimes de tr\u00e1fico de drogas e associa\u00e7\u00e3o para o tr\u00e1fico, em Samambaia\/DF. As investiga\u00e7\u00f5es revelaram que um dos presos havia montado uma loja virtual na rede social Instagram, utilizada [&hellip;]<\/p>\n","protected":false},"author":21,"featured_media":380111,"comment_status":"closed","ping_status":"closed","sticky":false,"template":"","format":"standard","meta":{"_acf_changed":false,"footnotes":""},"categories":[161],"tags":[],"class_list":["post-380107","post","type-post","status-publish","format-standard","has-post-thumbnail","hentry","category-quadradinho-em-foco"],"acf":[],"yoast_head":"<!-- This site is optimized with the Yoast SEO plugin v27.2 - https:\/\/yoast.com\/product\/yoast-seo-wordpress\/ -->\n<title>Policiais da 15\u00aa DP prendem traficantes - Notibras<\/title>\n<meta name=\"robots\" content=\"index, follow, max-snippet:-1, max-image-preview:large, max-video-preview:-1\" \/>\n<link rel=\"canonical\" href=\"https:\/\/www.notibras.com\/site\/policiais-da-15a-dp-prendem-traficantes\/\" \/>\n<meta property=\"og:locale\" content=\"pt_BR\" \/>\n<meta property=\"og:type\" content=\"article\" \/>\n<meta property=\"og:title\" content=\"Policiais da 15\u00aa DP prendem traficantes - Notibras\" \/>\n<meta property=\"og:description\" content=\"A PCDF, atrav\u00e9s da 15\u00aa Delegacia de Pol\u00edcia, deflagrou a Opera\u00e7\u00e3o Zombie, que resultou na pris\u00e3o em flagrante de dois homens, ambos com 26 anos, pelos crimes de tr\u00e1fico de drogas e associa\u00e7\u00e3o para o tr\u00e1fico, em Samambaia\/DF. As investiga\u00e7\u00f5es revelaram que um dos presos havia montado uma loja virtual na rede social Instagram, utilizada [&hellip;]\" \/>\n<meta property=\"og:url\" content=\"https:\/\/www.notibras.com\/site\/policiais-da-15a-dp-prendem-traficantes\/\" \/>\n<meta property=\"og:site_name\" content=\"Notibras\" \/>\n<meta property=\"article:publisher\" content=\"https:\/\/www.facebook.com\/notibras\/\" \/>\n<meta property=\"article:published_time\" content=\"2026-01-22T20:53:53+00:00\" \/>\n<meta property=\"article:modified_time\" content=\"2026-01-22T21:55:00+00:00\" \/>\n<meta property=\"og:image\" content=\"https:\/\/www.notibras.com\/site\/wp-content\/uploads\/2026\/01\/WhatsApp-Image-2026-01-22-at-17.13.53.jpeg\" \/>\n\t<meta property=\"og:image:width\" content=\"1600\" \/>\n\t<meta property=\"og:image:height\" content=\"1200\" \/>\n\t<meta property=\"og:image:type\" content=\"image\/jpeg\" \/>\n<meta name=\"author\" content=\"Eduardo Mart\u00ednez\" \/>\n<meta name=\"twitter:card\" content=\"summary_large_image\" \/>\n<meta name=\"twitter:creator\" content=\"@Notibras\" \/>\n<meta name=\"twitter:site\" content=\"@Notibras\" \/>\n<meta name=\"twitter:label1\" content=\"Escrito por\" \/>\n\t<meta name=\"twitter:data1\" content=\"Eduardo Mart\u00ednez\" \/>\n\t<meta name=\"twitter:label2\" content=\"Est. tempo de leitura\" \/>\n\t<meta name=\"twitter:data2\" content=\"2 minutos\" \/>\n<script type=\"application\/ld+json\" class=\"yoast-schema-graph\">{\"@context\":\"https:\/\/schema.org\",\"@graph\":[{\"@type\":\"Article\",\"@id\":\"https:\/\/www.notibras.com\/site\/policiais-da-15a-dp-prendem-traficantes\/#article\",\"isPartOf\":{\"@id\":\"https:\/\/www.notibras.com\/site\/policiais-da-15a-dp-prendem-traficantes\/\"},\"author\":{\"name\":\"Eduardo Mart\u00ednez\",\"@id\":\"https:\/\/www.notibras.com\/site\/#\/schema\/person\/5b7fabf2aedc3ada2105f03b22b4d3dd\"},\"headline\":\"Policiais da 15\u00aa DP prendem traficantes\",\"datePublished\":\"2026-01-22T20:53:53+00:00\",\"dateModified\":\"2026-01-22T21:55:00+00:00\",\"mainEntityOfPage\":{\"@id\":\"https:\/\/www.notibras.com\/site\/policiais-da-15a-dp-prendem-traficantes\/\"},\"wordCount\":284,\"publisher\":{\"@id\":\"https:\/\/www.notibras.com\/site\/#organization\"},\"image\":{\"@id\":\"https:\/\/www.notibras.com\/site\/policiais-da-15a-dp-prendem-traficantes\/#primaryimage\"},\"thumbnailUrl\":\"https:\/\/www.notibras.com\/site\/wp-content\/uploads\/2026\/01\/WhatsApp-Image-2026-01-22-at-17.13.53.jpeg\",\"articleSection\":[\"Quadradinho em Foco\"],\"inLanguage\":\"pt-BR\"},{\"@type\":\"WebPage\",\"@id\":\"https:\/\/www.notibras.com\/site\/policiais-da-15a-dp-prendem-traficantes\/\",\"url\":\"https:\/\/www.notibras.com\/site\/policiais-da-15a-dp-prendem-traficantes\/\",\"name\":\"Policiais da 15\u00aa DP prendem traficantes - Notibras\",\"isPartOf\":{\"@id\":\"https:\/\/www.notibras.com\/site\/#website\"},\"primaryImageOfPage\":{\"@id\":\"https:\/\/www.notibras.com\/site\/policiais-da-15a-dp-prendem-traficantes\/#primaryimage\"},\"image\":{\"@id\":\"https:\/\/www.notibras.com\/site\/policiais-da-15a-dp-prendem-traficantes\/#primaryimage\"},\"thumbnailUrl\":\"https:\/\/www.notibras.com\/site\/wp-content\/uploads\/2026\/01\/WhatsApp-Image-2026-01-22-at-17.13.53.jpeg\",\"datePublished\":\"2026-01-22T20:53:53+00:00\",\"dateModified\":\"2026-01-22T21:55:00+00:00\",\"breadcrumb\":{\"@id\":\"https:\/\/www.notibras.com\/site\/policiais-da-15a-dp-prendem-traficantes\/#breadcrumb\"},\"inLanguage\":\"pt-BR\",\"potentialAction\":[{\"@type\":\"ReadAction\",\"target\":[\"https:\/\/www.notibras.com\/site\/policiais-da-15a-dp-prendem-traficantes\/\"]}]},{\"@type\":\"ImageObject\",\"inLanguage\":\"pt-BR\",\"@id\":\"https:\/\/www.notibras.com\/site\/policiais-da-15a-dp-prendem-traficantes\/#primaryimage\",\"url\":\"https:\/\/www.notibras.com\/site\/wp-content\/uploads\/2026\/01\/WhatsApp-Image-2026-01-22-at-17.13.53.jpeg\",\"contentUrl\":\"https:\/\/www.notibras.com\/site\/wp-content\/uploads\/2026\/01\/WhatsApp-Image-2026-01-22-at-17.13.53.jpeg\",\"width\":1600,\"height\":1200},{\"@type\":\"BreadcrumbList\",\"@id\":\"https:\/\/www.notibras.com\/site\/policiais-da-15a-dp-prendem-traficantes\/#breadcrumb\",\"itemListElement\":[{\"@type\":\"ListItem\",\"position\":1,\"name\":\"In\u00edcio\",\"item\":\"https:\/\/www.notibras.com\/site\/\"},{\"@type\":\"ListItem\",\"position\":2,\"name\":\"Policiais da 15\u00aa DP prendem traficantes\"}]},{\"@type\":\"WebSite\",\"@id\":\"https:\/\/www.notibras.com\/site\/#website\",\"url\":\"https:\/\/www.notibras.com\/site\/\",\"name\":\"Notibras\",\"description\":\"Not\u00edcias de Bras\u00edlia, do Brasil e do Mundo\",\"publisher\":{\"@id\":\"https:\/\/www.notibras.com\/site\/#organization\"},\"potentialAction\":[{\"@type\":\"SearchAction\",\"target\":{\"@type\":\"EntryPoint\",\"urlTemplate\":\"https:\/\/www.notibras.com\/site\/?s={search_term_string}\"},\"query-input\":{\"@type\":\"PropertyValueSpecification\",\"valueRequired\":true,\"valueName\":\"search_term_string\"}}],\"inLanguage\":\"pt-BR\"},{\"@type\":\"Organization\",\"@id\":\"https:\/\/www.notibras.com\/site\/#organization\",\"name\":\"Grupo Notibras de Comunica\u00e7\u00e3o\",\"url\":\"https:\/\/www.notibras.com\/site\/\",\"logo\":{\"@type\":\"ImageObject\",\"inLanguage\":\"pt-BR\",\"@id\":\"https:\/\/www.notibras.com\/site\/#\/schema\/logo\/image\/\",\"url\":\"https:\/\/www.notibras.com\/site\/wp-content\/uploads\/2023\/01\/notibras23.png\",\"contentUrl\":\"https:\/\/www.notibras.com\/site\/wp-content\/uploads\/2023\/01\/notibras23.png\",\"width\":350,\"height\":87,\"caption\":\"Grupo Notibras de Comunica\u00e7\u00e3o\"},\"image\":{\"@id\":\"https:\/\/www.notibras.com\/site\/#\/schema\/logo\/image\/\"},\"sameAs\":[\"https:\/\/www.facebook.com\/notibras\/\",\"https:\/\/x.com\/Notibras\",\"https:\/\/www.instagram.com\/notibras\/\"]},{\"@type\":\"Person\",\"@id\":\"https:\/\/www.notibras.com\/site\/#\/schema\/person\/5b7fabf2aedc3ada2105f03b22b4d3dd\",\"name\":\"Eduardo Mart\u00ednez\",\"image\":{\"@type\":\"ImageObject\",\"inLanguage\":\"pt-BR\",\"@id\":\"https:\/\/secure.gravatar.com\/avatar\/7902f906289926289cbcda644b5197c796b893c6ffd7b9a536a42d290f7704a0?s=96&d=mm&r=g\",\"url\":\"https:\/\/secure.gravatar.com\/avatar\/7902f906289926289cbcda644b5197c796b893c6ffd7b9a536a42d290f7704a0?s=96&d=mm&r=g\",\"contentUrl\":\"https:\/\/secure.gravatar.com\/avatar\/7902f906289926289cbcda644b5197c796b893c6ffd7b9a536a42d290f7704a0?s=96&d=mm&r=g\",\"caption\":\"Eduardo Mart\u00ednez\"}}]}<\/script>\n<!-- \/ Yoast SEO plugin. -->","yoast_head_json":{"title":"Policiais da 15\u00aa DP prendem traficantes - Notibras","robots":{"index":"index","follow":"follow","max-snippet":"max-snippet:-1","max-image-preview":"max-image-preview:large","max-video-preview":"max-video-preview:-1"},"canonical":"https:\/\/www.notibras.com\/site\/policiais-da-15a-dp-prendem-traficantes\/","og_locale":"pt_BR","og_type":"article","og_title":"Policiais da 15\u00aa DP prendem traficantes - Notibras","og_description":"A PCDF, atrav\u00e9s da 15\u00aa Delegacia de Pol\u00edcia, deflagrou a Opera\u00e7\u00e3o Zombie, que resultou na pris\u00e3o em flagrante de dois homens, ambos com 26 anos, pelos crimes de tr\u00e1fico de drogas e associa\u00e7\u00e3o para o tr\u00e1fico, em Samambaia\/DF. As investiga\u00e7\u00f5es revelaram que um dos presos havia montado uma loja virtual na rede social Instagram, utilizada [&hellip;]","og_url":"https:\/\/www.notibras.com\/site\/policiais-da-15a-dp-prendem-traficantes\/","og_site_name":"Notibras","article_publisher":"https:\/\/www.facebook.com\/notibras\/","article_published_time":"2026-01-22T20:53:53+00:00","article_modified_time":"2026-01-22T21:55:00+00:00","og_image":[{"width":1600,"height":1200,"url":"https:\/\/www.notibras.com\/site\/wp-content\/uploads\/2026\/01\/WhatsApp-Image-2026-01-22-at-17.13.53.jpeg","type":"image\/jpeg"}],"author":"Eduardo Mart\u00ednez","twitter_card":"summary_large_image","twitter_creator":"@Notibras","twitter_site":"@Notibras","twitter_misc":{"Escrito por":"Eduardo Mart\u00ednez","Est. tempo de leitura":"2 minutos"},"schema":{"@context":"https:\/\/schema.org","@graph":[{"@type":"Article","@id":"https:\/\/www.notibras.com\/site\/policiais-da-15a-dp-prendem-traficantes\/#article","isPartOf":{"@id":"https:\/\/www.notibras.com\/site\/policiais-da-15a-dp-prendem-traficantes\/"},"author":{"name":"Eduardo Mart\u00ednez","@id":"https:\/\/www.notibras.com\/site\/#\/schema\/person\/5b7fabf2aedc3ada2105f03b22b4d3dd"},"headline":"Policiais da 15\u00aa DP prendem traficantes","datePublished":"2026-01-22T20:53:53+00:00","dateModified":"2026-01-22T21:55:00+00:00","mainEntityOfPage":{"@id":"https:\/\/www.notibras.com\/site\/policiais-da-15a-dp-prendem-traficantes\/"},"wordCount":284,"publisher":{"@id":"https:\/\/www.notibras.com\/site\/#organization"},"image":{"@id":"https:\/\/www.notibras.com\/site\/policiais-da-15a-dp-prendem-traficantes\/#primaryimage"},"thumbnailUrl":"https:\/\/www.notibras.com\/site\/wp-content\/uploads\/2026\/01\/WhatsApp-Image-2026-01-22-at-17.13.53.jpeg","articleSection":["Quadradinho em Foco"],"inLanguage":"pt-BR"},{"@type":"WebPage","@id":"https:\/\/www.notibras.com\/site\/policiais-da-15a-dp-prendem-traficantes\/","url":"https:\/\/www.notibras.com\/site\/policiais-da-15a-dp-prendem-traficantes\/","name":"Policiais da 15\u00aa DP prendem traficantes - Notibras","isPartOf":{"@id":"https:\/\/www.notibras.com\/site\/#website"},"primaryImageOfPage":{"@id":"https:\/\/www.notibras.com\/site\/policiais-da-15a-dp-prendem-traficantes\/#primaryimage"},"image":{"@id":"https:\/\/www.notibras.com\/site\/policiais-da-15a-dp-prendem-traficantes\/#primaryimage"},"thumbnailUrl":"https:\/\/www.notibras.com\/site\/wp-content\/uploads\/2026\/01\/WhatsApp-Image-2026-01-22-at-17.13.53.jpeg","datePublished":"2026-01-22T20:53:53+00:00","dateModified":"2026-01-22T21:55:00+00:00","breadcrumb":{"@id":"https:\/\/www.notibras.com\/site\/policiais-da-15a-dp-prendem-traficantes\/#breadcrumb"},"inLanguage":"pt-BR","potentialAction":[{"@type":"ReadAction","target":["https:\/\/www.notibras.com\/site\/policiais-da-15a-dp-prendem-traficantes\/"]}]},{"@type":"ImageObject","inLanguage":"pt-BR","@id":"https:\/\/www.notibras.com\/site\/policiais-da-15a-dp-prendem-traficantes\/#primaryimage","url":"https:\/\/www.notibras.com\/site\/wp-content\/uploads\/2026\/01\/WhatsApp-Image-2026-01-22-at-17.13.53.jpeg","contentUrl":"https:\/\/www.notibras.com\/site\/wp-content\/uploads\/2026\/01\/WhatsApp-Image-2026-01-22-at-17.13.53.jpeg","width":1600,"height":1200},{"@type":"BreadcrumbList","@id":"https:\/\/www.notibras.com\/site\/policiais-da-15a-dp-prendem-traficantes\/#breadcrumb","itemListElement":[{"@type":"ListItem","position":1,"name":"In\u00edcio","item":"https:\/\/www.notibras.com\/site\/"},{"@type":"ListItem","position":2,"name":"Policiais da 15\u00aa DP prendem traficantes"}]},{"@type":"WebSite","@id":"https:\/\/www.notibras.com\/site\/#website","url":"https:\/\/www.notibras.com\/site\/","name":"Notibras","description":"Not\u00edcias de Bras\u00edlia, do Brasil e do Mundo","publisher":{"@id":"https:\/\/www.notibras.com\/site\/#organization"},"potentialAction":[{"@type":"SearchAction","target":{"@type":"EntryPoint","urlTemplate":"https:\/\/www.notibras.com\/site\/?s={search_term_string}"},"query-input":{"@type":"PropertyValueSpecification","valueRequired":true,"valueName":"search_term_string"}}],"inLanguage":"pt-BR"},{"@type":"Organization","@id":"https:\/\/www.notibras.com\/site\/#organization","name":"Grupo Notibras de Comunica\u00e7\u00e3o","url":"https:\/\/www.notibras.com\/site\/","logo":{"@type":"ImageObject","inLanguage":"pt-BR","@id":"https:\/\/www.notibras.com\/site\/#\/schema\/logo\/image\/","url":"https:\/\/www.notibras.com\/site\/wp-content\/uploads\/2023\/01\/notibras23.png","contentUrl":"https:\/\/www.notibras.com\/site\/wp-content\/uploads\/2023\/01\/notibras23.png","width":350,"height":87,"caption":"Grupo Notibras de Comunica\u00e7\u00e3o"},"image":{"@id":"https:\/\/www.notibras.com\/site\/#\/schema\/logo\/image\/"},"sameAs":["https:\/\/www.facebook.com\/notibras\/","https:\/\/x.com\/Notibras","https:\/\/www.instagram.com\/notibras\/"]},{"@type":"Person","@id":"https:\/\/www.notibras.com\/site\/#\/schema\/person\/5b7fabf2aedc3ada2105f03b22b4d3dd","name":"Eduardo Mart\u00ednez","image":{"@type":"ImageObject","inLanguage":"pt-BR","@id":"https:\/\/secure.gravatar.com\/avatar\/7902f906289926289cbcda644b5197c796b893c6ffd7b9a536a42d290f7704a0?s=96&d=mm&r=g","url":"https:\/\/secure.gravatar.com\/avatar\/7902f906289926289cbcda644b5197c796b893c6ffd7b9a536a42d290f7704a0?s=96&d=mm&r=g","contentUrl":"https:\/\/secure.gravatar.com\/avatar\/7902f906289926289cbcda644b5197c796b893c6ffd7b9a536a42d290f7704a0?s=96&d=mm&r=g","caption":"Eduardo Mart\u00ednez"}}]}},"amp_enabled":true,"_links":{"self":[{"href":"https:\/\/www.notibras.com\/site\/wp-json\/wp\/v2\/posts\/380107","targetHints":{"allow":["GET"]}}],"collection":[{"href":"https:\/\/www.notibras.com\/site\/wp-json\/wp\/v2\/posts"}],"about":[{"href":"https:\/\/www.notibras.com\/site\/wp-json\/wp\/v2\/types\/post"}],"author":[{"embeddable":true,"href":"https:\/\/www.notibras.com\/site\/wp-json\/wp\/v2\/users\/21"}],"replies":[{"embeddable":true,"href":"https:\/\/www.notibras.com\/site\/wp-json\/wp\/v2\/comments?post=380107"}],"version-history":[{"count":3,"href":"https:\/\/www.notibras.com\/site\/wp-json\/wp\/v2\/posts\/380107\/revisions"}],"predecessor-version":[{"id":380112,"href":"https:\/\/www.notibras.com\/site\/wp-json\/wp\/v2\/posts\/380107\/revisions\/380112"}],"wp:featuredmedia":[{"embeddable":true,"href":"https:\/\/www.notibras.com\/site\/wp-json\/wp\/v2\/media\/380111"}],"wp:attachment":[{"href":"https:\/\/www.notibras.com\/site\/wp-json\/wp\/v2\/media?parent=380107"}],"wp:term":[{"taxonomy":"category","embeddable":true,"href":"https:\/\/www.notibras.com\/site\/wp-json\/wp\/v2\/categories?post=380107"},{"taxonomy":"post_tag","embeddable":true,"href":"https:\/\/www.notibras.com\/site\/wp-json\/wp\/v2\/tags?post=380107"}],"curies":[{"name":"wp","href":"https:\/\/api.w.org\/{rel}","templated":true}]}}