{"id":380113,"date":"2026-01-23T00:30:29","date_gmt":"2026-01-23T03:30:29","guid":{"rendered":"https:\/\/www.notibras.com\/site\/?p=380113"},"modified":"2026-01-22T20:41:58","modified_gmt":"2026-01-22T23:41:58","slug":"defesa-de-investigada-pede-prisao-domiciliar-e-cita-filha-de-9-anos","status":"publish","type":"post","link":"https:\/\/www.notibras.com\/site\/defesa-de-investigada-pede-prisao-domiciliar-e-cita-filha-de-9-anos\/","title":{"rendered":"Defesa de investigada pede pris\u00e3o domiciliar e cita filha de 9 anos"},"content":{"rendered":"<p>A defesa da t\u00e9cnica de enfermagem Amanda Rodrigues de Sousa pediu \u00e0 Justi\u00e7a do Distrito Federal que ela seja transferida para a pris\u00e3o domiciliar durante as investiga\u00e7\u00f5es da Pol\u00edcia Civil. Amanda \u00e9 m\u00e3e de uma crian\u00e7a de 9 anos e alega que precisa cuidar dela.<\/p>\n<p>Amanda, Marcos Vin\u00edcius Silva Barbosa de Ara\u00fajo e Marcela Camilly Alves da Silva est\u00e3o presos temporariamente e s\u00e3o investigados por homic\u00eddio. A pol\u00edcia acredita que Marcos Vin\u00edcius injetou doses altas de um medicamento nos pacientes, usando-o como um veneno.<\/p>\n<p><strong>As v\u00edtimas<\/strong><\/p>\n<p>&#8211; Miranilde Pereira da Silva, 75 anos, professora aposentada<br \/>\n&#8211; Jo\u00e3o Clemente Pereira, 63 anos, servidor p\u00fablico<br \/>\n&#8211; Marcos Raymundo Fernandes Moreira, 33 anos, servidor p\u00fablico<\/p>\n<p><strong>A investiga\u00e7\u00e3o<\/strong><\/p>\n<p>A Pol\u00edcia Civil do Distrito Federal est\u00e1 investigando os casos e pode analisar o prontu\u00e1rio m\u00e9dico e os exames de sangue que foram feitos pelo hospital \u00e0 \u00e9poca, nos dias que antecederam os \u00f3bitos. Dois m\u00e9dicos intensivistas da UTI do Hospital Anchieta prestaram depoimentos \u00e0 Pol\u00edcia Civil sobre as senhas terem sido usadas pelos t\u00e9cnicos de enfermagem suspeitos.<\/p>\n<p><strong>O crime<\/strong><\/p>\n<p>A pol\u00edcia acredita que Marcos Vin\u00edcius injetou doses altas de um medicamento nos pacientes, usando-o como um veneno. Em uma das v\u00edtimas, ele tamb\u00e9m injetou desinfetante na veia. J\u00e1 as duas t\u00e9cnicas investigadas s\u00e3o acusadas de participar dos crimes &#8220;dando cobertura&#8221; ao outro t\u00e9cnico.<\/p>\n<p><strong>Novos casos em investiga\u00e7\u00e3o<\/strong><\/p>\n<p>A Pol\u00edcia Civil do Distrito Federal passou a investigar se outros dois pacientes do Hospital Anchieta, em Taguatinga, tamb\u00e9m podem ter sido assassinados por t\u00e9cnicos de enfermagem da institui\u00e7\u00e3o. As den\u00fancias vieram de familiares que dizem ter reconhecido, nas reportagens sobre o caso, o t\u00e9cnico de enfermagem Marcos Vin\u00edcius Silva Barbosa de Ara\u00fajo.<\/p>\n<p><strong>Depoimentos<\/strong><\/p>\n<p>Dois m\u00e9dicos intensivistas da UTI do Hospital Anchieta prestaram depoimentos \u00e0 Pol\u00edcia Civil sobre as senhas terem sido usadas pelos t\u00e9cnicos de enfermagem suspeitos. A pol\u00edcia investiga se houve neglig\u00eancia de algum profissional, j\u00e1 que a retirada de rem\u00e9dios desse tipo da farm\u00e1cia do hospital deve ser acompanha por m\u00e9dicos da ala.<\/p>\n<p>A defesa de Marcos Vin\u00edcius Silva Barbosa de Ara\u00fajo afirmou que as informa\u00e7\u00f5es divulgadas at\u00e9 agora podem estar formando um \u201cju\u00edzo p\u00fablico equivocado\u201d sobre o t\u00e9cnico de enfermagem. A decis\u00e3o sobre a pris\u00e3o domiciliar de Amanda cabe \u00e0 Justi\u00e7a do Distrito Federal.<\/p>\n","protected":false},"excerpt":{"rendered":"<p>A defesa da t\u00e9cnica de enfermagem Amanda Rodrigues de Sousa pediu \u00e0 Justi\u00e7a do Distrito Federal que ela seja transferida para a pris\u00e3o domiciliar durante as investiga\u00e7\u00f5es da Pol\u00edcia Civil. Amanda \u00e9 m\u00e3e de uma crian\u00e7a de 9 anos e alega que precisa cuidar dela. Amanda, Marcos Vin\u00edcius Silva Barbosa de Ara\u00fajo e Marcela Camilly [&hellip;]<\/p>\n","protected":false},"author":21,"featured_media":380115,"comment_status":"closed","ping_status":"closed","sticky":false,"template":"","format":"standard","meta":{"_acf_changed":false,"footnotes":""},"categories":[161],"tags":[],"class_list":["post-380113","post","type-post","status-publish","format-standard","has-post-thumbnail","hentry","category-quadradinho-em-foco"],"acf":[],"yoast_head":"<!-- This site is optimized with the Yoast SEO plugin v27.2 - https:\/\/yoast.com\/product\/yoast-seo-wordpress\/ -->\n<title>Defesa de investigada pede pris\u00e3o domiciliar e cita filha de 9 anos - Notibras<\/title>\n<meta name=\"robots\" content=\"index, follow, max-snippet:-1, max-image-preview:large, max-video-preview:-1\" \/>\n<link rel=\"canonical\" href=\"https:\/\/www.notibras.com\/site\/defesa-de-investigada-pede-prisao-domiciliar-e-cita-filha-de-9-anos\/\" \/>\n<meta property=\"og:locale\" content=\"pt_BR\" \/>\n<meta property=\"og:type\" content=\"article\" \/>\n<meta property=\"og:title\" content=\"Defesa de investigada pede pris\u00e3o domiciliar e cita filha de 9 anos - Notibras\" \/>\n<meta property=\"og:description\" content=\"A defesa da t\u00e9cnica de enfermagem Amanda Rodrigues de Sousa pediu \u00e0 Justi\u00e7a do Distrito Federal que ela seja transferida para a pris\u00e3o domiciliar durante as investiga\u00e7\u00f5es da Pol\u00edcia Civil. Amanda \u00e9 m\u00e3e de uma crian\u00e7a de 9 anos e alega que precisa cuidar dela. Amanda, Marcos Vin\u00edcius Silva Barbosa de Ara\u00fajo e Marcela Camilly [&hellip;]\" \/>\n<meta property=\"og:url\" content=\"https:\/\/www.notibras.com\/site\/defesa-de-investigada-pede-prisao-domiciliar-e-cita-filha-de-9-anos\/\" \/>\n<meta property=\"og:site_name\" content=\"Notibras\" \/>\n<meta property=\"article:publisher\" content=\"https:\/\/www.facebook.com\/notibras\/\" \/>\n<meta property=\"article:published_time\" content=\"2026-01-23T03:30:29+00:00\" \/>\n<meta property=\"og:image\" content=\"https:\/\/www.notibras.com\/site\/wp-content\/uploads\/2026\/01\/Reproducao_RedesSociais.webp\" \/>\n\t<meta property=\"og:image:width\" content=\"665\" \/>\n\t<meta property=\"og:image:height\" content=\"327\" \/>\n\t<meta property=\"og:image:type\" content=\"image\/webp\" \/>\n<meta name=\"author\" content=\"Eduardo Mart\u00ednez\" \/>\n<meta name=\"twitter:card\" content=\"summary_large_image\" \/>\n<meta name=\"twitter:creator\" content=\"@Notibras\" \/>\n<meta name=\"twitter:site\" content=\"@Notibras\" \/>\n<meta name=\"twitter:label1\" content=\"Escrito por\" \/>\n\t<meta name=\"twitter:data1\" content=\"Eduardo Mart\u00ednez\" \/>\n\t<meta name=\"twitter:label2\" content=\"Est. tempo de leitura\" \/>\n\t<meta name=\"twitter:data2\" content=\"3 minutos\" \/>\n<script type=\"application\/ld+json\" class=\"yoast-schema-graph\">{\"@context\":\"https:\/\/schema.org\",\"@graph\":[{\"@type\":\"Article\",\"@id\":\"https:\/\/www.notibras.com\/site\/defesa-de-investigada-pede-prisao-domiciliar-e-cita-filha-de-9-anos\/#article\",\"isPartOf\":{\"@id\":\"https:\/\/www.notibras.com\/site\/defesa-de-investigada-pede-prisao-domiciliar-e-cita-filha-de-9-anos\/\"},\"author\":{\"name\":\"Eduardo Mart\u00ednez\",\"@id\":\"https:\/\/www.notibras.com\/site\/#\/schema\/person\/5b7fabf2aedc3ada2105f03b22b4d3dd\"},\"headline\":\"Defesa de investigada pede pris\u00e3o domiciliar e cita filha de 9 anos\",\"datePublished\":\"2026-01-23T03:30:29+00:00\",\"mainEntityOfPage\":{\"@id\":\"https:\/\/www.notibras.com\/site\/defesa-de-investigada-pede-prisao-domiciliar-e-cita-filha-de-9-anos\/\"},\"wordCount\":430,\"publisher\":{\"@id\":\"https:\/\/www.notibras.com\/site\/#organization\"},\"image\":{\"@id\":\"https:\/\/www.notibras.com\/site\/defesa-de-investigada-pede-prisao-domiciliar-e-cita-filha-de-9-anos\/#primaryimage\"},\"thumbnailUrl\":\"https:\/\/www.notibras.com\/site\/wp-content\/uploads\/2026\/01\/Reproducao_RedesSociais.webp\",\"articleSection\":[\"Quadradinho em Foco\"],\"inLanguage\":\"pt-BR\"},{\"@type\":\"WebPage\",\"@id\":\"https:\/\/www.notibras.com\/site\/defesa-de-investigada-pede-prisao-domiciliar-e-cita-filha-de-9-anos\/\",\"url\":\"https:\/\/www.notibras.com\/site\/defesa-de-investigada-pede-prisao-domiciliar-e-cita-filha-de-9-anos\/\",\"name\":\"Defesa de investigada pede pris\u00e3o domiciliar e cita filha de 9 anos - Notibras\",\"isPartOf\":{\"@id\":\"https:\/\/www.notibras.com\/site\/#website\"},\"primaryImageOfPage\":{\"@id\":\"https:\/\/www.notibras.com\/site\/defesa-de-investigada-pede-prisao-domiciliar-e-cita-filha-de-9-anos\/#primaryimage\"},\"image\":{\"@id\":\"https:\/\/www.notibras.com\/site\/defesa-de-investigada-pede-prisao-domiciliar-e-cita-filha-de-9-anos\/#primaryimage\"},\"thumbnailUrl\":\"https:\/\/www.notibras.com\/site\/wp-content\/uploads\/2026\/01\/Reproducao_RedesSociais.webp\",\"datePublished\":\"2026-01-23T03:30:29+00:00\",\"breadcrumb\":{\"@id\":\"https:\/\/www.notibras.com\/site\/defesa-de-investigada-pede-prisao-domiciliar-e-cita-filha-de-9-anos\/#breadcrumb\"},\"inLanguage\":\"pt-BR\",\"potentialAction\":[{\"@type\":\"ReadAction\",\"target\":[\"https:\/\/www.notibras.com\/site\/defesa-de-investigada-pede-prisao-domiciliar-e-cita-filha-de-9-anos\/\"]}]},{\"@type\":\"ImageObject\",\"inLanguage\":\"pt-BR\",\"@id\":\"https:\/\/www.notibras.com\/site\/defesa-de-investigada-pede-prisao-domiciliar-e-cita-filha-de-9-anos\/#primaryimage\",\"url\":\"https:\/\/www.notibras.com\/site\/wp-content\/uploads\/2026\/01\/Reproducao_RedesSociais.webp\",\"contentUrl\":\"https:\/\/www.notibras.com\/site\/wp-content\/uploads\/2026\/01\/Reproducao_RedesSociais.webp\",\"width\":665,\"height\":327},{\"@type\":\"BreadcrumbList\",\"@id\":\"https:\/\/www.notibras.com\/site\/defesa-de-investigada-pede-prisao-domiciliar-e-cita-filha-de-9-anos\/#breadcrumb\",\"itemListElement\":[{\"@type\":\"ListItem\",\"position\":1,\"name\":\"In\u00edcio\",\"item\":\"https:\/\/www.notibras.com\/site\/\"},{\"@type\":\"ListItem\",\"position\":2,\"name\":\"Defesa de investigada pede pris\u00e3o domiciliar e cita filha de 9 anos\"}]},{\"@type\":\"WebSite\",\"@id\":\"https:\/\/www.notibras.com\/site\/#website\",\"url\":\"https:\/\/www.notibras.com\/site\/\",\"name\":\"Notibras\",\"description\":\"Not\u00edcias de Bras\u00edlia, do Brasil e do Mundo\",\"publisher\":{\"@id\":\"https:\/\/www.notibras.com\/site\/#organization\"},\"potentialAction\":[{\"@type\":\"SearchAction\",\"target\":{\"@type\":\"EntryPoint\",\"urlTemplate\":\"https:\/\/www.notibras.com\/site\/?s={search_term_string}\"},\"query-input\":{\"@type\":\"PropertyValueSpecification\",\"valueRequired\":true,\"valueName\":\"search_term_string\"}}],\"inLanguage\":\"pt-BR\"},{\"@type\":\"Organization\",\"@id\":\"https:\/\/www.notibras.com\/site\/#organization\",\"name\":\"Grupo Notibras de Comunica\u00e7\u00e3o\",\"url\":\"https:\/\/www.notibras.com\/site\/\",\"logo\":{\"@type\":\"ImageObject\",\"inLanguage\":\"pt-BR\",\"@id\":\"https:\/\/www.notibras.com\/site\/#\/schema\/logo\/image\/\",\"url\":\"https:\/\/www.notibras.com\/site\/wp-content\/uploads\/2023\/01\/notibras23.png\",\"contentUrl\":\"https:\/\/www.notibras.com\/site\/wp-content\/uploads\/2023\/01\/notibras23.png\",\"width\":350,\"height\":87,\"caption\":\"Grupo Notibras de Comunica\u00e7\u00e3o\"},\"image\":{\"@id\":\"https:\/\/www.notibras.com\/site\/#\/schema\/logo\/image\/\"},\"sameAs\":[\"https:\/\/www.facebook.com\/notibras\/\",\"https:\/\/x.com\/Notibras\",\"https:\/\/www.instagram.com\/notibras\/\"]},{\"@type\":\"Person\",\"@id\":\"https:\/\/www.notibras.com\/site\/#\/schema\/person\/5b7fabf2aedc3ada2105f03b22b4d3dd\",\"name\":\"Eduardo Mart\u00ednez\",\"image\":{\"@type\":\"ImageObject\",\"inLanguage\":\"pt-BR\",\"@id\":\"https:\/\/secure.gravatar.com\/avatar\/7902f906289926289cbcda644b5197c796b893c6ffd7b9a536a42d290f7704a0?s=96&d=mm&r=g\",\"url\":\"https:\/\/secure.gravatar.com\/avatar\/7902f906289926289cbcda644b5197c796b893c6ffd7b9a536a42d290f7704a0?s=96&d=mm&r=g\",\"contentUrl\":\"https:\/\/secure.gravatar.com\/avatar\/7902f906289926289cbcda644b5197c796b893c6ffd7b9a536a42d290f7704a0?s=96&d=mm&r=g\",\"caption\":\"Eduardo Mart\u00ednez\"}}]}<\/script>\n<!-- \/ Yoast SEO plugin. -->","yoast_head_json":{"title":"Defesa de investigada pede pris\u00e3o domiciliar e cita filha de 9 anos - Notibras","robots":{"index":"index","follow":"follow","max-snippet":"max-snippet:-1","max-image-preview":"max-image-preview:large","max-video-preview":"max-video-preview:-1"},"canonical":"https:\/\/www.notibras.com\/site\/defesa-de-investigada-pede-prisao-domiciliar-e-cita-filha-de-9-anos\/","og_locale":"pt_BR","og_type":"article","og_title":"Defesa de investigada pede pris\u00e3o domiciliar e cita filha de 9 anos - Notibras","og_description":"A defesa da t\u00e9cnica de enfermagem Amanda Rodrigues de Sousa pediu \u00e0 Justi\u00e7a do Distrito Federal que ela seja transferida para a pris\u00e3o domiciliar durante as investiga\u00e7\u00f5es da Pol\u00edcia Civil. Amanda \u00e9 m\u00e3e de uma crian\u00e7a de 9 anos e alega que precisa cuidar dela. Amanda, Marcos Vin\u00edcius Silva Barbosa de Ara\u00fajo e Marcela Camilly [&hellip;]","og_url":"https:\/\/www.notibras.com\/site\/defesa-de-investigada-pede-prisao-domiciliar-e-cita-filha-de-9-anos\/","og_site_name":"Notibras","article_publisher":"https:\/\/www.facebook.com\/notibras\/","article_published_time":"2026-01-23T03:30:29+00:00","og_image":[{"width":665,"height":327,"url":"https:\/\/www.notibras.com\/site\/wp-content\/uploads\/2026\/01\/Reproducao_RedesSociais.webp","type":"image\/webp"}],"author":"Eduardo Mart\u00ednez","twitter_card":"summary_large_image","twitter_creator":"@Notibras","twitter_site":"@Notibras","twitter_misc":{"Escrito por":"Eduardo Mart\u00ednez","Est. tempo de leitura":"3 minutos"},"schema":{"@context":"https:\/\/schema.org","@graph":[{"@type":"Article","@id":"https:\/\/www.notibras.com\/site\/defesa-de-investigada-pede-prisao-domiciliar-e-cita-filha-de-9-anos\/#article","isPartOf":{"@id":"https:\/\/www.notibras.com\/site\/defesa-de-investigada-pede-prisao-domiciliar-e-cita-filha-de-9-anos\/"},"author":{"name":"Eduardo Mart\u00ednez","@id":"https:\/\/www.notibras.com\/site\/#\/schema\/person\/5b7fabf2aedc3ada2105f03b22b4d3dd"},"headline":"Defesa de investigada pede pris\u00e3o domiciliar e cita filha de 9 anos","datePublished":"2026-01-23T03:30:29+00:00","mainEntityOfPage":{"@id":"https:\/\/www.notibras.com\/site\/defesa-de-investigada-pede-prisao-domiciliar-e-cita-filha-de-9-anos\/"},"wordCount":430,"publisher":{"@id":"https:\/\/www.notibras.com\/site\/#organization"},"image":{"@id":"https:\/\/www.notibras.com\/site\/defesa-de-investigada-pede-prisao-domiciliar-e-cita-filha-de-9-anos\/#primaryimage"},"thumbnailUrl":"https:\/\/www.notibras.com\/site\/wp-content\/uploads\/2026\/01\/Reproducao_RedesSociais.webp","articleSection":["Quadradinho em Foco"],"inLanguage":"pt-BR"},{"@type":"WebPage","@id":"https:\/\/www.notibras.com\/site\/defesa-de-investigada-pede-prisao-domiciliar-e-cita-filha-de-9-anos\/","url":"https:\/\/www.notibras.com\/site\/defesa-de-investigada-pede-prisao-domiciliar-e-cita-filha-de-9-anos\/","name":"Defesa de investigada pede pris\u00e3o domiciliar e cita filha de 9 anos - Notibras","isPartOf":{"@id":"https:\/\/www.notibras.com\/site\/#website"},"primaryImageOfPage":{"@id":"https:\/\/www.notibras.com\/site\/defesa-de-investigada-pede-prisao-domiciliar-e-cita-filha-de-9-anos\/#primaryimage"},"image":{"@id":"https:\/\/www.notibras.com\/site\/defesa-de-investigada-pede-prisao-domiciliar-e-cita-filha-de-9-anos\/#primaryimage"},"thumbnailUrl":"https:\/\/www.notibras.com\/site\/wp-content\/uploads\/2026\/01\/Reproducao_RedesSociais.webp","datePublished":"2026-01-23T03:30:29+00:00","breadcrumb":{"@id":"https:\/\/www.notibras.com\/site\/defesa-de-investigada-pede-prisao-domiciliar-e-cita-filha-de-9-anos\/#breadcrumb"},"inLanguage":"pt-BR","potentialAction":[{"@type":"ReadAction","target":["https:\/\/www.notibras.com\/site\/defesa-de-investigada-pede-prisao-domiciliar-e-cita-filha-de-9-anos\/"]}]},{"@type":"ImageObject","inLanguage":"pt-BR","@id":"https:\/\/www.notibras.com\/site\/defesa-de-investigada-pede-prisao-domiciliar-e-cita-filha-de-9-anos\/#primaryimage","url":"https:\/\/www.notibras.com\/site\/wp-content\/uploads\/2026\/01\/Reproducao_RedesSociais.webp","contentUrl":"https:\/\/www.notibras.com\/site\/wp-content\/uploads\/2026\/01\/Reproducao_RedesSociais.webp","width":665,"height":327},{"@type":"BreadcrumbList","@id":"https:\/\/www.notibras.com\/site\/defesa-de-investigada-pede-prisao-domiciliar-e-cita-filha-de-9-anos\/#breadcrumb","itemListElement":[{"@type":"ListItem","position":1,"name":"In\u00edcio","item":"https:\/\/www.notibras.com\/site\/"},{"@type":"ListItem","position":2,"name":"Defesa de investigada pede pris\u00e3o domiciliar e cita filha de 9 anos"}]},{"@type":"WebSite","@id":"https:\/\/www.notibras.com\/site\/#website","url":"https:\/\/www.notibras.com\/site\/","name":"Notibras","description":"Not\u00edcias de Bras\u00edlia, do Brasil e do Mundo","publisher":{"@id":"https:\/\/www.notibras.com\/site\/#organization"},"potentialAction":[{"@type":"SearchAction","target":{"@type":"EntryPoint","urlTemplate":"https:\/\/www.notibras.com\/site\/?s={search_term_string}"},"query-input":{"@type":"PropertyValueSpecification","valueRequired":true,"valueName":"search_term_string"}}],"inLanguage":"pt-BR"},{"@type":"Organization","@id":"https:\/\/www.notibras.com\/site\/#organization","name":"Grupo Notibras de Comunica\u00e7\u00e3o","url":"https:\/\/www.notibras.com\/site\/","logo":{"@type":"ImageObject","inLanguage":"pt-BR","@id":"https:\/\/www.notibras.com\/site\/#\/schema\/logo\/image\/","url":"https:\/\/www.notibras.com\/site\/wp-content\/uploads\/2023\/01\/notibras23.png","contentUrl":"https:\/\/www.notibras.com\/site\/wp-content\/uploads\/2023\/01\/notibras23.png","width":350,"height":87,"caption":"Grupo Notibras de Comunica\u00e7\u00e3o"},"image":{"@id":"https:\/\/www.notibras.com\/site\/#\/schema\/logo\/image\/"},"sameAs":["https:\/\/www.facebook.com\/notibras\/","https:\/\/x.com\/Notibras","https:\/\/www.instagram.com\/notibras\/"]},{"@type":"Person","@id":"https:\/\/www.notibras.com\/site\/#\/schema\/person\/5b7fabf2aedc3ada2105f03b22b4d3dd","name":"Eduardo Mart\u00ednez","image":{"@type":"ImageObject","inLanguage":"pt-BR","@id":"https:\/\/secure.gravatar.com\/avatar\/7902f906289926289cbcda644b5197c796b893c6ffd7b9a536a42d290f7704a0?s=96&d=mm&r=g","url":"https:\/\/secure.gravatar.com\/avatar\/7902f906289926289cbcda644b5197c796b893c6ffd7b9a536a42d290f7704a0?s=96&d=mm&r=g","contentUrl":"https:\/\/secure.gravatar.com\/avatar\/7902f906289926289cbcda644b5197c796b893c6ffd7b9a536a42d290f7704a0?s=96&d=mm&r=g","caption":"Eduardo Mart\u00ednez"}}]}},"amp_enabled":true,"_links":{"self":[{"href":"https:\/\/www.notibras.com\/site\/wp-json\/wp\/v2\/posts\/380113","targetHints":{"allow":["GET"]}}],"collection":[{"href":"https:\/\/www.notibras.com\/site\/wp-json\/wp\/v2\/posts"}],"about":[{"href":"https:\/\/www.notibras.com\/site\/wp-json\/wp\/v2\/types\/post"}],"author":[{"embeddable":true,"href":"https:\/\/www.notibras.com\/site\/wp-json\/wp\/v2\/users\/21"}],"replies":[{"embeddable":true,"href":"https:\/\/www.notibras.com\/site\/wp-json\/wp\/v2\/comments?post=380113"}],"version-history":[{"count":4,"href":"https:\/\/www.notibras.com\/site\/wp-json\/wp\/v2\/posts\/380113\/revisions"}],"predecessor-version":[{"id":380117,"href":"https:\/\/www.notibras.com\/site\/wp-json\/wp\/v2\/posts\/380113\/revisions\/380117"}],"wp:featuredmedia":[{"embeddable":true,"href":"https:\/\/www.notibras.com\/site\/wp-json\/wp\/v2\/media\/380115"}],"wp:attachment":[{"href":"https:\/\/www.notibras.com\/site\/wp-json\/wp\/v2\/media?parent=380113"}],"wp:term":[{"taxonomy":"category","embeddable":true,"href":"https:\/\/www.notibras.com\/site\/wp-json\/wp\/v2\/categories?post=380113"},{"taxonomy":"post_tag","embeddable":true,"href":"https:\/\/www.notibras.com\/site\/wp-json\/wp\/v2\/tags?post=380113"}],"curies":[{"name":"wp","href":"https:\/\/api.w.org\/{rel}","templated":true}]}}