{"id":380126,"date":"2026-01-23T00:45:43","date_gmt":"2026-01-23T03:45:43","guid":{"rendered":"https:\/\/www.notibras.com\/site\/?p=380126"},"modified":"2026-01-22T21:40:00","modified_gmt":"2026-01-23T00:40:00","slug":"referencia-em-tratamento-com-imunoterapia","status":"publish","type":"post","link":"https:\/\/www.notibras.com\/site\/referencia-em-tratamento-com-imunoterapia\/","title":{"rendered":"Refer\u00eancia em tratamento com imunoterapia"},"content":{"rendered":"<p>Desde a inf\u00e2ncia, a estudante P\u00e2mela Kauane, de 19 anos, convivia com crises al\u00e9rgicas intensas que afetavam diretamente sua rotina. \u201cMinha alergia atacava muito, com coceiras e placas vermelhas pelo corpo. Tinha dias em que eu n\u00e3o conseguia dormir de tanto que co\u00e7ava. \u00c0s vezes, bastava um vento para tudo piorar\u201d, relembra. O cen\u00e1rio come\u00e7ou a mudar ap\u00f3s o in\u00edcio do tratamento de imunoterapia no Hospital de Base do Distrito Federal (HBDF), administrado pelo Instituto de Gest\u00e3o Estrat\u00e9gica de Sa\u00fade do Distrito Federal (IgesDF).<\/p>\n<p>\u201cA vacina ajudou bastante, inclusive a diminuir os rem\u00e9dios que eu precisava tomar. Minha alergia era t\u00e3o forte que chegava a obstruir meu nariz, dificultando a respira\u00e7\u00e3o. Hoje, al\u00e9m do controle das crises, sinto uma melhora significativa no meu bem-estar\u201d, relata a jovem.<\/p>\n<p>P\u00e2mela integra o grupo de aproximadamente mil pacientes que recebem mensalmente o tratamento no HBDF. A imunoterapia \u00e9 indicada principalmente para pessoas com quadros al\u00e9rgicos graves causados por \u00e1caros e que n\u00e3o apresentam boa resposta ao uso cont\u00ednuo de medicamentos. O m\u00e9todo atua na dessensibiliza\u00e7\u00e3o do sistema imunol\u00f3gico, permitindo que o organismo tolere melhor o contato di\u00e1rio com os agentes alerg\u00eanicos, reduzindo sintomas como crises de rinite.<\/p>\n<p><strong>Como funciona a imunoterapia<\/strong><\/p>\n<p>O servi\u00e7o \u00e9 destinado a pacientes com idade entre 4 e 60 anos. O encaminhamento para atendimento no Hospital de Base pode ser realizado por qualquer alergista da rede p\u00fablica de sa\u00fade. Assim que o paciente d\u00e1 entrada na unidade, a imunoterapia pode ser iniciada. Atualmente, n\u00e3o h\u00e1 fila de espera para a aplica\u00e7\u00e3o das vacinas.<\/p>\n<p>De acordo com o chefe do Servi\u00e7o de Alergia, Thales Antunes, a imunoterapia tamb\u00e9m pode trazer benef\u00edcios a pacientes com asma grave e outras alergias respirat\u00f3rias associadas \u00e0 sensibilidade a \u00e1caros. \u201c\u00c9 importante destacar que o tratamento n\u00e3o representa uma cura definitiva, mas proporciona um controle mais eficaz da doen\u00e7a. Durante o uso das vacinas, muitos pacientes apresentam redu\u00e7\u00e3o significativa ou at\u00e9 desaparecimento dos sintomas\u201d, explica.<\/p>\n<p>Os resultados, segundo o especialista, variam de acordo com cada organismo, mas a maioria dos pacientes apresenta melhora cl\u00ednica relevante. O tratamento come\u00e7a com uma fase de indu\u00e7\u00e3o, com aplica\u00e7\u00f5es semanais durante cerca de tr\u00eas meses. Ap\u00f3s esse per\u00edodo, as doses passam a ser mensais, com dura\u00e7\u00e3o total que pode variar de tr\u00eas a cinco anos.<\/p>\n<p>\u201cEsse tempo prolongado \u00e9 fundamental para que o organismo desenvolva toler\u00e2ncia. Assim, quando o tratamento \u00e9 encerrado, a expectativa \u00e9 que, mesmo sem a vacina, o contato com o \u00e1caro cause impactos muito menores na sa\u00fade respirat\u00f3ria do paciente\u201d, completa o m\u00e9dico.<\/p>\n","protected":false},"excerpt":{"rendered":"<p>Desde a inf\u00e2ncia, a estudante P\u00e2mela Kauane, de 19 anos, convivia com crises al\u00e9rgicas intensas que afetavam diretamente sua rotina. \u201cMinha alergia atacava muito, com coceiras e placas vermelhas pelo corpo. Tinha dias em que eu n\u00e3o conseguia dormir de tanto que co\u00e7ava. \u00c0s vezes, bastava um vento para tudo piorar\u201d, relembra. O cen\u00e1rio come\u00e7ou [&hellip;]<\/p>\n","protected":false},"author":21,"featured_media":380127,"comment_status":"closed","ping_status":"closed","sticky":false,"template":"","format":"standard","meta":{"_acf_changed":false,"footnotes":""},"categories":[161],"tags":[],"class_list":["post-380126","post","type-post","status-publish","format-standard","has-post-thumbnail","hentry","category-quadradinho-em-foco"],"acf":[],"yoast_head":"<!-- This site is optimized with the Yoast SEO plugin v27.2 - https:\/\/yoast.com\/product\/yoast-seo-wordpress\/ -->\n<title>Refer\u00eancia em tratamento com imunoterapia - Notibras<\/title>\n<meta name=\"robots\" content=\"index, follow, max-snippet:-1, max-image-preview:large, max-video-preview:-1\" \/>\n<link rel=\"canonical\" href=\"https:\/\/www.notibras.com\/site\/referencia-em-tratamento-com-imunoterapia\/\" \/>\n<meta property=\"og:locale\" content=\"pt_BR\" \/>\n<meta property=\"og:type\" content=\"article\" \/>\n<meta property=\"og:title\" content=\"Refer\u00eancia em tratamento com imunoterapia - Notibras\" \/>\n<meta property=\"og:description\" content=\"Desde a inf\u00e2ncia, a estudante P\u00e2mela Kauane, de 19 anos, convivia com crises al\u00e9rgicas intensas que afetavam diretamente sua rotina. \u201cMinha alergia atacava muito, com coceiras e placas vermelhas pelo corpo. Tinha dias em que eu n\u00e3o conseguia dormir de tanto que co\u00e7ava. \u00c0s vezes, bastava um vento para tudo piorar\u201d, relembra. O cen\u00e1rio come\u00e7ou [&hellip;]\" \/>\n<meta property=\"og:url\" content=\"https:\/\/www.notibras.com\/site\/referencia-em-tratamento-com-imunoterapia\/\" \/>\n<meta property=\"og:site_name\" content=\"Notibras\" \/>\n<meta property=\"article:publisher\" content=\"https:\/\/www.facebook.com\/notibras\/\" \/>\n<meta property=\"article:published_time\" content=\"2026-01-23T03:45:43+00:00\" \/>\n<meta property=\"og:image\" content=\"https:\/\/www.notibras.com\/site\/wp-content\/uploads\/2026\/01\/20260119_145235-scaled.jpg\" \/>\n\t<meta property=\"og:image:width\" content=\"2560\" \/>\n\t<meta property=\"og:image:height\" content=\"1920\" \/>\n\t<meta property=\"og:image:type\" content=\"image\/jpeg\" \/>\n<meta name=\"author\" content=\"Eduardo Mart\u00ednez\" \/>\n<meta name=\"twitter:card\" content=\"summary_large_image\" \/>\n<meta name=\"twitter:creator\" content=\"@Notibras\" \/>\n<meta name=\"twitter:site\" content=\"@Notibras\" \/>\n<meta name=\"twitter:label1\" content=\"Escrito por\" \/>\n\t<meta name=\"twitter:data1\" content=\"Eduardo Mart\u00ednez\" \/>\n\t<meta name=\"twitter:label2\" content=\"Est. tempo de leitura\" \/>\n\t<meta name=\"twitter:data2\" content=\"3 minutos\" \/>\n<script type=\"application\/ld+json\" class=\"yoast-schema-graph\">{\"@context\":\"https:\/\/schema.org\",\"@graph\":[{\"@type\":\"Article\",\"@id\":\"https:\/\/www.notibras.com\/site\/referencia-em-tratamento-com-imunoterapia\/#article\",\"isPartOf\":{\"@id\":\"https:\/\/www.notibras.com\/site\/referencia-em-tratamento-com-imunoterapia\/\"},\"author\":{\"name\":\"Eduardo Mart\u00ednez\",\"@id\":\"https:\/\/www.notibras.com\/site\/#\/schema\/person\/5b7fabf2aedc3ada2105f03b22b4d3dd\"},\"headline\":\"Refer\u00eancia em tratamento com imunoterapia\",\"datePublished\":\"2026-01-23T03:45:43+00:00\",\"mainEntityOfPage\":{\"@id\":\"https:\/\/www.notibras.com\/site\/referencia-em-tratamento-com-imunoterapia\/\"},\"wordCount\":464,\"publisher\":{\"@id\":\"https:\/\/www.notibras.com\/site\/#organization\"},\"image\":{\"@id\":\"https:\/\/www.notibras.com\/site\/referencia-em-tratamento-com-imunoterapia\/#primaryimage\"},\"thumbnailUrl\":\"https:\/\/www.notibras.com\/site\/wp-content\/uploads\/2026\/01\/20260119_145235-scaled.jpg\",\"articleSection\":[\"Quadradinho em Foco\"],\"inLanguage\":\"pt-BR\"},{\"@type\":\"WebPage\",\"@id\":\"https:\/\/www.notibras.com\/site\/referencia-em-tratamento-com-imunoterapia\/\",\"url\":\"https:\/\/www.notibras.com\/site\/referencia-em-tratamento-com-imunoterapia\/\",\"name\":\"Refer\u00eancia em tratamento com imunoterapia - Notibras\",\"isPartOf\":{\"@id\":\"https:\/\/www.notibras.com\/site\/#website\"},\"primaryImageOfPage\":{\"@id\":\"https:\/\/www.notibras.com\/site\/referencia-em-tratamento-com-imunoterapia\/#primaryimage\"},\"image\":{\"@id\":\"https:\/\/www.notibras.com\/site\/referencia-em-tratamento-com-imunoterapia\/#primaryimage\"},\"thumbnailUrl\":\"https:\/\/www.notibras.com\/site\/wp-content\/uploads\/2026\/01\/20260119_145235-scaled.jpg\",\"datePublished\":\"2026-01-23T03:45:43+00:00\",\"breadcrumb\":{\"@id\":\"https:\/\/www.notibras.com\/site\/referencia-em-tratamento-com-imunoterapia\/#breadcrumb\"},\"inLanguage\":\"pt-BR\",\"potentialAction\":[{\"@type\":\"ReadAction\",\"target\":[\"https:\/\/www.notibras.com\/site\/referencia-em-tratamento-com-imunoterapia\/\"]}]},{\"@type\":\"ImageObject\",\"inLanguage\":\"pt-BR\",\"@id\":\"https:\/\/www.notibras.com\/site\/referencia-em-tratamento-com-imunoterapia\/#primaryimage\",\"url\":\"https:\/\/www.notibras.com\/site\/wp-content\/uploads\/2026\/01\/20260119_145235-scaled.jpg\",\"contentUrl\":\"https:\/\/www.notibras.com\/site\/wp-content\/uploads\/2026\/01\/20260119_145235-scaled.jpg\",\"width\":2560,\"height\":1920},{\"@type\":\"BreadcrumbList\",\"@id\":\"https:\/\/www.notibras.com\/site\/referencia-em-tratamento-com-imunoterapia\/#breadcrumb\",\"itemListElement\":[{\"@type\":\"ListItem\",\"position\":1,\"name\":\"In\u00edcio\",\"item\":\"https:\/\/www.notibras.com\/site\/\"},{\"@type\":\"ListItem\",\"position\":2,\"name\":\"Refer\u00eancia em tratamento com imunoterapia\"}]},{\"@type\":\"WebSite\",\"@id\":\"https:\/\/www.notibras.com\/site\/#website\",\"url\":\"https:\/\/www.notibras.com\/site\/\",\"name\":\"Notibras\",\"description\":\"Not\u00edcias de Bras\u00edlia, do Brasil e do Mundo\",\"publisher\":{\"@id\":\"https:\/\/www.notibras.com\/site\/#organization\"},\"potentialAction\":[{\"@type\":\"SearchAction\",\"target\":{\"@type\":\"EntryPoint\",\"urlTemplate\":\"https:\/\/www.notibras.com\/site\/?s={search_term_string}\"},\"query-input\":{\"@type\":\"PropertyValueSpecification\",\"valueRequired\":true,\"valueName\":\"search_term_string\"}}],\"inLanguage\":\"pt-BR\"},{\"@type\":\"Organization\",\"@id\":\"https:\/\/www.notibras.com\/site\/#organization\",\"name\":\"Grupo Notibras de Comunica\u00e7\u00e3o\",\"url\":\"https:\/\/www.notibras.com\/site\/\",\"logo\":{\"@type\":\"ImageObject\",\"inLanguage\":\"pt-BR\",\"@id\":\"https:\/\/www.notibras.com\/site\/#\/schema\/logo\/image\/\",\"url\":\"https:\/\/www.notibras.com\/site\/wp-content\/uploads\/2023\/01\/notibras23.png\",\"contentUrl\":\"https:\/\/www.notibras.com\/site\/wp-content\/uploads\/2023\/01\/notibras23.png\",\"width\":350,\"height\":87,\"caption\":\"Grupo Notibras de Comunica\u00e7\u00e3o\"},\"image\":{\"@id\":\"https:\/\/www.notibras.com\/site\/#\/schema\/logo\/image\/\"},\"sameAs\":[\"https:\/\/www.facebook.com\/notibras\/\",\"https:\/\/x.com\/Notibras\",\"https:\/\/www.instagram.com\/notibras\/\"]},{\"@type\":\"Person\",\"@id\":\"https:\/\/www.notibras.com\/site\/#\/schema\/person\/5b7fabf2aedc3ada2105f03b22b4d3dd\",\"name\":\"Eduardo Mart\u00ednez\",\"image\":{\"@type\":\"ImageObject\",\"inLanguage\":\"pt-BR\",\"@id\":\"https:\/\/secure.gravatar.com\/avatar\/7902f906289926289cbcda644b5197c796b893c6ffd7b9a536a42d290f7704a0?s=96&d=mm&r=g\",\"url\":\"https:\/\/secure.gravatar.com\/avatar\/7902f906289926289cbcda644b5197c796b893c6ffd7b9a536a42d290f7704a0?s=96&d=mm&r=g\",\"contentUrl\":\"https:\/\/secure.gravatar.com\/avatar\/7902f906289926289cbcda644b5197c796b893c6ffd7b9a536a42d290f7704a0?s=96&d=mm&r=g\",\"caption\":\"Eduardo Mart\u00ednez\"}}]}<\/script>\n<!-- \/ Yoast SEO plugin. -->","yoast_head_json":{"title":"Refer\u00eancia em tratamento com imunoterapia - Notibras","robots":{"index":"index","follow":"follow","max-snippet":"max-snippet:-1","max-image-preview":"max-image-preview:large","max-video-preview":"max-video-preview:-1"},"canonical":"https:\/\/www.notibras.com\/site\/referencia-em-tratamento-com-imunoterapia\/","og_locale":"pt_BR","og_type":"article","og_title":"Refer\u00eancia em tratamento com imunoterapia - Notibras","og_description":"Desde a inf\u00e2ncia, a estudante P\u00e2mela Kauane, de 19 anos, convivia com crises al\u00e9rgicas intensas que afetavam diretamente sua rotina. \u201cMinha alergia atacava muito, com coceiras e placas vermelhas pelo corpo. Tinha dias em que eu n\u00e3o conseguia dormir de tanto que co\u00e7ava. \u00c0s vezes, bastava um vento para tudo piorar\u201d, relembra. O cen\u00e1rio come\u00e7ou [&hellip;]","og_url":"https:\/\/www.notibras.com\/site\/referencia-em-tratamento-com-imunoterapia\/","og_site_name":"Notibras","article_publisher":"https:\/\/www.facebook.com\/notibras\/","article_published_time":"2026-01-23T03:45:43+00:00","og_image":[{"width":2560,"height":1920,"url":"https:\/\/www.notibras.com\/site\/wp-content\/uploads\/2026\/01\/20260119_145235-scaled.jpg","type":"image\/jpeg"}],"author":"Eduardo Mart\u00ednez","twitter_card":"summary_large_image","twitter_creator":"@Notibras","twitter_site":"@Notibras","twitter_misc":{"Escrito por":"Eduardo Mart\u00ednez","Est. tempo de leitura":"3 minutos"},"schema":{"@context":"https:\/\/schema.org","@graph":[{"@type":"Article","@id":"https:\/\/www.notibras.com\/site\/referencia-em-tratamento-com-imunoterapia\/#article","isPartOf":{"@id":"https:\/\/www.notibras.com\/site\/referencia-em-tratamento-com-imunoterapia\/"},"author":{"name":"Eduardo Mart\u00ednez","@id":"https:\/\/www.notibras.com\/site\/#\/schema\/person\/5b7fabf2aedc3ada2105f03b22b4d3dd"},"headline":"Refer\u00eancia em tratamento com imunoterapia","datePublished":"2026-01-23T03:45:43+00:00","mainEntityOfPage":{"@id":"https:\/\/www.notibras.com\/site\/referencia-em-tratamento-com-imunoterapia\/"},"wordCount":464,"publisher":{"@id":"https:\/\/www.notibras.com\/site\/#organization"},"image":{"@id":"https:\/\/www.notibras.com\/site\/referencia-em-tratamento-com-imunoterapia\/#primaryimage"},"thumbnailUrl":"https:\/\/www.notibras.com\/site\/wp-content\/uploads\/2026\/01\/20260119_145235-scaled.jpg","articleSection":["Quadradinho em Foco"],"inLanguage":"pt-BR"},{"@type":"WebPage","@id":"https:\/\/www.notibras.com\/site\/referencia-em-tratamento-com-imunoterapia\/","url":"https:\/\/www.notibras.com\/site\/referencia-em-tratamento-com-imunoterapia\/","name":"Refer\u00eancia em tratamento com imunoterapia - Notibras","isPartOf":{"@id":"https:\/\/www.notibras.com\/site\/#website"},"primaryImageOfPage":{"@id":"https:\/\/www.notibras.com\/site\/referencia-em-tratamento-com-imunoterapia\/#primaryimage"},"image":{"@id":"https:\/\/www.notibras.com\/site\/referencia-em-tratamento-com-imunoterapia\/#primaryimage"},"thumbnailUrl":"https:\/\/www.notibras.com\/site\/wp-content\/uploads\/2026\/01\/20260119_145235-scaled.jpg","datePublished":"2026-01-23T03:45:43+00:00","breadcrumb":{"@id":"https:\/\/www.notibras.com\/site\/referencia-em-tratamento-com-imunoterapia\/#breadcrumb"},"inLanguage":"pt-BR","potentialAction":[{"@type":"ReadAction","target":["https:\/\/www.notibras.com\/site\/referencia-em-tratamento-com-imunoterapia\/"]}]},{"@type":"ImageObject","inLanguage":"pt-BR","@id":"https:\/\/www.notibras.com\/site\/referencia-em-tratamento-com-imunoterapia\/#primaryimage","url":"https:\/\/www.notibras.com\/site\/wp-content\/uploads\/2026\/01\/20260119_145235-scaled.jpg","contentUrl":"https:\/\/www.notibras.com\/site\/wp-content\/uploads\/2026\/01\/20260119_145235-scaled.jpg","width":2560,"height":1920},{"@type":"BreadcrumbList","@id":"https:\/\/www.notibras.com\/site\/referencia-em-tratamento-com-imunoterapia\/#breadcrumb","itemListElement":[{"@type":"ListItem","position":1,"name":"In\u00edcio","item":"https:\/\/www.notibras.com\/site\/"},{"@type":"ListItem","position":2,"name":"Refer\u00eancia em tratamento com imunoterapia"}]},{"@type":"WebSite","@id":"https:\/\/www.notibras.com\/site\/#website","url":"https:\/\/www.notibras.com\/site\/","name":"Notibras","description":"Not\u00edcias de Bras\u00edlia, do Brasil e do Mundo","publisher":{"@id":"https:\/\/www.notibras.com\/site\/#organization"},"potentialAction":[{"@type":"SearchAction","target":{"@type":"EntryPoint","urlTemplate":"https:\/\/www.notibras.com\/site\/?s={search_term_string}"},"query-input":{"@type":"PropertyValueSpecification","valueRequired":true,"valueName":"search_term_string"}}],"inLanguage":"pt-BR"},{"@type":"Organization","@id":"https:\/\/www.notibras.com\/site\/#organization","name":"Grupo Notibras de Comunica\u00e7\u00e3o","url":"https:\/\/www.notibras.com\/site\/","logo":{"@type":"ImageObject","inLanguage":"pt-BR","@id":"https:\/\/www.notibras.com\/site\/#\/schema\/logo\/image\/","url":"https:\/\/www.notibras.com\/site\/wp-content\/uploads\/2023\/01\/notibras23.png","contentUrl":"https:\/\/www.notibras.com\/site\/wp-content\/uploads\/2023\/01\/notibras23.png","width":350,"height":87,"caption":"Grupo Notibras de Comunica\u00e7\u00e3o"},"image":{"@id":"https:\/\/www.notibras.com\/site\/#\/schema\/logo\/image\/"},"sameAs":["https:\/\/www.facebook.com\/notibras\/","https:\/\/x.com\/Notibras","https:\/\/www.instagram.com\/notibras\/"]},{"@type":"Person","@id":"https:\/\/www.notibras.com\/site\/#\/schema\/person\/5b7fabf2aedc3ada2105f03b22b4d3dd","name":"Eduardo Mart\u00ednez","image":{"@type":"ImageObject","inLanguage":"pt-BR","@id":"https:\/\/secure.gravatar.com\/avatar\/7902f906289926289cbcda644b5197c796b893c6ffd7b9a536a42d290f7704a0?s=96&d=mm&r=g","url":"https:\/\/secure.gravatar.com\/avatar\/7902f906289926289cbcda644b5197c796b893c6ffd7b9a536a42d290f7704a0?s=96&d=mm&r=g","contentUrl":"https:\/\/secure.gravatar.com\/avatar\/7902f906289926289cbcda644b5197c796b893c6ffd7b9a536a42d290f7704a0?s=96&d=mm&r=g","caption":"Eduardo Mart\u00ednez"}}]}},"amp_enabled":true,"_links":{"self":[{"href":"https:\/\/www.notibras.com\/site\/wp-json\/wp\/v2\/posts\/380126","targetHints":{"allow":["GET"]}}],"collection":[{"href":"https:\/\/www.notibras.com\/site\/wp-json\/wp\/v2\/posts"}],"about":[{"href":"https:\/\/www.notibras.com\/site\/wp-json\/wp\/v2\/types\/post"}],"author":[{"embeddable":true,"href":"https:\/\/www.notibras.com\/site\/wp-json\/wp\/v2\/users\/21"}],"replies":[{"embeddable":true,"href":"https:\/\/www.notibras.com\/site\/wp-json\/wp\/v2\/comments?post=380126"}],"version-history":[{"count":3,"href":"https:\/\/www.notibras.com\/site\/wp-json\/wp\/v2\/posts\/380126\/revisions"}],"predecessor-version":[{"id":380130,"href":"https:\/\/www.notibras.com\/site\/wp-json\/wp\/v2\/posts\/380126\/revisions\/380130"}],"wp:featuredmedia":[{"embeddable":true,"href":"https:\/\/www.notibras.com\/site\/wp-json\/wp\/v2\/media\/380127"}],"wp:attachment":[{"href":"https:\/\/www.notibras.com\/site\/wp-json\/wp\/v2\/media?parent=380126"}],"wp:term":[{"taxonomy":"category","embeddable":true,"href":"https:\/\/www.notibras.com\/site\/wp-json\/wp\/v2\/categories?post=380126"},{"taxonomy":"post_tag","embeddable":true,"href":"https:\/\/www.notibras.com\/site\/wp-json\/wp\/v2\/tags?post=380126"}],"curies":[{"name":"wp","href":"https:\/\/api.w.org\/{rel}","templated":true}]}}