{"id":380131,"date":"2026-01-23T01:00:15","date_gmt":"2026-01-23T04:00:15","guid":{"rendered":"https:\/\/www.notibras.com\/site\/?p=380131"},"modified":"2026-01-22T21:50:44","modified_gmt":"2026-01-23T00:50:44","slug":"prorrogado-prazo-para-recursos-sobre-resultado-provisorio-dos-blocos","status":"publish","type":"post","link":"https:\/\/www.notibras.com\/site\/prorrogado-prazo-para-recursos-sobre-resultado-provisorio-dos-blocos\/","title":{"rendered":"Prorrogado prazo para recursos sobre resultado provis\u00f3rio dos blocos"},"content":{"rendered":"<p>A Secretaria de Cultura e Economia Criativa do DF (Secec-DF) informa que o prazo para interposi\u00e7\u00e3o de recursos sobre o resultado provis\u00f3rio dos blocos do DF Folia 2026 foi prorrogado at\u00e9 \u00e0s 14h do s\u00e1bado (24). O resultado definitivo ser\u00e1 divulgado na segunda-feira (26), \u00e0s 12h.<\/p>\n<p>Os recursos devem ser encaminhados por <a href=\"https:\/\/docs.google.com\/forms\/d\/19DsD_sLf5KE82dEmaU5PcIbB-em3wtSqddKDSeyeLoQ\/viewform?edit_requested=true\">formul\u00e1rio eletr\u00f4nico<\/a>. A an\u00e1lise seguir\u00e1 os crit\u00e9rios previstos no edital, respeitando o n\u00famero de vagas dispon\u00edveis para esta edi\u00e7\u00e3o do carnaval de rua do Distrito Federal.<\/p>\n<p>A Secec-DF refor\u00e7a a necessidade de que os proponentes verifiquem suas caixas de spam\/lixo eletr\u00f4nico, bem como a capacidade de armazenamento de seus e-mails, tendo em vista a identifica\u00e7\u00e3o de ocorr\u00eancias de devolu\u00e7\u00e3o e\/ou rejei\u00e7\u00e3o de mensagens encaminhadas pelo DF Folia 2026 (Delivery Status Notification Failure).<\/p>\n<p>Eventuais problemas de recebimento decorrentes de configura\u00e7\u00f5es, limita\u00e7\u00f5es ou falhas nos endere\u00e7os eletr\u00f4nicos informados s\u00e3o de responsabilidade exclusiva do proponente.<\/p>\n<p>As Fichas de Avalia\u00e7\u00e3o cujos envios tenham sido devolvidos e\/ou rejeitados ser\u00e3o reenviadas.<\/p>\n","protected":false},"excerpt":{"rendered":"<p>A Secretaria de Cultura e Economia Criativa do DF (Secec-DF) informa que o prazo para interposi\u00e7\u00e3o de recursos sobre o resultado provis\u00f3rio dos blocos do DF Folia 2026 foi prorrogado at\u00e9 \u00e0s 14h do s\u00e1bado (24). O resultado definitivo ser\u00e1 divulgado na segunda-feira (26), \u00e0s 12h. Os recursos devem ser encaminhados por formul\u00e1rio eletr\u00f4nico. A [&hellip;]<\/p>\n","protected":false},"author":21,"featured_media":380132,"comment_status":"closed","ping_status":"closed","sticky":false,"template":"","format":"standard","meta":{"_acf_changed":false,"footnotes":""},"categories":[161],"tags":[],"class_list":["post-380131","post","type-post","status-publish","format-standard","has-post-thumbnail","hentry","category-quadradinho-em-foco"],"acf":[],"yoast_head":"<!-- This site is optimized with the Yoast SEO plugin v27.2 - https:\/\/yoast.com\/product\/yoast-seo-wordpress\/ -->\n<title>Prorrogado prazo para recursos sobre resultado provis\u00f3rio dos blocos - Notibras<\/title>\n<meta name=\"robots\" content=\"index, follow, max-snippet:-1, max-image-preview:large, max-video-preview:-1\" \/>\n<link rel=\"canonical\" href=\"https:\/\/www.notibras.com\/site\/prorrogado-prazo-para-recursos-sobre-resultado-provisorio-dos-blocos\/\" \/>\n<meta property=\"og:locale\" content=\"pt_BR\" \/>\n<meta property=\"og:type\" content=\"article\" \/>\n<meta property=\"og:title\" content=\"Prorrogado prazo para recursos sobre resultado provis\u00f3rio dos blocos - Notibras\" \/>\n<meta property=\"og:description\" content=\"A Secretaria de Cultura e Economia Criativa do DF (Secec-DF) informa que o prazo para interposi\u00e7\u00e3o de recursos sobre o resultado provis\u00f3rio dos blocos do DF Folia 2026 foi prorrogado at\u00e9 \u00e0s 14h do s\u00e1bado (24). O resultado definitivo ser\u00e1 divulgado na segunda-feira (26), \u00e0s 12h. Os recursos devem ser encaminhados por formul\u00e1rio eletr\u00f4nico. A [&hellip;]\" \/>\n<meta property=\"og:url\" content=\"https:\/\/www.notibras.com\/site\/prorrogado-prazo-para-recursos-sobre-resultado-provisorio-dos-blocos\/\" \/>\n<meta property=\"og:site_name\" content=\"Notibras\" \/>\n<meta property=\"article:publisher\" content=\"https:\/\/www.facebook.com\/notibras\/\" \/>\n<meta property=\"article:published_time\" content=\"2026-01-23T04:00:15+00:00\" \/>\n<meta property=\"og:image\" content=\"https:\/\/www.notibras.com\/site\/wp-content\/uploads\/2026\/01\/df-folia-2025-secec-DF-2-compress.jpg\" \/>\n\t<meta property=\"og:image:width\" content=\"1500\" \/>\n\t<meta property=\"og:image:height\" content=\"1000\" \/>\n\t<meta property=\"og:image:type\" content=\"image\/jpeg\" \/>\n<meta name=\"author\" content=\"Eduardo Mart\u00ednez\" \/>\n<meta name=\"twitter:card\" content=\"summary_large_image\" \/>\n<meta name=\"twitter:creator\" content=\"@Notibras\" \/>\n<meta name=\"twitter:site\" content=\"@Notibras\" \/>\n<meta name=\"twitter:label1\" content=\"Escrito por\" \/>\n\t<meta name=\"twitter:data1\" content=\"Eduardo Mart\u00ednez\" \/>\n\t<meta name=\"twitter:label2\" content=\"Est. tempo de leitura\" \/>\n\t<meta name=\"twitter:data2\" content=\"2 minutos\" \/>\n<script type=\"application\/ld+json\" class=\"yoast-schema-graph\">{\"@context\":\"https:\/\/schema.org\",\"@graph\":[{\"@type\":\"Article\",\"@id\":\"https:\/\/www.notibras.com\/site\/prorrogado-prazo-para-recursos-sobre-resultado-provisorio-dos-blocos\/#article\",\"isPartOf\":{\"@id\":\"https:\/\/www.notibras.com\/site\/prorrogado-prazo-para-recursos-sobre-resultado-provisorio-dos-blocos\/\"},\"author\":{\"name\":\"Eduardo Mart\u00ednez\",\"@id\":\"https:\/\/www.notibras.com\/site\/#\/schema\/person\/5b7fabf2aedc3ada2105f03b22b4d3dd\"},\"headline\":\"Prorrogado prazo para recursos sobre resultado provis\u00f3rio dos blocos\",\"datePublished\":\"2026-01-23T04:00:15+00:00\",\"mainEntityOfPage\":{\"@id\":\"https:\/\/www.notibras.com\/site\/prorrogado-prazo-para-recursos-sobre-resultado-provisorio-dos-blocos\/\"},\"wordCount\":189,\"publisher\":{\"@id\":\"https:\/\/www.notibras.com\/site\/#organization\"},\"image\":{\"@id\":\"https:\/\/www.notibras.com\/site\/prorrogado-prazo-para-recursos-sobre-resultado-provisorio-dos-blocos\/#primaryimage\"},\"thumbnailUrl\":\"https:\/\/www.notibras.com\/site\/wp-content\/uploads\/2026\/01\/df-folia-2025-secec-DF-2-compress.jpg\",\"articleSection\":[\"Quadradinho em Foco\"],\"inLanguage\":\"pt-BR\"},{\"@type\":\"WebPage\",\"@id\":\"https:\/\/www.notibras.com\/site\/prorrogado-prazo-para-recursos-sobre-resultado-provisorio-dos-blocos\/\",\"url\":\"https:\/\/www.notibras.com\/site\/prorrogado-prazo-para-recursos-sobre-resultado-provisorio-dos-blocos\/\",\"name\":\"Prorrogado prazo para recursos sobre resultado provis\u00f3rio dos blocos - Notibras\",\"isPartOf\":{\"@id\":\"https:\/\/www.notibras.com\/site\/#website\"},\"primaryImageOfPage\":{\"@id\":\"https:\/\/www.notibras.com\/site\/prorrogado-prazo-para-recursos-sobre-resultado-provisorio-dos-blocos\/#primaryimage\"},\"image\":{\"@id\":\"https:\/\/www.notibras.com\/site\/prorrogado-prazo-para-recursos-sobre-resultado-provisorio-dos-blocos\/#primaryimage\"},\"thumbnailUrl\":\"https:\/\/www.notibras.com\/site\/wp-content\/uploads\/2026\/01\/df-folia-2025-secec-DF-2-compress.jpg\",\"datePublished\":\"2026-01-23T04:00:15+00:00\",\"breadcrumb\":{\"@id\":\"https:\/\/www.notibras.com\/site\/prorrogado-prazo-para-recursos-sobre-resultado-provisorio-dos-blocos\/#breadcrumb\"},\"inLanguage\":\"pt-BR\",\"potentialAction\":[{\"@type\":\"ReadAction\",\"target\":[\"https:\/\/www.notibras.com\/site\/prorrogado-prazo-para-recursos-sobre-resultado-provisorio-dos-blocos\/\"]}]},{\"@type\":\"ImageObject\",\"inLanguage\":\"pt-BR\",\"@id\":\"https:\/\/www.notibras.com\/site\/prorrogado-prazo-para-recursos-sobre-resultado-provisorio-dos-blocos\/#primaryimage\",\"url\":\"https:\/\/www.notibras.com\/site\/wp-content\/uploads\/2026\/01\/df-folia-2025-secec-DF-2-compress.jpg\",\"contentUrl\":\"https:\/\/www.notibras.com\/site\/wp-content\/uploads\/2026\/01\/df-folia-2025-secec-DF-2-compress.jpg\",\"width\":1500,\"height\":1000},{\"@type\":\"BreadcrumbList\",\"@id\":\"https:\/\/www.notibras.com\/site\/prorrogado-prazo-para-recursos-sobre-resultado-provisorio-dos-blocos\/#breadcrumb\",\"itemListElement\":[{\"@type\":\"ListItem\",\"position\":1,\"name\":\"In\u00edcio\",\"item\":\"https:\/\/www.notibras.com\/site\/\"},{\"@type\":\"ListItem\",\"position\":2,\"name\":\"Prorrogado prazo para recursos sobre resultado provis\u00f3rio dos blocos\"}]},{\"@type\":\"WebSite\",\"@id\":\"https:\/\/www.notibras.com\/site\/#website\",\"url\":\"https:\/\/www.notibras.com\/site\/\",\"name\":\"Notibras\",\"description\":\"Not\u00edcias de Bras\u00edlia, do Brasil e do Mundo\",\"publisher\":{\"@id\":\"https:\/\/www.notibras.com\/site\/#organization\"},\"potentialAction\":[{\"@type\":\"SearchAction\",\"target\":{\"@type\":\"EntryPoint\",\"urlTemplate\":\"https:\/\/www.notibras.com\/site\/?s={search_term_string}\"},\"query-input\":{\"@type\":\"PropertyValueSpecification\",\"valueRequired\":true,\"valueName\":\"search_term_string\"}}],\"inLanguage\":\"pt-BR\"},{\"@type\":\"Organization\",\"@id\":\"https:\/\/www.notibras.com\/site\/#organization\",\"name\":\"Grupo Notibras de Comunica\u00e7\u00e3o\",\"url\":\"https:\/\/www.notibras.com\/site\/\",\"logo\":{\"@type\":\"ImageObject\",\"inLanguage\":\"pt-BR\",\"@id\":\"https:\/\/www.notibras.com\/site\/#\/schema\/logo\/image\/\",\"url\":\"https:\/\/www.notibras.com\/site\/wp-content\/uploads\/2023\/01\/notibras23.png\",\"contentUrl\":\"https:\/\/www.notibras.com\/site\/wp-content\/uploads\/2023\/01\/notibras23.png\",\"width\":350,\"height\":87,\"caption\":\"Grupo Notibras de Comunica\u00e7\u00e3o\"},\"image\":{\"@id\":\"https:\/\/www.notibras.com\/site\/#\/schema\/logo\/image\/\"},\"sameAs\":[\"https:\/\/www.facebook.com\/notibras\/\",\"https:\/\/x.com\/Notibras\",\"https:\/\/www.instagram.com\/notibras\/\"]},{\"@type\":\"Person\",\"@id\":\"https:\/\/www.notibras.com\/site\/#\/schema\/person\/5b7fabf2aedc3ada2105f03b22b4d3dd\",\"name\":\"Eduardo Mart\u00ednez\",\"image\":{\"@type\":\"ImageObject\",\"inLanguage\":\"pt-BR\",\"@id\":\"https:\/\/secure.gravatar.com\/avatar\/7902f906289926289cbcda644b5197c796b893c6ffd7b9a536a42d290f7704a0?s=96&d=mm&r=g\",\"url\":\"https:\/\/secure.gravatar.com\/avatar\/7902f906289926289cbcda644b5197c796b893c6ffd7b9a536a42d290f7704a0?s=96&d=mm&r=g\",\"contentUrl\":\"https:\/\/secure.gravatar.com\/avatar\/7902f906289926289cbcda644b5197c796b893c6ffd7b9a536a42d290f7704a0?s=96&d=mm&r=g\",\"caption\":\"Eduardo Mart\u00ednez\"}}]}<\/script>\n<!-- \/ Yoast SEO plugin. -->","yoast_head_json":{"title":"Prorrogado prazo para recursos sobre resultado provis\u00f3rio dos blocos - Notibras","robots":{"index":"index","follow":"follow","max-snippet":"max-snippet:-1","max-image-preview":"max-image-preview:large","max-video-preview":"max-video-preview:-1"},"canonical":"https:\/\/www.notibras.com\/site\/prorrogado-prazo-para-recursos-sobre-resultado-provisorio-dos-blocos\/","og_locale":"pt_BR","og_type":"article","og_title":"Prorrogado prazo para recursos sobre resultado provis\u00f3rio dos blocos - Notibras","og_description":"A Secretaria de Cultura e Economia Criativa do DF (Secec-DF) informa que o prazo para interposi\u00e7\u00e3o de recursos sobre o resultado provis\u00f3rio dos blocos do DF Folia 2026 foi prorrogado at\u00e9 \u00e0s 14h do s\u00e1bado (24). O resultado definitivo ser\u00e1 divulgado na segunda-feira (26), \u00e0s 12h. Os recursos devem ser encaminhados por formul\u00e1rio eletr\u00f4nico. A [&hellip;]","og_url":"https:\/\/www.notibras.com\/site\/prorrogado-prazo-para-recursos-sobre-resultado-provisorio-dos-blocos\/","og_site_name":"Notibras","article_publisher":"https:\/\/www.facebook.com\/notibras\/","article_published_time":"2026-01-23T04:00:15+00:00","og_image":[{"width":1500,"height":1000,"url":"https:\/\/www.notibras.com\/site\/wp-content\/uploads\/2026\/01\/df-folia-2025-secec-DF-2-compress.jpg","type":"image\/jpeg"}],"author":"Eduardo Mart\u00ednez","twitter_card":"summary_large_image","twitter_creator":"@Notibras","twitter_site":"@Notibras","twitter_misc":{"Escrito por":"Eduardo Mart\u00ednez","Est. tempo de leitura":"2 minutos"},"schema":{"@context":"https:\/\/schema.org","@graph":[{"@type":"Article","@id":"https:\/\/www.notibras.com\/site\/prorrogado-prazo-para-recursos-sobre-resultado-provisorio-dos-blocos\/#article","isPartOf":{"@id":"https:\/\/www.notibras.com\/site\/prorrogado-prazo-para-recursos-sobre-resultado-provisorio-dos-blocos\/"},"author":{"name":"Eduardo Mart\u00ednez","@id":"https:\/\/www.notibras.com\/site\/#\/schema\/person\/5b7fabf2aedc3ada2105f03b22b4d3dd"},"headline":"Prorrogado prazo para recursos sobre resultado provis\u00f3rio dos blocos","datePublished":"2026-01-23T04:00:15+00:00","mainEntityOfPage":{"@id":"https:\/\/www.notibras.com\/site\/prorrogado-prazo-para-recursos-sobre-resultado-provisorio-dos-blocos\/"},"wordCount":189,"publisher":{"@id":"https:\/\/www.notibras.com\/site\/#organization"},"image":{"@id":"https:\/\/www.notibras.com\/site\/prorrogado-prazo-para-recursos-sobre-resultado-provisorio-dos-blocos\/#primaryimage"},"thumbnailUrl":"https:\/\/www.notibras.com\/site\/wp-content\/uploads\/2026\/01\/df-folia-2025-secec-DF-2-compress.jpg","articleSection":["Quadradinho em Foco"],"inLanguage":"pt-BR"},{"@type":"WebPage","@id":"https:\/\/www.notibras.com\/site\/prorrogado-prazo-para-recursos-sobre-resultado-provisorio-dos-blocos\/","url":"https:\/\/www.notibras.com\/site\/prorrogado-prazo-para-recursos-sobre-resultado-provisorio-dos-blocos\/","name":"Prorrogado prazo para recursos sobre resultado provis\u00f3rio dos blocos - Notibras","isPartOf":{"@id":"https:\/\/www.notibras.com\/site\/#website"},"primaryImageOfPage":{"@id":"https:\/\/www.notibras.com\/site\/prorrogado-prazo-para-recursos-sobre-resultado-provisorio-dos-blocos\/#primaryimage"},"image":{"@id":"https:\/\/www.notibras.com\/site\/prorrogado-prazo-para-recursos-sobre-resultado-provisorio-dos-blocos\/#primaryimage"},"thumbnailUrl":"https:\/\/www.notibras.com\/site\/wp-content\/uploads\/2026\/01\/df-folia-2025-secec-DF-2-compress.jpg","datePublished":"2026-01-23T04:00:15+00:00","breadcrumb":{"@id":"https:\/\/www.notibras.com\/site\/prorrogado-prazo-para-recursos-sobre-resultado-provisorio-dos-blocos\/#breadcrumb"},"inLanguage":"pt-BR","potentialAction":[{"@type":"ReadAction","target":["https:\/\/www.notibras.com\/site\/prorrogado-prazo-para-recursos-sobre-resultado-provisorio-dos-blocos\/"]}]},{"@type":"ImageObject","inLanguage":"pt-BR","@id":"https:\/\/www.notibras.com\/site\/prorrogado-prazo-para-recursos-sobre-resultado-provisorio-dos-blocos\/#primaryimage","url":"https:\/\/www.notibras.com\/site\/wp-content\/uploads\/2026\/01\/df-folia-2025-secec-DF-2-compress.jpg","contentUrl":"https:\/\/www.notibras.com\/site\/wp-content\/uploads\/2026\/01\/df-folia-2025-secec-DF-2-compress.jpg","width":1500,"height":1000},{"@type":"BreadcrumbList","@id":"https:\/\/www.notibras.com\/site\/prorrogado-prazo-para-recursos-sobre-resultado-provisorio-dos-blocos\/#breadcrumb","itemListElement":[{"@type":"ListItem","position":1,"name":"In\u00edcio","item":"https:\/\/www.notibras.com\/site\/"},{"@type":"ListItem","position":2,"name":"Prorrogado prazo para recursos sobre resultado provis\u00f3rio dos blocos"}]},{"@type":"WebSite","@id":"https:\/\/www.notibras.com\/site\/#website","url":"https:\/\/www.notibras.com\/site\/","name":"Notibras","description":"Not\u00edcias de Bras\u00edlia, do Brasil e do Mundo","publisher":{"@id":"https:\/\/www.notibras.com\/site\/#organization"},"potentialAction":[{"@type":"SearchAction","target":{"@type":"EntryPoint","urlTemplate":"https:\/\/www.notibras.com\/site\/?s={search_term_string}"},"query-input":{"@type":"PropertyValueSpecification","valueRequired":true,"valueName":"search_term_string"}}],"inLanguage":"pt-BR"},{"@type":"Organization","@id":"https:\/\/www.notibras.com\/site\/#organization","name":"Grupo Notibras de Comunica\u00e7\u00e3o","url":"https:\/\/www.notibras.com\/site\/","logo":{"@type":"ImageObject","inLanguage":"pt-BR","@id":"https:\/\/www.notibras.com\/site\/#\/schema\/logo\/image\/","url":"https:\/\/www.notibras.com\/site\/wp-content\/uploads\/2023\/01\/notibras23.png","contentUrl":"https:\/\/www.notibras.com\/site\/wp-content\/uploads\/2023\/01\/notibras23.png","width":350,"height":87,"caption":"Grupo Notibras de Comunica\u00e7\u00e3o"},"image":{"@id":"https:\/\/www.notibras.com\/site\/#\/schema\/logo\/image\/"},"sameAs":["https:\/\/www.facebook.com\/notibras\/","https:\/\/x.com\/Notibras","https:\/\/www.instagram.com\/notibras\/"]},{"@type":"Person","@id":"https:\/\/www.notibras.com\/site\/#\/schema\/person\/5b7fabf2aedc3ada2105f03b22b4d3dd","name":"Eduardo Mart\u00ednez","image":{"@type":"ImageObject","inLanguage":"pt-BR","@id":"https:\/\/secure.gravatar.com\/avatar\/7902f906289926289cbcda644b5197c796b893c6ffd7b9a536a42d290f7704a0?s=96&d=mm&r=g","url":"https:\/\/secure.gravatar.com\/avatar\/7902f906289926289cbcda644b5197c796b893c6ffd7b9a536a42d290f7704a0?s=96&d=mm&r=g","contentUrl":"https:\/\/secure.gravatar.com\/avatar\/7902f906289926289cbcda644b5197c796b893c6ffd7b9a536a42d290f7704a0?s=96&d=mm&r=g","caption":"Eduardo Mart\u00ednez"}}]}},"amp_enabled":true,"_links":{"self":[{"href":"https:\/\/www.notibras.com\/site\/wp-json\/wp\/v2\/posts\/380131","targetHints":{"allow":["GET"]}}],"collection":[{"href":"https:\/\/www.notibras.com\/site\/wp-json\/wp\/v2\/posts"}],"about":[{"href":"https:\/\/www.notibras.com\/site\/wp-json\/wp\/v2\/types\/post"}],"author":[{"embeddable":true,"href":"https:\/\/www.notibras.com\/site\/wp-json\/wp\/v2\/users\/21"}],"replies":[{"embeddable":true,"href":"https:\/\/www.notibras.com\/site\/wp-json\/wp\/v2\/comments?post=380131"}],"version-history":[{"count":2,"href":"https:\/\/www.notibras.com\/site\/wp-json\/wp\/v2\/posts\/380131\/revisions"}],"predecessor-version":[{"id":380134,"href":"https:\/\/www.notibras.com\/site\/wp-json\/wp\/v2\/posts\/380131\/revisions\/380134"}],"wp:featuredmedia":[{"embeddable":true,"href":"https:\/\/www.notibras.com\/site\/wp-json\/wp\/v2\/media\/380132"}],"wp:attachment":[{"href":"https:\/\/www.notibras.com\/site\/wp-json\/wp\/v2\/media?parent=380131"}],"wp:term":[{"taxonomy":"category","embeddable":true,"href":"https:\/\/www.notibras.com\/site\/wp-json\/wp\/v2\/categories?post=380131"},{"taxonomy":"post_tag","embeddable":true,"href":"https:\/\/www.notibras.com\/site\/wp-json\/wp\/v2\/tags?post=380131"}],"curies":[{"name":"wp","href":"https:\/\/api.w.org\/{rel}","templated":true}]}}