{"id":380140,"date":"2026-01-23T04:00:17","date_gmt":"2026-01-23T07:00:17","guid":{"rendered":"https:\/\/www.notibras.com\/site\/?p=380140"},"modified":"2026-01-22T22:40:00","modified_gmt":"2026-01-23T01:40:00","slug":"traco-masoquista-a-normalizacao-da-dor-e-a-dificuldade-de-se-priorizar","status":"publish","type":"post","link":"https:\/\/www.notibras.com\/site\/traco-masoquista-a-normalizacao-da-dor-e-a-dificuldade-de-se-priorizar\/","title":{"rendered":"Tra\u00e7o Masoquista: a normaliza\u00e7\u00e3o da dor e a dificuldade de se priorizar"},"content":{"rendered":"<p>O tra\u00e7o masoquista se forma a partir de uma ferida sutil e profunda: a ferida da humilha\u00e7\u00e3o. Essa ferida n\u00e3o precisa ser gritante para marcar; ela surge quando a crian\u00e7a aprende, atrav\u00e9s de experi\u00eancias repetidas, que sentir, querer ou expressar-se livremente gera puni\u00e7\u00e3o, vergonha ou diminui\u00e7\u00e3o. Ela entende, mesmo que silenciosamente, que o prazer ou a espontaneidade s\u00e3o perigosos e que a pr\u00f3pria express\u00e3o pode atrair dor.<\/p>\n<p>O ambiente que forja o masoquista pode ser abertamente cr\u00edtico, sutilmente ridicularizante, excessivamente controlado ou punitivo. A crian\u00e7a sente que n\u00e3o tem direito de errar, de ser imperfeita ou de ser vista em sua ess\u00eancia mais genu\u00edna. O corpo, ent\u00e3o, aprende uma li\u00e7\u00e3o primordial: a dor \u00e9 inevit\u00e1vel e sobreviver significa aguentar, carregar e internalizar sofrimento. A for\u00e7a, nesse contexto, nasce da capacidade de suportar.<\/p>\n<p>Na linguagem corporal, o masoquista pode apresentar um f\u00edsico que parece &#8220;carregar o mundo&#8221;: quadris inclinados para dentro, musculatura tensa e endurecida, corpo pesado, postura curvada como se protegesse o centro vital. N\u00e3o se trata apenas de apar\u00eancia: \u00e9 a mem\u00f3ria corporal de um sistema que aprendeu a carregar peso para se proteger. Cada m\u00fasculo contra\u00eddo, cada gesto contido, cada respira\u00e7\u00e3o curta carrega a li\u00e7\u00e3o impl\u00edcita: suportar \u00e9 necess\u00e1rio para existir e ser aceito.<\/p>\n<p>Na vida adulta, o tra\u00e7o masoquista se manifesta como uma tend\u00eancia cr\u00f4nica a aceitar mais do que deveria carregar, responsabilidades que n\u00e3o s\u00e3o suas, permanecer em rela\u00e7\u00f5es desgastantes e trabalhar excessivamente para provar seu valor. Existe uma profunda dificuldade em estabelecer limites claros, enquanto uma necessidade compulsiva de controlar a pr\u00f3pria imagem e agradar aos outros se mant\u00e9m sempre presente, como um motor de ansiedade.<\/p>\n<p>No cotidiano, isso se expressa em situa\u00e7\u00f5es pr\u00e1ticas e reconhec\u00edveis:<\/p>\n<p>\u2013 Assumir tarefas e obriga\u00e7\u00f5es que sobrecarregam, muitas vezes por n\u00e3o conseguir delegar ou recusar.<br \/>\n\u2013 Aceitar humilha\u00e7\u00f5es, cr\u00edticas ou desrespeito sem contestar, por medo de conflito ou de perder o afeto.<br \/>\n\u2013 Sentir uma culpa intensa e desproporcional por pequenas falhas ou por colocar as pr\u00f3prias necessidades em primeiro lugar.<br \/>\n\u2013 Dificuldade cr\u00f4nica de dizer \u201cn\u00e3o\u201d, mesmo quando isso claramente prejudica o pr\u00f3prio bem-estar.<br \/>\n\u2013 Acumular peso f\u00edsico ou tens\u00e3o muscular cr\u00f4nica como reflexo direto do &#8220;carregar&#8221; emocional.<\/p>\n<p>O corpo explica a psique: suportar a dor virou o principal mecanismo de sobreviv\u00eancia.<\/p>\n<p>O masoquista aprendeu a transformar a humilha\u00e7\u00e3o em uma for\u00e7a silenciosa de resist\u00eancia, mas ao custo alt\u00edssimo de tens\u00e3o constante e desgaste emocional. Paradoxalmente, o sofrimento pode trazer uma estranha sensa\u00e7\u00e3o de familiaridade e at\u00e9 de identidade: &#8220;Se eu sofro, eu existo e sou forte&#8221;.<\/p>\n<p>A cura do tra\u00e7o masoquista n\u00e3o passa por simplesmente &#8220;pensar positivo&#8221;, mas por reconhecer, de forma visceral, a pr\u00f3pria dignidade inata e o direito de sentir prazer e expressar-se sem puni\u00e7\u00e3o. \u00c9 um caminho de reconquista da autonomia. O processo terap\u00eautico envolve:<\/p>\n<p>\u2013 Aprender a colocar limites de forma firme, clara e saud\u00e1vel, entendendo que dizer &#8220;n\u00e3o&#8221; \u00e9 um ato de autorrespeito, n\u00e3o de rejei\u00e7\u00e3o.<br \/>\n\u2013 Reconhecer e expressar sentimentos de raiva, tristeza e medo sem culpa, dando voz \u00e0 crian\u00e7a interior que foi silenciada.<br \/>\n\u2013 Permitir conscientemente o prazer, a leveza e a espontaneidade, desafiando a cren\u00e7a de que felicidade \u00e9 perigosa ou merecida apenas pelo sacrif\u00edcio.<br \/>\n\u2013 Reorganizar o corpo atrav\u00e9s de pr\u00e1ticas que soltem a tens\u00e3o cr\u00f4nica, liberando o peso f\u00edsico que carrega a hist\u00f3ria da dor emocional.<\/p>\n<p>Quando o masoquista compreende, no corpo e na alma, que sua for\u00e7a verdadeira n\u00e3o depende do sofrimento constante, algo profundo se desarma. O corpo relaxa, a respira\u00e7\u00e3o se aprofunda e a mente permite fazer escolhas conscientes, n\u00e3o movidas pelo medo. A incr\u00edvel sensibilidade e a empatia que caracterizam o masoquista permanecem, mas deixam de ser mecanismos de autopuni\u00e7\u00e3o para se tornarem fontes de conex\u00e3o genu\u00edna.<\/p>\n<p>A pergunta que inicia a grande transforma\u00e7\u00e3o \u00e9 simples, mas revolucion\u00e1ria:<\/p>\n<p>\u201cQue dor eu tenho carregado para sobreviver, e como posso aprender a viver sem ela?\u201d<\/p>\n<p>Na pr\u00f3xima semana, continuaremos nossa s\u00e9rie explorando uma das estruturas de car\u00e1ter mais complexas e estigmatizadas. N\u00e3o perca: &#8220;Tra\u00e7o Psicopata\/controlador: O controle como escudo contra a trai\u00e7\u00e3o&#8221;.<\/p>\n<p><strong>&#8230;&#8230;&#8230;&#8230;&#8230;&#8230;&#8230;..<\/strong><\/p>\n<p><strong>Marina Dutra \u2013 Terapeuta <\/strong><br \/>\n<strong>Instagram: @sersuperconsciente<\/strong><br \/>\n<strong>E-mail: sersuperconsciente@gmail.com<\/strong><\/p>\n","protected":false},"excerpt":{"rendered":"<p>O tra\u00e7o masoquista se forma a partir de uma ferida sutil e profunda: a ferida da humilha\u00e7\u00e3o. Essa ferida n\u00e3o precisa ser gritante para marcar; ela surge quando a crian\u00e7a aprende, atrav\u00e9s de experi\u00eancias repetidas, que sentir, querer ou expressar-se livremente gera puni\u00e7\u00e3o, vergonha ou diminui\u00e7\u00e3o. Ela entende, mesmo que silenciosamente, que o prazer ou [&hellip;]<\/p>\n","protected":false},"author":21,"featured_media":380141,"comment_status":"closed","ping_status":"closed","sticky":false,"template":"","format":"standard","meta":{"_acf_changed":false,"footnotes":""},"categories":[155],"tags":[],"class_list":["post-380140","post","type-post","status-publish","format-standard","has-post-thumbnail","hentry","category-leitura-vip"],"acf":[],"yoast_head":"<!-- This site is optimized with the Yoast SEO plugin v27.2 - https:\/\/yoast.com\/product\/yoast-seo-wordpress\/ -->\n<title>Tra\u00e7o Masoquista: a normaliza\u00e7\u00e3o da dor e a dificuldade de se priorizar - Notibras<\/title>\n<meta name=\"robots\" content=\"index, follow, max-snippet:-1, max-image-preview:large, max-video-preview:-1\" \/>\n<link rel=\"canonical\" href=\"https:\/\/www.notibras.com\/site\/traco-masoquista-a-normalizacao-da-dor-e-a-dificuldade-de-se-priorizar\/\" \/>\n<meta property=\"og:locale\" content=\"pt_BR\" \/>\n<meta property=\"og:type\" content=\"article\" \/>\n<meta property=\"og:title\" content=\"Tra\u00e7o Masoquista: a normaliza\u00e7\u00e3o da dor e a dificuldade de se priorizar - Notibras\" \/>\n<meta property=\"og:description\" content=\"O tra\u00e7o masoquista se forma a partir de uma ferida sutil e profunda: a ferida da humilha\u00e7\u00e3o. Essa ferida n\u00e3o precisa ser gritante para marcar; ela surge quando a crian\u00e7a aprende, atrav\u00e9s de experi\u00eancias repetidas, que sentir, querer ou expressar-se livremente gera puni\u00e7\u00e3o, vergonha ou diminui\u00e7\u00e3o. Ela entende, mesmo que silenciosamente, que o prazer ou [&hellip;]\" \/>\n<meta property=\"og:url\" content=\"https:\/\/www.notibras.com\/site\/traco-masoquista-a-normalizacao-da-dor-e-a-dificuldade-de-se-priorizar\/\" \/>\n<meta property=\"og:site_name\" content=\"Notibras\" \/>\n<meta property=\"article:publisher\" content=\"https:\/\/www.facebook.com\/notibras\/\" \/>\n<meta property=\"article:published_time\" content=\"2026-01-23T07:00:17+00:00\" \/>\n<meta property=\"og:image\" content=\"https:\/\/www.notibras.com\/site\/wp-content\/uploads\/2026\/01\/WhatsApp-Image-2026-01-12-at-21.15.20.jpeg\" \/>\n\t<meta property=\"og:image:width\" content=\"1024\" \/>\n\t<meta property=\"og:image:height\" content=\"1024\" \/>\n\t<meta property=\"og:image:type\" content=\"image\/jpeg\" \/>\n<meta name=\"author\" content=\"Eduardo Mart\u00ednez\" \/>\n<meta name=\"twitter:card\" content=\"summary_large_image\" \/>\n<meta name=\"twitter:creator\" content=\"@Notibras\" \/>\n<meta name=\"twitter:site\" content=\"@Notibras\" \/>\n<meta name=\"twitter:label1\" content=\"Escrito por\" \/>\n\t<meta name=\"twitter:data1\" content=\"Eduardo Mart\u00ednez\" \/>\n\t<meta name=\"twitter:label2\" content=\"Est. tempo de leitura\" \/>\n\t<meta name=\"twitter:data2\" content=\"4 minutos\" \/>\n<script type=\"application\/ld+json\" class=\"yoast-schema-graph\">{\"@context\":\"https:\/\/schema.org\",\"@graph\":[{\"@type\":\"Article\",\"@id\":\"https:\/\/www.notibras.com\/site\/traco-masoquista-a-normalizacao-da-dor-e-a-dificuldade-de-se-priorizar\/#article\",\"isPartOf\":{\"@id\":\"https:\/\/www.notibras.com\/site\/traco-masoquista-a-normalizacao-da-dor-e-a-dificuldade-de-se-priorizar\/\"},\"author\":{\"name\":\"Eduardo Mart\u00ednez\",\"@id\":\"https:\/\/www.notibras.com\/site\/#\/schema\/person\/5b7fabf2aedc3ada2105f03b22b4d3dd\"},\"headline\":\"Tra\u00e7o Masoquista: a normaliza\u00e7\u00e3o da dor e a dificuldade de se priorizar\",\"datePublished\":\"2026-01-23T07:00:17+00:00\",\"mainEntityOfPage\":{\"@id\":\"https:\/\/www.notibras.com\/site\/traco-masoquista-a-normalizacao-da-dor-e-a-dificuldade-de-se-priorizar\/\"},\"wordCount\":768,\"publisher\":{\"@id\":\"https:\/\/www.notibras.com\/site\/#organization\"},\"image\":{\"@id\":\"https:\/\/www.notibras.com\/site\/traco-masoquista-a-normalizacao-da-dor-e-a-dificuldade-de-se-priorizar\/#primaryimage\"},\"thumbnailUrl\":\"https:\/\/www.notibras.com\/site\/wp-content\/uploads\/2026\/01\/WhatsApp-Image-2026-01-12-at-21.15.20.jpeg\",\"articleSection\":[\"Leitura Vip\"],\"inLanguage\":\"pt-BR\"},{\"@type\":\"WebPage\",\"@id\":\"https:\/\/www.notibras.com\/site\/traco-masoquista-a-normalizacao-da-dor-e-a-dificuldade-de-se-priorizar\/\",\"url\":\"https:\/\/www.notibras.com\/site\/traco-masoquista-a-normalizacao-da-dor-e-a-dificuldade-de-se-priorizar\/\",\"name\":\"Tra\u00e7o Masoquista: a normaliza\u00e7\u00e3o da dor e a dificuldade de se priorizar - Notibras\",\"isPartOf\":{\"@id\":\"https:\/\/www.notibras.com\/site\/#website\"},\"primaryImageOfPage\":{\"@id\":\"https:\/\/www.notibras.com\/site\/traco-masoquista-a-normalizacao-da-dor-e-a-dificuldade-de-se-priorizar\/#primaryimage\"},\"image\":{\"@id\":\"https:\/\/www.notibras.com\/site\/traco-masoquista-a-normalizacao-da-dor-e-a-dificuldade-de-se-priorizar\/#primaryimage\"},\"thumbnailUrl\":\"https:\/\/www.notibras.com\/site\/wp-content\/uploads\/2026\/01\/WhatsApp-Image-2026-01-12-at-21.15.20.jpeg\",\"datePublished\":\"2026-01-23T07:00:17+00:00\",\"breadcrumb\":{\"@id\":\"https:\/\/www.notibras.com\/site\/traco-masoquista-a-normalizacao-da-dor-e-a-dificuldade-de-se-priorizar\/#breadcrumb\"},\"inLanguage\":\"pt-BR\",\"potentialAction\":[{\"@type\":\"ReadAction\",\"target\":[\"https:\/\/www.notibras.com\/site\/traco-masoquista-a-normalizacao-da-dor-e-a-dificuldade-de-se-priorizar\/\"]}]},{\"@type\":\"ImageObject\",\"inLanguage\":\"pt-BR\",\"@id\":\"https:\/\/www.notibras.com\/site\/traco-masoquista-a-normalizacao-da-dor-e-a-dificuldade-de-se-priorizar\/#primaryimage\",\"url\":\"https:\/\/www.notibras.com\/site\/wp-content\/uploads\/2026\/01\/WhatsApp-Image-2026-01-12-at-21.15.20.jpeg\",\"contentUrl\":\"https:\/\/www.notibras.com\/site\/wp-content\/uploads\/2026\/01\/WhatsApp-Image-2026-01-12-at-21.15.20.jpeg\",\"width\":1024,\"height\":1024},{\"@type\":\"BreadcrumbList\",\"@id\":\"https:\/\/www.notibras.com\/site\/traco-masoquista-a-normalizacao-da-dor-e-a-dificuldade-de-se-priorizar\/#breadcrumb\",\"itemListElement\":[{\"@type\":\"ListItem\",\"position\":1,\"name\":\"In\u00edcio\",\"item\":\"https:\/\/www.notibras.com\/site\/\"},{\"@type\":\"ListItem\",\"position\":2,\"name\":\"Tra\u00e7o Masoquista: a normaliza\u00e7\u00e3o da dor e a dificuldade de se priorizar\"}]},{\"@type\":\"WebSite\",\"@id\":\"https:\/\/www.notibras.com\/site\/#website\",\"url\":\"https:\/\/www.notibras.com\/site\/\",\"name\":\"Notibras\",\"description\":\"Not\u00edcias de Bras\u00edlia, do Brasil e do Mundo\",\"publisher\":{\"@id\":\"https:\/\/www.notibras.com\/site\/#organization\"},\"potentialAction\":[{\"@type\":\"SearchAction\",\"target\":{\"@type\":\"EntryPoint\",\"urlTemplate\":\"https:\/\/www.notibras.com\/site\/?s={search_term_string}\"},\"query-input\":{\"@type\":\"PropertyValueSpecification\",\"valueRequired\":true,\"valueName\":\"search_term_string\"}}],\"inLanguage\":\"pt-BR\"},{\"@type\":\"Organization\",\"@id\":\"https:\/\/www.notibras.com\/site\/#organization\",\"name\":\"Grupo Notibras de Comunica\u00e7\u00e3o\",\"url\":\"https:\/\/www.notibras.com\/site\/\",\"logo\":{\"@type\":\"ImageObject\",\"inLanguage\":\"pt-BR\",\"@id\":\"https:\/\/www.notibras.com\/site\/#\/schema\/logo\/image\/\",\"url\":\"https:\/\/www.notibras.com\/site\/wp-content\/uploads\/2023\/01\/notibras23.png\",\"contentUrl\":\"https:\/\/www.notibras.com\/site\/wp-content\/uploads\/2023\/01\/notibras23.png\",\"width\":350,\"height\":87,\"caption\":\"Grupo Notibras de Comunica\u00e7\u00e3o\"},\"image\":{\"@id\":\"https:\/\/www.notibras.com\/site\/#\/schema\/logo\/image\/\"},\"sameAs\":[\"https:\/\/www.facebook.com\/notibras\/\",\"https:\/\/x.com\/Notibras\",\"https:\/\/www.instagram.com\/notibras\/\"]},{\"@type\":\"Person\",\"@id\":\"https:\/\/www.notibras.com\/site\/#\/schema\/person\/5b7fabf2aedc3ada2105f03b22b4d3dd\",\"name\":\"Eduardo Mart\u00ednez\",\"image\":{\"@type\":\"ImageObject\",\"inLanguage\":\"pt-BR\",\"@id\":\"https:\/\/secure.gravatar.com\/avatar\/7902f906289926289cbcda644b5197c796b893c6ffd7b9a536a42d290f7704a0?s=96&d=mm&r=g\",\"url\":\"https:\/\/secure.gravatar.com\/avatar\/7902f906289926289cbcda644b5197c796b893c6ffd7b9a536a42d290f7704a0?s=96&d=mm&r=g\",\"contentUrl\":\"https:\/\/secure.gravatar.com\/avatar\/7902f906289926289cbcda644b5197c796b893c6ffd7b9a536a42d290f7704a0?s=96&d=mm&r=g\",\"caption\":\"Eduardo Mart\u00ednez\"}}]}<\/script>\n<!-- \/ Yoast SEO plugin. -->","yoast_head_json":{"title":"Tra\u00e7o Masoquista: a normaliza\u00e7\u00e3o da dor e a dificuldade de se priorizar - Notibras","robots":{"index":"index","follow":"follow","max-snippet":"max-snippet:-1","max-image-preview":"max-image-preview:large","max-video-preview":"max-video-preview:-1"},"canonical":"https:\/\/www.notibras.com\/site\/traco-masoquista-a-normalizacao-da-dor-e-a-dificuldade-de-se-priorizar\/","og_locale":"pt_BR","og_type":"article","og_title":"Tra\u00e7o Masoquista: a normaliza\u00e7\u00e3o da dor e a dificuldade de se priorizar - Notibras","og_description":"O tra\u00e7o masoquista se forma a partir de uma ferida sutil e profunda: a ferida da humilha\u00e7\u00e3o. Essa ferida n\u00e3o precisa ser gritante para marcar; ela surge quando a crian\u00e7a aprende, atrav\u00e9s de experi\u00eancias repetidas, que sentir, querer ou expressar-se livremente gera puni\u00e7\u00e3o, vergonha ou diminui\u00e7\u00e3o. Ela entende, mesmo que silenciosamente, que o prazer ou [&hellip;]","og_url":"https:\/\/www.notibras.com\/site\/traco-masoquista-a-normalizacao-da-dor-e-a-dificuldade-de-se-priorizar\/","og_site_name":"Notibras","article_publisher":"https:\/\/www.facebook.com\/notibras\/","article_published_time":"2026-01-23T07:00:17+00:00","og_image":[{"width":1024,"height":1024,"url":"https:\/\/www.notibras.com\/site\/wp-content\/uploads\/2026\/01\/WhatsApp-Image-2026-01-12-at-21.15.20.jpeg","type":"image\/jpeg"}],"author":"Eduardo Mart\u00ednez","twitter_card":"summary_large_image","twitter_creator":"@Notibras","twitter_site":"@Notibras","twitter_misc":{"Escrito por":"Eduardo Mart\u00ednez","Est. tempo de leitura":"4 minutos"},"schema":{"@context":"https:\/\/schema.org","@graph":[{"@type":"Article","@id":"https:\/\/www.notibras.com\/site\/traco-masoquista-a-normalizacao-da-dor-e-a-dificuldade-de-se-priorizar\/#article","isPartOf":{"@id":"https:\/\/www.notibras.com\/site\/traco-masoquista-a-normalizacao-da-dor-e-a-dificuldade-de-se-priorizar\/"},"author":{"name":"Eduardo Mart\u00ednez","@id":"https:\/\/www.notibras.com\/site\/#\/schema\/person\/5b7fabf2aedc3ada2105f03b22b4d3dd"},"headline":"Tra\u00e7o Masoquista: a normaliza\u00e7\u00e3o da dor e a dificuldade de se priorizar","datePublished":"2026-01-23T07:00:17+00:00","mainEntityOfPage":{"@id":"https:\/\/www.notibras.com\/site\/traco-masoquista-a-normalizacao-da-dor-e-a-dificuldade-de-se-priorizar\/"},"wordCount":768,"publisher":{"@id":"https:\/\/www.notibras.com\/site\/#organization"},"image":{"@id":"https:\/\/www.notibras.com\/site\/traco-masoquista-a-normalizacao-da-dor-e-a-dificuldade-de-se-priorizar\/#primaryimage"},"thumbnailUrl":"https:\/\/www.notibras.com\/site\/wp-content\/uploads\/2026\/01\/WhatsApp-Image-2026-01-12-at-21.15.20.jpeg","articleSection":["Leitura Vip"],"inLanguage":"pt-BR"},{"@type":"WebPage","@id":"https:\/\/www.notibras.com\/site\/traco-masoquista-a-normalizacao-da-dor-e-a-dificuldade-de-se-priorizar\/","url":"https:\/\/www.notibras.com\/site\/traco-masoquista-a-normalizacao-da-dor-e-a-dificuldade-de-se-priorizar\/","name":"Tra\u00e7o Masoquista: a normaliza\u00e7\u00e3o da dor e a dificuldade de se priorizar - Notibras","isPartOf":{"@id":"https:\/\/www.notibras.com\/site\/#website"},"primaryImageOfPage":{"@id":"https:\/\/www.notibras.com\/site\/traco-masoquista-a-normalizacao-da-dor-e-a-dificuldade-de-se-priorizar\/#primaryimage"},"image":{"@id":"https:\/\/www.notibras.com\/site\/traco-masoquista-a-normalizacao-da-dor-e-a-dificuldade-de-se-priorizar\/#primaryimage"},"thumbnailUrl":"https:\/\/www.notibras.com\/site\/wp-content\/uploads\/2026\/01\/WhatsApp-Image-2026-01-12-at-21.15.20.jpeg","datePublished":"2026-01-23T07:00:17+00:00","breadcrumb":{"@id":"https:\/\/www.notibras.com\/site\/traco-masoquista-a-normalizacao-da-dor-e-a-dificuldade-de-se-priorizar\/#breadcrumb"},"inLanguage":"pt-BR","potentialAction":[{"@type":"ReadAction","target":["https:\/\/www.notibras.com\/site\/traco-masoquista-a-normalizacao-da-dor-e-a-dificuldade-de-se-priorizar\/"]}]},{"@type":"ImageObject","inLanguage":"pt-BR","@id":"https:\/\/www.notibras.com\/site\/traco-masoquista-a-normalizacao-da-dor-e-a-dificuldade-de-se-priorizar\/#primaryimage","url":"https:\/\/www.notibras.com\/site\/wp-content\/uploads\/2026\/01\/WhatsApp-Image-2026-01-12-at-21.15.20.jpeg","contentUrl":"https:\/\/www.notibras.com\/site\/wp-content\/uploads\/2026\/01\/WhatsApp-Image-2026-01-12-at-21.15.20.jpeg","width":1024,"height":1024},{"@type":"BreadcrumbList","@id":"https:\/\/www.notibras.com\/site\/traco-masoquista-a-normalizacao-da-dor-e-a-dificuldade-de-se-priorizar\/#breadcrumb","itemListElement":[{"@type":"ListItem","position":1,"name":"In\u00edcio","item":"https:\/\/www.notibras.com\/site\/"},{"@type":"ListItem","position":2,"name":"Tra\u00e7o Masoquista: a normaliza\u00e7\u00e3o da dor e a dificuldade de se priorizar"}]},{"@type":"WebSite","@id":"https:\/\/www.notibras.com\/site\/#website","url":"https:\/\/www.notibras.com\/site\/","name":"Notibras","description":"Not\u00edcias de Bras\u00edlia, do Brasil e do Mundo","publisher":{"@id":"https:\/\/www.notibras.com\/site\/#organization"},"potentialAction":[{"@type":"SearchAction","target":{"@type":"EntryPoint","urlTemplate":"https:\/\/www.notibras.com\/site\/?s={search_term_string}"},"query-input":{"@type":"PropertyValueSpecification","valueRequired":true,"valueName":"search_term_string"}}],"inLanguage":"pt-BR"},{"@type":"Organization","@id":"https:\/\/www.notibras.com\/site\/#organization","name":"Grupo Notibras de Comunica\u00e7\u00e3o","url":"https:\/\/www.notibras.com\/site\/","logo":{"@type":"ImageObject","inLanguage":"pt-BR","@id":"https:\/\/www.notibras.com\/site\/#\/schema\/logo\/image\/","url":"https:\/\/www.notibras.com\/site\/wp-content\/uploads\/2023\/01\/notibras23.png","contentUrl":"https:\/\/www.notibras.com\/site\/wp-content\/uploads\/2023\/01\/notibras23.png","width":350,"height":87,"caption":"Grupo Notibras de Comunica\u00e7\u00e3o"},"image":{"@id":"https:\/\/www.notibras.com\/site\/#\/schema\/logo\/image\/"},"sameAs":["https:\/\/www.facebook.com\/notibras\/","https:\/\/x.com\/Notibras","https:\/\/www.instagram.com\/notibras\/"]},{"@type":"Person","@id":"https:\/\/www.notibras.com\/site\/#\/schema\/person\/5b7fabf2aedc3ada2105f03b22b4d3dd","name":"Eduardo Mart\u00ednez","image":{"@type":"ImageObject","inLanguage":"pt-BR","@id":"https:\/\/secure.gravatar.com\/avatar\/7902f906289926289cbcda644b5197c796b893c6ffd7b9a536a42d290f7704a0?s=96&d=mm&r=g","url":"https:\/\/secure.gravatar.com\/avatar\/7902f906289926289cbcda644b5197c796b893c6ffd7b9a536a42d290f7704a0?s=96&d=mm&r=g","contentUrl":"https:\/\/secure.gravatar.com\/avatar\/7902f906289926289cbcda644b5197c796b893c6ffd7b9a536a42d290f7704a0?s=96&d=mm&r=g","caption":"Eduardo Mart\u00ednez"}}]}},"amp_enabled":true,"_links":{"self":[{"href":"https:\/\/www.notibras.com\/site\/wp-json\/wp\/v2\/posts\/380140","targetHints":{"allow":["GET"]}}],"collection":[{"href":"https:\/\/www.notibras.com\/site\/wp-json\/wp\/v2\/posts"}],"about":[{"href":"https:\/\/www.notibras.com\/site\/wp-json\/wp\/v2\/types\/post"}],"author":[{"embeddable":true,"href":"https:\/\/www.notibras.com\/site\/wp-json\/wp\/v2\/users\/21"}],"replies":[{"embeddable":true,"href":"https:\/\/www.notibras.com\/site\/wp-json\/wp\/v2\/comments?post=380140"}],"version-history":[{"count":4,"href":"https:\/\/www.notibras.com\/site\/wp-json\/wp\/v2\/posts\/380140\/revisions"}],"predecessor-version":[{"id":380145,"href":"https:\/\/www.notibras.com\/site\/wp-json\/wp\/v2\/posts\/380140\/revisions\/380145"}],"wp:featuredmedia":[{"embeddable":true,"href":"https:\/\/www.notibras.com\/site\/wp-json\/wp\/v2\/media\/380141"}],"wp:attachment":[{"href":"https:\/\/www.notibras.com\/site\/wp-json\/wp\/v2\/media?parent=380140"}],"wp:term":[{"taxonomy":"category","embeddable":true,"href":"https:\/\/www.notibras.com\/site\/wp-json\/wp\/v2\/categories?post=380140"},{"taxonomy":"post_tag","embeddable":true,"href":"https:\/\/www.notibras.com\/site\/wp-json\/wp\/v2\/tags?post=380140"}],"curies":[{"name":"wp","href":"https:\/\/api.w.org\/{rel}","templated":true}]}}