{"id":380146,"date":"2026-01-23T02:00:58","date_gmt":"2026-01-23T05:00:58","guid":{"rendered":"https:\/\/www.notibras.com\/site\/?p=380146"},"modified":"2026-01-22T23:44:25","modified_gmt":"2026-01-23T02:44:25","slug":"vovo-e-o-compromisso-com-o-elvis","status":"publish","type":"post","link":"https:\/\/www.notibras.com\/site\/vovo-e-o-compromisso-com-o-elvis\/","title":{"rendered":"Vov\u00f3 e o compromisso com o Elvis"},"content":{"rendered":"<p>Vov\u00f3 era f\u00e3 do Elvis. Ali\u00e1s, f\u00e3 \u00e9 eufemismo diante da paix\u00e3o que a arrebatou ainda na adolesc\u00eancia, quando ela se deparou pela primeira vez com aquela figura rebolativa, de cabelos negros, profundos olhos azuis e voz rouca e aveludada. E s\u00f3 n\u00e3o se casou com o gajo por uma sequ\u00eancia de impedimentos.<\/p>\n<p>Bem, o primeiro foi a concorr\u00eancia desleal, j\u00e1 que o rapazola era o desejo de milh\u00f5es de outras mo\u00e7oilas, muitas com \u00edmpeto atrevido para a \u00e9poca. Sem contar a dist\u00e2ncia, j\u00e1 que vov\u00f3 morava em Luzi\u00e2nia, cidade pr\u00f3xima \u00e0 Bras\u00edlia, que naquela \u00e9poca nem existia.<\/p>\n<p>A despeito desses pormenores, minha av\u00f3 me confidenciou que, ap\u00f3s uma noite de suadouro, acordou decidida a rumar para os Estados Unidos. Na verdade, ela nem sabia direito para onde era, a n\u00e3o ser que ficava na parte de cima do mapa-m\u00fandi.<\/p>\n<p>\u2014 Sabe, Douglas, eu n\u00e3o tinha ideia de como aquilo era longe. Mesmo assim, imaginei que, apertando o passo, chegaria a tempo do Natal.<\/p>\n<p>\u2014 Vov\u00f3, mas s\u00e3o quase oito mil quil\u00f4metros.<\/p>\n<p>\u2014 Ih, \u00e9 longe demais. Mas naquela \u00e9poca as minhas pernas eram fortes e serelepes. Rapidinho eu chegava.<\/p>\n<p>Nem quis entrar no m\u00e9rito de que \u00e9 imposs\u00edvel ir a p\u00e9 at\u00e9 os Estados Unidos, pois n\u00e3o seria eu que iria destruir o sonho da minha av\u00f3.<\/p>\n<p>\u2014 Mas por que a senhora desistiu?<\/p>\n<p>\u2014 Sabe, Douglas, apesar do respeito que tinha pelo meu pai, n\u00e3o era o fato dele me proibir de sair de casa para me encontrar com um sujeito de outro pa\u00eds que iria me impedir. Estava decidida, e mam\u00e3e sabia. Mas, justamente no dia da minha partida, ela me disse que estava gr\u00e1vida.<\/p>\n<p>\u2014 Gr\u00e1vida?<\/p>\n<p>\u2014 Sim. Gr\u00e1vida. Gr\u00e1vida do meu irm\u00e3o ca\u00e7ula, o Jorge.<\/p>\n<p>\u2014 Ent\u00e3o a senhora n\u00e3o se casou com o Elvis por causa do seu irm\u00e3o Jorge?<\/p>\n<p>\u2014 N\u00e3o por ele, que ele nem tinha nascido, e eu n\u00e3o o conhecia ainda. N\u00e3o fui simplesmente porque mam\u00e3e vivia nauseada quando estava buchuda.<\/p>\n<p>Seis meses ap\u00f3s meu tio-av\u00f4 Jorge vir ao mundo, minha av\u00f3, por acaso, se deparou com o futuro marido. Vov\u00f4 era um tipo cheio de galhardia e, talvez por isso, se sentia que nem pav\u00e3o rodeado de garotas admiradas.<\/p>\n<p>A princ\u00edpio, minha av\u00f3 tentou evitar qualquer envolvimento com aquele homem, ainda mais porque ela tinha firmado compromisso, mesmo que unilateral, com o astro do rock and roll. Seja como for, ap\u00f3s algum tempo, ela cedeu.<\/p>\n<p>\u2014 Sabe, Douglas, seu av\u00f4 e eu nos casamos em maio de 1960, quando Bras\u00edlia havia acabado de se tornar capital. Eu amei o meu marido durante todo o nosso casamento, at\u00e9 que ele se foi no ano passado. Mas ainda carrego um sentimento de culpa.<\/p>\n<p>\u2014 Culpa? Culpa por qu\u00ea, vov\u00f3?<\/p>\n<p>\u2014 Nunca tive a oportunidade de falar pro Elvis por que eu o troquei por outro.<\/p>\n<p>Minha av\u00f3 faleceu dois dias ap\u00f3s essa nossa \u00faltima conversa. J\u00e1 era esperado, mas nunca estamos preparados para perder algu\u00e9m t\u00e3o pr\u00f3ximo. O Elvis realmente perdeu a oportunidade de conhec\u00ea-la.<\/p>\n<p><strong>\u2026\u2026\u2026\u2026\u2026\u2026\u2026\u2026<\/strong><\/p>\n<p><strong>Eduardo Mart\u00ednez \u00e9 autor do livro \u201957 Contos e Cr\u00f4nicas por um Autor Muito Velho\u2019 (Vencedor do Pr\u00eamio Liter\u00e1rio Clarice Lispector \u2013 2025 na categoria livro de contos).<\/strong><\/p>\n<p><strong>Compre aqui<\/strong><\/p>\n<p><a href=\"https:\/\/www.joanineditora.com.br\/57-contos-e-cronicas-por-um-autor-muito-velho\"><strong>https:\/\/www.joanineditora.com.br\/57-contos-e-cronicas-por-um-autor-muito-velho<\/strong><\/a><\/p>\n","protected":false},"excerpt":{"rendered":"<p>Vov\u00f3 era f\u00e3 do Elvis. Ali\u00e1s, f\u00e3 \u00e9 eufemismo diante da paix\u00e3o que a arrebatou ainda na adolesc\u00eancia, quando ela se deparou pela primeira vez com aquela figura rebolativa, de cabelos negros, profundos olhos azuis e voz rouca e aveludada. E s\u00f3 n\u00e3o se casou com o gajo por uma sequ\u00eancia de impedimentos. Bem, o [&hellip;]<\/p>\n","protected":false},"author":21,"featured_media":380150,"comment_status":"closed","ping_status":"closed","sticky":false,"template":"","format":"standard","meta":{"_acf_changed":false,"footnotes":""},"categories":[161],"tags":[],"class_list":["post-380146","post","type-post","status-publish","format-standard","has-post-thumbnail","hentry","category-quadradinho-em-foco"],"acf":[],"yoast_head":"<!-- This site is optimized with the Yoast SEO plugin v27.2 - https:\/\/yoast.com\/product\/yoast-seo-wordpress\/ -->\n<title>Vov\u00f3 e o compromisso com o Elvis - Notibras<\/title>\n<meta name=\"robots\" content=\"index, follow, max-snippet:-1, max-image-preview:large, max-video-preview:-1\" \/>\n<link rel=\"canonical\" href=\"https:\/\/www.notibras.com\/site\/vovo-e-o-compromisso-com-o-elvis\/\" \/>\n<meta property=\"og:locale\" content=\"pt_BR\" \/>\n<meta property=\"og:type\" content=\"article\" \/>\n<meta property=\"og:title\" content=\"Vov\u00f3 e o compromisso com o Elvis - Notibras\" \/>\n<meta property=\"og:description\" content=\"Vov\u00f3 era f\u00e3 do Elvis. Ali\u00e1s, f\u00e3 \u00e9 eufemismo diante da paix\u00e3o que a arrebatou ainda na adolesc\u00eancia, quando ela se deparou pela primeira vez com aquela figura rebolativa, de cabelos negros, profundos olhos azuis e voz rouca e aveludada. E s\u00f3 n\u00e3o se casou com o gajo por uma sequ\u00eancia de impedimentos. Bem, o [&hellip;]\" \/>\n<meta property=\"og:url\" content=\"https:\/\/www.notibras.com\/site\/vovo-e-o-compromisso-com-o-elvis\/\" \/>\n<meta property=\"og:site_name\" content=\"Notibras\" \/>\n<meta property=\"article:publisher\" content=\"https:\/\/www.facebook.com\/notibras\/\" \/>\n<meta property=\"article:published_time\" content=\"2026-01-23T05:00:58+00:00\" \/>\n<meta property=\"og:image\" content=\"https:\/\/www.notibras.com\/site\/wp-content\/uploads\/2026\/01\/WhatsApp-Image-2026-01-22-at-23.39.11.jpeg\" \/>\n\t<meta property=\"og:image:width\" content=\"1536\" \/>\n\t<meta property=\"og:image:height\" content=\"1024\" \/>\n\t<meta property=\"og:image:type\" content=\"image\/jpeg\" \/>\n<meta name=\"author\" content=\"Eduardo Mart\u00ednez\" \/>\n<meta name=\"twitter:card\" content=\"summary_large_image\" \/>\n<meta name=\"twitter:creator\" content=\"@Notibras\" \/>\n<meta name=\"twitter:site\" content=\"@Notibras\" \/>\n<meta name=\"twitter:label1\" content=\"Escrito por\" \/>\n\t<meta name=\"twitter:data1\" content=\"Eduardo Mart\u00ednez\" \/>\n\t<meta name=\"twitter:label2\" content=\"Est. tempo de leitura\" \/>\n\t<meta name=\"twitter:data2\" content=\"4 minutos\" \/>\n<script type=\"application\/ld+json\" class=\"yoast-schema-graph\">{\"@context\":\"https:\/\/schema.org\",\"@graph\":[{\"@type\":\"Article\",\"@id\":\"https:\/\/www.notibras.com\/site\/vovo-e-o-compromisso-com-o-elvis\/#article\",\"isPartOf\":{\"@id\":\"https:\/\/www.notibras.com\/site\/vovo-e-o-compromisso-com-o-elvis\/\"},\"author\":{\"name\":\"Eduardo Mart\u00ednez\",\"@id\":\"https:\/\/www.notibras.com\/site\/#\/schema\/person\/5b7fabf2aedc3ada2105f03b22b4d3dd\"},\"headline\":\"Vov\u00f3 e o compromisso com o Elvis\",\"datePublished\":\"2026-01-23T05:00:58+00:00\",\"mainEntityOfPage\":{\"@id\":\"https:\/\/www.notibras.com\/site\/vovo-e-o-compromisso-com-o-elvis\/\"},\"wordCount\":577,\"publisher\":{\"@id\":\"https:\/\/www.notibras.com\/site\/#organization\"},\"image\":{\"@id\":\"https:\/\/www.notibras.com\/site\/vovo-e-o-compromisso-com-o-elvis\/#primaryimage\"},\"thumbnailUrl\":\"https:\/\/www.notibras.com\/site\/wp-content\/uploads\/2026\/01\/WhatsApp-Image-2026-01-22-at-23.39.11.jpeg\",\"articleSection\":[\"Quadradinho em Foco\"],\"inLanguage\":\"pt-BR\"},{\"@type\":\"WebPage\",\"@id\":\"https:\/\/www.notibras.com\/site\/vovo-e-o-compromisso-com-o-elvis\/\",\"url\":\"https:\/\/www.notibras.com\/site\/vovo-e-o-compromisso-com-o-elvis\/\",\"name\":\"Vov\u00f3 e o compromisso com o Elvis - Notibras\",\"isPartOf\":{\"@id\":\"https:\/\/www.notibras.com\/site\/#website\"},\"primaryImageOfPage\":{\"@id\":\"https:\/\/www.notibras.com\/site\/vovo-e-o-compromisso-com-o-elvis\/#primaryimage\"},\"image\":{\"@id\":\"https:\/\/www.notibras.com\/site\/vovo-e-o-compromisso-com-o-elvis\/#primaryimage\"},\"thumbnailUrl\":\"https:\/\/www.notibras.com\/site\/wp-content\/uploads\/2026\/01\/WhatsApp-Image-2026-01-22-at-23.39.11.jpeg\",\"datePublished\":\"2026-01-23T05:00:58+00:00\",\"breadcrumb\":{\"@id\":\"https:\/\/www.notibras.com\/site\/vovo-e-o-compromisso-com-o-elvis\/#breadcrumb\"},\"inLanguage\":\"pt-BR\",\"potentialAction\":[{\"@type\":\"ReadAction\",\"target\":[\"https:\/\/www.notibras.com\/site\/vovo-e-o-compromisso-com-o-elvis\/\"]}]},{\"@type\":\"ImageObject\",\"inLanguage\":\"pt-BR\",\"@id\":\"https:\/\/www.notibras.com\/site\/vovo-e-o-compromisso-com-o-elvis\/#primaryimage\",\"url\":\"https:\/\/www.notibras.com\/site\/wp-content\/uploads\/2026\/01\/WhatsApp-Image-2026-01-22-at-23.39.11.jpeg\",\"contentUrl\":\"https:\/\/www.notibras.com\/site\/wp-content\/uploads\/2026\/01\/WhatsApp-Image-2026-01-22-at-23.39.11.jpeg\",\"width\":1536,\"height\":1024},{\"@type\":\"BreadcrumbList\",\"@id\":\"https:\/\/www.notibras.com\/site\/vovo-e-o-compromisso-com-o-elvis\/#breadcrumb\",\"itemListElement\":[{\"@type\":\"ListItem\",\"position\":1,\"name\":\"In\u00edcio\",\"item\":\"https:\/\/www.notibras.com\/site\/\"},{\"@type\":\"ListItem\",\"position\":2,\"name\":\"Vov\u00f3 e o compromisso com o Elvis\"}]},{\"@type\":\"WebSite\",\"@id\":\"https:\/\/www.notibras.com\/site\/#website\",\"url\":\"https:\/\/www.notibras.com\/site\/\",\"name\":\"Notibras\",\"description\":\"Not\u00edcias de Bras\u00edlia, do Brasil e do Mundo\",\"publisher\":{\"@id\":\"https:\/\/www.notibras.com\/site\/#organization\"},\"potentialAction\":[{\"@type\":\"SearchAction\",\"target\":{\"@type\":\"EntryPoint\",\"urlTemplate\":\"https:\/\/www.notibras.com\/site\/?s={search_term_string}\"},\"query-input\":{\"@type\":\"PropertyValueSpecification\",\"valueRequired\":true,\"valueName\":\"search_term_string\"}}],\"inLanguage\":\"pt-BR\"},{\"@type\":\"Organization\",\"@id\":\"https:\/\/www.notibras.com\/site\/#organization\",\"name\":\"Grupo Notibras de Comunica\u00e7\u00e3o\",\"url\":\"https:\/\/www.notibras.com\/site\/\",\"logo\":{\"@type\":\"ImageObject\",\"inLanguage\":\"pt-BR\",\"@id\":\"https:\/\/www.notibras.com\/site\/#\/schema\/logo\/image\/\",\"url\":\"https:\/\/www.notibras.com\/site\/wp-content\/uploads\/2023\/01\/notibras23.png\",\"contentUrl\":\"https:\/\/www.notibras.com\/site\/wp-content\/uploads\/2023\/01\/notibras23.png\",\"width\":350,\"height\":87,\"caption\":\"Grupo Notibras de Comunica\u00e7\u00e3o\"},\"image\":{\"@id\":\"https:\/\/www.notibras.com\/site\/#\/schema\/logo\/image\/\"},\"sameAs\":[\"https:\/\/www.facebook.com\/notibras\/\",\"https:\/\/x.com\/Notibras\",\"https:\/\/www.instagram.com\/notibras\/\"]},{\"@type\":\"Person\",\"@id\":\"https:\/\/www.notibras.com\/site\/#\/schema\/person\/5b7fabf2aedc3ada2105f03b22b4d3dd\",\"name\":\"Eduardo Mart\u00ednez\",\"image\":{\"@type\":\"ImageObject\",\"inLanguage\":\"pt-BR\",\"@id\":\"https:\/\/secure.gravatar.com\/avatar\/7902f906289926289cbcda644b5197c796b893c6ffd7b9a536a42d290f7704a0?s=96&d=mm&r=g\",\"url\":\"https:\/\/secure.gravatar.com\/avatar\/7902f906289926289cbcda644b5197c796b893c6ffd7b9a536a42d290f7704a0?s=96&d=mm&r=g\",\"contentUrl\":\"https:\/\/secure.gravatar.com\/avatar\/7902f906289926289cbcda644b5197c796b893c6ffd7b9a536a42d290f7704a0?s=96&d=mm&r=g\",\"caption\":\"Eduardo Mart\u00ednez\"}}]}<\/script>\n<!-- \/ Yoast SEO plugin. -->","yoast_head_json":{"title":"Vov\u00f3 e o compromisso com o Elvis - Notibras","robots":{"index":"index","follow":"follow","max-snippet":"max-snippet:-1","max-image-preview":"max-image-preview:large","max-video-preview":"max-video-preview:-1"},"canonical":"https:\/\/www.notibras.com\/site\/vovo-e-o-compromisso-com-o-elvis\/","og_locale":"pt_BR","og_type":"article","og_title":"Vov\u00f3 e o compromisso com o Elvis - Notibras","og_description":"Vov\u00f3 era f\u00e3 do Elvis. Ali\u00e1s, f\u00e3 \u00e9 eufemismo diante da paix\u00e3o que a arrebatou ainda na adolesc\u00eancia, quando ela se deparou pela primeira vez com aquela figura rebolativa, de cabelos negros, profundos olhos azuis e voz rouca e aveludada. E s\u00f3 n\u00e3o se casou com o gajo por uma sequ\u00eancia de impedimentos. Bem, o [&hellip;]","og_url":"https:\/\/www.notibras.com\/site\/vovo-e-o-compromisso-com-o-elvis\/","og_site_name":"Notibras","article_publisher":"https:\/\/www.facebook.com\/notibras\/","article_published_time":"2026-01-23T05:00:58+00:00","og_image":[{"width":1536,"height":1024,"url":"https:\/\/www.notibras.com\/site\/wp-content\/uploads\/2026\/01\/WhatsApp-Image-2026-01-22-at-23.39.11.jpeg","type":"image\/jpeg"}],"author":"Eduardo Mart\u00ednez","twitter_card":"summary_large_image","twitter_creator":"@Notibras","twitter_site":"@Notibras","twitter_misc":{"Escrito por":"Eduardo Mart\u00ednez","Est. tempo de leitura":"4 minutos"},"schema":{"@context":"https:\/\/schema.org","@graph":[{"@type":"Article","@id":"https:\/\/www.notibras.com\/site\/vovo-e-o-compromisso-com-o-elvis\/#article","isPartOf":{"@id":"https:\/\/www.notibras.com\/site\/vovo-e-o-compromisso-com-o-elvis\/"},"author":{"name":"Eduardo Mart\u00ednez","@id":"https:\/\/www.notibras.com\/site\/#\/schema\/person\/5b7fabf2aedc3ada2105f03b22b4d3dd"},"headline":"Vov\u00f3 e o compromisso com o Elvis","datePublished":"2026-01-23T05:00:58+00:00","mainEntityOfPage":{"@id":"https:\/\/www.notibras.com\/site\/vovo-e-o-compromisso-com-o-elvis\/"},"wordCount":577,"publisher":{"@id":"https:\/\/www.notibras.com\/site\/#organization"},"image":{"@id":"https:\/\/www.notibras.com\/site\/vovo-e-o-compromisso-com-o-elvis\/#primaryimage"},"thumbnailUrl":"https:\/\/www.notibras.com\/site\/wp-content\/uploads\/2026\/01\/WhatsApp-Image-2026-01-22-at-23.39.11.jpeg","articleSection":["Quadradinho em Foco"],"inLanguage":"pt-BR"},{"@type":"WebPage","@id":"https:\/\/www.notibras.com\/site\/vovo-e-o-compromisso-com-o-elvis\/","url":"https:\/\/www.notibras.com\/site\/vovo-e-o-compromisso-com-o-elvis\/","name":"Vov\u00f3 e o compromisso com o Elvis - Notibras","isPartOf":{"@id":"https:\/\/www.notibras.com\/site\/#website"},"primaryImageOfPage":{"@id":"https:\/\/www.notibras.com\/site\/vovo-e-o-compromisso-com-o-elvis\/#primaryimage"},"image":{"@id":"https:\/\/www.notibras.com\/site\/vovo-e-o-compromisso-com-o-elvis\/#primaryimage"},"thumbnailUrl":"https:\/\/www.notibras.com\/site\/wp-content\/uploads\/2026\/01\/WhatsApp-Image-2026-01-22-at-23.39.11.jpeg","datePublished":"2026-01-23T05:00:58+00:00","breadcrumb":{"@id":"https:\/\/www.notibras.com\/site\/vovo-e-o-compromisso-com-o-elvis\/#breadcrumb"},"inLanguage":"pt-BR","potentialAction":[{"@type":"ReadAction","target":["https:\/\/www.notibras.com\/site\/vovo-e-o-compromisso-com-o-elvis\/"]}]},{"@type":"ImageObject","inLanguage":"pt-BR","@id":"https:\/\/www.notibras.com\/site\/vovo-e-o-compromisso-com-o-elvis\/#primaryimage","url":"https:\/\/www.notibras.com\/site\/wp-content\/uploads\/2026\/01\/WhatsApp-Image-2026-01-22-at-23.39.11.jpeg","contentUrl":"https:\/\/www.notibras.com\/site\/wp-content\/uploads\/2026\/01\/WhatsApp-Image-2026-01-22-at-23.39.11.jpeg","width":1536,"height":1024},{"@type":"BreadcrumbList","@id":"https:\/\/www.notibras.com\/site\/vovo-e-o-compromisso-com-o-elvis\/#breadcrumb","itemListElement":[{"@type":"ListItem","position":1,"name":"In\u00edcio","item":"https:\/\/www.notibras.com\/site\/"},{"@type":"ListItem","position":2,"name":"Vov\u00f3 e o compromisso com o Elvis"}]},{"@type":"WebSite","@id":"https:\/\/www.notibras.com\/site\/#website","url":"https:\/\/www.notibras.com\/site\/","name":"Notibras","description":"Not\u00edcias de Bras\u00edlia, do Brasil e do Mundo","publisher":{"@id":"https:\/\/www.notibras.com\/site\/#organization"},"potentialAction":[{"@type":"SearchAction","target":{"@type":"EntryPoint","urlTemplate":"https:\/\/www.notibras.com\/site\/?s={search_term_string}"},"query-input":{"@type":"PropertyValueSpecification","valueRequired":true,"valueName":"search_term_string"}}],"inLanguage":"pt-BR"},{"@type":"Organization","@id":"https:\/\/www.notibras.com\/site\/#organization","name":"Grupo Notibras de Comunica\u00e7\u00e3o","url":"https:\/\/www.notibras.com\/site\/","logo":{"@type":"ImageObject","inLanguage":"pt-BR","@id":"https:\/\/www.notibras.com\/site\/#\/schema\/logo\/image\/","url":"https:\/\/www.notibras.com\/site\/wp-content\/uploads\/2023\/01\/notibras23.png","contentUrl":"https:\/\/www.notibras.com\/site\/wp-content\/uploads\/2023\/01\/notibras23.png","width":350,"height":87,"caption":"Grupo Notibras de Comunica\u00e7\u00e3o"},"image":{"@id":"https:\/\/www.notibras.com\/site\/#\/schema\/logo\/image\/"},"sameAs":["https:\/\/www.facebook.com\/notibras\/","https:\/\/x.com\/Notibras","https:\/\/www.instagram.com\/notibras\/"]},{"@type":"Person","@id":"https:\/\/www.notibras.com\/site\/#\/schema\/person\/5b7fabf2aedc3ada2105f03b22b4d3dd","name":"Eduardo Mart\u00ednez","image":{"@type":"ImageObject","inLanguage":"pt-BR","@id":"https:\/\/secure.gravatar.com\/avatar\/7902f906289926289cbcda644b5197c796b893c6ffd7b9a536a42d290f7704a0?s=96&d=mm&r=g","url":"https:\/\/secure.gravatar.com\/avatar\/7902f906289926289cbcda644b5197c796b893c6ffd7b9a536a42d290f7704a0?s=96&d=mm&r=g","contentUrl":"https:\/\/secure.gravatar.com\/avatar\/7902f906289926289cbcda644b5197c796b893c6ffd7b9a536a42d290f7704a0?s=96&d=mm&r=g","caption":"Eduardo Mart\u00ednez"}}]}},"amp_enabled":true,"_links":{"self":[{"href":"https:\/\/www.notibras.com\/site\/wp-json\/wp\/v2\/posts\/380146","targetHints":{"allow":["GET"]}}],"collection":[{"href":"https:\/\/www.notibras.com\/site\/wp-json\/wp\/v2\/posts"}],"about":[{"href":"https:\/\/www.notibras.com\/site\/wp-json\/wp\/v2\/types\/post"}],"author":[{"embeddable":true,"href":"https:\/\/www.notibras.com\/site\/wp-json\/wp\/v2\/users\/21"}],"replies":[{"embeddable":true,"href":"https:\/\/www.notibras.com\/site\/wp-json\/wp\/v2\/comments?post=380146"}],"version-history":[{"count":3,"href":"https:\/\/www.notibras.com\/site\/wp-json\/wp\/v2\/posts\/380146\/revisions"}],"predecessor-version":[{"id":380151,"href":"https:\/\/www.notibras.com\/site\/wp-json\/wp\/v2\/posts\/380146\/revisions\/380151"}],"wp:featuredmedia":[{"embeddable":true,"href":"https:\/\/www.notibras.com\/site\/wp-json\/wp\/v2\/media\/380150"}],"wp:attachment":[{"href":"https:\/\/www.notibras.com\/site\/wp-json\/wp\/v2\/media?parent=380146"}],"wp:term":[{"taxonomy":"category","embeddable":true,"href":"https:\/\/www.notibras.com\/site\/wp-json\/wp\/v2\/categories?post=380146"},{"taxonomy":"post_tag","embeddable":true,"href":"https:\/\/www.notibras.com\/site\/wp-json\/wp\/v2\/tags?post=380146"}],"curies":[{"name":"wp","href":"https:\/\/api.w.org\/{rel}","templated":true}]}}