{"id":380152,"date":"2026-01-23T02:00:29","date_gmt":"2026-01-23T05:00:29","guid":{"rendered":"https:\/\/www.notibras.com\/site\/?p=380152"},"modified":"2026-01-23T04:26:36","modified_gmt":"2026-01-23T07:26:36","slug":"tarcisio-desiste-da-corrida-ao-planalto-e-da-lugar-ao-01","status":"publish","type":"post","link":"https:\/\/www.notibras.com\/site\/tarcisio-desiste-da-corrida-ao-planalto-e-da-lugar-ao-01\/","title":{"rendered":"Tarc\u00edsio desiste da corrida ao Planalto e d\u00e1 lugar ao 01"},"content":{"rendered":"<p>Por livre e espont\u00e2nea press\u00e3o, Tarc\u00edsio de Freitas desistiu de concorrer \u00e0 Presid\u00eancia da Rep\u00fablica. A express\u00e3o pode soar ir\u00f4nica (e \u00e9) porque, de espont\u00e2neo, isso n\u00e3o parece ter tido nada.<\/p>\n<p>Fl\u00e1vio Bolsonaro j\u00e1 havia avisado: Tarc\u00edsio n\u00e3o tinha escolha. O recado foi dado de forma clara e p\u00fablica. N\u00e3o havia espa\u00e7o para d\u00favidas, nem para vontades pr\u00f3prias. A decis\u00e3o, ao que tudo indica, n\u00e3o passava pelo projeto pessoal ou pol\u00edtico de Tarc\u00edsio, mas por uma l\u00f3gica de tutela, de hierarquia, de obedi\u00eancia.<\/p>\n<p>Mas ser\u00e1 que Tarc\u00edsio n\u00e3o tem mesmo escolha?<\/p>\n<p>Ou ser\u00e1 que o que falta \u00e9 coragem para romper com a fam\u00edlia Bolsonaro? Porque pol\u00edtica, ao menos em tese, deveria ser o espa\u00e7o do debate, da constru\u00e7\u00e3o coletiva, da autonomia. Mas o que se v\u00ea \u00e9 a repeti\u00e7\u00e3o de um m\u00e9todo: quem ousa sair da linha \u00e9 rapidamente lembrado do seu lugar<\/p>\n<p>O epis\u00f3dio escancara algo maior do que uma simples desist\u00eancia eleitoral. Mostra como certos grupos tratam o poder como propriedade privada, onde candidaturas n\u00e3o nascem de projetos para o pa\u00eds, mas de autoriza\u00e7\u00f5es concedidas ou negadas por quem se considera dono do jogo.<\/p>\n","protected":false},"excerpt":{"rendered":"<p>Por livre e espont\u00e2nea press\u00e3o, Tarc\u00edsio de Freitas desistiu de concorrer \u00e0 Presid\u00eancia da Rep\u00fablica. A express\u00e3o pode soar ir\u00f4nica (e \u00e9) porque, de espont\u00e2neo, isso n\u00e3o parece ter tido nada. Fl\u00e1vio Bolsonaro j\u00e1 havia avisado: Tarc\u00edsio n\u00e3o tinha escolha. O recado foi dado de forma clara e p\u00fablica. N\u00e3o havia espa\u00e7o para d\u00favidas, nem [&hellip;]<\/p>\n","protected":false},"author":21,"featured_media":196711,"comment_status":"closed","ping_status":"closed","sticky":false,"template":"","format":"standard","meta":{"_acf_changed":false,"footnotes":""},"categories":[235],"tags":[],"class_list":["post-380152","post","type-post","status-publish","format-standard","has-post-thumbnail","hentry","category-dona-irene"],"acf":[],"yoast_head":"<!-- This site is optimized with the Yoast SEO plugin v27.2 - https:\/\/yoast.com\/product\/yoast-seo-wordpress\/ -->\n<title>Tarc\u00edsio desiste da corrida ao Planalto e d\u00e1 lugar ao 01 - Notibras<\/title>\n<meta name=\"robots\" content=\"index, follow, max-snippet:-1, max-image-preview:large, max-video-preview:-1\" \/>\n<link rel=\"canonical\" href=\"https:\/\/www.notibras.com\/site\/tarcisio-desiste-da-corrida-ao-planalto-e-da-lugar-ao-01\/\" \/>\n<meta property=\"og:locale\" content=\"pt_BR\" \/>\n<meta property=\"og:type\" content=\"article\" \/>\n<meta property=\"og:title\" content=\"Tarc\u00edsio desiste da corrida ao Planalto e d\u00e1 lugar ao 01 - Notibras\" \/>\n<meta property=\"og:description\" content=\"Por livre e espont\u00e2nea press\u00e3o, Tarc\u00edsio de Freitas desistiu de concorrer \u00e0 Presid\u00eancia da Rep\u00fablica. A express\u00e3o pode soar ir\u00f4nica (e \u00e9) porque, de espont\u00e2neo, isso n\u00e3o parece ter tido nada. Fl\u00e1vio Bolsonaro j\u00e1 havia avisado: Tarc\u00edsio n\u00e3o tinha escolha. O recado foi dado de forma clara e p\u00fablica. N\u00e3o havia espa\u00e7o para d\u00favidas, nem [&hellip;]\" \/>\n<meta property=\"og:url\" content=\"https:\/\/www.notibras.com\/site\/tarcisio-desiste-da-corrida-ao-planalto-e-da-lugar-ao-01\/\" \/>\n<meta property=\"og:site_name\" content=\"Notibras\" \/>\n<meta property=\"article:publisher\" content=\"https:\/\/www.facebook.com\/notibras\/\" \/>\n<meta property=\"article:published_time\" content=\"2026-01-23T05:00:29+00:00\" \/>\n<meta property=\"article:modified_time\" content=\"2026-01-23T07:26:36+00:00\" \/>\n<meta property=\"og:image\" content=\"https:\/\/www.notibras.com\/site\/wp-content\/uploads\/2018\/12\/Flavio-Bolsonaro-Globonews-868x644.png\" \/>\n\t<meta property=\"og:image:width\" content=\"868\" \/>\n\t<meta property=\"og:image:height\" content=\"644\" \/>\n\t<meta property=\"og:image:type\" content=\"image\/png\" \/>\n<meta name=\"author\" content=\"Eduardo Mart\u00ednez\" \/>\n<meta name=\"twitter:card\" content=\"summary_large_image\" \/>\n<meta name=\"twitter:creator\" content=\"@Notibras\" \/>\n<meta name=\"twitter:site\" content=\"@Notibras\" \/>\n<meta name=\"twitter:label1\" content=\"Escrito por\" \/>\n\t<meta name=\"twitter:data1\" content=\"Eduardo Mart\u00ednez\" \/>\n\t<meta name=\"twitter:label2\" content=\"Est. tempo de leitura\" \/>\n\t<meta name=\"twitter:data2\" content=\"2 minutos\" \/>\n<script type=\"application\/ld+json\" class=\"yoast-schema-graph\">{\"@context\":\"https:\/\/schema.org\",\"@graph\":[{\"@type\":\"Article\",\"@id\":\"https:\/\/www.notibras.com\/site\/tarcisio-desiste-da-corrida-ao-planalto-e-da-lugar-ao-01\/#article\",\"isPartOf\":{\"@id\":\"https:\/\/www.notibras.com\/site\/tarcisio-desiste-da-corrida-ao-planalto-e-da-lugar-ao-01\/\"},\"author\":{\"name\":\"Eduardo Mart\u00ednez\",\"@id\":\"https:\/\/www.notibras.com\/site\/#\/schema\/person\/5b7fabf2aedc3ada2105f03b22b4d3dd\"},\"headline\":\"Tarc\u00edsio desiste da corrida ao Planalto e d\u00e1 lugar ao 01\",\"datePublished\":\"2026-01-23T05:00:29+00:00\",\"dateModified\":\"2026-01-23T07:26:36+00:00\",\"mainEntityOfPage\":{\"@id\":\"https:\/\/www.notibras.com\/site\/tarcisio-desiste-da-corrida-ao-planalto-e-da-lugar-ao-01\/\"},\"wordCount\":229,\"publisher\":{\"@id\":\"https:\/\/www.notibras.com\/site\/#organization\"},\"image\":{\"@id\":\"https:\/\/www.notibras.com\/site\/tarcisio-desiste-da-corrida-ao-planalto-e-da-lugar-ao-01\/#primaryimage\"},\"thumbnailUrl\":\"https:\/\/www.notibras.com\/site\/wp-content\/uploads\/2018\/12\/Flavio-Bolsonaro-Globonews-868x644.png\",\"articleSection\":[\"Dona Irene\"],\"inLanguage\":\"pt-BR\"},{\"@type\":\"WebPage\",\"@id\":\"https:\/\/www.notibras.com\/site\/tarcisio-desiste-da-corrida-ao-planalto-e-da-lugar-ao-01\/\",\"url\":\"https:\/\/www.notibras.com\/site\/tarcisio-desiste-da-corrida-ao-planalto-e-da-lugar-ao-01\/\",\"name\":\"Tarc\u00edsio desiste da corrida ao Planalto e d\u00e1 lugar ao 01 - Notibras\",\"isPartOf\":{\"@id\":\"https:\/\/www.notibras.com\/site\/#website\"},\"primaryImageOfPage\":{\"@id\":\"https:\/\/www.notibras.com\/site\/tarcisio-desiste-da-corrida-ao-planalto-e-da-lugar-ao-01\/#primaryimage\"},\"image\":{\"@id\":\"https:\/\/www.notibras.com\/site\/tarcisio-desiste-da-corrida-ao-planalto-e-da-lugar-ao-01\/#primaryimage\"},\"thumbnailUrl\":\"https:\/\/www.notibras.com\/site\/wp-content\/uploads\/2018\/12\/Flavio-Bolsonaro-Globonews-868x644.png\",\"datePublished\":\"2026-01-23T05:00:29+00:00\",\"dateModified\":\"2026-01-23T07:26:36+00:00\",\"breadcrumb\":{\"@id\":\"https:\/\/www.notibras.com\/site\/tarcisio-desiste-da-corrida-ao-planalto-e-da-lugar-ao-01\/#breadcrumb\"},\"inLanguage\":\"pt-BR\",\"potentialAction\":[{\"@type\":\"ReadAction\",\"target\":[\"https:\/\/www.notibras.com\/site\/tarcisio-desiste-da-corrida-ao-planalto-e-da-lugar-ao-01\/\"]}]},{\"@type\":\"ImageObject\",\"inLanguage\":\"pt-BR\",\"@id\":\"https:\/\/www.notibras.com\/site\/tarcisio-desiste-da-corrida-ao-planalto-e-da-lugar-ao-01\/#primaryimage\",\"url\":\"https:\/\/www.notibras.com\/site\/wp-content\/uploads\/2018\/12\/Flavio-Bolsonaro-Globonews-868x644.png\",\"contentUrl\":\"https:\/\/www.notibras.com\/site\/wp-content\/uploads\/2018\/12\/Flavio-Bolsonaro-Globonews-868x644.png\",\"width\":868,\"height\":644},{\"@type\":\"BreadcrumbList\",\"@id\":\"https:\/\/www.notibras.com\/site\/tarcisio-desiste-da-corrida-ao-planalto-e-da-lugar-ao-01\/#breadcrumb\",\"itemListElement\":[{\"@type\":\"ListItem\",\"position\":1,\"name\":\"In\u00edcio\",\"item\":\"https:\/\/www.notibras.com\/site\/\"},{\"@type\":\"ListItem\",\"position\":2,\"name\":\"Tarc\u00edsio desiste da corrida ao Planalto e d\u00e1 lugar ao 01\"}]},{\"@type\":\"WebSite\",\"@id\":\"https:\/\/www.notibras.com\/site\/#website\",\"url\":\"https:\/\/www.notibras.com\/site\/\",\"name\":\"Notibras\",\"description\":\"Not\u00edcias de Bras\u00edlia, do Brasil e do Mundo\",\"publisher\":{\"@id\":\"https:\/\/www.notibras.com\/site\/#organization\"},\"potentialAction\":[{\"@type\":\"SearchAction\",\"target\":{\"@type\":\"EntryPoint\",\"urlTemplate\":\"https:\/\/www.notibras.com\/site\/?s={search_term_string}\"},\"query-input\":{\"@type\":\"PropertyValueSpecification\",\"valueRequired\":true,\"valueName\":\"search_term_string\"}}],\"inLanguage\":\"pt-BR\"},{\"@type\":\"Organization\",\"@id\":\"https:\/\/www.notibras.com\/site\/#organization\",\"name\":\"Grupo Notibras de Comunica\u00e7\u00e3o\",\"url\":\"https:\/\/www.notibras.com\/site\/\",\"logo\":{\"@type\":\"ImageObject\",\"inLanguage\":\"pt-BR\",\"@id\":\"https:\/\/www.notibras.com\/site\/#\/schema\/logo\/image\/\",\"url\":\"https:\/\/www.notibras.com\/site\/wp-content\/uploads\/2023\/01\/notibras23.png\",\"contentUrl\":\"https:\/\/www.notibras.com\/site\/wp-content\/uploads\/2023\/01\/notibras23.png\",\"width\":350,\"height\":87,\"caption\":\"Grupo Notibras de Comunica\u00e7\u00e3o\"},\"image\":{\"@id\":\"https:\/\/www.notibras.com\/site\/#\/schema\/logo\/image\/\"},\"sameAs\":[\"https:\/\/www.facebook.com\/notibras\/\",\"https:\/\/x.com\/Notibras\",\"https:\/\/www.instagram.com\/notibras\/\"]},{\"@type\":\"Person\",\"@id\":\"https:\/\/www.notibras.com\/site\/#\/schema\/person\/5b7fabf2aedc3ada2105f03b22b4d3dd\",\"name\":\"Eduardo Mart\u00ednez\",\"image\":{\"@type\":\"ImageObject\",\"inLanguage\":\"pt-BR\",\"@id\":\"https:\/\/secure.gravatar.com\/avatar\/7902f906289926289cbcda644b5197c796b893c6ffd7b9a536a42d290f7704a0?s=96&d=mm&r=g\",\"url\":\"https:\/\/secure.gravatar.com\/avatar\/7902f906289926289cbcda644b5197c796b893c6ffd7b9a536a42d290f7704a0?s=96&d=mm&r=g\",\"contentUrl\":\"https:\/\/secure.gravatar.com\/avatar\/7902f906289926289cbcda644b5197c796b893c6ffd7b9a536a42d290f7704a0?s=96&d=mm&r=g\",\"caption\":\"Eduardo Mart\u00ednez\"}}]}<\/script>\n<!-- \/ Yoast SEO plugin. -->","yoast_head_json":{"title":"Tarc\u00edsio desiste da corrida ao Planalto e d\u00e1 lugar ao 01 - Notibras","robots":{"index":"index","follow":"follow","max-snippet":"max-snippet:-1","max-image-preview":"max-image-preview:large","max-video-preview":"max-video-preview:-1"},"canonical":"https:\/\/www.notibras.com\/site\/tarcisio-desiste-da-corrida-ao-planalto-e-da-lugar-ao-01\/","og_locale":"pt_BR","og_type":"article","og_title":"Tarc\u00edsio desiste da corrida ao Planalto e d\u00e1 lugar ao 01 - Notibras","og_description":"Por livre e espont\u00e2nea press\u00e3o, Tarc\u00edsio de Freitas desistiu de concorrer \u00e0 Presid\u00eancia da Rep\u00fablica. A express\u00e3o pode soar ir\u00f4nica (e \u00e9) porque, de espont\u00e2neo, isso n\u00e3o parece ter tido nada. Fl\u00e1vio Bolsonaro j\u00e1 havia avisado: Tarc\u00edsio n\u00e3o tinha escolha. O recado foi dado de forma clara e p\u00fablica. N\u00e3o havia espa\u00e7o para d\u00favidas, nem [&hellip;]","og_url":"https:\/\/www.notibras.com\/site\/tarcisio-desiste-da-corrida-ao-planalto-e-da-lugar-ao-01\/","og_site_name":"Notibras","article_publisher":"https:\/\/www.facebook.com\/notibras\/","article_published_time":"2026-01-23T05:00:29+00:00","article_modified_time":"2026-01-23T07:26:36+00:00","og_image":[{"width":868,"height":644,"url":"https:\/\/www.notibras.com\/site\/wp-content\/uploads\/2018\/12\/Flavio-Bolsonaro-Globonews-868x644.png","type":"image\/png"}],"author":"Eduardo Mart\u00ednez","twitter_card":"summary_large_image","twitter_creator":"@Notibras","twitter_site":"@Notibras","twitter_misc":{"Escrito por":"Eduardo Mart\u00ednez","Est. tempo de leitura":"2 minutos"},"schema":{"@context":"https:\/\/schema.org","@graph":[{"@type":"Article","@id":"https:\/\/www.notibras.com\/site\/tarcisio-desiste-da-corrida-ao-planalto-e-da-lugar-ao-01\/#article","isPartOf":{"@id":"https:\/\/www.notibras.com\/site\/tarcisio-desiste-da-corrida-ao-planalto-e-da-lugar-ao-01\/"},"author":{"name":"Eduardo Mart\u00ednez","@id":"https:\/\/www.notibras.com\/site\/#\/schema\/person\/5b7fabf2aedc3ada2105f03b22b4d3dd"},"headline":"Tarc\u00edsio desiste da corrida ao Planalto e d\u00e1 lugar ao 01","datePublished":"2026-01-23T05:00:29+00:00","dateModified":"2026-01-23T07:26:36+00:00","mainEntityOfPage":{"@id":"https:\/\/www.notibras.com\/site\/tarcisio-desiste-da-corrida-ao-planalto-e-da-lugar-ao-01\/"},"wordCount":229,"publisher":{"@id":"https:\/\/www.notibras.com\/site\/#organization"},"image":{"@id":"https:\/\/www.notibras.com\/site\/tarcisio-desiste-da-corrida-ao-planalto-e-da-lugar-ao-01\/#primaryimage"},"thumbnailUrl":"https:\/\/www.notibras.com\/site\/wp-content\/uploads\/2018\/12\/Flavio-Bolsonaro-Globonews-868x644.png","articleSection":["Dona Irene"],"inLanguage":"pt-BR"},{"@type":"WebPage","@id":"https:\/\/www.notibras.com\/site\/tarcisio-desiste-da-corrida-ao-planalto-e-da-lugar-ao-01\/","url":"https:\/\/www.notibras.com\/site\/tarcisio-desiste-da-corrida-ao-planalto-e-da-lugar-ao-01\/","name":"Tarc\u00edsio desiste da corrida ao Planalto e d\u00e1 lugar ao 01 - Notibras","isPartOf":{"@id":"https:\/\/www.notibras.com\/site\/#website"},"primaryImageOfPage":{"@id":"https:\/\/www.notibras.com\/site\/tarcisio-desiste-da-corrida-ao-planalto-e-da-lugar-ao-01\/#primaryimage"},"image":{"@id":"https:\/\/www.notibras.com\/site\/tarcisio-desiste-da-corrida-ao-planalto-e-da-lugar-ao-01\/#primaryimage"},"thumbnailUrl":"https:\/\/www.notibras.com\/site\/wp-content\/uploads\/2018\/12\/Flavio-Bolsonaro-Globonews-868x644.png","datePublished":"2026-01-23T05:00:29+00:00","dateModified":"2026-01-23T07:26:36+00:00","breadcrumb":{"@id":"https:\/\/www.notibras.com\/site\/tarcisio-desiste-da-corrida-ao-planalto-e-da-lugar-ao-01\/#breadcrumb"},"inLanguage":"pt-BR","potentialAction":[{"@type":"ReadAction","target":["https:\/\/www.notibras.com\/site\/tarcisio-desiste-da-corrida-ao-planalto-e-da-lugar-ao-01\/"]}]},{"@type":"ImageObject","inLanguage":"pt-BR","@id":"https:\/\/www.notibras.com\/site\/tarcisio-desiste-da-corrida-ao-planalto-e-da-lugar-ao-01\/#primaryimage","url":"https:\/\/www.notibras.com\/site\/wp-content\/uploads\/2018\/12\/Flavio-Bolsonaro-Globonews-868x644.png","contentUrl":"https:\/\/www.notibras.com\/site\/wp-content\/uploads\/2018\/12\/Flavio-Bolsonaro-Globonews-868x644.png","width":868,"height":644},{"@type":"BreadcrumbList","@id":"https:\/\/www.notibras.com\/site\/tarcisio-desiste-da-corrida-ao-planalto-e-da-lugar-ao-01\/#breadcrumb","itemListElement":[{"@type":"ListItem","position":1,"name":"In\u00edcio","item":"https:\/\/www.notibras.com\/site\/"},{"@type":"ListItem","position":2,"name":"Tarc\u00edsio desiste da corrida ao Planalto e d\u00e1 lugar ao 01"}]},{"@type":"WebSite","@id":"https:\/\/www.notibras.com\/site\/#website","url":"https:\/\/www.notibras.com\/site\/","name":"Notibras","description":"Not\u00edcias de Bras\u00edlia, do Brasil e do Mundo","publisher":{"@id":"https:\/\/www.notibras.com\/site\/#organization"},"potentialAction":[{"@type":"SearchAction","target":{"@type":"EntryPoint","urlTemplate":"https:\/\/www.notibras.com\/site\/?s={search_term_string}"},"query-input":{"@type":"PropertyValueSpecification","valueRequired":true,"valueName":"search_term_string"}}],"inLanguage":"pt-BR"},{"@type":"Organization","@id":"https:\/\/www.notibras.com\/site\/#organization","name":"Grupo Notibras de Comunica\u00e7\u00e3o","url":"https:\/\/www.notibras.com\/site\/","logo":{"@type":"ImageObject","inLanguage":"pt-BR","@id":"https:\/\/www.notibras.com\/site\/#\/schema\/logo\/image\/","url":"https:\/\/www.notibras.com\/site\/wp-content\/uploads\/2023\/01\/notibras23.png","contentUrl":"https:\/\/www.notibras.com\/site\/wp-content\/uploads\/2023\/01\/notibras23.png","width":350,"height":87,"caption":"Grupo Notibras de Comunica\u00e7\u00e3o"},"image":{"@id":"https:\/\/www.notibras.com\/site\/#\/schema\/logo\/image\/"},"sameAs":["https:\/\/www.facebook.com\/notibras\/","https:\/\/x.com\/Notibras","https:\/\/www.instagram.com\/notibras\/"]},{"@type":"Person","@id":"https:\/\/www.notibras.com\/site\/#\/schema\/person\/5b7fabf2aedc3ada2105f03b22b4d3dd","name":"Eduardo Mart\u00ednez","image":{"@type":"ImageObject","inLanguage":"pt-BR","@id":"https:\/\/secure.gravatar.com\/avatar\/7902f906289926289cbcda644b5197c796b893c6ffd7b9a536a42d290f7704a0?s=96&d=mm&r=g","url":"https:\/\/secure.gravatar.com\/avatar\/7902f906289926289cbcda644b5197c796b893c6ffd7b9a536a42d290f7704a0?s=96&d=mm&r=g","contentUrl":"https:\/\/secure.gravatar.com\/avatar\/7902f906289926289cbcda644b5197c796b893c6ffd7b9a536a42d290f7704a0?s=96&d=mm&r=g","caption":"Eduardo Mart\u00ednez"}}]}},"amp_enabled":true,"_links":{"self":[{"href":"https:\/\/www.notibras.com\/site\/wp-json\/wp\/v2\/posts\/380152","targetHints":{"allow":["GET"]}}],"collection":[{"href":"https:\/\/www.notibras.com\/site\/wp-json\/wp\/v2\/posts"}],"about":[{"href":"https:\/\/www.notibras.com\/site\/wp-json\/wp\/v2\/types\/post"}],"author":[{"embeddable":true,"href":"https:\/\/www.notibras.com\/site\/wp-json\/wp\/v2\/users\/21"}],"replies":[{"embeddable":true,"href":"https:\/\/www.notibras.com\/site\/wp-json\/wp\/v2\/comments?post=380152"}],"version-history":[{"count":4,"href":"https:\/\/www.notibras.com\/site\/wp-json\/wp\/v2\/posts\/380152\/revisions"}],"predecessor-version":[{"id":380174,"href":"https:\/\/www.notibras.com\/site\/wp-json\/wp\/v2\/posts\/380152\/revisions\/380174"}],"wp:featuredmedia":[{"embeddable":true,"href":"https:\/\/www.notibras.com\/site\/wp-json\/wp\/v2\/media\/196711"}],"wp:attachment":[{"href":"https:\/\/www.notibras.com\/site\/wp-json\/wp\/v2\/media?parent=380152"}],"wp:term":[{"taxonomy":"category","embeddable":true,"href":"https:\/\/www.notibras.com\/site\/wp-json\/wp\/v2\/categories?post=380152"},{"taxonomy":"post_tag","embeddable":true,"href":"https:\/\/www.notibras.com\/site\/wp-json\/wp\/v2\/tags?post=380152"}],"curies":[{"name":"wp","href":"https:\/\/api.w.org\/{rel}","templated":true}]}}