{"id":380157,"date":"2026-01-23T02:15:39","date_gmt":"2026-01-23T05:15:39","guid":{"rendered":"https:\/\/www.notibras.com\/site\/?p=380157"},"modified":"2026-01-23T04:21:04","modified_gmt":"2026-01-23T07:21:04","slug":"um-pais-que-releva-pesquisa-esta-fadado-ao-fracasso","status":"publish","type":"post","link":"https:\/\/www.notibras.com\/site\/um-pais-que-releva-pesquisa-esta-fadado-ao-fracasso\/","title":{"rendered":"Um pa\u00eds que releva pesquisa est\u00e1 fadado ao fracasso"},"content":{"rendered":"<p>N\u00e3o \u00e9 novidade pra ningu\u00e9m que o atual Congresso Nacional tem trabalhado, muitas vezes, na contram\u00e3o dos interesses do povo brasileiro. Foi esse mesmo Congresso que aprovou um corte de R$ 488 milh\u00f5es no or\u00e7amento das universidades federais, atingindo diretamente institui\u00e7\u00f5es que j\u00e1 operam no limite, com dificuldades para manter ensino, pesquisa e extens\u00e3o.<\/p>\n<p>Coube ao Governo Federal, mais uma vez, arrumar a bagun\u00e7a. O or\u00e7amento das universidades precisou ser recomposto com um acr\u00e9scimo de R$ 977 milh\u00f5es, numa tentativa de minimizar os danos causados por uma decis\u00e3o pol\u00edtica que ignora o papel estrat\u00e9gico da educa\u00e7\u00e3o para o desenvolvimento do pa\u00eds. Isso escancara uma contradi\u00e7\u00e3o conhecida: priorizar a educa\u00e7\u00e3o \u00e9 um discurso que aparece com facilidade na boca de quase todo pol\u00edtico em per\u00edodo eleitoral, mas que desaparece quando chega a hora de votar projetos concretos.<\/p>\n<p>Por isso, o cidad\u00e3o precisa estar atento. N\u00e3o basta ouvir promessas ou slogans bonitos. \u00c9 preciso observar, na pr\u00e1tica, se o parlamentar vota a favor ou contra o fortalecimento da educa\u00e7\u00e3o p\u00fablica. O or\u00e7amento \u00e9 sempre uma escolha pol\u00edtica, e cortar recursos das universidades revela exatamente quais s\u00e3o as prioridades reais de quem legisla.<\/p>\n<p>As universidades p\u00fablicas desempenham um papel fundamental para o Brasil, muito al\u00e9m da forma\u00e7\u00e3o de profissionais. \u00c9 nelas que se produz ci\u00eancia, inova\u00e7\u00e3o e solu\u00e7\u00f5es para problemas que afetam diretamente a vida da popula\u00e7\u00e3o. Um exemplo emblem\u00e1tico \u00e9 a pesquisa desenvolvida na Universidade Federal do Rio de Janeiro com a polilaminina, uma subst\u00e2ncia estudada como tratamento promissor para les\u00f5es na medula espinhal. Os estudos, ainda em fase experimental e de testes, apontam a possibilidade de recupera\u00e7\u00e3o de movimentos em pessoas que sofreram esse tipo de les\u00e3o, algo que pode mudar radicalmente a vida de milhares de fam\u00edlias.<\/p>\n<p>Quando se corta verba das universidades, n\u00e3o se est\u00e1 apenas economizando recursos: est\u00e1-se atrasando pesquisas, interrompendo sonhos, comprometendo o futuro. Defender a educa\u00e7\u00e3o p\u00fablica n\u00e3o pode ser apenas discurso de campanha. Precisa ser pr\u00e1tica pol\u00edtica, refletida em votos, em or\u00e7amento e em compromisso real com o desenvolvimento do pa\u00eds.<\/p>\n","protected":false},"excerpt":{"rendered":"<p>N\u00e3o \u00e9 novidade pra ningu\u00e9m que o atual Congresso Nacional tem trabalhado, muitas vezes, na contram\u00e3o dos interesses do povo brasileiro. Foi esse mesmo Congresso que aprovou um corte de R$ 488 milh\u00f5es no or\u00e7amento das universidades federais, atingindo diretamente institui\u00e7\u00f5es que j\u00e1 operam no limite, com dificuldades para manter ensino, pesquisa e extens\u00e3o. Coube [&hellip;]<\/p>\n","protected":false},"author":21,"featured_media":380159,"comment_status":"closed","ping_status":"closed","sticky":false,"template":"","format":"standard","meta":{"_acf_changed":false,"footnotes":""},"categories":[235],"tags":[],"class_list":["post-380157","post","type-post","status-publish","format-standard","has-post-thumbnail","hentry","category-dona-irene"],"acf":[],"yoast_head":"<!-- This site is optimized with the Yoast SEO plugin v27.2 - https:\/\/yoast.com\/product\/yoast-seo-wordpress\/ -->\n<title>Um pa\u00eds que releva pesquisa est\u00e1 fadado ao fracasso - Notibras<\/title>\n<meta name=\"robots\" content=\"index, follow, max-snippet:-1, max-image-preview:large, max-video-preview:-1\" \/>\n<link rel=\"canonical\" href=\"https:\/\/www.notibras.com\/site\/um-pais-que-releva-pesquisa-esta-fadado-ao-fracasso\/\" \/>\n<meta property=\"og:locale\" content=\"pt_BR\" \/>\n<meta property=\"og:type\" content=\"article\" \/>\n<meta property=\"og:title\" content=\"Um pa\u00eds que releva pesquisa est\u00e1 fadado ao fracasso - Notibras\" \/>\n<meta property=\"og:description\" content=\"N\u00e3o \u00e9 novidade pra ningu\u00e9m que o atual Congresso Nacional tem trabalhado, muitas vezes, na contram\u00e3o dos interesses do povo brasileiro. Foi esse mesmo Congresso que aprovou um corte de R$ 488 milh\u00f5es no or\u00e7amento das universidades federais, atingindo diretamente institui\u00e7\u00f5es que j\u00e1 operam no limite, com dificuldades para manter ensino, pesquisa e extens\u00e3o. Coube [&hellip;]\" \/>\n<meta property=\"og:url\" content=\"https:\/\/www.notibras.com\/site\/um-pais-que-releva-pesquisa-esta-fadado-ao-fracasso\/\" \/>\n<meta property=\"og:site_name\" content=\"Notibras\" \/>\n<meta property=\"article:publisher\" content=\"https:\/\/www.facebook.com\/notibras\/\" \/>\n<meta property=\"article:published_time\" content=\"2026-01-23T05:15:39+00:00\" \/>\n<meta property=\"article:modified_time\" content=\"2026-01-23T07:21:04+00:00\" \/>\n<meta property=\"og:image\" content=\"https:\/\/www.notibras.com\/site\/wp-content\/uploads\/2026\/01\/polilaminina-lesao-medular-ufrj.jpg\" \/>\n\t<meta property=\"og:image:width\" content=\"1536\" \/>\n\t<meta property=\"og:image:height\" content=\"1024\" \/>\n\t<meta property=\"og:image:type\" content=\"image\/jpeg\" \/>\n<meta name=\"author\" content=\"Eduardo Mart\u00ednez\" \/>\n<meta name=\"twitter:card\" content=\"summary_large_image\" \/>\n<meta name=\"twitter:creator\" content=\"@Notibras\" \/>\n<meta name=\"twitter:site\" content=\"@Notibras\" \/>\n<meta name=\"twitter:label1\" content=\"Escrito por\" \/>\n\t<meta name=\"twitter:data1\" content=\"Eduardo Mart\u00ednez\" \/>\n\t<meta name=\"twitter:label2\" content=\"Est. tempo de leitura\" \/>\n\t<meta name=\"twitter:data2\" content=\"3 minutos\" \/>\n<script type=\"application\/ld+json\" class=\"yoast-schema-graph\">{\"@context\":\"https:\/\/schema.org\",\"@graph\":[{\"@type\":\"Article\",\"@id\":\"https:\/\/www.notibras.com\/site\/um-pais-que-releva-pesquisa-esta-fadado-ao-fracasso\/#article\",\"isPartOf\":{\"@id\":\"https:\/\/www.notibras.com\/site\/um-pais-que-releva-pesquisa-esta-fadado-ao-fracasso\/\"},\"author\":{\"name\":\"Eduardo Mart\u00ednez\",\"@id\":\"https:\/\/www.notibras.com\/site\/#\/schema\/person\/5b7fabf2aedc3ada2105f03b22b4d3dd\"},\"headline\":\"Um pa\u00eds que releva pesquisa est\u00e1 fadado ao fracasso\",\"datePublished\":\"2026-01-23T05:15:39+00:00\",\"dateModified\":\"2026-01-23T07:21:04+00:00\",\"mainEntityOfPage\":{\"@id\":\"https:\/\/www.notibras.com\/site\/um-pais-que-releva-pesquisa-esta-fadado-ao-fracasso\/\"},\"wordCount\":388,\"publisher\":{\"@id\":\"https:\/\/www.notibras.com\/site\/#organization\"},\"image\":{\"@id\":\"https:\/\/www.notibras.com\/site\/um-pais-que-releva-pesquisa-esta-fadado-ao-fracasso\/#primaryimage\"},\"thumbnailUrl\":\"https:\/\/www.notibras.com\/site\/wp-content\/uploads\/2026\/01\/polilaminina-lesao-medular-ufrj.jpg\",\"articleSection\":[\"Dona Irene\"],\"inLanguage\":\"pt-BR\"},{\"@type\":\"WebPage\",\"@id\":\"https:\/\/www.notibras.com\/site\/um-pais-que-releva-pesquisa-esta-fadado-ao-fracasso\/\",\"url\":\"https:\/\/www.notibras.com\/site\/um-pais-que-releva-pesquisa-esta-fadado-ao-fracasso\/\",\"name\":\"Um pa\u00eds que releva pesquisa est\u00e1 fadado ao fracasso - Notibras\",\"isPartOf\":{\"@id\":\"https:\/\/www.notibras.com\/site\/#website\"},\"primaryImageOfPage\":{\"@id\":\"https:\/\/www.notibras.com\/site\/um-pais-que-releva-pesquisa-esta-fadado-ao-fracasso\/#primaryimage\"},\"image\":{\"@id\":\"https:\/\/www.notibras.com\/site\/um-pais-que-releva-pesquisa-esta-fadado-ao-fracasso\/#primaryimage\"},\"thumbnailUrl\":\"https:\/\/www.notibras.com\/site\/wp-content\/uploads\/2026\/01\/polilaminina-lesao-medular-ufrj.jpg\",\"datePublished\":\"2026-01-23T05:15:39+00:00\",\"dateModified\":\"2026-01-23T07:21:04+00:00\",\"breadcrumb\":{\"@id\":\"https:\/\/www.notibras.com\/site\/um-pais-que-releva-pesquisa-esta-fadado-ao-fracasso\/#breadcrumb\"},\"inLanguage\":\"pt-BR\",\"potentialAction\":[{\"@type\":\"ReadAction\",\"target\":[\"https:\/\/www.notibras.com\/site\/um-pais-que-releva-pesquisa-esta-fadado-ao-fracasso\/\"]}]},{\"@type\":\"ImageObject\",\"inLanguage\":\"pt-BR\",\"@id\":\"https:\/\/www.notibras.com\/site\/um-pais-que-releva-pesquisa-esta-fadado-ao-fracasso\/#primaryimage\",\"url\":\"https:\/\/www.notibras.com\/site\/wp-content\/uploads\/2026\/01\/polilaminina-lesao-medular-ufrj.jpg\",\"contentUrl\":\"https:\/\/www.notibras.com\/site\/wp-content\/uploads\/2026\/01\/polilaminina-lesao-medular-ufrj.jpg\",\"width\":1536,\"height\":1024},{\"@type\":\"BreadcrumbList\",\"@id\":\"https:\/\/www.notibras.com\/site\/um-pais-que-releva-pesquisa-esta-fadado-ao-fracasso\/#breadcrumb\",\"itemListElement\":[{\"@type\":\"ListItem\",\"position\":1,\"name\":\"In\u00edcio\",\"item\":\"https:\/\/www.notibras.com\/site\/\"},{\"@type\":\"ListItem\",\"position\":2,\"name\":\"Um pa\u00eds que releva pesquisa est\u00e1 fadado ao fracasso\"}]},{\"@type\":\"WebSite\",\"@id\":\"https:\/\/www.notibras.com\/site\/#website\",\"url\":\"https:\/\/www.notibras.com\/site\/\",\"name\":\"Notibras\",\"description\":\"Not\u00edcias de Bras\u00edlia, do Brasil e do Mundo\",\"publisher\":{\"@id\":\"https:\/\/www.notibras.com\/site\/#organization\"},\"potentialAction\":[{\"@type\":\"SearchAction\",\"target\":{\"@type\":\"EntryPoint\",\"urlTemplate\":\"https:\/\/www.notibras.com\/site\/?s={search_term_string}\"},\"query-input\":{\"@type\":\"PropertyValueSpecification\",\"valueRequired\":true,\"valueName\":\"search_term_string\"}}],\"inLanguage\":\"pt-BR\"},{\"@type\":\"Organization\",\"@id\":\"https:\/\/www.notibras.com\/site\/#organization\",\"name\":\"Grupo Notibras de Comunica\u00e7\u00e3o\",\"url\":\"https:\/\/www.notibras.com\/site\/\",\"logo\":{\"@type\":\"ImageObject\",\"inLanguage\":\"pt-BR\",\"@id\":\"https:\/\/www.notibras.com\/site\/#\/schema\/logo\/image\/\",\"url\":\"https:\/\/www.notibras.com\/site\/wp-content\/uploads\/2023\/01\/notibras23.png\",\"contentUrl\":\"https:\/\/www.notibras.com\/site\/wp-content\/uploads\/2023\/01\/notibras23.png\",\"width\":350,\"height\":87,\"caption\":\"Grupo Notibras de Comunica\u00e7\u00e3o\"},\"image\":{\"@id\":\"https:\/\/www.notibras.com\/site\/#\/schema\/logo\/image\/\"},\"sameAs\":[\"https:\/\/www.facebook.com\/notibras\/\",\"https:\/\/x.com\/Notibras\",\"https:\/\/www.instagram.com\/notibras\/\"]},{\"@type\":\"Person\",\"@id\":\"https:\/\/www.notibras.com\/site\/#\/schema\/person\/5b7fabf2aedc3ada2105f03b22b4d3dd\",\"name\":\"Eduardo Mart\u00ednez\",\"image\":{\"@type\":\"ImageObject\",\"inLanguage\":\"pt-BR\",\"@id\":\"https:\/\/secure.gravatar.com\/avatar\/7902f906289926289cbcda644b5197c796b893c6ffd7b9a536a42d290f7704a0?s=96&d=mm&r=g\",\"url\":\"https:\/\/secure.gravatar.com\/avatar\/7902f906289926289cbcda644b5197c796b893c6ffd7b9a536a42d290f7704a0?s=96&d=mm&r=g\",\"contentUrl\":\"https:\/\/secure.gravatar.com\/avatar\/7902f906289926289cbcda644b5197c796b893c6ffd7b9a536a42d290f7704a0?s=96&d=mm&r=g\",\"caption\":\"Eduardo Mart\u00ednez\"}}]}<\/script>\n<!-- \/ Yoast SEO plugin. -->","yoast_head_json":{"title":"Um pa\u00eds que releva pesquisa est\u00e1 fadado ao fracasso - Notibras","robots":{"index":"index","follow":"follow","max-snippet":"max-snippet:-1","max-image-preview":"max-image-preview:large","max-video-preview":"max-video-preview:-1"},"canonical":"https:\/\/www.notibras.com\/site\/um-pais-que-releva-pesquisa-esta-fadado-ao-fracasso\/","og_locale":"pt_BR","og_type":"article","og_title":"Um pa\u00eds que releva pesquisa est\u00e1 fadado ao fracasso - Notibras","og_description":"N\u00e3o \u00e9 novidade pra ningu\u00e9m que o atual Congresso Nacional tem trabalhado, muitas vezes, na contram\u00e3o dos interesses do povo brasileiro. Foi esse mesmo Congresso que aprovou um corte de R$ 488 milh\u00f5es no or\u00e7amento das universidades federais, atingindo diretamente institui\u00e7\u00f5es que j\u00e1 operam no limite, com dificuldades para manter ensino, pesquisa e extens\u00e3o. Coube [&hellip;]","og_url":"https:\/\/www.notibras.com\/site\/um-pais-que-releva-pesquisa-esta-fadado-ao-fracasso\/","og_site_name":"Notibras","article_publisher":"https:\/\/www.facebook.com\/notibras\/","article_published_time":"2026-01-23T05:15:39+00:00","article_modified_time":"2026-01-23T07:21:04+00:00","og_image":[{"width":1536,"height":1024,"url":"https:\/\/www.notibras.com\/site\/wp-content\/uploads\/2026\/01\/polilaminina-lesao-medular-ufrj.jpg","type":"image\/jpeg"}],"author":"Eduardo Mart\u00ednez","twitter_card":"summary_large_image","twitter_creator":"@Notibras","twitter_site":"@Notibras","twitter_misc":{"Escrito por":"Eduardo Mart\u00ednez","Est. tempo de leitura":"3 minutos"},"schema":{"@context":"https:\/\/schema.org","@graph":[{"@type":"Article","@id":"https:\/\/www.notibras.com\/site\/um-pais-que-releva-pesquisa-esta-fadado-ao-fracasso\/#article","isPartOf":{"@id":"https:\/\/www.notibras.com\/site\/um-pais-que-releva-pesquisa-esta-fadado-ao-fracasso\/"},"author":{"name":"Eduardo Mart\u00ednez","@id":"https:\/\/www.notibras.com\/site\/#\/schema\/person\/5b7fabf2aedc3ada2105f03b22b4d3dd"},"headline":"Um pa\u00eds que releva pesquisa est\u00e1 fadado ao fracasso","datePublished":"2026-01-23T05:15:39+00:00","dateModified":"2026-01-23T07:21:04+00:00","mainEntityOfPage":{"@id":"https:\/\/www.notibras.com\/site\/um-pais-que-releva-pesquisa-esta-fadado-ao-fracasso\/"},"wordCount":388,"publisher":{"@id":"https:\/\/www.notibras.com\/site\/#organization"},"image":{"@id":"https:\/\/www.notibras.com\/site\/um-pais-que-releva-pesquisa-esta-fadado-ao-fracasso\/#primaryimage"},"thumbnailUrl":"https:\/\/www.notibras.com\/site\/wp-content\/uploads\/2026\/01\/polilaminina-lesao-medular-ufrj.jpg","articleSection":["Dona Irene"],"inLanguage":"pt-BR"},{"@type":"WebPage","@id":"https:\/\/www.notibras.com\/site\/um-pais-que-releva-pesquisa-esta-fadado-ao-fracasso\/","url":"https:\/\/www.notibras.com\/site\/um-pais-que-releva-pesquisa-esta-fadado-ao-fracasso\/","name":"Um pa\u00eds que releva pesquisa est\u00e1 fadado ao fracasso - Notibras","isPartOf":{"@id":"https:\/\/www.notibras.com\/site\/#website"},"primaryImageOfPage":{"@id":"https:\/\/www.notibras.com\/site\/um-pais-que-releva-pesquisa-esta-fadado-ao-fracasso\/#primaryimage"},"image":{"@id":"https:\/\/www.notibras.com\/site\/um-pais-que-releva-pesquisa-esta-fadado-ao-fracasso\/#primaryimage"},"thumbnailUrl":"https:\/\/www.notibras.com\/site\/wp-content\/uploads\/2026\/01\/polilaminina-lesao-medular-ufrj.jpg","datePublished":"2026-01-23T05:15:39+00:00","dateModified":"2026-01-23T07:21:04+00:00","breadcrumb":{"@id":"https:\/\/www.notibras.com\/site\/um-pais-que-releva-pesquisa-esta-fadado-ao-fracasso\/#breadcrumb"},"inLanguage":"pt-BR","potentialAction":[{"@type":"ReadAction","target":["https:\/\/www.notibras.com\/site\/um-pais-que-releva-pesquisa-esta-fadado-ao-fracasso\/"]}]},{"@type":"ImageObject","inLanguage":"pt-BR","@id":"https:\/\/www.notibras.com\/site\/um-pais-que-releva-pesquisa-esta-fadado-ao-fracasso\/#primaryimage","url":"https:\/\/www.notibras.com\/site\/wp-content\/uploads\/2026\/01\/polilaminina-lesao-medular-ufrj.jpg","contentUrl":"https:\/\/www.notibras.com\/site\/wp-content\/uploads\/2026\/01\/polilaminina-lesao-medular-ufrj.jpg","width":1536,"height":1024},{"@type":"BreadcrumbList","@id":"https:\/\/www.notibras.com\/site\/um-pais-que-releva-pesquisa-esta-fadado-ao-fracasso\/#breadcrumb","itemListElement":[{"@type":"ListItem","position":1,"name":"In\u00edcio","item":"https:\/\/www.notibras.com\/site\/"},{"@type":"ListItem","position":2,"name":"Um pa\u00eds que releva pesquisa est\u00e1 fadado ao fracasso"}]},{"@type":"WebSite","@id":"https:\/\/www.notibras.com\/site\/#website","url":"https:\/\/www.notibras.com\/site\/","name":"Notibras","description":"Not\u00edcias de Bras\u00edlia, do Brasil e do Mundo","publisher":{"@id":"https:\/\/www.notibras.com\/site\/#organization"},"potentialAction":[{"@type":"SearchAction","target":{"@type":"EntryPoint","urlTemplate":"https:\/\/www.notibras.com\/site\/?s={search_term_string}"},"query-input":{"@type":"PropertyValueSpecification","valueRequired":true,"valueName":"search_term_string"}}],"inLanguage":"pt-BR"},{"@type":"Organization","@id":"https:\/\/www.notibras.com\/site\/#organization","name":"Grupo Notibras de Comunica\u00e7\u00e3o","url":"https:\/\/www.notibras.com\/site\/","logo":{"@type":"ImageObject","inLanguage":"pt-BR","@id":"https:\/\/www.notibras.com\/site\/#\/schema\/logo\/image\/","url":"https:\/\/www.notibras.com\/site\/wp-content\/uploads\/2023\/01\/notibras23.png","contentUrl":"https:\/\/www.notibras.com\/site\/wp-content\/uploads\/2023\/01\/notibras23.png","width":350,"height":87,"caption":"Grupo Notibras de Comunica\u00e7\u00e3o"},"image":{"@id":"https:\/\/www.notibras.com\/site\/#\/schema\/logo\/image\/"},"sameAs":["https:\/\/www.facebook.com\/notibras\/","https:\/\/x.com\/Notibras","https:\/\/www.instagram.com\/notibras\/"]},{"@type":"Person","@id":"https:\/\/www.notibras.com\/site\/#\/schema\/person\/5b7fabf2aedc3ada2105f03b22b4d3dd","name":"Eduardo Mart\u00ednez","image":{"@type":"ImageObject","inLanguage":"pt-BR","@id":"https:\/\/secure.gravatar.com\/avatar\/7902f906289926289cbcda644b5197c796b893c6ffd7b9a536a42d290f7704a0?s=96&d=mm&r=g","url":"https:\/\/secure.gravatar.com\/avatar\/7902f906289926289cbcda644b5197c796b893c6ffd7b9a536a42d290f7704a0?s=96&d=mm&r=g","contentUrl":"https:\/\/secure.gravatar.com\/avatar\/7902f906289926289cbcda644b5197c796b893c6ffd7b9a536a42d290f7704a0?s=96&d=mm&r=g","caption":"Eduardo Mart\u00ednez"}}]}},"amp_enabled":true,"_links":{"self":[{"href":"https:\/\/www.notibras.com\/site\/wp-json\/wp\/v2\/posts\/380157","targetHints":{"allow":["GET"]}}],"collection":[{"href":"https:\/\/www.notibras.com\/site\/wp-json\/wp\/v2\/posts"}],"about":[{"href":"https:\/\/www.notibras.com\/site\/wp-json\/wp\/v2\/types\/post"}],"author":[{"embeddable":true,"href":"https:\/\/www.notibras.com\/site\/wp-json\/wp\/v2\/users\/21"}],"replies":[{"embeddable":true,"href":"https:\/\/www.notibras.com\/site\/wp-json\/wp\/v2\/comments?post=380157"}],"version-history":[{"count":3,"href":"https:\/\/www.notibras.com\/site\/wp-json\/wp\/v2\/posts\/380157\/revisions"}],"predecessor-version":[{"id":380172,"href":"https:\/\/www.notibras.com\/site\/wp-json\/wp\/v2\/posts\/380157\/revisions\/380172"}],"wp:featuredmedia":[{"embeddable":true,"href":"https:\/\/www.notibras.com\/site\/wp-json\/wp\/v2\/media\/380159"}],"wp:attachment":[{"href":"https:\/\/www.notibras.com\/site\/wp-json\/wp\/v2\/media?parent=380157"}],"wp:term":[{"taxonomy":"category","embeddable":true,"href":"https:\/\/www.notibras.com\/site\/wp-json\/wp\/v2\/categories?post=380157"},{"taxonomy":"post_tag","embeddable":true,"href":"https:\/\/www.notibras.com\/site\/wp-json\/wp\/v2\/tags?post=380157"}],"curies":[{"name":"wp","href":"https:\/\/api.w.org\/{rel}","templated":true}]}}