{"id":380162,"date":"2026-01-24T00:00:43","date_gmt":"2026-01-24T03:00:43","guid":{"rendered":"https:\/\/www.notibras.com\/site\/?p=380162"},"modified":"2026-01-23T01:47:11","modified_gmt":"2026-01-23T04:47:11","slug":"entre-vinhos-e-livros-2","status":"publish","type":"post","link":"https:\/\/www.notibras.com\/site\/entre-vinhos-e-livros-2\/","title":{"rendered":"Entre vinhos e livros"},"content":{"rendered":"<p>Desde muito antes de se perceber velho, Augusto gostava de ler sentado em um dos bancos protegidos pelas copas das amendoeiras que circundavam o parquinho, onde crian\u00e7as pareciam se divertir. Os gritos da garotada n\u00e3o incomodavam a leitura, mas a tornavam mais interessante. Eram como fagulhas que despertavam sentimentos esquecidos, que se misturavam sem cerim\u00f4nia aos par\u00e1grafos que eram consumidos como iguarias fossem.<\/p>\n<p>Casado e descasado por vezes, sentia-se vi\u00favo desde que a derradeira ex-esposa sucumbiu \u00e0 dor do enfrentamento de c\u00e2ncer de mama. E, apesar das inevit\u00e1veis rusgas diante do rompimento, reencontraram o caminho da amizade e, assim, trocaram confid\u00eancias at\u00e9 o quase \u00faltimo suspiro da acamada.<\/p>\n<p>No exato momento em que virava mais uma p\u00e1gina, perguntou-se por que ele e Ol\u00edvia nunca tiveram uma reca\u00edda. Quer dizer, ainda trocaram alguns afagos ap\u00f3s o desenlace, mas nada al\u00e9m de duas ou tr\u00eas noites depois de esvaziar uma garrafa de Malbec. Ou teria sido Merlot? N\u00e3o importa, mesmo porque Augusto nunca fora um especialista no assunto, ao contr\u00e1rio da falecida.<\/p>\n<p>Ol\u00edvia era bonita. Sim, bonita. N\u00e3o obstante, tal beleza n\u00e3o chegava a ofuscar as mazelas do relacionamento, que eram \u00f3bvias at\u00e9 mesmo quando os dois ainda viviam a paix\u00e3o inicial, momento em que os corpos gritam diante da raz\u00e3o.<\/p>\n<p>Por que n\u00e3o tiveram filhos? Essa era uma quest\u00e3o que ainda o intrigava. Era not\u00f3ria a rela\u00e7\u00e3o de Ol\u00edvia com os pequenos, que sempre corriam para os seus bra\u00e7os. Quanto a ele, talvez fosse deveras ego\u00edsta para se ater aos cuidados de outrem. Gostava dos sobrinhos. Quer dizer, suportava-os por alguns instantes, nada al\u00e9m disso. Talvez Ol\u00edvia, perceptiva, j\u00e1 havia percebido essa caracter\u00edstica indesej\u00e1vel no companheiro e, ent\u00e3o, abstivera da ideia da concep\u00e7\u00e3o.<\/p>\n<p>O casamento, entre idas e vindas, durou al\u00e9m da conta. G\u00eanios t\u00e3o d\u00edspares, definitivamente, n\u00e3o se atraem ou, caso o fa\u00e7am, qualquer coisinha \u00e9 motivo de separa\u00e7\u00e3o. E deve ter sido mesmo por bobagem qualquer, dessas que, logo ap\u00f3s o desfecho, s\u00e3o levadas pela ventania da insignific\u00e2ncia.<\/p>\n<p>Entre ta\u00e7as de vinho e afastamentos, nunca deixaram de se falar. E, ap\u00f3s quase seis meses do vel\u00f3rio de Ol\u00edvia, o velho continuava a ler os livros recomendados por ela.<\/p>\n<p>\u2014 Nada de cl\u00e1ssicos, Augusto. Na nossa idade, precisamos olhar para o presente antes que o futuro nos alcance implacavelmente.<\/p>\n<p>As palavras de Ol\u00edvia ainda ecoavam nos ouvidos do velho quando um menino, n\u00e3o mais de cinco anos, reclamava aos berros.<\/p>\n<p>\u2014 N\u00e3o, mam\u00e3e! N\u00e3o quero ir!<\/p>\n<p>\u2014 Meu filho, vamos, que amanh\u00e3 a gente vem de novo.<\/p>\n<p>\u2014 N\u00e3o!!!<\/p>\n<p>\u2014 Augusto! Pare com isso! A vida n\u00e3o \u00e9 um morango!<\/p>\n<p>Enquanto a mulher puxava a crian\u00e7a pelo bra\u00e7o, que esperneava, Augusto sorriu pela coincid\u00eancia e voltou os olhos para a capa do livro <em>A verdade nos seres<\/em>, de Daniel Marchi.<\/p>\n<p><strong>\u2026\u2026\u2026\u2026\u2026\u2026\u2026\u2026<\/strong><\/p>\n<p><strong>Eduardo Mart\u00ednez \u00e9 autor do livro \u201957 Contos e Cr\u00f4nicas por um Autor Muito Velho\u2019 (Vencedor do Pr\u00eamio Liter\u00e1rio Clarice Lispector \u2013 2025 na categoria livro de contos).<\/strong><\/p>\n<p><strong>Compre aqui<\/strong><\/p>\n<p><a href=\"https:\/\/www.joanineditora.com.br\/57-contos-e-cronicas-por-um-autor-muito-velho\"><strong>https:\/\/www.joanineditora.com.br\/57-contos-e-cronicas-por-um-autor-muito-velho<\/strong><\/a><\/p>\n","protected":false},"excerpt":{"rendered":"<p>Desde muito antes de se perceber velho, Augusto gostava de ler sentado em um dos bancos protegidos pelas copas das amendoeiras que circundavam o parquinho, onde crian\u00e7as pareciam se divertir. Os gritos da garotada n\u00e3o incomodavam a leitura, mas a tornavam mais interessante. Eram como fagulhas que despertavam sentimentos esquecidos, que se misturavam sem cerim\u00f4nia [&hellip;]<\/p>\n","protected":false},"author":21,"featured_media":364199,"comment_status":"closed","ping_status":"closed","sticky":false,"template":"","format":"standard","meta":{"_acf_changed":false,"footnotes":""},"categories":[234],"tags":[],"class_list":["post-380162","post","type-post","status-publish","format-standard","has-post-thumbnail","hentry","category-cafe-literario"],"acf":[],"yoast_head":"<!-- This site is optimized with the Yoast SEO plugin v27.2 - https:\/\/yoast.com\/product\/yoast-seo-wordpress\/ -->\n<title>Entre vinhos e livros - Notibras<\/title>\n<meta name=\"robots\" content=\"index, follow, max-snippet:-1, max-image-preview:large, max-video-preview:-1\" \/>\n<link rel=\"canonical\" href=\"https:\/\/www.notibras.com\/site\/entre-vinhos-e-livros-2\/\" \/>\n<meta property=\"og:locale\" content=\"pt_BR\" \/>\n<meta property=\"og:type\" content=\"article\" \/>\n<meta property=\"og:title\" content=\"Entre vinhos e livros - Notibras\" \/>\n<meta property=\"og:description\" content=\"Desde muito antes de se perceber velho, Augusto gostava de ler sentado em um dos bancos protegidos pelas copas das amendoeiras que circundavam o parquinho, onde crian\u00e7as pareciam se divertir. Os gritos da garotada n\u00e3o incomodavam a leitura, mas a tornavam mais interessante. Eram como fagulhas que despertavam sentimentos esquecidos, que se misturavam sem cerim\u00f4nia [&hellip;]\" \/>\n<meta property=\"og:url\" content=\"https:\/\/www.notibras.com\/site\/entre-vinhos-e-livros-2\/\" \/>\n<meta property=\"og:site_name\" content=\"Notibras\" \/>\n<meta property=\"article:publisher\" content=\"https:\/\/www.facebook.com\/notibras\/\" \/>\n<meta property=\"article:published_time\" content=\"2026-01-24T03:00:43+00:00\" \/>\n<meta property=\"og:image\" content=\"https:\/\/www.notibras.com\/site\/wp-content\/uploads\/2025\/09\/WhatsApp-Image-2025-09-12-at-19.40.56.jpeg\" \/>\n\t<meta property=\"og:image:width\" content=\"1536\" \/>\n\t<meta property=\"og:image:height\" content=\"1024\" \/>\n\t<meta property=\"og:image:type\" content=\"image\/jpeg\" \/>\n<meta name=\"author\" content=\"Eduardo Mart\u00ednez\" \/>\n<meta name=\"twitter:card\" content=\"summary_large_image\" \/>\n<meta name=\"twitter:creator\" content=\"@Notibras\" \/>\n<meta name=\"twitter:site\" content=\"@Notibras\" \/>\n<meta name=\"twitter:label1\" content=\"Escrito por\" \/>\n\t<meta name=\"twitter:data1\" content=\"Eduardo Mart\u00ednez\" \/>\n\t<meta name=\"twitter:label2\" content=\"Est. tempo de leitura\" \/>\n\t<meta name=\"twitter:data2\" content=\"3 minutos\" \/>\n<script type=\"application\/ld+json\" class=\"yoast-schema-graph\">{\"@context\":\"https:\/\/schema.org\",\"@graph\":[{\"@type\":\"Article\",\"@id\":\"https:\/\/www.notibras.com\/site\/entre-vinhos-e-livros-2\/#article\",\"isPartOf\":{\"@id\":\"https:\/\/www.notibras.com\/site\/entre-vinhos-e-livros-2\/\"},\"author\":{\"name\":\"Eduardo Mart\u00ednez\",\"@id\":\"https:\/\/www.notibras.com\/site\/#\/schema\/person\/5b7fabf2aedc3ada2105f03b22b4d3dd\"},\"headline\":\"Entre vinhos e livros\",\"datePublished\":\"2026-01-24T03:00:43+00:00\",\"mainEntityOfPage\":{\"@id\":\"https:\/\/www.notibras.com\/site\/entre-vinhos-e-livros-2\/\"},\"wordCount\":551,\"publisher\":{\"@id\":\"https:\/\/www.notibras.com\/site\/#organization\"},\"image\":{\"@id\":\"https:\/\/www.notibras.com\/site\/entre-vinhos-e-livros-2\/#primaryimage\"},\"thumbnailUrl\":\"https:\/\/www.notibras.com\/site\/wp-content\/uploads\/2025\/09\/WhatsApp-Image-2025-09-12-at-19.40.56.jpeg\",\"articleSection\":[\"Caf\u00e9 Liter\u00e1rio\"],\"inLanguage\":\"pt-BR\"},{\"@type\":\"WebPage\",\"@id\":\"https:\/\/www.notibras.com\/site\/entre-vinhos-e-livros-2\/\",\"url\":\"https:\/\/www.notibras.com\/site\/entre-vinhos-e-livros-2\/\",\"name\":\"Entre vinhos e livros - Notibras\",\"isPartOf\":{\"@id\":\"https:\/\/www.notibras.com\/site\/#website\"},\"primaryImageOfPage\":{\"@id\":\"https:\/\/www.notibras.com\/site\/entre-vinhos-e-livros-2\/#primaryimage\"},\"image\":{\"@id\":\"https:\/\/www.notibras.com\/site\/entre-vinhos-e-livros-2\/#primaryimage\"},\"thumbnailUrl\":\"https:\/\/www.notibras.com\/site\/wp-content\/uploads\/2025\/09\/WhatsApp-Image-2025-09-12-at-19.40.56.jpeg\",\"datePublished\":\"2026-01-24T03:00:43+00:00\",\"breadcrumb\":{\"@id\":\"https:\/\/www.notibras.com\/site\/entre-vinhos-e-livros-2\/#breadcrumb\"},\"inLanguage\":\"pt-BR\",\"potentialAction\":[{\"@type\":\"ReadAction\",\"target\":[\"https:\/\/www.notibras.com\/site\/entre-vinhos-e-livros-2\/\"]}]},{\"@type\":\"ImageObject\",\"inLanguage\":\"pt-BR\",\"@id\":\"https:\/\/www.notibras.com\/site\/entre-vinhos-e-livros-2\/#primaryimage\",\"url\":\"https:\/\/www.notibras.com\/site\/wp-content\/uploads\/2025\/09\/WhatsApp-Image-2025-09-12-at-19.40.56.jpeg\",\"contentUrl\":\"https:\/\/www.notibras.com\/site\/wp-content\/uploads\/2025\/09\/WhatsApp-Image-2025-09-12-at-19.40.56.jpeg\",\"width\":1536,\"height\":1024},{\"@type\":\"BreadcrumbList\",\"@id\":\"https:\/\/www.notibras.com\/site\/entre-vinhos-e-livros-2\/#breadcrumb\",\"itemListElement\":[{\"@type\":\"ListItem\",\"position\":1,\"name\":\"In\u00edcio\",\"item\":\"https:\/\/www.notibras.com\/site\/\"},{\"@type\":\"ListItem\",\"position\":2,\"name\":\"Entre vinhos e livros\"}]},{\"@type\":\"WebSite\",\"@id\":\"https:\/\/www.notibras.com\/site\/#website\",\"url\":\"https:\/\/www.notibras.com\/site\/\",\"name\":\"Notibras\",\"description\":\"Not\u00edcias de Bras\u00edlia, do Brasil e do Mundo\",\"publisher\":{\"@id\":\"https:\/\/www.notibras.com\/site\/#organization\"},\"potentialAction\":[{\"@type\":\"SearchAction\",\"target\":{\"@type\":\"EntryPoint\",\"urlTemplate\":\"https:\/\/www.notibras.com\/site\/?s={search_term_string}\"},\"query-input\":{\"@type\":\"PropertyValueSpecification\",\"valueRequired\":true,\"valueName\":\"search_term_string\"}}],\"inLanguage\":\"pt-BR\"},{\"@type\":\"Organization\",\"@id\":\"https:\/\/www.notibras.com\/site\/#organization\",\"name\":\"Grupo Notibras de Comunica\u00e7\u00e3o\",\"url\":\"https:\/\/www.notibras.com\/site\/\",\"logo\":{\"@type\":\"ImageObject\",\"inLanguage\":\"pt-BR\",\"@id\":\"https:\/\/www.notibras.com\/site\/#\/schema\/logo\/image\/\",\"url\":\"https:\/\/www.notibras.com\/site\/wp-content\/uploads\/2023\/01\/notibras23.png\",\"contentUrl\":\"https:\/\/www.notibras.com\/site\/wp-content\/uploads\/2023\/01\/notibras23.png\",\"width\":350,\"height\":87,\"caption\":\"Grupo Notibras de Comunica\u00e7\u00e3o\"},\"image\":{\"@id\":\"https:\/\/www.notibras.com\/site\/#\/schema\/logo\/image\/\"},\"sameAs\":[\"https:\/\/www.facebook.com\/notibras\/\",\"https:\/\/x.com\/Notibras\",\"https:\/\/www.instagram.com\/notibras\/\"]},{\"@type\":\"Person\",\"@id\":\"https:\/\/www.notibras.com\/site\/#\/schema\/person\/5b7fabf2aedc3ada2105f03b22b4d3dd\",\"name\":\"Eduardo Mart\u00ednez\",\"image\":{\"@type\":\"ImageObject\",\"inLanguage\":\"pt-BR\",\"@id\":\"https:\/\/secure.gravatar.com\/avatar\/7902f906289926289cbcda644b5197c796b893c6ffd7b9a536a42d290f7704a0?s=96&d=mm&r=g\",\"url\":\"https:\/\/secure.gravatar.com\/avatar\/7902f906289926289cbcda644b5197c796b893c6ffd7b9a536a42d290f7704a0?s=96&d=mm&r=g\",\"contentUrl\":\"https:\/\/secure.gravatar.com\/avatar\/7902f906289926289cbcda644b5197c796b893c6ffd7b9a536a42d290f7704a0?s=96&d=mm&r=g\",\"caption\":\"Eduardo Mart\u00ednez\"}}]}<\/script>\n<!-- \/ Yoast SEO plugin. -->","yoast_head_json":{"title":"Entre vinhos e livros - Notibras","robots":{"index":"index","follow":"follow","max-snippet":"max-snippet:-1","max-image-preview":"max-image-preview:large","max-video-preview":"max-video-preview:-1"},"canonical":"https:\/\/www.notibras.com\/site\/entre-vinhos-e-livros-2\/","og_locale":"pt_BR","og_type":"article","og_title":"Entre vinhos e livros - Notibras","og_description":"Desde muito antes de se perceber velho, Augusto gostava de ler sentado em um dos bancos protegidos pelas copas das amendoeiras que circundavam o parquinho, onde crian\u00e7as pareciam se divertir. Os gritos da garotada n\u00e3o incomodavam a leitura, mas a tornavam mais interessante. Eram como fagulhas que despertavam sentimentos esquecidos, que se misturavam sem cerim\u00f4nia [&hellip;]","og_url":"https:\/\/www.notibras.com\/site\/entre-vinhos-e-livros-2\/","og_site_name":"Notibras","article_publisher":"https:\/\/www.facebook.com\/notibras\/","article_published_time":"2026-01-24T03:00:43+00:00","og_image":[{"width":1536,"height":1024,"url":"https:\/\/www.notibras.com\/site\/wp-content\/uploads\/2025\/09\/WhatsApp-Image-2025-09-12-at-19.40.56.jpeg","type":"image\/jpeg"}],"author":"Eduardo Mart\u00ednez","twitter_card":"summary_large_image","twitter_creator":"@Notibras","twitter_site":"@Notibras","twitter_misc":{"Escrito por":"Eduardo Mart\u00ednez","Est. tempo de leitura":"3 minutos"},"schema":{"@context":"https:\/\/schema.org","@graph":[{"@type":"Article","@id":"https:\/\/www.notibras.com\/site\/entre-vinhos-e-livros-2\/#article","isPartOf":{"@id":"https:\/\/www.notibras.com\/site\/entre-vinhos-e-livros-2\/"},"author":{"name":"Eduardo Mart\u00ednez","@id":"https:\/\/www.notibras.com\/site\/#\/schema\/person\/5b7fabf2aedc3ada2105f03b22b4d3dd"},"headline":"Entre vinhos e livros","datePublished":"2026-01-24T03:00:43+00:00","mainEntityOfPage":{"@id":"https:\/\/www.notibras.com\/site\/entre-vinhos-e-livros-2\/"},"wordCount":551,"publisher":{"@id":"https:\/\/www.notibras.com\/site\/#organization"},"image":{"@id":"https:\/\/www.notibras.com\/site\/entre-vinhos-e-livros-2\/#primaryimage"},"thumbnailUrl":"https:\/\/www.notibras.com\/site\/wp-content\/uploads\/2025\/09\/WhatsApp-Image-2025-09-12-at-19.40.56.jpeg","articleSection":["Caf\u00e9 Liter\u00e1rio"],"inLanguage":"pt-BR"},{"@type":"WebPage","@id":"https:\/\/www.notibras.com\/site\/entre-vinhos-e-livros-2\/","url":"https:\/\/www.notibras.com\/site\/entre-vinhos-e-livros-2\/","name":"Entre vinhos e livros - Notibras","isPartOf":{"@id":"https:\/\/www.notibras.com\/site\/#website"},"primaryImageOfPage":{"@id":"https:\/\/www.notibras.com\/site\/entre-vinhos-e-livros-2\/#primaryimage"},"image":{"@id":"https:\/\/www.notibras.com\/site\/entre-vinhos-e-livros-2\/#primaryimage"},"thumbnailUrl":"https:\/\/www.notibras.com\/site\/wp-content\/uploads\/2025\/09\/WhatsApp-Image-2025-09-12-at-19.40.56.jpeg","datePublished":"2026-01-24T03:00:43+00:00","breadcrumb":{"@id":"https:\/\/www.notibras.com\/site\/entre-vinhos-e-livros-2\/#breadcrumb"},"inLanguage":"pt-BR","potentialAction":[{"@type":"ReadAction","target":["https:\/\/www.notibras.com\/site\/entre-vinhos-e-livros-2\/"]}]},{"@type":"ImageObject","inLanguage":"pt-BR","@id":"https:\/\/www.notibras.com\/site\/entre-vinhos-e-livros-2\/#primaryimage","url":"https:\/\/www.notibras.com\/site\/wp-content\/uploads\/2025\/09\/WhatsApp-Image-2025-09-12-at-19.40.56.jpeg","contentUrl":"https:\/\/www.notibras.com\/site\/wp-content\/uploads\/2025\/09\/WhatsApp-Image-2025-09-12-at-19.40.56.jpeg","width":1536,"height":1024},{"@type":"BreadcrumbList","@id":"https:\/\/www.notibras.com\/site\/entre-vinhos-e-livros-2\/#breadcrumb","itemListElement":[{"@type":"ListItem","position":1,"name":"In\u00edcio","item":"https:\/\/www.notibras.com\/site\/"},{"@type":"ListItem","position":2,"name":"Entre vinhos e livros"}]},{"@type":"WebSite","@id":"https:\/\/www.notibras.com\/site\/#website","url":"https:\/\/www.notibras.com\/site\/","name":"Notibras","description":"Not\u00edcias de Bras\u00edlia, do Brasil e do Mundo","publisher":{"@id":"https:\/\/www.notibras.com\/site\/#organization"},"potentialAction":[{"@type":"SearchAction","target":{"@type":"EntryPoint","urlTemplate":"https:\/\/www.notibras.com\/site\/?s={search_term_string}"},"query-input":{"@type":"PropertyValueSpecification","valueRequired":true,"valueName":"search_term_string"}}],"inLanguage":"pt-BR"},{"@type":"Organization","@id":"https:\/\/www.notibras.com\/site\/#organization","name":"Grupo Notibras de Comunica\u00e7\u00e3o","url":"https:\/\/www.notibras.com\/site\/","logo":{"@type":"ImageObject","inLanguage":"pt-BR","@id":"https:\/\/www.notibras.com\/site\/#\/schema\/logo\/image\/","url":"https:\/\/www.notibras.com\/site\/wp-content\/uploads\/2023\/01\/notibras23.png","contentUrl":"https:\/\/www.notibras.com\/site\/wp-content\/uploads\/2023\/01\/notibras23.png","width":350,"height":87,"caption":"Grupo Notibras de Comunica\u00e7\u00e3o"},"image":{"@id":"https:\/\/www.notibras.com\/site\/#\/schema\/logo\/image\/"},"sameAs":["https:\/\/www.facebook.com\/notibras\/","https:\/\/x.com\/Notibras","https:\/\/www.instagram.com\/notibras\/"]},{"@type":"Person","@id":"https:\/\/www.notibras.com\/site\/#\/schema\/person\/5b7fabf2aedc3ada2105f03b22b4d3dd","name":"Eduardo Mart\u00ednez","image":{"@type":"ImageObject","inLanguage":"pt-BR","@id":"https:\/\/secure.gravatar.com\/avatar\/7902f906289926289cbcda644b5197c796b893c6ffd7b9a536a42d290f7704a0?s=96&d=mm&r=g","url":"https:\/\/secure.gravatar.com\/avatar\/7902f906289926289cbcda644b5197c796b893c6ffd7b9a536a42d290f7704a0?s=96&d=mm&r=g","contentUrl":"https:\/\/secure.gravatar.com\/avatar\/7902f906289926289cbcda644b5197c796b893c6ffd7b9a536a42d290f7704a0?s=96&d=mm&r=g","caption":"Eduardo Mart\u00ednez"}}]}},"amp_enabled":true,"_links":{"self":[{"href":"https:\/\/www.notibras.com\/site\/wp-json\/wp\/v2\/posts\/380162","targetHints":{"allow":["GET"]}}],"collection":[{"href":"https:\/\/www.notibras.com\/site\/wp-json\/wp\/v2\/posts"}],"about":[{"href":"https:\/\/www.notibras.com\/site\/wp-json\/wp\/v2\/types\/post"}],"author":[{"embeddable":true,"href":"https:\/\/www.notibras.com\/site\/wp-json\/wp\/v2\/users\/21"}],"replies":[{"embeddable":true,"href":"https:\/\/www.notibras.com\/site\/wp-json\/wp\/v2\/comments?post=380162"}],"version-history":[{"count":2,"href":"https:\/\/www.notibras.com\/site\/wp-json\/wp\/v2\/posts\/380162\/revisions"}],"predecessor-version":[{"id":380164,"href":"https:\/\/www.notibras.com\/site\/wp-json\/wp\/v2\/posts\/380162\/revisions\/380164"}],"wp:featuredmedia":[{"embeddable":true,"href":"https:\/\/www.notibras.com\/site\/wp-json\/wp\/v2\/media\/364199"}],"wp:attachment":[{"href":"https:\/\/www.notibras.com\/site\/wp-json\/wp\/v2\/media?parent=380162"}],"wp:term":[{"taxonomy":"category","embeddable":true,"href":"https:\/\/www.notibras.com\/site\/wp-json\/wp\/v2\/categories?post=380162"},{"taxonomy":"post_tag","embeddable":true,"href":"https:\/\/www.notibras.com\/site\/wp-json\/wp\/v2\/tags?post=380162"}],"curies":[{"name":"wp","href":"https:\/\/api.w.org\/{rel}","templated":true}]}}