{"id":380177,"date":"2026-01-23T00:17:29","date_gmt":"2026-01-23T03:17:29","guid":{"rendered":"https:\/\/www.notibras.com\/site\/?p=380177"},"modified":"2026-01-23T11:01:53","modified_gmt":"2026-01-23T14:01:53","slug":"em-qualquer-lugar-do-mundo-povo-sem-cultura-nao-se-levanta-se-ajoelha","status":"publish","type":"post","link":"https:\/\/www.notibras.com\/site\/em-qualquer-lugar-do-mundo-povo-sem-cultura-nao-se-levanta-se-ajoelha\/","title":{"rendered":"Em qualquer lugar do mundo, povo sem cultura n\u00e3o se levanta; se ajoelha"},"content":{"rendered":"<p>Resposta do homem ao desafio da exist\u00eancia, o conhecimento \u00e9 vital para a forma\u00e7\u00e3o e continuidade de uma na\u00e7\u00e3o. Aproveitando a afirma\u00e7\u00e3o acad\u00eamica de que um povo sem conhecimento de sua hist\u00f3ria, origem e cultura \u00e9 como uma \u00e1rvore sem ra\u00edzes, n\u00e3o h\u00e1 d\u00favida de que o saber tem poder transformador e, sobretudo, libertador. Um povo que l\u00ea e que se informa nunca ser\u00e1 um povo de escravos. Independentemente da corrente ideol\u00f3gica, deveria ser obriga\u00e7\u00e3o do governante atentar para os conceitos b\u00e1sicos de cultura, os quais tamb\u00e9m abrange cren\u00e7as, artes, atitudes, costumes e os h\u00e1bitos de seus governados.<\/p>\n<p>Deveria, mas nem sempre \u00e9. Na verdade, raramente \u00e9. Al\u00e9m dos quatro anos em que vivemos por conta da desinforma\u00e7\u00e3o, consequentemente \u00e0 margem da informa\u00e7\u00e3o, ainda hoje h\u00e1 brasileiros do tipo agentes secretos que zombam de nossa ascens\u00e3o cultural. Foi assim com o filme\u00a0<i>Ainda Estou Aqui<\/i>\u00a0e tem sido assim com o filme\u00a0<i>O Agente Secreto<\/i>. Vencedor de numerosos pr\u00eamios, entre eles o Oscar de Melhor Filme Estrangeiro, o primeiro continua na garganta daqueles que n\u00e3o aceitam o sucesso alheio.<\/p>\n<p>Morrem de inveja, mas n\u00e3o admitem o aplauso a nada que mexa com o passado de seus gurus ideol\u00f3gicos. A tese dominante entre esses \u00e9 simples: Se eu perco, ningu\u00e9m pode ganhar. Para azar deles, os astros t\u00eam conspirado a favor da dramaturgia e da teledramaturgia nacional. Depois de ganhar dois Globos de Ouro (Melhor Filme Estrangeiro e Melhor Ator),\u00a0<i>O Agente Secreto<\/i>\u00a0recebeu nessa quinta-feira (22) quatro indica\u00e7\u00f5es ao Oscar deste ano. O filme de Kleber Mendon\u00e7a e estrelado por Wagner Moura concorre a Melhor Filme, Melhor Filme Estrangeiro, Melhor Ator e Melhor Elenco.<\/p>\n<p>Ambientada em 1977, durante a ditadura militar, a pel\u00edcula aborda o tema abuso de poder e amea\u00e7as \u00e0 democracia. Tudo igualzinho ao que vivemos com aquele ex-presidente que as vi\u00favas da tirania idolatram. Para completar a tristeza dos antipatriotas, o cinema brasileiro recebeu uma outra indica\u00e7\u00e3o da Academia de Artes e Ci\u00eancias Cinematogr\u00e1ficas. O filme\u00a0<i>Sonhos de Trem,<\/i>\u00a0de Adolfo Veloso, concorre na categoria Melhor Fotografia. \u00c9 o nosso recorde em indica\u00e7\u00f5es \u00e0 Academia.<\/p>\n<p>Como se v\u00ea, o in\u00edcio deste ano eleitoral n\u00e3o poderia ser mais promissor para a cultura do Brasil varonil. Contra tudo e todos, at\u00e9 a Globo Luxo faturou dois pr\u00eamios internacionais. Na noite dessa ter\u00e7a-feira (20), no Rose d\u2019Or Latinos 2026, em Miami, o remake da novela\u00a0<i>Vale Tudo\u00a0<\/i>venceu como Melhor Telenovela. J\u00e1 o reality\u00a0<i>Terceira Metade<\/i>\u00a0levou a estatueta de melhor document\u00e1rio reality ou factual. Sem querer comparar com o que n\u00e3o existiu, nada mais auspicioso para um governante acostumado a produzir boas hist\u00f3rias. Da\u00ed o \u00f3dio dos que s\u00f3 produzem trag\u00e9dias.<\/p>\n<p>Quer queiram ou n\u00e3o, nunca antes na hist\u00f3ria deste pa\u00eds o povo brasileiro esteve t\u00e3o em evid\u00eancia no exterior. \u00c9 nossa cultura mostrando a cara, a for\u00e7a, a ra\u00e7a e a vontade de se superar. Como cultura \u00e9 o que fica depois de se esquecer tudo o que foi aprendido, quem sabe um dia ainda seremos convencidos de que o saber n\u00e3o \u00e9 um enfeite da sociedade, mas sua espinha dorsal. Ele est\u00e1 acima das diferen\u00e7as ideol\u00f3gicas, ou seja, n\u00e3o \u00e9 de direita e nem de esquerda, mas \u00e9 apavorante para os ditadores. Poder\u00edamos aproveitar a justa premia\u00e7\u00e3o \u00e0 cultura nacional, para entender definitivamente que um povo sem cultura n\u00e3o se levanta. Se ajoelha.<\/p>\n<p>&#8230;&#8230;&#8230;<\/p>\n<p><strong>Misael Igreja \u00e9 analista de Notibras para assuntos pol\u00edticos, econ\u00f4micos e sociais<\/strong><\/p>\n","protected":false},"excerpt":{"rendered":"<p>Resposta do homem ao desafio da exist\u00eancia, o conhecimento \u00e9 vital para a forma\u00e7\u00e3o e continuidade de uma na\u00e7\u00e3o. Aproveitando a afirma\u00e7\u00e3o acad\u00eamica de que um povo sem conhecimento de sua hist\u00f3ria, origem e cultura \u00e9 como uma \u00e1rvore sem ra\u00edzes, n\u00e3o h\u00e1 d\u00favida de que o saber tem poder transformador e, sobretudo, libertador. Um [&hellip;]<\/p>\n","protected":false},"author":2,"featured_media":380181,"comment_status":"closed","ping_status":"closed","sticky":false,"template":"","format":"standard","meta":{"_acf_changed":false,"footnotes":""},"categories":[155],"tags":[],"class_list":["post-380177","post","type-post","status-publish","format-standard","has-post-thumbnail","hentry","category-leitura-vip"],"acf":[],"yoast_head":"<!-- This site is optimized with the Yoast SEO plugin v27.2 - https:\/\/yoast.com\/product\/yoast-seo-wordpress\/ -->\n<title>Em qualquer lugar do mundo, povo sem cultura n\u00e3o se levanta; se ajoelha - Notibras<\/title>\n<meta name=\"robots\" content=\"index, follow, max-snippet:-1, max-image-preview:large, max-video-preview:-1\" \/>\n<link rel=\"canonical\" href=\"https:\/\/www.notibras.com\/site\/em-qualquer-lugar-do-mundo-povo-sem-cultura-nao-se-levanta-se-ajoelha\/\" \/>\n<meta property=\"og:locale\" content=\"pt_BR\" \/>\n<meta property=\"og:type\" content=\"article\" \/>\n<meta property=\"og:title\" content=\"Em qualquer lugar do mundo, povo sem cultura n\u00e3o se levanta; se ajoelha - Notibras\" \/>\n<meta property=\"og:description\" content=\"Resposta do homem ao desafio da exist\u00eancia, o conhecimento \u00e9 vital para a forma\u00e7\u00e3o e continuidade de uma na\u00e7\u00e3o. Aproveitando a afirma\u00e7\u00e3o acad\u00eamica de que um povo sem conhecimento de sua hist\u00f3ria, origem e cultura \u00e9 como uma \u00e1rvore sem ra\u00edzes, n\u00e3o h\u00e1 d\u00favida de que o saber tem poder transformador e, sobretudo, libertador. Um [&hellip;]\" \/>\n<meta property=\"og:url\" content=\"https:\/\/www.notibras.com\/site\/em-qualquer-lugar-do-mundo-povo-sem-cultura-nao-se-levanta-se-ajoelha\/\" \/>\n<meta property=\"og:site_name\" content=\"Notibras\" \/>\n<meta property=\"article:publisher\" content=\"https:\/\/www.facebook.com\/notibras\/\" \/>\n<meta property=\"article:published_time\" content=\"2026-01-23T03:17:29+00:00\" \/>\n<meta property=\"article:modified_time\" content=\"2026-01-23T14:01:53+00:00\" \/>\n<meta property=\"og:image\" content=\"https:\/\/www.notibras.com\/site\/wp-content\/uploads\/2026\/01\/pint0650.webp\" \/>\n\t<meta property=\"og:image:width\" content=\"770\" \/>\n\t<meta property=\"og:image:height\" content=\"513\" \/>\n\t<meta property=\"og:image:type\" content=\"image\/webp\" \/>\n<meta name=\"author\" content=\"Reda\u00e7\u00e3o\" \/>\n<meta name=\"twitter:card\" content=\"summary_large_image\" \/>\n<meta name=\"twitter:creator\" content=\"@Notibras\" \/>\n<meta name=\"twitter:site\" content=\"@Notibras\" \/>\n<meta name=\"twitter:label1\" content=\"Escrito por\" \/>\n\t<meta name=\"twitter:data1\" content=\"Reda\u00e7\u00e3o\" \/>\n\t<meta name=\"twitter:label2\" content=\"Est. tempo de leitura\" \/>\n\t<meta name=\"twitter:data2\" content=\"4 minutos\" \/>\n<script type=\"application\/ld+json\" class=\"yoast-schema-graph\">{\"@context\":\"https:\/\/schema.org\",\"@graph\":[{\"@type\":\"Article\",\"@id\":\"https:\/\/www.notibras.com\/site\/em-qualquer-lugar-do-mundo-povo-sem-cultura-nao-se-levanta-se-ajoelha\/#article\",\"isPartOf\":{\"@id\":\"https:\/\/www.notibras.com\/site\/em-qualquer-lugar-do-mundo-povo-sem-cultura-nao-se-levanta-se-ajoelha\/\"},\"author\":{\"name\":\"Reda\u00e7\u00e3o\",\"@id\":\"https:\/\/www.notibras.com\/site\/#\/schema\/person\/36ab0979449956132d3e5b517ea76ac8\"},\"headline\":\"Em qualquer lugar do mundo, povo sem cultura n\u00e3o se levanta; se ajoelha\",\"datePublished\":\"2026-01-23T03:17:29+00:00\",\"dateModified\":\"2026-01-23T14:01:53+00:00\",\"mainEntityOfPage\":{\"@id\":\"https:\/\/www.notibras.com\/site\/em-qualquer-lugar-do-mundo-povo-sem-cultura-nao-se-levanta-se-ajoelha\/\"},\"wordCount\":621,\"publisher\":{\"@id\":\"https:\/\/www.notibras.com\/site\/#organization\"},\"image\":{\"@id\":\"https:\/\/www.notibras.com\/site\/em-qualquer-lugar-do-mundo-povo-sem-cultura-nao-se-levanta-se-ajoelha\/#primaryimage\"},\"thumbnailUrl\":\"https:\/\/www.notibras.com\/site\/wp-content\/uploads\/2026\/01\/pint0650.webp\",\"articleSection\":[\"Leitura Vip\"],\"inLanguage\":\"pt-BR\"},{\"@type\":\"WebPage\",\"@id\":\"https:\/\/www.notibras.com\/site\/em-qualquer-lugar-do-mundo-povo-sem-cultura-nao-se-levanta-se-ajoelha\/\",\"url\":\"https:\/\/www.notibras.com\/site\/em-qualquer-lugar-do-mundo-povo-sem-cultura-nao-se-levanta-se-ajoelha\/\",\"name\":\"Em qualquer lugar do mundo, povo sem cultura n\u00e3o se levanta; se ajoelha - Notibras\",\"isPartOf\":{\"@id\":\"https:\/\/www.notibras.com\/site\/#website\"},\"primaryImageOfPage\":{\"@id\":\"https:\/\/www.notibras.com\/site\/em-qualquer-lugar-do-mundo-povo-sem-cultura-nao-se-levanta-se-ajoelha\/#primaryimage\"},\"image\":{\"@id\":\"https:\/\/www.notibras.com\/site\/em-qualquer-lugar-do-mundo-povo-sem-cultura-nao-se-levanta-se-ajoelha\/#primaryimage\"},\"thumbnailUrl\":\"https:\/\/www.notibras.com\/site\/wp-content\/uploads\/2026\/01\/pint0650.webp\",\"datePublished\":\"2026-01-23T03:17:29+00:00\",\"dateModified\":\"2026-01-23T14:01:53+00:00\",\"breadcrumb\":{\"@id\":\"https:\/\/www.notibras.com\/site\/em-qualquer-lugar-do-mundo-povo-sem-cultura-nao-se-levanta-se-ajoelha\/#breadcrumb\"},\"inLanguage\":\"pt-BR\",\"potentialAction\":[{\"@type\":\"ReadAction\",\"target\":[\"https:\/\/www.notibras.com\/site\/em-qualquer-lugar-do-mundo-povo-sem-cultura-nao-se-levanta-se-ajoelha\/\"]}]},{\"@type\":\"ImageObject\",\"inLanguage\":\"pt-BR\",\"@id\":\"https:\/\/www.notibras.com\/site\/em-qualquer-lugar-do-mundo-povo-sem-cultura-nao-se-levanta-se-ajoelha\/#primaryimage\",\"url\":\"https:\/\/www.notibras.com\/site\/wp-content\/uploads\/2026\/01\/pint0650.webp\",\"contentUrl\":\"https:\/\/www.notibras.com\/site\/wp-content\/uploads\/2026\/01\/pint0650.webp\",\"width\":770,\"height\":513},{\"@type\":\"BreadcrumbList\",\"@id\":\"https:\/\/www.notibras.com\/site\/em-qualquer-lugar-do-mundo-povo-sem-cultura-nao-se-levanta-se-ajoelha\/#breadcrumb\",\"itemListElement\":[{\"@type\":\"ListItem\",\"position\":1,\"name\":\"In\u00edcio\",\"item\":\"https:\/\/www.notibras.com\/site\/\"},{\"@type\":\"ListItem\",\"position\":2,\"name\":\"Em qualquer lugar do mundo, povo sem cultura n\u00e3o se levanta; se ajoelha\"}]},{\"@type\":\"WebSite\",\"@id\":\"https:\/\/www.notibras.com\/site\/#website\",\"url\":\"https:\/\/www.notibras.com\/site\/\",\"name\":\"Notibras\",\"description\":\"Not\u00edcias de Bras\u00edlia, do Brasil e do Mundo\",\"publisher\":{\"@id\":\"https:\/\/www.notibras.com\/site\/#organization\"},\"potentialAction\":[{\"@type\":\"SearchAction\",\"target\":{\"@type\":\"EntryPoint\",\"urlTemplate\":\"https:\/\/www.notibras.com\/site\/?s={search_term_string}\"},\"query-input\":{\"@type\":\"PropertyValueSpecification\",\"valueRequired\":true,\"valueName\":\"search_term_string\"}}],\"inLanguage\":\"pt-BR\"},{\"@type\":\"Organization\",\"@id\":\"https:\/\/www.notibras.com\/site\/#organization\",\"name\":\"Grupo Notibras de Comunica\u00e7\u00e3o\",\"url\":\"https:\/\/www.notibras.com\/site\/\",\"logo\":{\"@type\":\"ImageObject\",\"inLanguage\":\"pt-BR\",\"@id\":\"https:\/\/www.notibras.com\/site\/#\/schema\/logo\/image\/\",\"url\":\"https:\/\/www.notibras.com\/site\/wp-content\/uploads\/2023\/01\/notibras23.png\",\"contentUrl\":\"https:\/\/www.notibras.com\/site\/wp-content\/uploads\/2023\/01\/notibras23.png\",\"width\":350,\"height\":87,\"caption\":\"Grupo Notibras de Comunica\u00e7\u00e3o\"},\"image\":{\"@id\":\"https:\/\/www.notibras.com\/site\/#\/schema\/logo\/image\/\"},\"sameAs\":[\"https:\/\/www.facebook.com\/notibras\/\",\"https:\/\/x.com\/Notibras\",\"https:\/\/www.instagram.com\/notibras\/\"]},{\"@type\":\"Person\",\"@id\":\"https:\/\/www.notibras.com\/site\/#\/schema\/person\/36ab0979449956132d3e5b517ea76ac8\",\"name\":\"Reda\u00e7\u00e3o\",\"image\":{\"@type\":\"ImageObject\",\"inLanguage\":\"pt-BR\",\"@id\":\"https:\/\/secure.gravatar.com\/avatar\/e0a867bdedb85fd243eadf09663511f96fc81e0720a4a42581f334ad4303aa6b?s=96&d=mm&r=g\",\"url\":\"https:\/\/secure.gravatar.com\/avatar\/e0a867bdedb85fd243eadf09663511f96fc81e0720a4a42581f334ad4303aa6b?s=96&d=mm&r=g\",\"contentUrl\":\"https:\/\/secure.gravatar.com\/avatar\/e0a867bdedb85fd243eadf09663511f96fc81e0720a4a42581f334ad4303aa6b?s=96&d=mm&r=g\",\"caption\":\"Reda\u00e7\u00e3o\"}}]}<\/script>\n<!-- \/ Yoast SEO plugin. -->","yoast_head_json":{"title":"Em qualquer lugar do mundo, povo sem cultura n\u00e3o se levanta; se ajoelha - Notibras","robots":{"index":"index","follow":"follow","max-snippet":"max-snippet:-1","max-image-preview":"max-image-preview:large","max-video-preview":"max-video-preview:-1"},"canonical":"https:\/\/www.notibras.com\/site\/em-qualquer-lugar-do-mundo-povo-sem-cultura-nao-se-levanta-se-ajoelha\/","og_locale":"pt_BR","og_type":"article","og_title":"Em qualquer lugar do mundo, povo sem cultura n\u00e3o se levanta; se ajoelha - Notibras","og_description":"Resposta do homem ao desafio da exist\u00eancia, o conhecimento \u00e9 vital para a forma\u00e7\u00e3o e continuidade de uma na\u00e7\u00e3o. Aproveitando a afirma\u00e7\u00e3o acad\u00eamica de que um povo sem conhecimento de sua hist\u00f3ria, origem e cultura \u00e9 como uma \u00e1rvore sem ra\u00edzes, n\u00e3o h\u00e1 d\u00favida de que o saber tem poder transformador e, sobretudo, libertador. Um [&hellip;]","og_url":"https:\/\/www.notibras.com\/site\/em-qualquer-lugar-do-mundo-povo-sem-cultura-nao-se-levanta-se-ajoelha\/","og_site_name":"Notibras","article_publisher":"https:\/\/www.facebook.com\/notibras\/","article_published_time":"2026-01-23T03:17:29+00:00","article_modified_time":"2026-01-23T14:01:53+00:00","og_image":[{"width":770,"height":513,"url":"https:\/\/www.notibras.com\/site\/wp-content\/uploads\/2026\/01\/pint0650.webp","type":"image\/webp"}],"author":"Reda\u00e7\u00e3o","twitter_card":"summary_large_image","twitter_creator":"@Notibras","twitter_site":"@Notibras","twitter_misc":{"Escrito por":"Reda\u00e7\u00e3o","Est. tempo de leitura":"4 minutos"},"schema":{"@context":"https:\/\/schema.org","@graph":[{"@type":"Article","@id":"https:\/\/www.notibras.com\/site\/em-qualquer-lugar-do-mundo-povo-sem-cultura-nao-se-levanta-se-ajoelha\/#article","isPartOf":{"@id":"https:\/\/www.notibras.com\/site\/em-qualquer-lugar-do-mundo-povo-sem-cultura-nao-se-levanta-se-ajoelha\/"},"author":{"name":"Reda\u00e7\u00e3o","@id":"https:\/\/www.notibras.com\/site\/#\/schema\/person\/36ab0979449956132d3e5b517ea76ac8"},"headline":"Em qualquer lugar do mundo, povo sem cultura n\u00e3o se levanta; se ajoelha","datePublished":"2026-01-23T03:17:29+00:00","dateModified":"2026-01-23T14:01:53+00:00","mainEntityOfPage":{"@id":"https:\/\/www.notibras.com\/site\/em-qualquer-lugar-do-mundo-povo-sem-cultura-nao-se-levanta-se-ajoelha\/"},"wordCount":621,"publisher":{"@id":"https:\/\/www.notibras.com\/site\/#organization"},"image":{"@id":"https:\/\/www.notibras.com\/site\/em-qualquer-lugar-do-mundo-povo-sem-cultura-nao-se-levanta-se-ajoelha\/#primaryimage"},"thumbnailUrl":"https:\/\/www.notibras.com\/site\/wp-content\/uploads\/2026\/01\/pint0650.webp","articleSection":["Leitura Vip"],"inLanguage":"pt-BR"},{"@type":"WebPage","@id":"https:\/\/www.notibras.com\/site\/em-qualquer-lugar-do-mundo-povo-sem-cultura-nao-se-levanta-se-ajoelha\/","url":"https:\/\/www.notibras.com\/site\/em-qualquer-lugar-do-mundo-povo-sem-cultura-nao-se-levanta-se-ajoelha\/","name":"Em qualquer lugar do mundo, povo sem cultura n\u00e3o se levanta; se ajoelha - Notibras","isPartOf":{"@id":"https:\/\/www.notibras.com\/site\/#website"},"primaryImageOfPage":{"@id":"https:\/\/www.notibras.com\/site\/em-qualquer-lugar-do-mundo-povo-sem-cultura-nao-se-levanta-se-ajoelha\/#primaryimage"},"image":{"@id":"https:\/\/www.notibras.com\/site\/em-qualquer-lugar-do-mundo-povo-sem-cultura-nao-se-levanta-se-ajoelha\/#primaryimage"},"thumbnailUrl":"https:\/\/www.notibras.com\/site\/wp-content\/uploads\/2026\/01\/pint0650.webp","datePublished":"2026-01-23T03:17:29+00:00","dateModified":"2026-01-23T14:01:53+00:00","breadcrumb":{"@id":"https:\/\/www.notibras.com\/site\/em-qualquer-lugar-do-mundo-povo-sem-cultura-nao-se-levanta-se-ajoelha\/#breadcrumb"},"inLanguage":"pt-BR","potentialAction":[{"@type":"ReadAction","target":["https:\/\/www.notibras.com\/site\/em-qualquer-lugar-do-mundo-povo-sem-cultura-nao-se-levanta-se-ajoelha\/"]}]},{"@type":"ImageObject","inLanguage":"pt-BR","@id":"https:\/\/www.notibras.com\/site\/em-qualquer-lugar-do-mundo-povo-sem-cultura-nao-se-levanta-se-ajoelha\/#primaryimage","url":"https:\/\/www.notibras.com\/site\/wp-content\/uploads\/2026\/01\/pint0650.webp","contentUrl":"https:\/\/www.notibras.com\/site\/wp-content\/uploads\/2026\/01\/pint0650.webp","width":770,"height":513},{"@type":"BreadcrumbList","@id":"https:\/\/www.notibras.com\/site\/em-qualquer-lugar-do-mundo-povo-sem-cultura-nao-se-levanta-se-ajoelha\/#breadcrumb","itemListElement":[{"@type":"ListItem","position":1,"name":"In\u00edcio","item":"https:\/\/www.notibras.com\/site\/"},{"@type":"ListItem","position":2,"name":"Em qualquer lugar do mundo, povo sem cultura n\u00e3o se levanta; se ajoelha"}]},{"@type":"WebSite","@id":"https:\/\/www.notibras.com\/site\/#website","url":"https:\/\/www.notibras.com\/site\/","name":"Notibras","description":"Not\u00edcias de Bras\u00edlia, do Brasil e do Mundo","publisher":{"@id":"https:\/\/www.notibras.com\/site\/#organization"},"potentialAction":[{"@type":"SearchAction","target":{"@type":"EntryPoint","urlTemplate":"https:\/\/www.notibras.com\/site\/?s={search_term_string}"},"query-input":{"@type":"PropertyValueSpecification","valueRequired":true,"valueName":"search_term_string"}}],"inLanguage":"pt-BR"},{"@type":"Organization","@id":"https:\/\/www.notibras.com\/site\/#organization","name":"Grupo Notibras de Comunica\u00e7\u00e3o","url":"https:\/\/www.notibras.com\/site\/","logo":{"@type":"ImageObject","inLanguage":"pt-BR","@id":"https:\/\/www.notibras.com\/site\/#\/schema\/logo\/image\/","url":"https:\/\/www.notibras.com\/site\/wp-content\/uploads\/2023\/01\/notibras23.png","contentUrl":"https:\/\/www.notibras.com\/site\/wp-content\/uploads\/2023\/01\/notibras23.png","width":350,"height":87,"caption":"Grupo Notibras de Comunica\u00e7\u00e3o"},"image":{"@id":"https:\/\/www.notibras.com\/site\/#\/schema\/logo\/image\/"},"sameAs":["https:\/\/www.facebook.com\/notibras\/","https:\/\/x.com\/Notibras","https:\/\/www.instagram.com\/notibras\/"]},{"@type":"Person","@id":"https:\/\/www.notibras.com\/site\/#\/schema\/person\/36ab0979449956132d3e5b517ea76ac8","name":"Reda\u00e7\u00e3o","image":{"@type":"ImageObject","inLanguage":"pt-BR","@id":"https:\/\/secure.gravatar.com\/avatar\/e0a867bdedb85fd243eadf09663511f96fc81e0720a4a42581f334ad4303aa6b?s=96&d=mm&r=g","url":"https:\/\/secure.gravatar.com\/avatar\/e0a867bdedb85fd243eadf09663511f96fc81e0720a4a42581f334ad4303aa6b?s=96&d=mm&r=g","contentUrl":"https:\/\/secure.gravatar.com\/avatar\/e0a867bdedb85fd243eadf09663511f96fc81e0720a4a42581f334ad4303aa6b?s=96&d=mm&r=g","caption":"Reda\u00e7\u00e3o"}}]}},"amp_enabled":true,"_links":{"self":[{"href":"https:\/\/www.notibras.com\/site\/wp-json\/wp\/v2\/posts\/380177","targetHints":{"allow":["GET"]}}],"collection":[{"href":"https:\/\/www.notibras.com\/site\/wp-json\/wp\/v2\/posts"}],"about":[{"href":"https:\/\/www.notibras.com\/site\/wp-json\/wp\/v2\/types\/post"}],"author":[{"embeddable":true,"href":"https:\/\/www.notibras.com\/site\/wp-json\/wp\/v2\/users\/2"}],"replies":[{"embeddable":true,"href":"https:\/\/www.notibras.com\/site\/wp-json\/wp\/v2\/comments?post=380177"}],"version-history":[{"count":2,"href":"https:\/\/www.notibras.com\/site\/wp-json\/wp\/v2\/posts\/380177\/revisions"}],"predecessor-version":[{"id":380192,"href":"https:\/\/www.notibras.com\/site\/wp-json\/wp\/v2\/posts\/380177\/revisions\/380192"}],"wp:featuredmedia":[{"embeddable":true,"href":"https:\/\/www.notibras.com\/site\/wp-json\/wp\/v2\/media\/380181"}],"wp:attachment":[{"href":"https:\/\/www.notibras.com\/site\/wp-json\/wp\/v2\/media?parent=380177"}],"wp:term":[{"taxonomy":"category","embeddable":true,"href":"https:\/\/www.notibras.com\/site\/wp-json\/wp\/v2\/categories?post=380177"},{"taxonomy":"post_tag","embeddable":true,"href":"https:\/\/www.notibras.com\/site\/wp-json\/wp\/v2\/tags?post=380177"}],"curies":[{"name":"wp","href":"https:\/\/api.w.org\/{rel}","templated":true}]}}