{"id":380183,"date":"2026-01-23T05:21:57","date_gmt":"2026-01-23T08:21:57","guid":{"rendered":"https:\/\/www.notibras.com\/site\/?p=380183"},"modified":"2026-01-23T05:21:57","modified_gmt":"2026-01-23T08:21:57","slug":"nova-ordem-da-lingua-portuguesa-e-printar-a-selfie-e-tuitar-a-sofrencia","status":"publish","type":"post","link":"https:\/\/www.notibras.com\/site\/nova-ordem-da-lingua-portuguesa-e-printar-a-selfie-e-tuitar-a-sofrencia\/","title":{"rendered":"Nova ordem da l\u00edngua portuguesa \u00e9 printar a selfie e tuitar a &#8216;sofr\u00eancia&#8217;"},"content":{"rendered":"<p>Antigo nesse mundo de meu Deus, nem sempre concordo com os neologismos criados pelos mais novos ou pelos politicamente corretos para denominar coisas de tempos passados. Por exemplo, o povo ideologicamente \u00e0 direita defende a fulaniza\u00e7\u00e3o das mortes em favelas. Para os conservadores, elas s\u00e3o apenas uma triste consequ\u00eancia para os que nasceram pobres. Para esses, o m\u00ednimo que posso dizer \u00e9 que, sendo assim, por que n\u00e3o posso naturalizar linguisticamente a introdu\u00e7\u00e3o do meu pescocinho de frango em vossas gaiolas f\u00e9tidas?<\/p>\n<p>Mesmo sem saber o que era o tal neologismo, era assim que eu respondia \u00e0queles que n\u00e3o me aceitavam como igual. Hoje, embora n\u00e3o assumam, muitos deles preferem sonhar com um espanador de p\u00f3 no girassol. Coisas de quem diz que pimenta s\u00f3 \u00e9 refresco no anel alheio. S\u00e3o os mesmos que nunca adentraram um dos milhares recintos de luzes vermelhas espalhados pelo pa\u00eds e, por isso, apelidaram as velhas e prazerosas casas de sali\u00eancia de locais de comida r\u00e1pida. Os mais esquisitos s\u00f3 se referem a elas (as casas) como fast food.<\/p>\n<p>Se est\u00e3o querendo mudar as regras com o jogo sendo jogado, espartanamente sugiro que avaliem melhor o que dizem, pois, como lembra o velho ditado popular, quem com ferro fere n\u00e3o sabe como d\u00f3i. Por essa e outras raz\u00f5es \u00e9 que n\u00e3o me canso de dizer que o mundo \u00e9 redondo, mas est\u00e1 ficando chato. Parafraseando o frasista Nelson Rodrigues, no Brasil de hoje h\u00e1 sujeitos que nascem, envelhecem e morrem ser ter ousado um racioc\u00ednio pr\u00f3prio. Optam pelo caminho do internet\u00eas, da hashtag e da dropagem.<\/p>\n<p>Como sempre soube que os \u00faltimos ser\u00e3o desclassificados, n\u00e3o me vejo como ranzinza, mas questiono a turma que vive para printar a selfie e tuitar a sofr\u00eancia, mas esquece que o melhor do admiramento \u00e9 o cruzo entre seres sexualmente antag\u00f4nicos, ou seja, uma gata e um ogro. J\u00e1 que depois da tempestade vem a gripe, o melhor caminho para desenvelhecer \u00e9 desesquentar, deletar a sofr\u00eancia e aderir \u00e0 nova ordem da l\u00edngua portuguesa.<\/p>\n<p>Sabidamente os neologismos expressam novas realidades para a turma que adora Coca-Cola porque nunca experimentou Pepsi. Seriam esses os personagens do tipo pau que nasce torto acaba fazendo xixi no ch\u00e3o? Pode ser! Embora prefira manter as palavras exatamente como foram criadas, n\u00e3o escondo que aprecio o sextou e que de vez em sempre sou praticante do debo\u00edsmo, isto \u00e9, ficar de boa, ficar em paz, sem estresses e sem preocupa\u00e7\u00f5es. Portanto, se voc\u00ea n\u00e3o \u00e9 de boa, por favor n\u00e3o tente desdeboar meu debo\u00edsmo.<\/p>\n<p>Antesmente, por conta da tal eloqu\u00eancia, falar errado era uma arte. Nada a ver com a dislalia (dist\u00farbio que acomete a fala). Papalizando a comunica\u00e7\u00e3o, vale registrar que o mais importante \u00e9 o entendimento do que se ouve ou l\u00ea. N\u00e3o adianta tentar buscar a origem das novas palavras, tampouco raz\u00f5es para sua cria\u00e7\u00e3o. \u00c9 ouvir, gravar e, sem medo de estar tentando persuadir, convencer ou instruir, repeti-las \u00e0 exaust\u00e3o. Mas o que \u00e9 mesmo printar, blogar, online, streamar, namorido, selfie, clicar, tuitar, linkar, customizar, metrossexual, bullying, hastag, home office, deletar, dropar, geolocaliza\u00e7\u00e3o, admiramento e etc? \u00c9 a tal da l\u00edngua viva e em constante evolu\u00e7\u00e3o. Se a minha est\u00e1 evoluindo eu n\u00e3o sei, mas garanto que ela est\u00e1 vivinha da Silva. E n\u00e3o \u00e9 ret\u00f3rica.<\/p>\n<p>&#8230;&#8230;&#8230;<\/p>\n<p><strong>Wenceslau Ara\u00fajo \u00e9 Editor-Chefe de Notibras<\/strong><\/p>\n","protected":false},"excerpt":{"rendered":"<p>Antigo nesse mundo de meu Deus, nem sempre concordo com os neologismos criados pelos mais novos ou pelos politicamente corretos para denominar coisas de tempos passados. Por exemplo, o povo ideologicamente \u00e0 direita defende a fulaniza\u00e7\u00e3o das mortes em favelas. Para os conservadores, elas s\u00e3o apenas uma triste consequ\u00eancia para os que nasceram pobres. Para [&hellip;]<\/p>\n","protected":false},"author":2,"featured_media":293363,"comment_status":"closed","ping_status":"closed","sticky":false,"template":"","format":"standard","meta":{"_acf_changed":false,"footnotes":""},"categories":[236],"tags":[],"class_list":["post-380183","post","type-post","status-publish","format-standard","has-post-thumbnail","hentry","category-ponto-de-vista"],"acf":[],"yoast_head":"<!-- This site is optimized with the Yoast SEO plugin v27.2 - https:\/\/yoast.com\/product\/yoast-seo-wordpress\/ -->\n<title>Nova ordem da l\u00edngua portuguesa \u00e9 printar a selfie e tuitar a &#039;sofr\u00eancia&#039; - Notibras<\/title>\n<meta name=\"robots\" content=\"index, follow, max-snippet:-1, max-image-preview:large, max-video-preview:-1\" \/>\n<link rel=\"canonical\" href=\"https:\/\/www.notibras.com\/site\/nova-ordem-da-lingua-portuguesa-e-printar-a-selfie-e-tuitar-a-sofrencia\/\" \/>\n<meta property=\"og:locale\" content=\"pt_BR\" \/>\n<meta property=\"og:type\" content=\"article\" \/>\n<meta property=\"og:title\" content=\"Nova ordem da l\u00edngua portuguesa \u00e9 printar a selfie e tuitar a &#039;sofr\u00eancia&#039; - Notibras\" \/>\n<meta property=\"og:description\" content=\"Antigo nesse mundo de meu Deus, nem sempre concordo com os neologismos criados pelos mais novos ou pelos politicamente corretos para denominar coisas de tempos passados. Por exemplo, o povo ideologicamente \u00e0 direita defende a fulaniza\u00e7\u00e3o das mortes em favelas. Para os conservadores, elas s\u00e3o apenas uma triste consequ\u00eancia para os que nasceram pobres. Para [&hellip;]\" \/>\n<meta property=\"og:url\" content=\"https:\/\/www.notibras.com\/site\/nova-ordem-da-lingua-portuguesa-e-printar-a-selfie-e-tuitar-a-sofrencia\/\" \/>\n<meta property=\"og:site_name\" content=\"Notibras\" \/>\n<meta property=\"article:publisher\" content=\"https:\/\/www.facebook.com\/notibras\/\" \/>\n<meta property=\"article:published_time\" content=\"2026-01-23T08:21:57+00:00\" \/>\n<meta property=\"og:image\" content=\"https:\/\/www.notibras.com\/site\/wp-content\/uploads\/2022\/10\/uso_de_smartphone_e_celular050720211243.jpg\" \/>\n\t<meta property=\"og:image:width\" content=\"1170\" \/>\n\t<meta property=\"og:image:height\" content=\"700\" \/>\n\t<meta property=\"og:image:type\" content=\"image\/jpeg\" \/>\n<meta name=\"author\" content=\"Reda\u00e7\u00e3o\" \/>\n<meta name=\"twitter:card\" content=\"summary_large_image\" \/>\n<meta name=\"twitter:creator\" content=\"@Notibras\" \/>\n<meta name=\"twitter:site\" content=\"@Notibras\" \/>\n<meta name=\"twitter:label1\" content=\"Escrito por\" \/>\n\t<meta name=\"twitter:data1\" content=\"Reda\u00e7\u00e3o\" \/>\n\t<meta name=\"twitter:label2\" content=\"Est. tempo de leitura\" \/>\n\t<meta name=\"twitter:data2\" content=\"4 minutos\" \/>\n<script type=\"application\/ld+json\" class=\"yoast-schema-graph\">{\"@context\":\"https:\/\/schema.org\",\"@graph\":[{\"@type\":\"Article\",\"@id\":\"https:\/\/www.notibras.com\/site\/nova-ordem-da-lingua-portuguesa-e-printar-a-selfie-e-tuitar-a-sofrencia\/#article\",\"isPartOf\":{\"@id\":\"https:\/\/www.notibras.com\/site\/nova-ordem-da-lingua-portuguesa-e-printar-a-selfie-e-tuitar-a-sofrencia\/\"},\"author\":{\"name\":\"Reda\u00e7\u00e3o\",\"@id\":\"https:\/\/www.notibras.com\/site\/#\/schema\/person\/36ab0979449956132d3e5b517ea76ac8\"},\"headline\":\"Nova ordem da l\u00edngua portuguesa \u00e9 printar a selfie e tuitar a &#8216;sofr\u00eancia&#8217;\",\"datePublished\":\"2026-01-23T08:21:57+00:00\",\"mainEntityOfPage\":{\"@id\":\"https:\/\/www.notibras.com\/site\/nova-ordem-da-lingua-portuguesa-e-printar-a-selfie-e-tuitar-a-sofrencia\/\"},\"wordCount\":598,\"publisher\":{\"@id\":\"https:\/\/www.notibras.com\/site\/#organization\"},\"image\":{\"@id\":\"https:\/\/www.notibras.com\/site\/nova-ordem-da-lingua-portuguesa-e-printar-a-selfie-e-tuitar-a-sofrencia\/#primaryimage\"},\"thumbnailUrl\":\"https:\/\/www.notibras.com\/site\/wp-content\/uploads\/2022\/10\/uso_de_smartphone_e_celular050720211243.jpg\",\"articleSection\":[\"Ponto de Vista\"],\"inLanguage\":\"pt-BR\"},{\"@type\":\"WebPage\",\"@id\":\"https:\/\/www.notibras.com\/site\/nova-ordem-da-lingua-portuguesa-e-printar-a-selfie-e-tuitar-a-sofrencia\/\",\"url\":\"https:\/\/www.notibras.com\/site\/nova-ordem-da-lingua-portuguesa-e-printar-a-selfie-e-tuitar-a-sofrencia\/\",\"name\":\"Nova ordem da l\u00edngua portuguesa \u00e9 printar a selfie e tuitar a 'sofr\u00eancia' - Notibras\",\"isPartOf\":{\"@id\":\"https:\/\/www.notibras.com\/site\/#website\"},\"primaryImageOfPage\":{\"@id\":\"https:\/\/www.notibras.com\/site\/nova-ordem-da-lingua-portuguesa-e-printar-a-selfie-e-tuitar-a-sofrencia\/#primaryimage\"},\"image\":{\"@id\":\"https:\/\/www.notibras.com\/site\/nova-ordem-da-lingua-portuguesa-e-printar-a-selfie-e-tuitar-a-sofrencia\/#primaryimage\"},\"thumbnailUrl\":\"https:\/\/www.notibras.com\/site\/wp-content\/uploads\/2022\/10\/uso_de_smartphone_e_celular050720211243.jpg\",\"datePublished\":\"2026-01-23T08:21:57+00:00\",\"breadcrumb\":{\"@id\":\"https:\/\/www.notibras.com\/site\/nova-ordem-da-lingua-portuguesa-e-printar-a-selfie-e-tuitar-a-sofrencia\/#breadcrumb\"},\"inLanguage\":\"pt-BR\",\"potentialAction\":[{\"@type\":\"ReadAction\",\"target\":[\"https:\/\/www.notibras.com\/site\/nova-ordem-da-lingua-portuguesa-e-printar-a-selfie-e-tuitar-a-sofrencia\/\"]}]},{\"@type\":\"ImageObject\",\"inLanguage\":\"pt-BR\",\"@id\":\"https:\/\/www.notibras.com\/site\/nova-ordem-da-lingua-portuguesa-e-printar-a-selfie-e-tuitar-a-sofrencia\/#primaryimage\",\"url\":\"https:\/\/www.notibras.com\/site\/wp-content\/uploads\/2022\/10\/uso_de_smartphone_e_celular050720211243.jpg\",\"contentUrl\":\"https:\/\/www.notibras.com\/site\/wp-content\/uploads\/2022\/10\/uso_de_smartphone_e_celular050720211243.jpg\",\"width\":1170,\"height\":700},{\"@type\":\"BreadcrumbList\",\"@id\":\"https:\/\/www.notibras.com\/site\/nova-ordem-da-lingua-portuguesa-e-printar-a-selfie-e-tuitar-a-sofrencia\/#breadcrumb\",\"itemListElement\":[{\"@type\":\"ListItem\",\"position\":1,\"name\":\"In\u00edcio\",\"item\":\"https:\/\/www.notibras.com\/site\/\"},{\"@type\":\"ListItem\",\"position\":2,\"name\":\"Nova ordem da l\u00edngua portuguesa \u00e9 printar a selfie e tuitar a &#8216;sofr\u00eancia&#8217;\"}]},{\"@type\":\"WebSite\",\"@id\":\"https:\/\/www.notibras.com\/site\/#website\",\"url\":\"https:\/\/www.notibras.com\/site\/\",\"name\":\"Notibras\",\"description\":\"Not\u00edcias de Bras\u00edlia, do Brasil e do Mundo\",\"publisher\":{\"@id\":\"https:\/\/www.notibras.com\/site\/#organization\"},\"potentialAction\":[{\"@type\":\"SearchAction\",\"target\":{\"@type\":\"EntryPoint\",\"urlTemplate\":\"https:\/\/www.notibras.com\/site\/?s={search_term_string}\"},\"query-input\":{\"@type\":\"PropertyValueSpecification\",\"valueRequired\":true,\"valueName\":\"search_term_string\"}}],\"inLanguage\":\"pt-BR\"},{\"@type\":\"Organization\",\"@id\":\"https:\/\/www.notibras.com\/site\/#organization\",\"name\":\"Grupo Notibras de Comunica\u00e7\u00e3o\",\"url\":\"https:\/\/www.notibras.com\/site\/\",\"logo\":{\"@type\":\"ImageObject\",\"inLanguage\":\"pt-BR\",\"@id\":\"https:\/\/www.notibras.com\/site\/#\/schema\/logo\/image\/\",\"url\":\"https:\/\/www.notibras.com\/site\/wp-content\/uploads\/2023\/01\/notibras23.png\",\"contentUrl\":\"https:\/\/www.notibras.com\/site\/wp-content\/uploads\/2023\/01\/notibras23.png\",\"width\":350,\"height\":87,\"caption\":\"Grupo Notibras de Comunica\u00e7\u00e3o\"},\"image\":{\"@id\":\"https:\/\/www.notibras.com\/site\/#\/schema\/logo\/image\/\"},\"sameAs\":[\"https:\/\/www.facebook.com\/notibras\/\",\"https:\/\/x.com\/Notibras\",\"https:\/\/www.instagram.com\/notibras\/\"]},{\"@type\":\"Person\",\"@id\":\"https:\/\/www.notibras.com\/site\/#\/schema\/person\/36ab0979449956132d3e5b517ea76ac8\",\"name\":\"Reda\u00e7\u00e3o\",\"image\":{\"@type\":\"ImageObject\",\"inLanguage\":\"pt-BR\",\"@id\":\"https:\/\/secure.gravatar.com\/avatar\/e0a867bdedb85fd243eadf09663511f96fc81e0720a4a42581f334ad4303aa6b?s=96&d=mm&r=g\",\"url\":\"https:\/\/secure.gravatar.com\/avatar\/e0a867bdedb85fd243eadf09663511f96fc81e0720a4a42581f334ad4303aa6b?s=96&d=mm&r=g\",\"contentUrl\":\"https:\/\/secure.gravatar.com\/avatar\/e0a867bdedb85fd243eadf09663511f96fc81e0720a4a42581f334ad4303aa6b?s=96&d=mm&r=g\",\"caption\":\"Reda\u00e7\u00e3o\"}}]}<\/script>\n<!-- \/ Yoast SEO plugin. -->","yoast_head_json":{"title":"Nova ordem da l\u00edngua portuguesa \u00e9 printar a selfie e tuitar a 'sofr\u00eancia' - Notibras","robots":{"index":"index","follow":"follow","max-snippet":"max-snippet:-1","max-image-preview":"max-image-preview:large","max-video-preview":"max-video-preview:-1"},"canonical":"https:\/\/www.notibras.com\/site\/nova-ordem-da-lingua-portuguesa-e-printar-a-selfie-e-tuitar-a-sofrencia\/","og_locale":"pt_BR","og_type":"article","og_title":"Nova ordem da l\u00edngua portuguesa \u00e9 printar a selfie e tuitar a 'sofr\u00eancia' - Notibras","og_description":"Antigo nesse mundo de meu Deus, nem sempre concordo com os neologismos criados pelos mais novos ou pelos politicamente corretos para denominar coisas de tempos passados. Por exemplo, o povo ideologicamente \u00e0 direita defende a fulaniza\u00e7\u00e3o das mortes em favelas. Para os conservadores, elas s\u00e3o apenas uma triste consequ\u00eancia para os que nasceram pobres. Para [&hellip;]","og_url":"https:\/\/www.notibras.com\/site\/nova-ordem-da-lingua-portuguesa-e-printar-a-selfie-e-tuitar-a-sofrencia\/","og_site_name":"Notibras","article_publisher":"https:\/\/www.facebook.com\/notibras\/","article_published_time":"2026-01-23T08:21:57+00:00","og_image":[{"width":1170,"height":700,"url":"https:\/\/www.notibras.com\/site\/wp-content\/uploads\/2022\/10\/uso_de_smartphone_e_celular050720211243.jpg","type":"image\/jpeg"}],"author":"Reda\u00e7\u00e3o","twitter_card":"summary_large_image","twitter_creator":"@Notibras","twitter_site":"@Notibras","twitter_misc":{"Escrito por":"Reda\u00e7\u00e3o","Est. tempo de leitura":"4 minutos"},"schema":{"@context":"https:\/\/schema.org","@graph":[{"@type":"Article","@id":"https:\/\/www.notibras.com\/site\/nova-ordem-da-lingua-portuguesa-e-printar-a-selfie-e-tuitar-a-sofrencia\/#article","isPartOf":{"@id":"https:\/\/www.notibras.com\/site\/nova-ordem-da-lingua-portuguesa-e-printar-a-selfie-e-tuitar-a-sofrencia\/"},"author":{"name":"Reda\u00e7\u00e3o","@id":"https:\/\/www.notibras.com\/site\/#\/schema\/person\/36ab0979449956132d3e5b517ea76ac8"},"headline":"Nova ordem da l\u00edngua portuguesa \u00e9 printar a selfie e tuitar a &#8216;sofr\u00eancia&#8217;","datePublished":"2026-01-23T08:21:57+00:00","mainEntityOfPage":{"@id":"https:\/\/www.notibras.com\/site\/nova-ordem-da-lingua-portuguesa-e-printar-a-selfie-e-tuitar-a-sofrencia\/"},"wordCount":598,"publisher":{"@id":"https:\/\/www.notibras.com\/site\/#organization"},"image":{"@id":"https:\/\/www.notibras.com\/site\/nova-ordem-da-lingua-portuguesa-e-printar-a-selfie-e-tuitar-a-sofrencia\/#primaryimage"},"thumbnailUrl":"https:\/\/www.notibras.com\/site\/wp-content\/uploads\/2022\/10\/uso_de_smartphone_e_celular050720211243.jpg","articleSection":["Ponto de Vista"],"inLanguage":"pt-BR"},{"@type":"WebPage","@id":"https:\/\/www.notibras.com\/site\/nova-ordem-da-lingua-portuguesa-e-printar-a-selfie-e-tuitar-a-sofrencia\/","url":"https:\/\/www.notibras.com\/site\/nova-ordem-da-lingua-portuguesa-e-printar-a-selfie-e-tuitar-a-sofrencia\/","name":"Nova ordem da l\u00edngua portuguesa \u00e9 printar a selfie e tuitar a 'sofr\u00eancia' - Notibras","isPartOf":{"@id":"https:\/\/www.notibras.com\/site\/#website"},"primaryImageOfPage":{"@id":"https:\/\/www.notibras.com\/site\/nova-ordem-da-lingua-portuguesa-e-printar-a-selfie-e-tuitar-a-sofrencia\/#primaryimage"},"image":{"@id":"https:\/\/www.notibras.com\/site\/nova-ordem-da-lingua-portuguesa-e-printar-a-selfie-e-tuitar-a-sofrencia\/#primaryimage"},"thumbnailUrl":"https:\/\/www.notibras.com\/site\/wp-content\/uploads\/2022\/10\/uso_de_smartphone_e_celular050720211243.jpg","datePublished":"2026-01-23T08:21:57+00:00","breadcrumb":{"@id":"https:\/\/www.notibras.com\/site\/nova-ordem-da-lingua-portuguesa-e-printar-a-selfie-e-tuitar-a-sofrencia\/#breadcrumb"},"inLanguage":"pt-BR","potentialAction":[{"@type":"ReadAction","target":["https:\/\/www.notibras.com\/site\/nova-ordem-da-lingua-portuguesa-e-printar-a-selfie-e-tuitar-a-sofrencia\/"]}]},{"@type":"ImageObject","inLanguage":"pt-BR","@id":"https:\/\/www.notibras.com\/site\/nova-ordem-da-lingua-portuguesa-e-printar-a-selfie-e-tuitar-a-sofrencia\/#primaryimage","url":"https:\/\/www.notibras.com\/site\/wp-content\/uploads\/2022\/10\/uso_de_smartphone_e_celular050720211243.jpg","contentUrl":"https:\/\/www.notibras.com\/site\/wp-content\/uploads\/2022\/10\/uso_de_smartphone_e_celular050720211243.jpg","width":1170,"height":700},{"@type":"BreadcrumbList","@id":"https:\/\/www.notibras.com\/site\/nova-ordem-da-lingua-portuguesa-e-printar-a-selfie-e-tuitar-a-sofrencia\/#breadcrumb","itemListElement":[{"@type":"ListItem","position":1,"name":"In\u00edcio","item":"https:\/\/www.notibras.com\/site\/"},{"@type":"ListItem","position":2,"name":"Nova ordem da l\u00edngua portuguesa \u00e9 printar a selfie e tuitar a &#8216;sofr\u00eancia&#8217;"}]},{"@type":"WebSite","@id":"https:\/\/www.notibras.com\/site\/#website","url":"https:\/\/www.notibras.com\/site\/","name":"Notibras","description":"Not\u00edcias de Bras\u00edlia, do Brasil e do Mundo","publisher":{"@id":"https:\/\/www.notibras.com\/site\/#organization"},"potentialAction":[{"@type":"SearchAction","target":{"@type":"EntryPoint","urlTemplate":"https:\/\/www.notibras.com\/site\/?s={search_term_string}"},"query-input":{"@type":"PropertyValueSpecification","valueRequired":true,"valueName":"search_term_string"}}],"inLanguage":"pt-BR"},{"@type":"Organization","@id":"https:\/\/www.notibras.com\/site\/#organization","name":"Grupo Notibras de Comunica\u00e7\u00e3o","url":"https:\/\/www.notibras.com\/site\/","logo":{"@type":"ImageObject","inLanguage":"pt-BR","@id":"https:\/\/www.notibras.com\/site\/#\/schema\/logo\/image\/","url":"https:\/\/www.notibras.com\/site\/wp-content\/uploads\/2023\/01\/notibras23.png","contentUrl":"https:\/\/www.notibras.com\/site\/wp-content\/uploads\/2023\/01\/notibras23.png","width":350,"height":87,"caption":"Grupo Notibras de Comunica\u00e7\u00e3o"},"image":{"@id":"https:\/\/www.notibras.com\/site\/#\/schema\/logo\/image\/"},"sameAs":["https:\/\/www.facebook.com\/notibras\/","https:\/\/x.com\/Notibras","https:\/\/www.instagram.com\/notibras\/"]},{"@type":"Person","@id":"https:\/\/www.notibras.com\/site\/#\/schema\/person\/36ab0979449956132d3e5b517ea76ac8","name":"Reda\u00e7\u00e3o","image":{"@type":"ImageObject","inLanguage":"pt-BR","@id":"https:\/\/secure.gravatar.com\/avatar\/e0a867bdedb85fd243eadf09663511f96fc81e0720a4a42581f334ad4303aa6b?s=96&d=mm&r=g","url":"https:\/\/secure.gravatar.com\/avatar\/e0a867bdedb85fd243eadf09663511f96fc81e0720a4a42581f334ad4303aa6b?s=96&d=mm&r=g","contentUrl":"https:\/\/secure.gravatar.com\/avatar\/e0a867bdedb85fd243eadf09663511f96fc81e0720a4a42581f334ad4303aa6b?s=96&d=mm&r=g","caption":"Reda\u00e7\u00e3o"}}]}},"amp_enabled":true,"_links":{"self":[{"href":"https:\/\/www.notibras.com\/site\/wp-json\/wp\/v2\/posts\/380183","targetHints":{"allow":["GET"]}}],"collection":[{"href":"https:\/\/www.notibras.com\/site\/wp-json\/wp\/v2\/posts"}],"about":[{"href":"https:\/\/www.notibras.com\/site\/wp-json\/wp\/v2\/types\/post"}],"author":[{"embeddable":true,"href":"https:\/\/www.notibras.com\/site\/wp-json\/wp\/v2\/users\/2"}],"replies":[{"embeddable":true,"href":"https:\/\/www.notibras.com\/site\/wp-json\/wp\/v2\/comments?post=380183"}],"version-history":[{"count":1,"href":"https:\/\/www.notibras.com\/site\/wp-json\/wp\/v2\/posts\/380183\/revisions"}],"predecessor-version":[{"id":380184,"href":"https:\/\/www.notibras.com\/site\/wp-json\/wp\/v2\/posts\/380183\/revisions\/380184"}],"wp:featuredmedia":[{"embeddable":true,"href":"https:\/\/www.notibras.com\/site\/wp-json\/wp\/v2\/media\/293363"}],"wp:attachment":[{"href":"https:\/\/www.notibras.com\/site\/wp-json\/wp\/v2\/media?parent=380183"}],"wp:term":[{"taxonomy":"category","embeddable":true,"href":"https:\/\/www.notibras.com\/site\/wp-json\/wp\/v2\/categories?post=380183"},{"taxonomy":"post_tag","embeddable":true,"href":"https:\/\/www.notibras.com\/site\/wp-json\/wp\/v2\/tags?post=380183"}],"curies":[{"name":"wp","href":"https:\/\/api.w.org\/{rel}","templated":true}]}}