{"id":380188,"date":"2026-01-23T10:20:38","date_gmt":"2026-01-23T13:20:38","guid":{"rendered":"https:\/\/www.notibras.com\/site\/?p=380188"},"modified":"2026-01-23T10:20:38","modified_gmt":"2026-01-23T13:20:38","slug":"fevereiro-vem-ai-com-onibus-mais-caro","status":"publish","type":"post","link":"https:\/\/www.notibras.com\/site\/fevereiro-vem-ai-com-onibus-mais-caro\/","title":{"rendered":"Fevereiro vem a\u00ed com \u00f4nibus mais caro"},"content":{"rendered":"<p>O governo de Pernambuco aprovou um reajuste de 4,46% no valor das passagens de \u00f4nibus que circulam na Grande Recife. A partir de 1\u00ba de fevereiro, o pre\u00e7o do Bilhete \u00danico, usado pela maioria dos passageiros, sair\u00e1 de R$ 4,30 para R$ 4,50.<\/p>\n<p>A nova tarifa havia sido autorizada pelo Conselho Superior de Transporte Metropolitano no \u00faltimo dia 15, mas aguardava a homologa\u00e7\u00e3o pela Ag\u00eancia de Regula\u00e7\u00e3o de Pernambuco (Arpe). A aprova\u00e7\u00e3o do reajuste acontece em meio \u00e0 investiga\u00e7\u00e3o do Minist\u00e9rio P\u00fablico sobre poss\u00edveis irregularidades na reuni\u00e3o.<\/p>\n<p>Conforme o governo, o aumento reflete os efeitos da infla\u00e7\u00e3o medida pelo \u00cdndice Nacional de Pre\u00e7os ao Consumidor (IPCA), registrada no per\u00edodo de 1\u00ba de dezembro de 2024 a 30 de novembro de 2025.<\/p>\n","protected":false},"excerpt":{"rendered":"<p>O governo de Pernambuco aprovou um reajuste de 4,46% no valor das passagens de \u00f4nibus que circulam na Grande Recife. A partir de 1\u00ba de fevereiro, o pre\u00e7o do Bilhete \u00danico, usado pela maioria dos passageiros, sair\u00e1 de R$ 4,30 para R$ 4,50. A nova tarifa havia sido autorizada pelo Conselho Superior de Transporte Metropolitano [&hellip;]<\/p>\n","protected":false},"author":2,"featured_media":380189,"comment_status":"closed","ping_status":"closed","sticky":false,"template":"","format":"standard","meta":{"_acf_changed":false,"footnotes":""},"categories":[165],"tags":[],"class_list":["post-380188","post","type-post","status-publish","format-standard","has-post-thumbnail","hentry","category-nordeste"],"acf":[],"yoast_head":"<!-- This site is optimized with the Yoast SEO plugin v27.2 - https:\/\/yoast.com\/product\/yoast-seo-wordpress\/ -->\n<title>Fevereiro vem a\u00ed com \u00f4nibus mais caro - Notibras<\/title>\n<meta name=\"robots\" content=\"index, follow, max-snippet:-1, max-image-preview:large, max-video-preview:-1\" \/>\n<link rel=\"canonical\" href=\"https:\/\/www.notibras.com\/site\/fevereiro-vem-ai-com-onibus-mais-caro\/\" \/>\n<meta property=\"og:locale\" content=\"pt_BR\" \/>\n<meta property=\"og:type\" content=\"article\" \/>\n<meta property=\"og:title\" content=\"Fevereiro vem a\u00ed com \u00f4nibus mais caro - Notibras\" \/>\n<meta property=\"og:description\" content=\"O governo de Pernambuco aprovou um reajuste de 4,46% no valor das passagens de \u00f4nibus que circulam na Grande Recife. A partir de 1\u00ba de fevereiro, o pre\u00e7o do Bilhete \u00danico, usado pela maioria dos passageiros, sair\u00e1 de R$ 4,30 para R$ 4,50. A nova tarifa havia sido autorizada pelo Conselho Superior de Transporte Metropolitano [&hellip;]\" \/>\n<meta property=\"og:url\" content=\"https:\/\/www.notibras.com\/site\/fevereiro-vem-ai-com-onibus-mais-caro\/\" \/>\n<meta property=\"og:site_name\" content=\"Notibras\" \/>\n<meta property=\"article:publisher\" content=\"https:\/\/www.facebook.com\/notibras\/\" \/>\n<meta property=\"article:published_time\" content=\"2026-01-23T13:20:38+00:00\" \/>\n<meta property=\"og:image\" content=\"https:\/\/www.notibras.com\/site\/wp-content\/uploads\/2026\/01\/whatsapp-image-2025-07-03-at-081923.jpeg\" \/>\n\t<meta property=\"og:image:width\" content=\"1100\" \/>\n\t<meta property=\"og:image:height\" content=\"733\" \/>\n\t<meta property=\"og:image:type\" content=\"image\/jpeg\" \/>\n<meta name=\"author\" content=\"Reda\u00e7\u00e3o\" \/>\n<meta name=\"twitter:card\" content=\"summary_large_image\" \/>\n<meta name=\"twitter:creator\" content=\"@Notibras\" \/>\n<meta name=\"twitter:site\" content=\"@Notibras\" \/>\n<meta name=\"twitter:label1\" content=\"Escrito por\" \/>\n\t<meta name=\"twitter:data1\" content=\"Reda\u00e7\u00e3o\" \/>\n\t<meta name=\"twitter:label2\" content=\"Est. tempo de leitura\" \/>\n\t<meta name=\"twitter:data2\" content=\"1 minuto\" \/>\n<script type=\"application\/ld+json\" class=\"yoast-schema-graph\">{\"@context\":\"https:\/\/schema.org\",\"@graph\":[{\"@type\":\"Article\",\"@id\":\"https:\/\/www.notibras.com\/site\/fevereiro-vem-ai-com-onibus-mais-caro\/#article\",\"isPartOf\":{\"@id\":\"https:\/\/www.notibras.com\/site\/fevereiro-vem-ai-com-onibus-mais-caro\/\"},\"author\":{\"name\":\"Reda\u00e7\u00e3o\",\"@id\":\"https:\/\/www.notibras.com\/site\/#\/schema\/person\/36ab0979449956132d3e5b517ea76ac8\"},\"headline\":\"Fevereiro vem a\u00ed com \u00f4nibus mais caro\",\"datePublished\":\"2026-01-23T13:20:38+00:00\",\"mainEntityOfPage\":{\"@id\":\"https:\/\/www.notibras.com\/site\/fevereiro-vem-ai-com-onibus-mais-caro\/\"},\"wordCount\":131,\"publisher\":{\"@id\":\"https:\/\/www.notibras.com\/site\/#organization\"},\"image\":{\"@id\":\"https:\/\/www.notibras.com\/site\/fevereiro-vem-ai-com-onibus-mais-caro\/#primaryimage\"},\"thumbnailUrl\":\"https:\/\/www.notibras.com\/site\/wp-content\/uploads\/2026\/01\/whatsapp-image-2025-07-03-at-081923.jpeg\",\"articleSection\":[\"Nordeste\"],\"inLanguage\":\"pt-BR\"},{\"@type\":\"WebPage\",\"@id\":\"https:\/\/www.notibras.com\/site\/fevereiro-vem-ai-com-onibus-mais-caro\/\",\"url\":\"https:\/\/www.notibras.com\/site\/fevereiro-vem-ai-com-onibus-mais-caro\/\",\"name\":\"Fevereiro vem a\u00ed com \u00f4nibus mais caro - Notibras\",\"isPartOf\":{\"@id\":\"https:\/\/www.notibras.com\/site\/#website\"},\"primaryImageOfPage\":{\"@id\":\"https:\/\/www.notibras.com\/site\/fevereiro-vem-ai-com-onibus-mais-caro\/#primaryimage\"},\"image\":{\"@id\":\"https:\/\/www.notibras.com\/site\/fevereiro-vem-ai-com-onibus-mais-caro\/#primaryimage\"},\"thumbnailUrl\":\"https:\/\/www.notibras.com\/site\/wp-content\/uploads\/2026\/01\/whatsapp-image-2025-07-03-at-081923.jpeg\",\"datePublished\":\"2026-01-23T13:20:38+00:00\",\"breadcrumb\":{\"@id\":\"https:\/\/www.notibras.com\/site\/fevereiro-vem-ai-com-onibus-mais-caro\/#breadcrumb\"},\"inLanguage\":\"pt-BR\",\"potentialAction\":[{\"@type\":\"ReadAction\",\"target\":[\"https:\/\/www.notibras.com\/site\/fevereiro-vem-ai-com-onibus-mais-caro\/\"]}]},{\"@type\":\"ImageObject\",\"inLanguage\":\"pt-BR\",\"@id\":\"https:\/\/www.notibras.com\/site\/fevereiro-vem-ai-com-onibus-mais-caro\/#primaryimage\",\"url\":\"https:\/\/www.notibras.com\/site\/wp-content\/uploads\/2026\/01\/whatsapp-image-2025-07-03-at-081923.jpeg\",\"contentUrl\":\"https:\/\/www.notibras.com\/site\/wp-content\/uploads\/2026\/01\/whatsapp-image-2025-07-03-at-081923.jpeg\",\"width\":1100,\"height\":733},{\"@type\":\"BreadcrumbList\",\"@id\":\"https:\/\/www.notibras.com\/site\/fevereiro-vem-ai-com-onibus-mais-caro\/#breadcrumb\",\"itemListElement\":[{\"@type\":\"ListItem\",\"position\":1,\"name\":\"In\u00edcio\",\"item\":\"https:\/\/www.notibras.com\/site\/\"},{\"@type\":\"ListItem\",\"position\":2,\"name\":\"Fevereiro vem a\u00ed com \u00f4nibus mais caro\"}]},{\"@type\":\"WebSite\",\"@id\":\"https:\/\/www.notibras.com\/site\/#website\",\"url\":\"https:\/\/www.notibras.com\/site\/\",\"name\":\"Notibras\",\"description\":\"Not\u00edcias de Bras\u00edlia, do Brasil e do Mundo\",\"publisher\":{\"@id\":\"https:\/\/www.notibras.com\/site\/#organization\"},\"potentialAction\":[{\"@type\":\"SearchAction\",\"target\":{\"@type\":\"EntryPoint\",\"urlTemplate\":\"https:\/\/www.notibras.com\/site\/?s={search_term_string}\"},\"query-input\":{\"@type\":\"PropertyValueSpecification\",\"valueRequired\":true,\"valueName\":\"search_term_string\"}}],\"inLanguage\":\"pt-BR\"},{\"@type\":\"Organization\",\"@id\":\"https:\/\/www.notibras.com\/site\/#organization\",\"name\":\"Grupo Notibras de Comunica\u00e7\u00e3o\",\"url\":\"https:\/\/www.notibras.com\/site\/\",\"logo\":{\"@type\":\"ImageObject\",\"inLanguage\":\"pt-BR\",\"@id\":\"https:\/\/www.notibras.com\/site\/#\/schema\/logo\/image\/\",\"url\":\"https:\/\/www.notibras.com\/site\/wp-content\/uploads\/2023\/01\/notibras23.png\",\"contentUrl\":\"https:\/\/www.notibras.com\/site\/wp-content\/uploads\/2023\/01\/notibras23.png\",\"width\":350,\"height\":87,\"caption\":\"Grupo Notibras de Comunica\u00e7\u00e3o\"},\"image\":{\"@id\":\"https:\/\/www.notibras.com\/site\/#\/schema\/logo\/image\/\"},\"sameAs\":[\"https:\/\/www.facebook.com\/notibras\/\",\"https:\/\/x.com\/Notibras\",\"https:\/\/www.instagram.com\/notibras\/\"]},{\"@type\":\"Person\",\"@id\":\"https:\/\/www.notibras.com\/site\/#\/schema\/person\/36ab0979449956132d3e5b517ea76ac8\",\"name\":\"Reda\u00e7\u00e3o\",\"image\":{\"@type\":\"ImageObject\",\"inLanguage\":\"pt-BR\",\"@id\":\"https:\/\/secure.gravatar.com\/avatar\/e0a867bdedb85fd243eadf09663511f96fc81e0720a4a42581f334ad4303aa6b?s=96&d=mm&r=g\",\"url\":\"https:\/\/secure.gravatar.com\/avatar\/e0a867bdedb85fd243eadf09663511f96fc81e0720a4a42581f334ad4303aa6b?s=96&d=mm&r=g\",\"contentUrl\":\"https:\/\/secure.gravatar.com\/avatar\/e0a867bdedb85fd243eadf09663511f96fc81e0720a4a42581f334ad4303aa6b?s=96&d=mm&r=g\",\"caption\":\"Reda\u00e7\u00e3o\"}}]}<\/script>\n<!-- \/ Yoast SEO plugin. -->","yoast_head_json":{"title":"Fevereiro vem a\u00ed com \u00f4nibus mais caro - Notibras","robots":{"index":"index","follow":"follow","max-snippet":"max-snippet:-1","max-image-preview":"max-image-preview:large","max-video-preview":"max-video-preview:-1"},"canonical":"https:\/\/www.notibras.com\/site\/fevereiro-vem-ai-com-onibus-mais-caro\/","og_locale":"pt_BR","og_type":"article","og_title":"Fevereiro vem a\u00ed com \u00f4nibus mais caro - Notibras","og_description":"O governo de Pernambuco aprovou um reajuste de 4,46% no valor das passagens de \u00f4nibus que circulam na Grande Recife. A partir de 1\u00ba de fevereiro, o pre\u00e7o do Bilhete \u00danico, usado pela maioria dos passageiros, sair\u00e1 de R$ 4,30 para R$ 4,50. A nova tarifa havia sido autorizada pelo Conselho Superior de Transporte Metropolitano [&hellip;]","og_url":"https:\/\/www.notibras.com\/site\/fevereiro-vem-ai-com-onibus-mais-caro\/","og_site_name":"Notibras","article_publisher":"https:\/\/www.facebook.com\/notibras\/","article_published_time":"2026-01-23T13:20:38+00:00","og_image":[{"width":1100,"height":733,"url":"https:\/\/www.notibras.com\/site\/wp-content\/uploads\/2026\/01\/whatsapp-image-2025-07-03-at-081923.jpeg","type":"image\/jpeg"}],"author":"Reda\u00e7\u00e3o","twitter_card":"summary_large_image","twitter_creator":"@Notibras","twitter_site":"@Notibras","twitter_misc":{"Escrito por":"Reda\u00e7\u00e3o","Est. tempo de leitura":"1 minuto"},"schema":{"@context":"https:\/\/schema.org","@graph":[{"@type":"Article","@id":"https:\/\/www.notibras.com\/site\/fevereiro-vem-ai-com-onibus-mais-caro\/#article","isPartOf":{"@id":"https:\/\/www.notibras.com\/site\/fevereiro-vem-ai-com-onibus-mais-caro\/"},"author":{"name":"Reda\u00e7\u00e3o","@id":"https:\/\/www.notibras.com\/site\/#\/schema\/person\/36ab0979449956132d3e5b517ea76ac8"},"headline":"Fevereiro vem a\u00ed com \u00f4nibus mais caro","datePublished":"2026-01-23T13:20:38+00:00","mainEntityOfPage":{"@id":"https:\/\/www.notibras.com\/site\/fevereiro-vem-ai-com-onibus-mais-caro\/"},"wordCount":131,"publisher":{"@id":"https:\/\/www.notibras.com\/site\/#organization"},"image":{"@id":"https:\/\/www.notibras.com\/site\/fevereiro-vem-ai-com-onibus-mais-caro\/#primaryimage"},"thumbnailUrl":"https:\/\/www.notibras.com\/site\/wp-content\/uploads\/2026\/01\/whatsapp-image-2025-07-03-at-081923.jpeg","articleSection":["Nordeste"],"inLanguage":"pt-BR"},{"@type":"WebPage","@id":"https:\/\/www.notibras.com\/site\/fevereiro-vem-ai-com-onibus-mais-caro\/","url":"https:\/\/www.notibras.com\/site\/fevereiro-vem-ai-com-onibus-mais-caro\/","name":"Fevereiro vem a\u00ed com \u00f4nibus mais caro - Notibras","isPartOf":{"@id":"https:\/\/www.notibras.com\/site\/#website"},"primaryImageOfPage":{"@id":"https:\/\/www.notibras.com\/site\/fevereiro-vem-ai-com-onibus-mais-caro\/#primaryimage"},"image":{"@id":"https:\/\/www.notibras.com\/site\/fevereiro-vem-ai-com-onibus-mais-caro\/#primaryimage"},"thumbnailUrl":"https:\/\/www.notibras.com\/site\/wp-content\/uploads\/2026\/01\/whatsapp-image-2025-07-03-at-081923.jpeg","datePublished":"2026-01-23T13:20:38+00:00","breadcrumb":{"@id":"https:\/\/www.notibras.com\/site\/fevereiro-vem-ai-com-onibus-mais-caro\/#breadcrumb"},"inLanguage":"pt-BR","potentialAction":[{"@type":"ReadAction","target":["https:\/\/www.notibras.com\/site\/fevereiro-vem-ai-com-onibus-mais-caro\/"]}]},{"@type":"ImageObject","inLanguage":"pt-BR","@id":"https:\/\/www.notibras.com\/site\/fevereiro-vem-ai-com-onibus-mais-caro\/#primaryimage","url":"https:\/\/www.notibras.com\/site\/wp-content\/uploads\/2026\/01\/whatsapp-image-2025-07-03-at-081923.jpeg","contentUrl":"https:\/\/www.notibras.com\/site\/wp-content\/uploads\/2026\/01\/whatsapp-image-2025-07-03-at-081923.jpeg","width":1100,"height":733},{"@type":"BreadcrumbList","@id":"https:\/\/www.notibras.com\/site\/fevereiro-vem-ai-com-onibus-mais-caro\/#breadcrumb","itemListElement":[{"@type":"ListItem","position":1,"name":"In\u00edcio","item":"https:\/\/www.notibras.com\/site\/"},{"@type":"ListItem","position":2,"name":"Fevereiro vem a\u00ed com \u00f4nibus mais caro"}]},{"@type":"WebSite","@id":"https:\/\/www.notibras.com\/site\/#website","url":"https:\/\/www.notibras.com\/site\/","name":"Notibras","description":"Not\u00edcias de Bras\u00edlia, do Brasil e do Mundo","publisher":{"@id":"https:\/\/www.notibras.com\/site\/#organization"},"potentialAction":[{"@type":"SearchAction","target":{"@type":"EntryPoint","urlTemplate":"https:\/\/www.notibras.com\/site\/?s={search_term_string}"},"query-input":{"@type":"PropertyValueSpecification","valueRequired":true,"valueName":"search_term_string"}}],"inLanguage":"pt-BR"},{"@type":"Organization","@id":"https:\/\/www.notibras.com\/site\/#organization","name":"Grupo Notibras de Comunica\u00e7\u00e3o","url":"https:\/\/www.notibras.com\/site\/","logo":{"@type":"ImageObject","inLanguage":"pt-BR","@id":"https:\/\/www.notibras.com\/site\/#\/schema\/logo\/image\/","url":"https:\/\/www.notibras.com\/site\/wp-content\/uploads\/2023\/01\/notibras23.png","contentUrl":"https:\/\/www.notibras.com\/site\/wp-content\/uploads\/2023\/01\/notibras23.png","width":350,"height":87,"caption":"Grupo Notibras de Comunica\u00e7\u00e3o"},"image":{"@id":"https:\/\/www.notibras.com\/site\/#\/schema\/logo\/image\/"},"sameAs":["https:\/\/www.facebook.com\/notibras\/","https:\/\/x.com\/Notibras","https:\/\/www.instagram.com\/notibras\/"]},{"@type":"Person","@id":"https:\/\/www.notibras.com\/site\/#\/schema\/person\/36ab0979449956132d3e5b517ea76ac8","name":"Reda\u00e7\u00e3o","image":{"@type":"ImageObject","inLanguage":"pt-BR","@id":"https:\/\/secure.gravatar.com\/avatar\/e0a867bdedb85fd243eadf09663511f96fc81e0720a4a42581f334ad4303aa6b?s=96&d=mm&r=g","url":"https:\/\/secure.gravatar.com\/avatar\/e0a867bdedb85fd243eadf09663511f96fc81e0720a4a42581f334ad4303aa6b?s=96&d=mm&r=g","contentUrl":"https:\/\/secure.gravatar.com\/avatar\/e0a867bdedb85fd243eadf09663511f96fc81e0720a4a42581f334ad4303aa6b?s=96&d=mm&r=g","caption":"Reda\u00e7\u00e3o"}}]}},"amp_enabled":true,"_links":{"self":[{"href":"https:\/\/www.notibras.com\/site\/wp-json\/wp\/v2\/posts\/380188","targetHints":{"allow":["GET"]}}],"collection":[{"href":"https:\/\/www.notibras.com\/site\/wp-json\/wp\/v2\/posts"}],"about":[{"href":"https:\/\/www.notibras.com\/site\/wp-json\/wp\/v2\/types\/post"}],"author":[{"embeddable":true,"href":"https:\/\/www.notibras.com\/site\/wp-json\/wp\/v2\/users\/2"}],"replies":[{"embeddable":true,"href":"https:\/\/www.notibras.com\/site\/wp-json\/wp\/v2\/comments?post=380188"}],"version-history":[{"count":1,"href":"https:\/\/www.notibras.com\/site\/wp-json\/wp\/v2\/posts\/380188\/revisions"}],"predecessor-version":[{"id":380190,"href":"https:\/\/www.notibras.com\/site\/wp-json\/wp\/v2\/posts\/380188\/revisions\/380190"}],"wp:featuredmedia":[{"embeddable":true,"href":"https:\/\/www.notibras.com\/site\/wp-json\/wp\/v2\/media\/380189"}],"wp:attachment":[{"href":"https:\/\/www.notibras.com\/site\/wp-json\/wp\/v2\/media?parent=380188"}],"wp:term":[{"taxonomy":"category","embeddable":true,"href":"https:\/\/www.notibras.com\/site\/wp-json\/wp\/v2\/categories?post=380188"},{"taxonomy":"post_tag","embeddable":true,"href":"https:\/\/www.notibras.com\/site\/wp-json\/wp\/v2\/tags?post=380188"}],"curies":[{"name":"wp","href":"https:\/\/api.w.org\/{rel}","templated":true}]}}