{"id":380193,"date":"2026-01-23T16:46:30","date_gmt":"2026-01-23T19:46:30","guid":{"rendered":"https:\/\/www.notibras.com\/site\/?p=380193"},"modified":"2026-01-23T16:46:30","modified_gmt":"2026-01-23T19:46:30","slug":"policiais-da-15a-dp-desarticulam-acao-de-traficantes-na-ceilandia","status":"publish","type":"post","link":"https:\/\/www.notibras.com\/site\/policiais-da-15a-dp-desarticulam-acao-de-traficantes-na-ceilandia\/","title":{"rendered":"Policiais da 15\u00aa DP desarticulam a\u00e7\u00e3o de traficantes na Ceil\u00e2ndia"},"content":{"rendered":"<p>A Pol\u00edcia Civil do Distrito Federal (PCDF), por meio da 15\u00aa Delegacia de Pol\u00edcia, nos dias 21 e 22 de janeiro de 2026, deflagrou a Opera\u00e7\u00e3o Feira Livre, com o objetivo de desarticular a atua\u00e7\u00e3o de traficantes que utilizavam uma banca de ambulante, instalada irregularmente em cal\u00e7ada p\u00fablica no Setor M (CNM 2), em Ceil\u00e2ndia\/DF, como ponto fixo para a comercializa\u00e7\u00e3o de entorpecentes.<\/p>\n<p>A investiga\u00e7\u00e3o teve in\u00edcio ap\u00f3s a 15\u00aa DP receber informa\u00e7\u00f5es reiteradas de usu\u00e1rios e comerciantes de que o referido ponto, embora se apresentasse como com\u00e9rcio informal de roupas, vinha sendo utilizado como base para o tr\u00e1fico de drogas. A partir disso, policiais civis passaram a realizar monitoramento velado, campanas e abordagens t\u00e9cnicas, confirmando a din\u00e2mica criminosa e identificando os envolvidos.<\/p>\n<p><strong>Primeira a\u00e7\u00e3o \u2013 21\/01\/2026 (apreens\u00e3o de adolescente)<\/strong><\/p>\n<p>No dia 21\/01, durante dilig\u00eancias no local, os investigadores observaram movimenta\u00e7\u00e3o t\u00edpica de mercancia il\u00edcita. Ap\u00f3s a abordagem de usu\u00e1rios que confirmaram ter adquirido drogas na banca, a equipe retornou ao ponto e apreendeu um adolescente de 16 anos, que atuava na venda de entorpecentes.<\/p>\n<p>Com ele foram apreendidas por\u00e7\u00f5es de crack, al\u00e9m de dinheiro em esp\u00e9cie e um telefone celular. O menor foi encaminhado \u00e0 DCA2, onde foi lavrado Procedimento de Apura\u00e7\u00e3o de Ato Infracional (PAAI) por ato infracional an\u00e1logo ao crime de tr\u00e1fico de drogas, sendo posteriormente entregue ao respons\u00e1vel legal, permanecendo \u00e0 disposi\u00e7\u00e3o da Vara da Inf\u00e2ncia e Juventude.<\/p>\n<p><strong>Segunda a\u00e7\u00e3o \u2013 22\/01\/2026 (pris\u00e3o em flagrante)<\/strong><\/p>\n<p>J\u00e1 no dia 22\/01, dando continuidade \u00e0s dilig\u00eancias, os policiais retornaram ao local e flagraram a continuidade da pr\u00e1tica criminosa. Na ocasi\u00e3o, foi presa uma mulher de 33 anos, surpreendida na banca em posse de duas por\u00e7\u00f5es de coca\u00edna e duas por\u00e7\u00f5es de maconha para fins de difus\u00e3o il\u00edcita (venda).<\/p>\n<p>Tamb\u00e9m foi preso um homem de 38 anos, respons\u00e1vel pela banca, por consentir que seu estabelecimento comercial fosse utilizado como local para a pr\u00e1tica do tr\u00e1fico de drogas, mesmo ap\u00f3s registros anteriores de ocorr\u00eancias na mesma localidade, inclusive com a pris\u00e3o pret\u00e9rita de um funcion\u00e1rio por estar comercializando entorpecentes naquele exato ponto.<\/p>\n<p>Durante a a\u00e7\u00e3o, foram apreendidos, ainda, dinheiro em esp\u00e9cie, um aparelho celular e uma m\u00e1quina de cart\u00e3o, utilizados para dar suporte \u00e0 atividade il\u00edcita.<br \/>\nAl\u00e9m disso, todas as mercadorias expostas na banca foram apreendidas, tendo em vista a atividade il\u00edcita exercida no local.<\/p>\n<p>Os dois foram encaminhados \u00e0 15\u00aa DP, onde foram autuados por tr\u00e1fico de drogas, crime cuja pena varia de 5 a 15 anos de reclus\u00e3o, al\u00e9m de multa, sendo recolhidos \u00e0 carceragem da DCCP, onde permanecem \u00e0 disposi\u00e7\u00e3o do Poder Judici\u00e1rio.<\/p>\n<p>A opera\u00e7\u00e3o recebeu o nome de Feira Livre em refer\u00eancia ao objetivo da Pol\u00edcia Civil de manter o com\u00e9rcio livre da influ\u00eancia do tr\u00e1fico de drogas e devolver \u00e0 comunidade um espa\u00e7o p\u00fablico seguro.<\/p>\n<p><strong>O meomento da chegada dos policiais com os autores na 15\u00aa DP:<\/strong><\/p>\n<div style=\"width: 740px;\" class=\"wp-video\"><video class=\"wp-video-shortcode\" id=\"video-380193-1\" width=\"740\" height=\"419\" preload=\"metadata\" controls=\"controls\"><source type=\"video\/mp4\" src=\"https:\/\/www.notibras.com\/site\/wp-content\/uploads\/2026\/01\/WhatsApp-Video-2026-01-23-at-16.32.45.mp4?_=1\" \/><a href=\"https:\/\/www.notibras.com\/site\/wp-content\/uploads\/2026\/01\/WhatsApp-Video-2026-01-23-at-16.32.45.mp4\">https:\/\/www.notibras.com\/site\/wp-content\/uploads\/2026\/01\/WhatsApp-Video-2026-01-23-at-16.32.45.mp4<\/a><\/video><\/div>\n","protected":false},"excerpt":{"rendered":"<p>A Pol\u00edcia Civil do Distrito Federal (PCDF), por meio da 15\u00aa Delegacia de Pol\u00edcia, nos dias 21 e 22 de janeiro de 2026, deflagrou a Opera\u00e7\u00e3o Feira Livre, com o objetivo de desarticular a atua\u00e7\u00e3o de traficantes que utilizavam uma banca de ambulante, instalada irregularmente em cal\u00e7ada p\u00fablica no Setor M (CNM 2), em Ceil\u00e2ndia\/DF, [&hellip;]<\/p>\n","protected":false},"author":21,"featured_media":380194,"comment_status":"closed","ping_status":"closed","sticky":false,"template":"","format":"standard","meta":{"_acf_changed":false,"footnotes":""},"categories":[161],"tags":[],"class_list":["post-380193","post","type-post","status-publish","format-standard","has-post-thumbnail","hentry","category-quadradinho-em-foco"],"acf":[],"yoast_head":"<!-- This site is optimized with the Yoast SEO plugin v27.2 - https:\/\/yoast.com\/product\/yoast-seo-wordpress\/ -->\n<title>Policiais da 15\u00aa DP desarticulam a\u00e7\u00e3o de traficantes na Ceil\u00e2ndia - Notibras<\/title>\n<meta name=\"robots\" content=\"index, follow, max-snippet:-1, max-image-preview:large, max-video-preview:-1\" \/>\n<link rel=\"canonical\" href=\"https:\/\/www.notibras.com\/site\/policiais-da-15a-dp-desarticulam-acao-de-traficantes-na-ceilandia\/\" \/>\n<meta property=\"og:locale\" content=\"pt_BR\" \/>\n<meta property=\"og:type\" content=\"article\" \/>\n<meta property=\"og:title\" content=\"Policiais da 15\u00aa DP desarticulam a\u00e7\u00e3o de traficantes na Ceil\u00e2ndia - Notibras\" \/>\n<meta property=\"og:description\" content=\"A Pol\u00edcia Civil do Distrito Federal (PCDF), por meio da 15\u00aa Delegacia de Pol\u00edcia, nos dias 21 e 22 de janeiro de 2026, deflagrou a Opera\u00e7\u00e3o Feira Livre, com o objetivo de desarticular a atua\u00e7\u00e3o de traficantes que utilizavam uma banca de ambulante, instalada irregularmente em cal\u00e7ada p\u00fablica no Setor M (CNM 2), em Ceil\u00e2ndia\/DF, [&hellip;]\" \/>\n<meta property=\"og:url\" content=\"https:\/\/www.notibras.com\/site\/policiais-da-15a-dp-desarticulam-acao-de-traficantes-na-ceilandia\/\" \/>\n<meta property=\"og:site_name\" content=\"Notibras\" \/>\n<meta property=\"article:publisher\" content=\"https:\/\/www.facebook.com\/notibras\/\" \/>\n<meta property=\"article:published_time\" content=\"2026-01-23T19:46:30+00:00\" \/>\n<meta property=\"og:image\" content=\"https:\/\/www.notibras.com\/site\/wp-content\/uploads\/2026\/01\/c0c9886f-73e0-4b1c-8a30-28df07e7a589.jpg\" \/>\n\t<meta property=\"og:image:width\" content=\"1600\" \/>\n\t<meta property=\"og:image:height\" content=\"1204\" \/>\n\t<meta property=\"og:image:type\" content=\"image\/jpeg\" \/>\n<meta name=\"author\" content=\"Eduardo Mart\u00ednez\" \/>\n<meta name=\"twitter:card\" content=\"summary_large_image\" \/>\n<meta name=\"twitter:creator\" content=\"@Notibras\" \/>\n<meta name=\"twitter:site\" content=\"@Notibras\" \/>\n<meta name=\"twitter:label1\" content=\"Escrito por\" \/>\n\t<meta name=\"twitter:data1\" content=\"Eduardo Mart\u00ednez\" \/>\n\t<meta name=\"twitter:label2\" content=\"Est. tempo de leitura\" \/>\n\t<meta name=\"twitter:data2\" content=\"3 minutos\" \/>\n<script type=\"application\/ld+json\" class=\"yoast-schema-graph\">{\"@context\":\"https:\/\/schema.org\",\"@graph\":[{\"@type\":\"Article\",\"@id\":\"https:\/\/www.notibras.com\/site\/policiais-da-15a-dp-desarticulam-acao-de-traficantes-na-ceilandia\/#article\",\"isPartOf\":{\"@id\":\"https:\/\/www.notibras.com\/site\/policiais-da-15a-dp-desarticulam-acao-de-traficantes-na-ceilandia\/\"},\"author\":{\"name\":\"Eduardo Mart\u00ednez\",\"@id\":\"https:\/\/www.notibras.com\/site\/#\/schema\/person\/5b7fabf2aedc3ada2105f03b22b4d3dd\"},\"headline\":\"Policiais da 15\u00aa DP desarticulam a\u00e7\u00e3o de traficantes na Ceil\u00e2ndia\",\"datePublished\":\"2026-01-23T19:46:30+00:00\",\"mainEntityOfPage\":{\"@id\":\"https:\/\/www.notibras.com\/site\/policiais-da-15a-dp-desarticulam-acao-de-traficantes-na-ceilandia\/\"},\"wordCount\":547,\"publisher\":{\"@id\":\"https:\/\/www.notibras.com\/site\/#organization\"},\"image\":{\"@id\":\"https:\/\/www.notibras.com\/site\/policiais-da-15a-dp-desarticulam-acao-de-traficantes-na-ceilandia\/#primaryimage\"},\"thumbnailUrl\":\"https:\/\/www.notibras.com\/site\/wp-content\/uploads\/2026\/01\/c0c9886f-73e0-4b1c-8a30-28df07e7a589.jpg\",\"articleSection\":[\"Quadradinho em Foco\"],\"inLanguage\":\"pt-BR\"},{\"@type\":\"WebPage\",\"@id\":\"https:\/\/www.notibras.com\/site\/policiais-da-15a-dp-desarticulam-acao-de-traficantes-na-ceilandia\/\",\"url\":\"https:\/\/www.notibras.com\/site\/policiais-da-15a-dp-desarticulam-acao-de-traficantes-na-ceilandia\/\",\"name\":\"Policiais da 15\u00aa DP desarticulam a\u00e7\u00e3o de traficantes na Ceil\u00e2ndia - Notibras\",\"isPartOf\":{\"@id\":\"https:\/\/www.notibras.com\/site\/#website\"},\"primaryImageOfPage\":{\"@id\":\"https:\/\/www.notibras.com\/site\/policiais-da-15a-dp-desarticulam-acao-de-traficantes-na-ceilandia\/#primaryimage\"},\"image\":{\"@id\":\"https:\/\/www.notibras.com\/site\/policiais-da-15a-dp-desarticulam-acao-de-traficantes-na-ceilandia\/#primaryimage\"},\"thumbnailUrl\":\"https:\/\/www.notibras.com\/site\/wp-content\/uploads\/2026\/01\/c0c9886f-73e0-4b1c-8a30-28df07e7a589.jpg\",\"datePublished\":\"2026-01-23T19:46:30+00:00\",\"breadcrumb\":{\"@id\":\"https:\/\/www.notibras.com\/site\/policiais-da-15a-dp-desarticulam-acao-de-traficantes-na-ceilandia\/#breadcrumb\"},\"inLanguage\":\"pt-BR\",\"potentialAction\":[{\"@type\":\"ReadAction\",\"target\":[\"https:\/\/www.notibras.com\/site\/policiais-da-15a-dp-desarticulam-acao-de-traficantes-na-ceilandia\/\"]}]},{\"@type\":\"ImageObject\",\"inLanguage\":\"pt-BR\",\"@id\":\"https:\/\/www.notibras.com\/site\/policiais-da-15a-dp-desarticulam-acao-de-traficantes-na-ceilandia\/#primaryimage\",\"url\":\"https:\/\/www.notibras.com\/site\/wp-content\/uploads\/2026\/01\/c0c9886f-73e0-4b1c-8a30-28df07e7a589.jpg\",\"contentUrl\":\"https:\/\/www.notibras.com\/site\/wp-content\/uploads\/2026\/01\/c0c9886f-73e0-4b1c-8a30-28df07e7a589.jpg\",\"width\":1600,\"height\":1204},{\"@type\":\"BreadcrumbList\",\"@id\":\"https:\/\/www.notibras.com\/site\/policiais-da-15a-dp-desarticulam-acao-de-traficantes-na-ceilandia\/#breadcrumb\",\"itemListElement\":[{\"@type\":\"ListItem\",\"position\":1,\"name\":\"In\u00edcio\",\"item\":\"https:\/\/www.notibras.com\/site\/\"},{\"@type\":\"ListItem\",\"position\":2,\"name\":\"Policiais da 15\u00aa DP desarticulam a\u00e7\u00e3o de traficantes na Ceil\u00e2ndia\"}]},{\"@type\":\"WebSite\",\"@id\":\"https:\/\/www.notibras.com\/site\/#website\",\"url\":\"https:\/\/www.notibras.com\/site\/\",\"name\":\"Notibras\",\"description\":\"Not\u00edcias de Bras\u00edlia, do Brasil e do Mundo\",\"publisher\":{\"@id\":\"https:\/\/www.notibras.com\/site\/#organization\"},\"potentialAction\":[{\"@type\":\"SearchAction\",\"target\":{\"@type\":\"EntryPoint\",\"urlTemplate\":\"https:\/\/www.notibras.com\/site\/?s={search_term_string}\"},\"query-input\":{\"@type\":\"PropertyValueSpecification\",\"valueRequired\":true,\"valueName\":\"search_term_string\"}}],\"inLanguage\":\"pt-BR\"},{\"@type\":\"Organization\",\"@id\":\"https:\/\/www.notibras.com\/site\/#organization\",\"name\":\"Grupo Notibras de Comunica\u00e7\u00e3o\",\"url\":\"https:\/\/www.notibras.com\/site\/\",\"logo\":{\"@type\":\"ImageObject\",\"inLanguage\":\"pt-BR\",\"@id\":\"https:\/\/www.notibras.com\/site\/#\/schema\/logo\/image\/\",\"url\":\"https:\/\/www.notibras.com\/site\/wp-content\/uploads\/2023\/01\/notibras23.png\",\"contentUrl\":\"https:\/\/www.notibras.com\/site\/wp-content\/uploads\/2023\/01\/notibras23.png\",\"width\":350,\"height\":87,\"caption\":\"Grupo Notibras de Comunica\u00e7\u00e3o\"},\"image\":{\"@id\":\"https:\/\/www.notibras.com\/site\/#\/schema\/logo\/image\/\"},\"sameAs\":[\"https:\/\/www.facebook.com\/notibras\/\",\"https:\/\/x.com\/Notibras\",\"https:\/\/www.instagram.com\/notibras\/\"]},{\"@type\":\"Person\",\"@id\":\"https:\/\/www.notibras.com\/site\/#\/schema\/person\/5b7fabf2aedc3ada2105f03b22b4d3dd\",\"name\":\"Eduardo Mart\u00ednez\",\"image\":{\"@type\":\"ImageObject\",\"inLanguage\":\"pt-BR\",\"@id\":\"https:\/\/secure.gravatar.com\/avatar\/7902f906289926289cbcda644b5197c796b893c6ffd7b9a536a42d290f7704a0?s=96&d=mm&r=g\",\"url\":\"https:\/\/secure.gravatar.com\/avatar\/7902f906289926289cbcda644b5197c796b893c6ffd7b9a536a42d290f7704a0?s=96&d=mm&r=g\",\"contentUrl\":\"https:\/\/secure.gravatar.com\/avatar\/7902f906289926289cbcda644b5197c796b893c6ffd7b9a536a42d290f7704a0?s=96&d=mm&r=g\",\"caption\":\"Eduardo Mart\u00ednez\"}}]}<\/script>\n<!-- \/ Yoast SEO plugin. -->","yoast_head_json":{"title":"Policiais da 15\u00aa DP desarticulam a\u00e7\u00e3o de traficantes na Ceil\u00e2ndia - Notibras","robots":{"index":"index","follow":"follow","max-snippet":"max-snippet:-1","max-image-preview":"max-image-preview:large","max-video-preview":"max-video-preview:-1"},"canonical":"https:\/\/www.notibras.com\/site\/policiais-da-15a-dp-desarticulam-acao-de-traficantes-na-ceilandia\/","og_locale":"pt_BR","og_type":"article","og_title":"Policiais da 15\u00aa DP desarticulam a\u00e7\u00e3o de traficantes na Ceil\u00e2ndia - Notibras","og_description":"A Pol\u00edcia Civil do Distrito Federal (PCDF), por meio da 15\u00aa Delegacia de Pol\u00edcia, nos dias 21 e 22 de janeiro de 2026, deflagrou a Opera\u00e7\u00e3o Feira Livre, com o objetivo de desarticular a atua\u00e7\u00e3o de traficantes que utilizavam uma banca de ambulante, instalada irregularmente em cal\u00e7ada p\u00fablica no Setor M (CNM 2), em Ceil\u00e2ndia\/DF, [&hellip;]","og_url":"https:\/\/www.notibras.com\/site\/policiais-da-15a-dp-desarticulam-acao-de-traficantes-na-ceilandia\/","og_site_name":"Notibras","article_publisher":"https:\/\/www.facebook.com\/notibras\/","article_published_time":"2026-01-23T19:46:30+00:00","og_image":[{"width":1600,"height":1204,"url":"https:\/\/www.notibras.com\/site\/wp-content\/uploads\/2026\/01\/c0c9886f-73e0-4b1c-8a30-28df07e7a589.jpg","type":"image\/jpeg"}],"author":"Eduardo Mart\u00ednez","twitter_card":"summary_large_image","twitter_creator":"@Notibras","twitter_site":"@Notibras","twitter_misc":{"Escrito por":"Eduardo Mart\u00ednez","Est. tempo de leitura":"3 minutos"},"schema":{"@context":"https:\/\/schema.org","@graph":[{"@type":"Article","@id":"https:\/\/www.notibras.com\/site\/policiais-da-15a-dp-desarticulam-acao-de-traficantes-na-ceilandia\/#article","isPartOf":{"@id":"https:\/\/www.notibras.com\/site\/policiais-da-15a-dp-desarticulam-acao-de-traficantes-na-ceilandia\/"},"author":{"name":"Eduardo Mart\u00ednez","@id":"https:\/\/www.notibras.com\/site\/#\/schema\/person\/5b7fabf2aedc3ada2105f03b22b4d3dd"},"headline":"Policiais da 15\u00aa DP desarticulam a\u00e7\u00e3o de traficantes na Ceil\u00e2ndia","datePublished":"2026-01-23T19:46:30+00:00","mainEntityOfPage":{"@id":"https:\/\/www.notibras.com\/site\/policiais-da-15a-dp-desarticulam-acao-de-traficantes-na-ceilandia\/"},"wordCount":547,"publisher":{"@id":"https:\/\/www.notibras.com\/site\/#organization"},"image":{"@id":"https:\/\/www.notibras.com\/site\/policiais-da-15a-dp-desarticulam-acao-de-traficantes-na-ceilandia\/#primaryimage"},"thumbnailUrl":"https:\/\/www.notibras.com\/site\/wp-content\/uploads\/2026\/01\/c0c9886f-73e0-4b1c-8a30-28df07e7a589.jpg","articleSection":["Quadradinho em Foco"],"inLanguage":"pt-BR"},{"@type":"WebPage","@id":"https:\/\/www.notibras.com\/site\/policiais-da-15a-dp-desarticulam-acao-de-traficantes-na-ceilandia\/","url":"https:\/\/www.notibras.com\/site\/policiais-da-15a-dp-desarticulam-acao-de-traficantes-na-ceilandia\/","name":"Policiais da 15\u00aa DP desarticulam a\u00e7\u00e3o de traficantes na Ceil\u00e2ndia - Notibras","isPartOf":{"@id":"https:\/\/www.notibras.com\/site\/#website"},"primaryImageOfPage":{"@id":"https:\/\/www.notibras.com\/site\/policiais-da-15a-dp-desarticulam-acao-de-traficantes-na-ceilandia\/#primaryimage"},"image":{"@id":"https:\/\/www.notibras.com\/site\/policiais-da-15a-dp-desarticulam-acao-de-traficantes-na-ceilandia\/#primaryimage"},"thumbnailUrl":"https:\/\/www.notibras.com\/site\/wp-content\/uploads\/2026\/01\/c0c9886f-73e0-4b1c-8a30-28df07e7a589.jpg","datePublished":"2026-01-23T19:46:30+00:00","breadcrumb":{"@id":"https:\/\/www.notibras.com\/site\/policiais-da-15a-dp-desarticulam-acao-de-traficantes-na-ceilandia\/#breadcrumb"},"inLanguage":"pt-BR","potentialAction":[{"@type":"ReadAction","target":["https:\/\/www.notibras.com\/site\/policiais-da-15a-dp-desarticulam-acao-de-traficantes-na-ceilandia\/"]}]},{"@type":"ImageObject","inLanguage":"pt-BR","@id":"https:\/\/www.notibras.com\/site\/policiais-da-15a-dp-desarticulam-acao-de-traficantes-na-ceilandia\/#primaryimage","url":"https:\/\/www.notibras.com\/site\/wp-content\/uploads\/2026\/01\/c0c9886f-73e0-4b1c-8a30-28df07e7a589.jpg","contentUrl":"https:\/\/www.notibras.com\/site\/wp-content\/uploads\/2026\/01\/c0c9886f-73e0-4b1c-8a30-28df07e7a589.jpg","width":1600,"height":1204},{"@type":"BreadcrumbList","@id":"https:\/\/www.notibras.com\/site\/policiais-da-15a-dp-desarticulam-acao-de-traficantes-na-ceilandia\/#breadcrumb","itemListElement":[{"@type":"ListItem","position":1,"name":"In\u00edcio","item":"https:\/\/www.notibras.com\/site\/"},{"@type":"ListItem","position":2,"name":"Policiais da 15\u00aa DP desarticulam a\u00e7\u00e3o de traficantes na Ceil\u00e2ndia"}]},{"@type":"WebSite","@id":"https:\/\/www.notibras.com\/site\/#website","url":"https:\/\/www.notibras.com\/site\/","name":"Notibras","description":"Not\u00edcias de Bras\u00edlia, do Brasil e do Mundo","publisher":{"@id":"https:\/\/www.notibras.com\/site\/#organization"},"potentialAction":[{"@type":"SearchAction","target":{"@type":"EntryPoint","urlTemplate":"https:\/\/www.notibras.com\/site\/?s={search_term_string}"},"query-input":{"@type":"PropertyValueSpecification","valueRequired":true,"valueName":"search_term_string"}}],"inLanguage":"pt-BR"},{"@type":"Organization","@id":"https:\/\/www.notibras.com\/site\/#organization","name":"Grupo Notibras de Comunica\u00e7\u00e3o","url":"https:\/\/www.notibras.com\/site\/","logo":{"@type":"ImageObject","inLanguage":"pt-BR","@id":"https:\/\/www.notibras.com\/site\/#\/schema\/logo\/image\/","url":"https:\/\/www.notibras.com\/site\/wp-content\/uploads\/2023\/01\/notibras23.png","contentUrl":"https:\/\/www.notibras.com\/site\/wp-content\/uploads\/2023\/01\/notibras23.png","width":350,"height":87,"caption":"Grupo Notibras de Comunica\u00e7\u00e3o"},"image":{"@id":"https:\/\/www.notibras.com\/site\/#\/schema\/logo\/image\/"},"sameAs":["https:\/\/www.facebook.com\/notibras\/","https:\/\/x.com\/Notibras","https:\/\/www.instagram.com\/notibras\/"]},{"@type":"Person","@id":"https:\/\/www.notibras.com\/site\/#\/schema\/person\/5b7fabf2aedc3ada2105f03b22b4d3dd","name":"Eduardo Mart\u00ednez","image":{"@type":"ImageObject","inLanguage":"pt-BR","@id":"https:\/\/secure.gravatar.com\/avatar\/7902f906289926289cbcda644b5197c796b893c6ffd7b9a536a42d290f7704a0?s=96&d=mm&r=g","url":"https:\/\/secure.gravatar.com\/avatar\/7902f906289926289cbcda644b5197c796b893c6ffd7b9a536a42d290f7704a0?s=96&d=mm&r=g","contentUrl":"https:\/\/secure.gravatar.com\/avatar\/7902f906289926289cbcda644b5197c796b893c6ffd7b9a536a42d290f7704a0?s=96&d=mm&r=g","caption":"Eduardo Mart\u00ednez"}}]}},"amp_enabled":true,"_links":{"self":[{"href":"https:\/\/www.notibras.com\/site\/wp-json\/wp\/v2\/posts\/380193","targetHints":{"allow":["GET"]}}],"collection":[{"href":"https:\/\/www.notibras.com\/site\/wp-json\/wp\/v2\/posts"}],"about":[{"href":"https:\/\/www.notibras.com\/site\/wp-json\/wp\/v2\/types\/post"}],"author":[{"embeddable":true,"href":"https:\/\/www.notibras.com\/site\/wp-json\/wp\/v2\/users\/21"}],"replies":[{"embeddable":true,"href":"https:\/\/www.notibras.com\/site\/wp-json\/wp\/v2\/comments?post=380193"}],"version-history":[{"count":3,"href":"https:\/\/www.notibras.com\/site\/wp-json\/wp\/v2\/posts\/380193\/revisions"}],"predecessor-version":[{"id":380198,"href":"https:\/\/www.notibras.com\/site\/wp-json\/wp\/v2\/posts\/380193\/revisions\/380198"}],"wp:featuredmedia":[{"embeddable":true,"href":"https:\/\/www.notibras.com\/site\/wp-json\/wp\/v2\/media\/380194"}],"wp:attachment":[{"href":"https:\/\/www.notibras.com\/site\/wp-json\/wp\/v2\/media?parent=380193"}],"wp:term":[{"taxonomy":"category","embeddable":true,"href":"https:\/\/www.notibras.com\/site\/wp-json\/wp\/v2\/categories?post=380193"},{"taxonomy":"post_tag","embeddable":true,"href":"https:\/\/www.notibras.com\/site\/wp-json\/wp\/v2\/tags?post=380193"}],"curies":[{"name":"wp","href":"https:\/\/api.w.org\/{rel}","templated":true}]}}