{"id":38020,"date":"2015-02-24T04:16:03","date_gmt":"2015-02-24T07:16:03","guid":{"rendered":"http:\/\/www.notibras.com\/site\/?p=38020"},"modified":"2015-02-24T04:41:41","modified_gmt":"2015-02-24T07:41:41","slug":"racionamento-de-energia-sai-da-teoria-para-virar-realidade","status":"publish","type":"post","link":"https:\/\/www.notibras.com\/site\/racionamento-de-energia-sai-da-teoria-para-virar-realidade\/","title":{"rendered":"Racionamento de energia vai sair da teoria para virar realidade?"},"content":{"rendered":"<p>A rela\u00e7\u00e3o entre S\u00e3o Pedro e a chuva tem origem na It\u00e1lia medieval. Quando havia uma seca, a popula\u00e7\u00e3o carregava a est\u00e1tua dele em prociss\u00e3o. Se n\u00e3o chovesse, a est\u00e1tua era jogada no leito (presumivelmente seco) do rio mais pr\u00f3ximo, acompanhada de insultos. Dada a situa\u00e7\u00e3o calamitosa de nossos reservat\u00f3rios de \u00e1gua e das hidrel\u00e9tricas, a culpa \u00e9 do santo?<\/p>\n<p>A resposta a esta pergunta \u00e9 bem diferente do que tem sa\u00eddo na m\u00eddia. Mostraremos a seguir que a crise de \u00e1gua foi, de fato, causada por uma seca severa. No entanto, e surpreendentemente, a crise de energia n\u00e3o tem rela\u00e7\u00e3o com qualquer mau humor de S\u00e3o Pedro. Ou seja, na It\u00e1lia medieval o santo seria jogado num dos reservat\u00f3rios do sistema Cantareira. Por\u00e9m, n\u00e3o nas hidrel\u00e9tricas.<\/p>\n<p>Para entendermos a afirma\u00e7\u00e3o acima, \u00e9 importante lembrar que, tanto no caso da \u00e1gua como da eletricidade, dispomos de &#8220;cadernetas de poupan\u00e7a&#8221; h\u00eddrica, que s\u00e3o imensos reservat\u00f3rios. Isto significa que a verdadeira causa da crise atual n\u00e3o \u00e9 o fato de janeiro e fevereiro de 2015 terem sido os meses mais secos da hist\u00f3ria, e sim o fato dos reservat\u00f3rios terem esvaziado progressivamente desde janeiro de 2012 at\u00e9 dezembro de 2014, quando chegaram ao pior n\u00edvel da hist\u00f3ria. A seca recente \u00e9 apenas a (falta de) gota d&#8221;\u00e1gua que desequilibrou um sistema que ficou vulner\u00e1vel devido \u00e0 perda da reserva h\u00eddrica.<\/p>\n<p>Portanto, a verdadeira quest\u00e3o \u00e9: por que os reservat\u00f3rios esvaziaram tanto nos \u00faltimos tr\u00eas anos? \u00c0 primeira vista, a resposta \u00e9 \u00f3bvia: porque o volume de \u00e1gua que chegou aos mesmos neste tri\u00eanio foi o pior, ou um dos piores, da hist\u00f3ria. No entanto, esta resposta n\u00e3o \u00e9 verdadeira no caso do setor el\u00e9trico.<\/p>\n<p>Se compararmos as vaz\u00f5es que chegaram \u00e0s hidrel\u00e9tricas no tri\u00eanio 2012-2014 com as dos 81 tri\u00eanios do passado (1931-1933; 1932-1934; e assim por diante, at\u00e9 os tempos atuais) verificaremos que em 15 destes tri\u00eanios ocorreram secas piores do que a atual. Em outras palavras, as vaz\u00f5es destes \u00faltimos tr\u00eas anos nem de longe podem ser consideradas como muito desfavor\u00e1veis.<\/p>\n<blockquote><p>Dado que o setor el\u00e9trico \u00e9 planejado para n\u00e3o ter problemas mesmo com o pior tri\u00eanio da hist\u00f3ria, conclui-se que atender o 16\u00ba pior tri\u00eanio deveria ter sido &#8220;mam\u00e3o com a\u00e7\u00facar&#8221;. No entanto, sabemos que isto n\u00e3o ocorreu: apesar de gastarmos dezenas de bilh\u00f5es de reais com gera\u00e7\u00e3o termel\u00e9trica nos \u00faltimos anos, os reservat\u00f3rios esvaziaram sem parar. Isto leva \u00e0 segunda pergunta: por que os reservat\u00f3rios esvaziaram e estamos todos, com raz\u00e3o, preocupados com a possibilidade de um racionamento de energia?<\/p><\/blockquote>\n<p>Uma poss\u00edvel resposta seria: porque o consumo de energia foi exagerado, devido \u00e0 combina\u00e7\u00e3o de temperaturas elevadas, ar condicionado e desperd\u00edcio de energia. Assim como no caso da hidrologia, esta resposta \u00e9 plaus\u00edvel, por\u00e9m incorreta.<\/p>\n<p>A raz\u00e3o \u00e9 que, devido \u00e0s dificuldades econ\u00f4micas do pa\u00eds, o consumo observado nestes \u00faltimos tr\u00eas anos foi inferior ao previsto nos estudos de planejamento. Tamb\u00e9m \u00e9 importante observar que o desperd\u00edcio de energia \u00e9 incorporado nos estudos de planejamento, pois as previs\u00f5es de demanda devem sempre ser realistas. Apesar de ineficiente e conden\u00e1vel, o desperd\u00edcio, por si mesmo, n\u00e3o pode causar uma crise de energia ou de \u00e1gua.<\/p>\n<p>Dado que a hidrologia n\u00e3o foi malvada e a demanda foi med\u00edocre, a \u00fanica explica\u00e7\u00e3o que sobra &#8211; a verdadeira &#8211; \u00e9 que a capacidade de gera\u00e7\u00e3o real \u00e9 menor do que se pensava, devido a falhas no planejamento de constru\u00e7\u00e3o das usinas e das linhas de transmiss\u00e3o.<\/p>\n<p>Esta insufici\u00eancia estrutural foi demonstrada em diversos estudos t\u00e9cnicos. Por exemplo, da PSR, Academia Nacional de Engenharia (ANE) e Tribunal de Contas da Uni\u00e3o (TCU), que recentemente fez uma s\u00e9rie de questionamentos ao Minist\u00e9rio de Minas e Energia.<\/p>\n<p>Dado que a origem da crise de energia est\u00e1 esclarecida, vamos tratar da \u00e1gua. O resultado do mesmo tipo de compara\u00e7\u00e3o entre o \u00faltimo tri\u00eanio de vaz\u00f5es afluentes ao sistema Cantareira com os tri\u00eanios do passado leva a um resultado totalmente oposto ao da energia: as vaz\u00f5es do \u00faltimo tri\u00eanio s\u00e3o muito piores do que as do passado.<\/p>\n<blockquote><p>A \u00faltima pergunta seria: qual \u00e9 a raz\u00e3o para uma diferen\u00e7a t\u00e3o grande entre as vaz\u00f5es dos setores de \u00e1gua e eletricidade? A explica\u00e7\u00e3o \u00e9 a mesma entre um investidor que compra as a\u00e7\u00f5es de uma \u00fanica empresa e outro que tem uma carteira de a\u00e7\u00f5es diversificada.<\/p><\/blockquote>\n<p>No caso da Cantareira, S\u00e3o Pedro precisa caprichar na pontaria e acertar a \u00e1rea de drenagem contribuinte ao reservat\u00f3rio, que \u00e9 uma pequena fra\u00e7\u00e3o do territ\u00f3rio nacional. N\u00e3o \u00e9 poss\u00edvel usar a \u00e1gua que cai no lugar &#8220;errado&#8221; (por exemplo, a que tem inundado a cidade de S\u00e3o Paulo) para o abastecimento.<\/p>\n<p>J\u00e1 no caso do setor el\u00e9trico, se n\u00e3o chover na regi\u00e3o Sudeste, mas chover na regi\u00e3o Sul, ou Norte, n\u00e3o tem problema, pois \u00e9 poss\u00edvel usar a extensa rede de transmiss\u00e3o que interconecta todo o pa\u00eds para transferir energia de um lado para outro.<\/p>\n<p>Adicionalmente, \u00e9 importante observar que, embora o governo federal tenha falhado mais do que o governo de S\u00e3o Paulo no que se refere ao planejamento dos respectivos sistemas de energia e \u00e1gua, a gest\u00e3o da crise de \u00e1gua por parte da Ag\u00eancia Nacional de \u00c1guas e do governo paulista em 2014 poderia ter sido muito melhor.<\/p>\n<p>Faltou desestimular o uso de \u00e1gua bruta (n\u00e3o tratada) para a irriga\u00e7\u00e3o, que compete com o abastecimento das cidades, e compartilhar claramente com a popula\u00e7\u00e3o a necessidade de economizar o uso de \u00e1gua tratada.<\/p>\n<p>Finalmente, gostar\u00edamos de encerrar este artigo com a seguinte reflex\u00e3o. Todos n\u00f3s cidad\u00e3os sabemos que \u00e0s vezes as coisas saem muito errado por causas externas \u2013 como nas crises cambiais, por raz\u00f5es institucionais e pol\u00edticas, como na hiperinfla\u00e7\u00e3o, ou por falhas de planejamento, como no racionamento de 2001.<\/p>\n<p>A rea\u00e7\u00e3o magn\u00edfica da popula\u00e7\u00e3o em todas estas crises torna imperdo\u00e1vel que n\u00e3o se aprenda com os erros cometidos. Na situa\u00e7\u00e3o atual, mesmo que as crises de \u00e1gua e energia sejam aliviadas &#8220;aos 48 minutos do segundo tempo&#8221; pela combina\u00e7\u00e3o de medidas heroicas e de boas chuvas, \u00e9 fundamental que a m\u00e1 experi\u00eancia contribua para o fortalecimento da cidadania.<\/p>\n<p>Para isso, os governos devem ser mais sinceros, compartilhando suas preocupa\u00e7\u00f5es com a sociedade. J\u00e1 a imprensa deve ser mais justa, avaliando as decis\u00f5es tomadas sob incerteza com base nas informa\u00e7\u00f5es dispon\u00edveis na ocasi\u00e3o em que foram feitas, e n\u00e3o a partir dos resultados. E a popula\u00e7\u00e3o deve confiar mais nos t\u00e9cnicos do que nos marqueteiros.<\/p>\n<p><strong>Mario Veiga e Rafael Kelman <\/strong><\/p>\n","protected":false},"excerpt":{"rendered":"<p>A rela\u00e7\u00e3o entre S\u00e3o Pedro e a chuva tem origem na It\u00e1lia medieval. Quando havia uma seca, a popula\u00e7\u00e3o carregava a est\u00e1tua dele em prociss\u00e3o. Se n\u00e3o chovesse, a est\u00e1tua era jogada no leito (presumivelmente seco) do rio mais pr\u00f3ximo, acompanhada de insultos. Dada a situa\u00e7\u00e3o calamitosa de nossos reservat\u00f3rios de \u00e1gua e das hidrel\u00e9tricas, [&hellip;]<\/p>\n","protected":false},"author":2,"featured_media":38022,"comment_status":"open","ping_status":"closed","sticky":false,"template":"","format":"standard","meta":{"_acf_changed":false,"footnotes":""},"categories":[25],"tags":[],"class_list":["post-38020","post","type-post","status-publish","format-standard","has-post-thumbnail","hentry","category-opina-ai"],"acf":[],"yoast_head":"<!-- This site is optimized with the Yoast SEO plugin v27.2 - https:\/\/yoast.com\/product\/yoast-seo-wordpress\/ -->\n<title>Racionamento de energia vai sair da teoria para virar realidade? - Notibras<\/title>\n<meta name=\"robots\" content=\"index, follow, max-snippet:-1, max-image-preview:large, max-video-preview:-1\" \/>\n<link rel=\"canonical\" href=\"https:\/\/www.notibras.com\/site\/racionamento-de-energia-sai-da-teoria-para-virar-realidade\/\" \/>\n<meta property=\"og:locale\" content=\"pt_BR\" \/>\n<meta property=\"og:type\" content=\"article\" \/>\n<meta property=\"og:title\" content=\"Racionamento de energia vai sair da teoria para virar realidade? - Notibras\" \/>\n<meta property=\"og:description\" content=\"A rela\u00e7\u00e3o entre S\u00e3o Pedro e a chuva tem origem na It\u00e1lia medieval. Quando havia uma seca, a popula\u00e7\u00e3o carregava a est\u00e1tua dele em prociss\u00e3o. Se n\u00e3o chovesse, a est\u00e1tua era jogada no leito (presumivelmente seco) do rio mais pr\u00f3ximo, acompanhada de insultos. Dada a situa\u00e7\u00e3o calamitosa de nossos reservat\u00f3rios de \u00e1gua e das hidrel\u00e9tricas, [&hellip;]\" \/>\n<meta property=\"og:url\" content=\"https:\/\/www.notibras.com\/site\/racionamento-de-energia-sai-da-teoria-para-virar-realidade\/\" \/>\n<meta property=\"og:site_name\" content=\"Notibras\" \/>\n<meta property=\"article:publisher\" content=\"https:\/\/www.facebook.com\/notibras\/\" \/>\n<meta property=\"article:published_time\" content=\"2015-02-24T07:16:03+00:00\" \/>\n<meta property=\"article:modified_time\" content=\"2015-02-24T07:41:41+00:00\" \/>\n<meta property=\"og:image\" content=\"https:\/\/www.notibras.com\/site\/wp-content\/uploads\/2015\/02\/linhao10.jpg\" \/>\n\t<meta property=\"og:image:width\" content=\"640\" \/>\n\t<meta property=\"og:image:height\" content=\"376\" \/>\n\t<meta property=\"og:image:type\" content=\"image\/jpeg\" \/>\n<meta name=\"author\" content=\"Reda\u00e7\u00e3o\" \/>\n<meta name=\"twitter:card\" content=\"summary_large_image\" \/>\n<meta name=\"twitter:creator\" content=\"@Notibras\" \/>\n<meta name=\"twitter:site\" content=\"@Notibras\" \/>\n<meta name=\"twitter:label1\" content=\"Escrito por\" \/>\n\t<meta name=\"twitter:data1\" content=\"Reda\u00e7\u00e3o\" \/>\n\t<meta name=\"twitter:label2\" content=\"Est. tempo de leitura\" \/>\n\t<meta name=\"twitter:data2\" content=\"6 minutos\" \/>\n<script type=\"application\/ld+json\" class=\"yoast-schema-graph\">{\"@context\":\"https:\/\/schema.org\",\"@graph\":[{\"@type\":\"Article\",\"@id\":\"https:\/\/www.notibras.com\/site\/racionamento-de-energia-sai-da-teoria-para-virar-realidade\/#article\",\"isPartOf\":{\"@id\":\"https:\/\/www.notibras.com\/site\/racionamento-de-energia-sai-da-teoria-para-virar-realidade\/\"},\"author\":{\"name\":\"Reda\u00e7\u00e3o\",\"@id\":\"https:\/\/www.notibras.com\/site\/#\/schema\/person\/36ab0979449956132d3e5b517ea76ac8\"},\"headline\":\"Racionamento de energia vai sair da teoria para virar realidade?\",\"datePublished\":\"2015-02-24T07:16:03+00:00\",\"dateModified\":\"2015-02-24T07:41:41+00:00\",\"mainEntityOfPage\":{\"@id\":\"https:\/\/www.notibras.com\/site\/racionamento-de-energia-sai-da-teoria-para-virar-realidade\/\"},\"wordCount\":1193,\"commentCount\":0,\"publisher\":{\"@id\":\"https:\/\/www.notibras.com\/site\/#organization\"},\"image\":{\"@id\":\"https:\/\/www.notibras.com\/site\/racionamento-de-energia-sai-da-teoria-para-virar-realidade\/#primaryimage\"},\"thumbnailUrl\":\"https:\/\/www.notibras.com\/site\/wp-content\/uploads\/2015\/02\/linhao10.jpg\",\"articleSection\":[\"Opina a\u00ed\"],\"inLanguage\":\"pt-BR\",\"potentialAction\":[{\"@type\":\"CommentAction\",\"name\":\"Comment\",\"target\":[\"https:\/\/www.notibras.com\/site\/racionamento-de-energia-sai-da-teoria-para-virar-realidade\/#respond\"]}]},{\"@type\":\"WebPage\",\"@id\":\"https:\/\/www.notibras.com\/site\/racionamento-de-energia-sai-da-teoria-para-virar-realidade\/\",\"url\":\"https:\/\/www.notibras.com\/site\/racionamento-de-energia-sai-da-teoria-para-virar-realidade\/\",\"name\":\"Racionamento de energia vai sair da teoria para virar realidade? - Notibras\",\"isPartOf\":{\"@id\":\"https:\/\/www.notibras.com\/site\/#website\"},\"primaryImageOfPage\":{\"@id\":\"https:\/\/www.notibras.com\/site\/racionamento-de-energia-sai-da-teoria-para-virar-realidade\/#primaryimage\"},\"image\":{\"@id\":\"https:\/\/www.notibras.com\/site\/racionamento-de-energia-sai-da-teoria-para-virar-realidade\/#primaryimage\"},\"thumbnailUrl\":\"https:\/\/www.notibras.com\/site\/wp-content\/uploads\/2015\/02\/linhao10.jpg\",\"datePublished\":\"2015-02-24T07:16:03+00:00\",\"dateModified\":\"2015-02-24T07:41:41+00:00\",\"breadcrumb\":{\"@id\":\"https:\/\/www.notibras.com\/site\/racionamento-de-energia-sai-da-teoria-para-virar-realidade\/#breadcrumb\"},\"inLanguage\":\"pt-BR\",\"potentialAction\":[{\"@type\":\"ReadAction\",\"target\":[\"https:\/\/www.notibras.com\/site\/racionamento-de-energia-sai-da-teoria-para-virar-realidade\/\"]}]},{\"@type\":\"ImageObject\",\"inLanguage\":\"pt-BR\",\"@id\":\"https:\/\/www.notibras.com\/site\/racionamento-de-energia-sai-da-teoria-para-virar-realidade\/#primaryimage\",\"url\":\"https:\/\/www.notibras.com\/site\/wp-content\/uploads\/2015\/02\/linhao10.jpg\",\"contentUrl\":\"https:\/\/www.notibras.com\/site\/wp-content\/uploads\/2015\/02\/linhao10.jpg\",\"width\":640,\"height\":376},{\"@type\":\"BreadcrumbList\",\"@id\":\"https:\/\/www.notibras.com\/site\/racionamento-de-energia-sai-da-teoria-para-virar-realidade\/#breadcrumb\",\"itemListElement\":[{\"@type\":\"ListItem\",\"position\":1,\"name\":\"In\u00edcio\",\"item\":\"https:\/\/www.notibras.com\/site\/\"},{\"@type\":\"ListItem\",\"position\":2,\"name\":\"Racionamento de energia vai sair da teoria para virar realidade?\"}]},{\"@type\":\"WebSite\",\"@id\":\"https:\/\/www.notibras.com\/site\/#website\",\"url\":\"https:\/\/www.notibras.com\/site\/\",\"name\":\"Notibras\",\"description\":\"Not\u00edcias de Bras\u00edlia, do Brasil e do Mundo\",\"publisher\":{\"@id\":\"https:\/\/www.notibras.com\/site\/#organization\"},\"potentialAction\":[{\"@type\":\"SearchAction\",\"target\":{\"@type\":\"EntryPoint\",\"urlTemplate\":\"https:\/\/www.notibras.com\/site\/?s={search_term_string}\"},\"query-input\":{\"@type\":\"PropertyValueSpecification\",\"valueRequired\":true,\"valueName\":\"search_term_string\"}}],\"inLanguage\":\"pt-BR\"},{\"@type\":\"Organization\",\"@id\":\"https:\/\/www.notibras.com\/site\/#organization\",\"name\":\"Grupo Notibras de Comunica\u00e7\u00e3o\",\"url\":\"https:\/\/www.notibras.com\/site\/\",\"logo\":{\"@type\":\"ImageObject\",\"inLanguage\":\"pt-BR\",\"@id\":\"https:\/\/www.notibras.com\/site\/#\/schema\/logo\/image\/\",\"url\":\"https:\/\/www.notibras.com\/site\/wp-content\/uploads\/2023\/01\/notibras23.png\",\"contentUrl\":\"https:\/\/www.notibras.com\/site\/wp-content\/uploads\/2023\/01\/notibras23.png\",\"width\":350,\"height\":87,\"caption\":\"Grupo Notibras de Comunica\u00e7\u00e3o\"},\"image\":{\"@id\":\"https:\/\/www.notibras.com\/site\/#\/schema\/logo\/image\/\"},\"sameAs\":[\"https:\/\/www.facebook.com\/notibras\/\",\"https:\/\/x.com\/Notibras\",\"https:\/\/www.instagram.com\/notibras\/\"]},{\"@type\":\"Person\",\"@id\":\"https:\/\/www.notibras.com\/site\/#\/schema\/person\/36ab0979449956132d3e5b517ea76ac8\",\"name\":\"Reda\u00e7\u00e3o\",\"image\":{\"@type\":\"ImageObject\",\"inLanguage\":\"pt-BR\",\"@id\":\"https:\/\/secure.gravatar.com\/avatar\/e0a867bdedb85fd243eadf09663511f96fc81e0720a4a42581f334ad4303aa6b?s=96&d=mm&r=g\",\"url\":\"https:\/\/secure.gravatar.com\/avatar\/e0a867bdedb85fd243eadf09663511f96fc81e0720a4a42581f334ad4303aa6b?s=96&d=mm&r=g\",\"contentUrl\":\"https:\/\/secure.gravatar.com\/avatar\/e0a867bdedb85fd243eadf09663511f96fc81e0720a4a42581f334ad4303aa6b?s=96&d=mm&r=g\",\"caption\":\"Reda\u00e7\u00e3o\"}}]}<\/script>\n<!-- \/ Yoast SEO plugin. -->","yoast_head_json":{"title":"Racionamento de energia vai sair da teoria para virar realidade? - Notibras","robots":{"index":"index","follow":"follow","max-snippet":"max-snippet:-1","max-image-preview":"max-image-preview:large","max-video-preview":"max-video-preview:-1"},"canonical":"https:\/\/www.notibras.com\/site\/racionamento-de-energia-sai-da-teoria-para-virar-realidade\/","og_locale":"pt_BR","og_type":"article","og_title":"Racionamento de energia vai sair da teoria para virar realidade? - Notibras","og_description":"A rela\u00e7\u00e3o entre S\u00e3o Pedro e a chuva tem origem na It\u00e1lia medieval. Quando havia uma seca, a popula\u00e7\u00e3o carregava a est\u00e1tua dele em prociss\u00e3o. Se n\u00e3o chovesse, a est\u00e1tua era jogada no leito (presumivelmente seco) do rio mais pr\u00f3ximo, acompanhada de insultos. Dada a situa\u00e7\u00e3o calamitosa de nossos reservat\u00f3rios de \u00e1gua e das hidrel\u00e9tricas, [&hellip;]","og_url":"https:\/\/www.notibras.com\/site\/racionamento-de-energia-sai-da-teoria-para-virar-realidade\/","og_site_name":"Notibras","article_publisher":"https:\/\/www.facebook.com\/notibras\/","article_published_time":"2015-02-24T07:16:03+00:00","article_modified_time":"2015-02-24T07:41:41+00:00","og_image":[{"width":640,"height":376,"url":"https:\/\/www.notibras.com\/site\/wp-content\/uploads\/2015\/02\/linhao10.jpg","type":"image\/jpeg"}],"author":"Reda\u00e7\u00e3o","twitter_card":"summary_large_image","twitter_creator":"@Notibras","twitter_site":"@Notibras","twitter_misc":{"Escrito por":"Reda\u00e7\u00e3o","Est. tempo de leitura":"6 minutos"},"schema":{"@context":"https:\/\/schema.org","@graph":[{"@type":"Article","@id":"https:\/\/www.notibras.com\/site\/racionamento-de-energia-sai-da-teoria-para-virar-realidade\/#article","isPartOf":{"@id":"https:\/\/www.notibras.com\/site\/racionamento-de-energia-sai-da-teoria-para-virar-realidade\/"},"author":{"name":"Reda\u00e7\u00e3o","@id":"https:\/\/www.notibras.com\/site\/#\/schema\/person\/36ab0979449956132d3e5b517ea76ac8"},"headline":"Racionamento de energia vai sair da teoria para virar realidade?","datePublished":"2015-02-24T07:16:03+00:00","dateModified":"2015-02-24T07:41:41+00:00","mainEntityOfPage":{"@id":"https:\/\/www.notibras.com\/site\/racionamento-de-energia-sai-da-teoria-para-virar-realidade\/"},"wordCount":1193,"commentCount":0,"publisher":{"@id":"https:\/\/www.notibras.com\/site\/#organization"},"image":{"@id":"https:\/\/www.notibras.com\/site\/racionamento-de-energia-sai-da-teoria-para-virar-realidade\/#primaryimage"},"thumbnailUrl":"https:\/\/www.notibras.com\/site\/wp-content\/uploads\/2015\/02\/linhao10.jpg","articleSection":["Opina a\u00ed"],"inLanguage":"pt-BR","potentialAction":[{"@type":"CommentAction","name":"Comment","target":["https:\/\/www.notibras.com\/site\/racionamento-de-energia-sai-da-teoria-para-virar-realidade\/#respond"]}]},{"@type":"WebPage","@id":"https:\/\/www.notibras.com\/site\/racionamento-de-energia-sai-da-teoria-para-virar-realidade\/","url":"https:\/\/www.notibras.com\/site\/racionamento-de-energia-sai-da-teoria-para-virar-realidade\/","name":"Racionamento de energia vai sair da teoria para virar realidade? - Notibras","isPartOf":{"@id":"https:\/\/www.notibras.com\/site\/#website"},"primaryImageOfPage":{"@id":"https:\/\/www.notibras.com\/site\/racionamento-de-energia-sai-da-teoria-para-virar-realidade\/#primaryimage"},"image":{"@id":"https:\/\/www.notibras.com\/site\/racionamento-de-energia-sai-da-teoria-para-virar-realidade\/#primaryimage"},"thumbnailUrl":"https:\/\/www.notibras.com\/site\/wp-content\/uploads\/2015\/02\/linhao10.jpg","datePublished":"2015-02-24T07:16:03+00:00","dateModified":"2015-02-24T07:41:41+00:00","breadcrumb":{"@id":"https:\/\/www.notibras.com\/site\/racionamento-de-energia-sai-da-teoria-para-virar-realidade\/#breadcrumb"},"inLanguage":"pt-BR","potentialAction":[{"@type":"ReadAction","target":["https:\/\/www.notibras.com\/site\/racionamento-de-energia-sai-da-teoria-para-virar-realidade\/"]}]},{"@type":"ImageObject","inLanguage":"pt-BR","@id":"https:\/\/www.notibras.com\/site\/racionamento-de-energia-sai-da-teoria-para-virar-realidade\/#primaryimage","url":"https:\/\/www.notibras.com\/site\/wp-content\/uploads\/2015\/02\/linhao10.jpg","contentUrl":"https:\/\/www.notibras.com\/site\/wp-content\/uploads\/2015\/02\/linhao10.jpg","width":640,"height":376},{"@type":"BreadcrumbList","@id":"https:\/\/www.notibras.com\/site\/racionamento-de-energia-sai-da-teoria-para-virar-realidade\/#breadcrumb","itemListElement":[{"@type":"ListItem","position":1,"name":"In\u00edcio","item":"https:\/\/www.notibras.com\/site\/"},{"@type":"ListItem","position":2,"name":"Racionamento de energia vai sair da teoria para virar realidade?"}]},{"@type":"WebSite","@id":"https:\/\/www.notibras.com\/site\/#website","url":"https:\/\/www.notibras.com\/site\/","name":"Notibras","description":"Not\u00edcias de Bras\u00edlia, do Brasil e do Mundo","publisher":{"@id":"https:\/\/www.notibras.com\/site\/#organization"},"potentialAction":[{"@type":"SearchAction","target":{"@type":"EntryPoint","urlTemplate":"https:\/\/www.notibras.com\/site\/?s={search_term_string}"},"query-input":{"@type":"PropertyValueSpecification","valueRequired":true,"valueName":"search_term_string"}}],"inLanguage":"pt-BR"},{"@type":"Organization","@id":"https:\/\/www.notibras.com\/site\/#organization","name":"Grupo Notibras de Comunica\u00e7\u00e3o","url":"https:\/\/www.notibras.com\/site\/","logo":{"@type":"ImageObject","inLanguage":"pt-BR","@id":"https:\/\/www.notibras.com\/site\/#\/schema\/logo\/image\/","url":"https:\/\/www.notibras.com\/site\/wp-content\/uploads\/2023\/01\/notibras23.png","contentUrl":"https:\/\/www.notibras.com\/site\/wp-content\/uploads\/2023\/01\/notibras23.png","width":350,"height":87,"caption":"Grupo Notibras de Comunica\u00e7\u00e3o"},"image":{"@id":"https:\/\/www.notibras.com\/site\/#\/schema\/logo\/image\/"},"sameAs":["https:\/\/www.facebook.com\/notibras\/","https:\/\/x.com\/Notibras","https:\/\/www.instagram.com\/notibras\/"]},{"@type":"Person","@id":"https:\/\/www.notibras.com\/site\/#\/schema\/person\/36ab0979449956132d3e5b517ea76ac8","name":"Reda\u00e7\u00e3o","image":{"@type":"ImageObject","inLanguage":"pt-BR","@id":"https:\/\/secure.gravatar.com\/avatar\/e0a867bdedb85fd243eadf09663511f96fc81e0720a4a42581f334ad4303aa6b?s=96&d=mm&r=g","url":"https:\/\/secure.gravatar.com\/avatar\/e0a867bdedb85fd243eadf09663511f96fc81e0720a4a42581f334ad4303aa6b?s=96&d=mm&r=g","contentUrl":"https:\/\/secure.gravatar.com\/avatar\/e0a867bdedb85fd243eadf09663511f96fc81e0720a4a42581f334ad4303aa6b?s=96&d=mm&r=g","caption":"Reda\u00e7\u00e3o"}}]}},"amp_enabled":true,"_links":{"self":[{"href":"https:\/\/www.notibras.com\/site\/wp-json\/wp\/v2\/posts\/38020","targetHints":{"allow":["GET"]}}],"collection":[{"href":"https:\/\/www.notibras.com\/site\/wp-json\/wp\/v2\/posts"}],"about":[{"href":"https:\/\/www.notibras.com\/site\/wp-json\/wp\/v2\/types\/post"}],"author":[{"embeddable":true,"href":"https:\/\/www.notibras.com\/site\/wp-json\/wp\/v2\/users\/2"}],"replies":[{"embeddable":true,"href":"https:\/\/www.notibras.com\/site\/wp-json\/wp\/v2\/comments?post=38020"}],"version-history":[{"count":0,"href":"https:\/\/www.notibras.com\/site\/wp-json\/wp\/v2\/posts\/38020\/revisions"}],"wp:featuredmedia":[{"embeddable":true,"href":"https:\/\/www.notibras.com\/site\/wp-json\/wp\/v2\/media\/38022"}],"wp:attachment":[{"href":"https:\/\/www.notibras.com\/site\/wp-json\/wp\/v2\/media?parent=38020"}],"wp:term":[{"taxonomy":"category","embeddable":true,"href":"https:\/\/www.notibras.com\/site\/wp-json\/wp\/v2\/categories?post=38020"},{"taxonomy":"post_tag","embeddable":true,"href":"https:\/\/www.notibras.com\/site\/wp-json\/wp\/v2\/tags?post=38020"}],"curies":[{"name":"wp","href":"https:\/\/api.w.org\/{rel}","templated":true}]}}