{"id":380204,"date":"2026-01-24T00:15:39","date_gmt":"2026-01-24T03:15:39","guid":{"rendered":"https:\/\/www.notibras.com\/site\/?p=380204"},"modified":"2026-01-23T21:07:24","modified_gmt":"2026-01-24T00:07:24","slug":"defesa-de-amanda-nega-envolvimento-e-diz-que-ela-foi-vitima-do-amante","status":"publish","type":"post","link":"https:\/\/www.notibras.com\/site\/defesa-de-amanda-nega-envolvimento-e-diz-que-ela-foi-vitima-do-amante\/","title":{"rendered":"Defesa de Amanda nega envolvimento e diz que ela foi v\u00edtima do amante"},"content":{"rendered":"<p>A defesa de Amanda Rodrigues de Sousa, t\u00e9cnica de enfermagem investigada por suspeita de ter acobertado dois homic\u00eddios no Hospital Anchieta, no Distrito Federal, negou qualquer envolvimento da profissional nas mortes de tr\u00eas pacientes. Em coletiva de imprensa, o advogado de Amanda, Liomar Torres, afirmou que a t\u00e9cnica de enfermagem &#8220;nega veementemente&#8221; ter participado ou ter conhecimento das mortes.<\/p>\n<p>De acordo com a defesa, as acusa\u00e7\u00f5es contra Amanda s\u00e3o baseadas em imagens &#8220;prec\u00e1rias e seletivas&#8221; que mostram a t\u00e9cnica de enfermagem no ambiente da UTI enquanto Marcos Vin\u00edcius Silva Barbosa de Ara\u00fajo, de 24 anos, supostamente comete os crimes. O advogado classificou as provas como &#8220;prec\u00e1rias e seletivas&#8221; e afirmou que vai pedir a quebra de sigilo do processo.<\/p>\n<p>Amanda Rodrigues de Sousa tamb\u00e9m alega ter sido v\u00edtima de uma tentativa de homic\u00eddio por parte de Marcos Vin\u00edcius, com quem teve uma rela\u00e7\u00e3o extraconjugal por cinco meses. A t\u00e9cnica de enfermagem diz que foi paciente da UTI do Hospital Anchieta em dezembro e que Marcos Vin\u00edcius aplicou uma medica\u00e7\u00e3o nela, o que quase lhe causou uma parada card\u00edaca.<\/p>\n<p>Al\u00e9m de Amanda, tamb\u00e9m est\u00e3o presos Marcos Vin\u00edcius Silva Barbosa de Ara\u00fajo e Marcela Camilly Alves da Silva, de 22 anos. Os tr\u00eas s\u00e3o investigados por homic\u00eddio e est\u00e3o presos temporariamente enquanto a pol\u00edcia conclui o inqu\u00e9rito.<\/p>\n<p>A Pol\u00edcia Civil do Distrito Federal est\u00e1 investigando se outros dois pacientes do Hospital Anchieta tamb\u00e9m podem ter sido assassinados pelos t\u00e9cnicos de enfermagem da institui\u00e7\u00e3o. As den\u00fancias vieram de familiares que dizem ter reconhecido, nas reportagens sobre o caso, o t\u00e9cnico de enfermagem Marcos Vin\u00edcius Silva Barbosa de Ara\u00fajo.<\/p>\n","protected":false},"excerpt":{"rendered":"<p>A defesa de Amanda Rodrigues de Sousa, t\u00e9cnica de enfermagem investigada por suspeita de ter acobertado dois homic\u00eddios no Hospital Anchieta, no Distrito Federal, negou qualquer envolvimento da profissional nas mortes de tr\u00eas pacientes. Em coletiva de imprensa, o advogado de Amanda, Liomar Torres, afirmou que a t\u00e9cnica de enfermagem &#8220;nega veementemente&#8221; ter participado ou [&hellip;]<\/p>\n","protected":false},"author":21,"featured_media":380208,"comment_status":"closed","ping_status":"closed","sticky":false,"template":"","format":"standard","meta":{"_acf_changed":false,"footnotes":""},"categories":[161],"tags":[],"class_list":["post-380204","post","type-post","status-publish","format-standard","has-post-thumbnail","hentry","category-quadradinho-em-foco"],"acf":[],"yoast_head":"<!-- This site is optimized with the Yoast SEO plugin v27.2 - https:\/\/yoast.com\/product\/yoast-seo-wordpress\/ -->\n<title>Defesa de Amanda nega envolvimento e diz que ela foi v\u00edtima do amante - Notibras<\/title>\n<meta name=\"robots\" content=\"index, follow, max-snippet:-1, max-image-preview:large, max-video-preview:-1\" \/>\n<link rel=\"canonical\" href=\"https:\/\/www.notibras.com\/site\/defesa-de-amanda-nega-envolvimento-e-diz-que-ela-foi-vitima-do-amante\/\" \/>\n<meta property=\"og:locale\" content=\"pt_BR\" \/>\n<meta property=\"og:type\" content=\"article\" \/>\n<meta property=\"og:title\" content=\"Defesa de Amanda nega envolvimento e diz que ela foi v\u00edtima do amante - Notibras\" \/>\n<meta property=\"og:description\" content=\"A defesa de Amanda Rodrigues de Sousa, t\u00e9cnica de enfermagem investigada por suspeita de ter acobertado dois homic\u00eddios no Hospital Anchieta, no Distrito Federal, negou qualquer envolvimento da profissional nas mortes de tr\u00eas pacientes. Em coletiva de imprensa, o advogado de Amanda, Liomar Torres, afirmou que a t\u00e9cnica de enfermagem &#8220;nega veementemente&#8221; ter participado ou [&hellip;]\" \/>\n<meta property=\"og:url\" content=\"https:\/\/www.notibras.com\/site\/defesa-de-amanda-nega-envolvimento-e-diz-que-ela-foi-vitima-do-amante\/\" \/>\n<meta property=\"og:site_name\" content=\"Notibras\" \/>\n<meta property=\"article:publisher\" content=\"https:\/\/www.facebook.com\/notibras\/\" \/>\n<meta property=\"article:published_time\" content=\"2026-01-24T03:15:39+00:00\" \/>\n<meta property=\"og:image\" content=\"https:\/\/www.notibras.com\/site\/wp-content\/uploads\/2026\/01\/IMG_0554.png\" \/>\n\t<meta property=\"og:image:width\" content=\"1408\" \/>\n\t<meta property=\"og:image:height\" content=\"736\" \/>\n\t<meta property=\"og:image:type\" content=\"image\/png\" \/>\n<meta name=\"author\" content=\"Eduardo Mart\u00ednez\" \/>\n<meta name=\"twitter:card\" content=\"summary_large_image\" \/>\n<meta name=\"twitter:creator\" content=\"@Notibras\" \/>\n<meta name=\"twitter:site\" content=\"@Notibras\" \/>\n<meta name=\"twitter:label1\" content=\"Escrito por\" \/>\n\t<meta name=\"twitter:data1\" content=\"Eduardo Mart\u00ednez\" \/>\n\t<meta name=\"twitter:label2\" content=\"Est. tempo de leitura\" \/>\n\t<meta name=\"twitter:data2\" content=\"2 minutos\" \/>\n<script type=\"application\/ld+json\" class=\"yoast-schema-graph\">{\"@context\":\"https:\/\/schema.org\",\"@graph\":[{\"@type\":\"Article\",\"@id\":\"https:\/\/www.notibras.com\/site\/defesa-de-amanda-nega-envolvimento-e-diz-que-ela-foi-vitima-do-amante\/#article\",\"isPartOf\":{\"@id\":\"https:\/\/www.notibras.com\/site\/defesa-de-amanda-nega-envolvimento-e-diz-que-ela-foi-vitima-do-amante\/\"},\"author\":{\"name\":\"Eduardo Mart\u00ednez\",\"@id\":\"https:\/\/www.notibras.com\/site\/#\/schema\/person\/5b7fabf2aedc3ada2105f03b22b4d3dd\"},\"headline\":\"Defesa de Amanda nega envolvimento e diz que ela foi v\u00edtima do amante\",\"datePublished\":\"2026-01-24T03:15:39+00:00\",\"mainEntityOfPage\":{\"@id\":\"https:\/\/www.notibras.com\/site\/defesa-de-amanda-nega-envolvimento-e-diz-que-ela-foi-vitima-do-amante\/\"},\"wordCount\":316,\"publisher\":{\"@id\":\"https:\/\/www.notibras.com\/site\/#organization\"},\"image\":{\"@id\":\"https:\/\/www.notibras.com\/site\/defesa-de-amanda-nega-envolvimento-e-diz-que-ela-foi-vitima-do-amante\/#primaryimage\"},\"thumbnailUrl\":\"https:\/\/www.notibras.com\/site\/wp-content\/uploads\/2026\/01\/IMG_0554.png\",\"articleSection\":[\"Quadradinho em Foco\"],\"inLanguage\":\"pt-BR\"},{\"@type\":\"WebPage\",\"@id\":\"https:\/\/www.notibras.com\/site\/defesa-de-amanda-nega-envolvimento-e-diz-que-ela-foi-vitima-do-amante\/\",\"url\":\"https:\/\/www.notibras.com\/site\/defesa-de-amanda-nega-envolvimento-e-diz-que-ela-foi-vitima-do-amante\/\",\"name\":\"Defesa de Amanda nega envolvimento e diz que ela foi v\u00edtima do amante - Notibras\",\"isPartOf\":{\"@id\":\"https:\/\/www.notibras.com\/site\/#website\"},\"primaryImageOfPage\":{\"@id\":\"https:\/\/www.notibras.com\/site\/defesa-de-amanda-nega-envolvimento-e-diz-que-ela-foi-vitima-do-amante\/#primaryimage\"},\"image\":{\"@id\":\"https:\/\/www.notibras.com\/site\/defesa-de-amanda-nega-envolvimento-e-diz-que-ela-foi-vitima-do-amante\/#primaryimage\"},\"thumbnailUrl\":\"https:\/\/www.notibras.com\/site\/wp-content\/uploads\/2026\/01\/IMG_0554.png\",\"datePublished\":\"2026-01-24T03:15:39+00:00\",\"breadcrumb\":{\"@id\":\"https:\/\/www.notibras.com\/site\/defesa-de-amanda-nega-envolvimento-e-diz-que-ela-foi-vitima-do-amante\/#breadcrumb\"},\"inLanguage\":\"pt-BR\",\"potentialAction\":[{\"@type\":\"ReadAction\",\"target\":[\"https:\/\/www.notibras.com\/site\/defesa-de-amanda-nega-envolvimento-e-diz-que-ela-foi-vitima-do-amante\/\"]}]},{\"@type\":\"ImageObject\",\"inLanguage\":\"pt-BR\",\"@id\":\"https:\/\/www.notibras.com\/site\/defesa-de-amanda-nega-envolvimento-e-diz-que-ela-foi-vitima-do-amante\/#primaryimage\",\"url\":\"https:\/\/www.notibras.com\/site\/wp-content\/uploads\/2026\/01\/IMG_0554.png\",\"contentUrl\":\"https:\/\/www.notibras.com\/site\/wp-content\/uploads\/2026\/01\/IMG_0554.png\",\"width\":1408,\"height\":736},{\"@type\":\"BreadcrumbList\",\"@id\":\"https:\/\/www.notibras.com\/site\/defesa-de-amanda-nega-envolvimento-e-diz-que-ela-foi-vitima-do-amante\/#breadcrumb\",\"itemListElement\":[{\"@type\":\"ListItem\",\"position\":1,\"name\":\"In\u00edcio\",\"item\":\"https:\/\/www.notibras.com\/site\/\"},{\"@type\":\"ListItem\",\"position\":2,\"name\":\"Defesa de Amanda nega envolvimento e diz que ela foi v\u00edtima do amante\"}]},{\"@type\":\"WebSite\",\"@id\":\"https:\/\/www.notibras.com\/site\/#website\",\"url\":\"https:\/\/www.notibras.com\/site\/\",\"name\":\"Notibras\",\"description\":\"Not\u00edcias de Bras\u00edlia, do Brasil e do Mundo\",\"publisher\":{\"@id\":\"https:\/\/www.notibras.com\/site\/#organization\"},\"potentialAction\":[{\"@type\":\"SearchAction\",\"target\":{\"@type\":\"EntryPoint\",\"urlTemplate\":\"https:\/\/www.notibras.com\/site\/?s={search_term_string}\"},\"query-input\":{\"@type\":\"PropertyValueSpecification\",\"valueRequired\":true,\"valueName\":\"search_term_string\"}}],\"inLanguage\":\"pt-BR\"},{\"@type\":\"Organization\",\"@id\":\"https:\/\/www.notibras.com\/site\/#organization\",\"name\":\"Grupo Notibras de Comunica\u00e7\u00e3o\",\"url\":\"https:\/\/www.notibras.com\/site\/\",\"logo\":{\"@type\":\"ImageObject\",\"inLanguage\":\"pt-BR\",\"@id\":\"https:\/\/www.notibras.com\/site\/#\/schema\/logo\/image\/\",\"url\":\"https:\/\/www.notibras.com\/site\/wp-content\/uploads\/2023\/01\/notibras23.png\",\"contentUrl\":\"https:\/\/www.notibras.com\/site\/wp-content\/uploads\/2023\/01\/notibras23.png\",\"width\":350,\"height\":87,\"caption\":\"Grupo Notibras de Comunica\u00e7\u00e3o\"},\"image\":{\"@id\":\"https:\/\/www.notibras.com\/site\/#\/schema\/logo\/image\/\"},\"sameAs\":[\"https:\/\/www.facebook.com\/notibras\/\",\"https:\/\/x.com\/Notibras\",\"https:\/\/www.instagram.com\/notibras\/\"]},{\"@type\":\"Person\",\"@id\":\"https:\/\/www.notibras.com\/site\/#\/schema\/person\/5b7fabf2aedc3ada2105f03b22b4d3dd\",\"name\":\"Eduardo Mart\u00ednez\",\"image\":{\"@type\":\"ImageObject\",\"inLanguage\":\"pt-BR\",\"@id\":\"https:\/\/secure.gravatar.com\/avatar\/7902f906289926289cbcda644b5197c796b893c6ffd7b9a536a42d290f7704a0?s=96&d=mm&r=g\",\"url\":\"https:\/\/secure.gravatar.com\/avatar\/7902f906289926289cbcda644b5197c796b893c6ffd7b9a536a42d290f7704a0?s=96&d=mm&r=g\",\"contentUrl\":\"https:\/\/secure.gravatar.com\/avatar\/7902f906289926289cbcda644b5197c796b893c6ffd7b9a536a42d290f7704a0?s=96&d=mm&r=g\",\"caption\":\"Eduardo Mart\u00ednez\"}}]}<\/script>\n<!-- \/ Yoast SEO plugin. -->","yoast_head_json":{"title":"Defesa de Amanda nega envolvimento e diz que ela foi v\u00edtima do amante - Notibras","robots":{"index":"index","follow":"follow","max-snippet":"max-snippet:-1","max-image-preview":"max-image-preview:large","max-video-preview":"max-video-preview:-1"},"canonical":"https:\/\/www.notibras.com\/site\/defesa-de-amanda-nega-envolvimento-e-diz-que-ela-foi-vitima-do-amante\/","og_locale":"pt_BR","og_type":"article","og_title":"Defesa de Amanda nega envolvimento e diz que ela foi v\u00edtima do amante - Notibras","og_description":"A defesa de Amanda Rodrigues de Sousa, t\u00e9cnica de enfermagem investigada por suspeita de ter acobertado dois homic\u00eddios no Hospital Anchieta, no Distrito Federal, negou qualquer envolvimento da profissional nas mortes de tr\u00eas pacientes. Em coletiva de imprensa, o advogado de Amanda, Liomar Torres, afirmou que a t\u00e9cnica de enfermagem &#8220;nega veementemente&#8221; ter participado ou [&hellip;]","og_url":"https:\/\/www.notibras.com\/site\/defesa-de-amanda-nega-envolvimento-e-diz-que-ela-foi-vitima-do-amante\/","og_site_name":"Notibras","article_publisher":"https:\/\/www.facebook.com\/notibras\/","article_published_time":"2026-01-24T03:15:39+00:00","og_image":[{"width":1408,"height":736,"url":"https:\/\/www.notibras.com\/site\/wp-content\/uploads\/2026\/01\/IMG_0554.png","type":"image\/png"}],"author":"Eduardo Mart\u00ednez","twitter_card":"summary_large_image","twitter_creator":"@Notibras","twitter_site":"@Notibras","twitter_misc":{"Escrito por":"Eduardo Mart\u00ednez","Est. tempo de leitura":"2 minutos"},"schema":{"@context":"https:\/\/schema.org","@graph":[{"@type":"Article","@id":"https:\/\/www.notibras.com\/site\/defesa-de-amanda-nega-envolvimento-e-diz-que-ela-foi-vitima-do-amante\/#article","isPartOf":{"@id":"https:\/\/www.notibras.com\/site\/defesa-de-amanda-nega-envolvimento-e-diz-que-ela-foi-vitima-do-amante\/"},"author":{"name":"Eduardo Mart\u00ednez","@id":"https:\/\/www.notibras.com\/site\/#\/schema\/person\/5b7fabf2aedc3ada2105f03b22b4d3dd"},"headline":"Defesa de Amanda nega envolvimento e diz que ela foi v\u00edtima do amante","datePublished":"2026-01-24T03:15:39+00:00","mainEntityOfPage":{"@id":"https:\/\/www.notibras.com\/site\/defesa-de-amanda-nega-envolvimento-e-diz-que-ela-foi-vitima-do-amante\/"},"wordCount":316,"publisher":{"@id":"https:\/\/www.notibras.com\/site\/#organization"},"image":{"@id":"https:\/\/www.notibras.com\/site\/defesa-de-amanda-nega-envolvimento-e-diz-que-ela-foi-vitima-do-amante\/#primaryimage"},"thumbnailUrl":"https:\/\/www.notibras.com\/site\/wp-content\/uploads\/2026\/01\/IMG_0554.png","articleSection":["Quadradinho em Foco"],"inLanguage":"pt-BR"},{"@type":"WebPage","@id":"https:\/\/www.notibras.com\/site\/defesa-de-amanda-nega-envolvimento-e-diz-que-ela-foi-vitima-do-amante\/","url":"https:\/\/www.notibras.com\/site\/defesa-de-amanda-nega-envolvimento-e-diz-que-ela-foi-vitima-do-amante\/","name":"Defesa de Amanda nega envolvimento e diz que ela foi v\u00edtima do amante - Notibras","isPartOf":{"@id":"https:\/\/www.notibras.com\/site\/#website"},"primaryImageOfPage":{"@id":"https:\/\/www.notibras.com\/site\/defesa-de-amanda-nega-envolvimento-e-diz-que-ela-foi-vitima-do-amante\/#primaryimage"},"image":{"@id":"https:\/\/www.notibras.com\/site\/defesa-de-amanda-nega-envolvimento-e-diz-que-ela-foi-vitima-do-amante\/#primaryimage"},"thumbnailUrl":"https:\/\/www.notibras.com\/site\/wp-content\/uploads\/2026\/01\/IMG_0554.png","datePublished":"2026-01-24T03:15:39+00:00","breadcrumb":{"@id":"https:\/\/www.notibras.com\/site\/defesa-de-amanda-nega-envolvimento-e-diz-que-ela-foi-vitima-do-amante\/#breadcrumb"},"inLanguage":"pt-BR","potentialAction":[{"@type":"ReadAction","target":["https:\/\/www.notibras.com\/site\/defesa-de-amanda-nega-envolvimento-e-diz-que-ela-foi-vitima-do-amante\/"]}]},{"@type":"ImageObject","inLanguage":"pt-BR","@id":"https:\/\/www.notibras.com\/site\/defesa-de-amanda-nega-envolvimento-e-diz-que-ela-foi-vitima-do-amante\/#primaryimage","url":"https:\/\/www.notibras.com\/site\/wp-content\/uploads\/2026\/01\/IMG_0554.png","contentUrl":"https:\/\/www.notibras.com\/site\/wp-content\/uploads\/2026\/01\/IMG_0554.png","width":1408,"height":736},{"@type":"BreadcrumbList","@id":"https:\/\/www.notibras.com\/site\/defesa-de-amanda-nega-envolvimento-e-diz-que-ela-foi-vitima-do-amante\/#breadcrumb","itemListElement":[{"@type":"ListItem","position":1,"name":"In\u00edcio","item":"https:\/\/www.notibras.com\/site\/"},{"@type":"ListItem","position":2,"name":"Defesa de Amanda nega envolvimento e diz que ela foi v\u00edtima do amante"}]},{"@type":"WebSite","@id":"https:\/\/www.notibras.com\/site\/#website","url":"https:\/\/www.notibras.com\/site\/","name":"Notibras","description":"Not\u00edcias de Bras\u00edlia, do Brasil e do Mundo","publisher":{"@id":"https:\/\/www.notibras.com\/site\/#organization"},"potentialAction":[{"@type":"SearchAction","target":{"@type":"EntryPoint","urlTemplate":"https:\/\/www.notibras.com\/site\/?s={search_term_string}"},"query-input":{"@type":"PropertyValueSpecification","valueRequired":true,"valueName":"search_term_string"}}],"inLanguage":"pt-BR"},{"@type":"Organization","@id":"https:\/\/www.notibras.com\/site\/#organization","name":"Grupo Notibras de Comunica\u00e7\u00e3o","url":"https:\/\/www.notibras.com\/site\/","logo":{"@type":"ImageObject","inLanguage":"pt-BR","@id":"https:\/\/www.notibras.com\/site\/#\/schema\/logo\/image\/","url":"https:\/\/www.notibras.com\/site\/wp-content\/uploads\/2023\/01\/notibras23.png","contentUrl":"https:\/\/www.notibras.com\/site\/wp-content\/uploads\/2023\/01\/notibras23.png","width":350,"height":87,"caption":"Grupo Notibras de Comunica\u00e7\u00e3o"},"image":{"@id":"https:\/\/www.notibras.com\/site\/#\/schema\/logo\/image\/"},"sameAs":["https:\/\/www.facebook.com\/notibras\/","https:\/\/x.com\/Notibras","https:\/\/www.instagram.com\/notibras\/"]},{"@type":"Person","@id":"https:\/\/www.notibras.com\/site\/#\/schema\/person\/5b7fabf2aedc3ada2105f03b22b4d3dd","name":"Eduardo Mart\u00ednez","image":{"@type":"ImageObject","inLanguage":"pt-BR","@id":"https:\/\/secure.gravatar.com\/avatar\/7902f906289926289cbcda644b5197c796b893c6ffd7b9a536a42d290f7704a0?s=96&d=mm&r=g","url":"https:\/\/secure.gravatar.com\/avatar\/7902f906289926289cbcda644b5197c796b893c6ffd7b9a536a42d290f7704a0?s=96&d=mm&r=g","contentUrl":"https:\/\/secure.gravatar.com\/avatar\/7902f906289926289cbcda644b5197c796b893c6ffd7b9a536a42d290f7704a0?s=96&d=mm&r=g","caption":"Eduardo Mart\u00ednez"}}]}},"amp_enabled":true,"_links":{"self":[{"href":"https:\/\/www.notibras.com\/site\/wp-json\/wp\/v2\/posts\/380204","targetHints":{"allow":["GET"]}}],"collection":[{"href":"https:\/\/www.notibras.com\/site\/wp-json\/wp\/v2\/posts"}],"about":[{"href":"https:\/\/www.notibras.com\/site\/wp-json\/wp\/v2\/types\/post"}],"author":[{"embeddable":true,"href":"https:\/\/www.notibras.com\/site\/wp-json\/wp\/v2\/users\/21"}],"replies":[{"embeddable":true,"href":"https:\/\/www.notibras.com\/site\/wp-json\/wp\/v2\/comments?post=380204"}],"version-history":[{"count":6,"href":"https:\/\/www.notibras.com\/site\/wp-json\/wp\/v2\/posts\/380204\/revisions"}],"predecessor-version":[{"id":380210,"href":"https:\/\/www.notibras.com\/site\/wp-json\/wp\/v2\/posts\/380204\/revisions\/380210"}],"wp:featuredmedia":[{"embeddable":true,"href":"https:\/\/www.notibras.com\/site\/wp-json\/wp\/v2\/media\/380208"}],"wp:attachment":[{"href":"https:\/\/www.notibras.com\/site\/wp-json\/wp\/v2\/media?parent=380204"}],"wp:term":[{"taxonomy":"category","embeddable":true,"href":"https:\/\/www.notibras.com\/site\/wp-json\/wp\/v2\/categories?post=380204"},{"taxonomy":"post_tag","embeddable":true,"href":"https:\/\/www.notibras.com\/site\/wp-json\/wp\/v2\/tags?post=380204"}],"curies":[{"name":"wp","href":"https:\/\/api.w.org\/{rel}","templated":true}]}}